{"id":12054,"date":"2023-03-10T14:42:19","date_gmt":"2023-03-10T14:42:19","guid":{"rendered":"https:\/\/www.ucf.edu.cu\/?p=12054"},"modified":"2023-03-13T13:17:28","modified_gmt":"2023-03-13T13:17:28","slug":"maestria-en-estudios-sociales-de-la-ciencia-y-la-tecnologia","status":"publish","type":"post","link":"https:\/\/www.ucf.edu.cu\/?p=12054","title":{"rendered":"Maestr\u00eda en Estudios Sociales de la Ciencia y la Tecnolog\u00eda"},"content":{"rendered":"\t\t<div data-elementor-type=\"wp-post\" data-elementor-id=\"12054\" class=\"elementor elementor-12054\">\n\t\t\t\t\t\t<section class=\"elementor-section elementor-top-section elementor-element elementor-element-5ab1db9 elementor-section-boxed elementor-section-height-default elementor-section-height-default\" data-id=\"5ab1db9\" data-element_type=\"section\" data-e-type=\"section\">\n\t\t\t\t\t\t<div class=\"elementor-container elementor-column-gap-default\">\n\t\t\t\t\t<div class=\"elementor-column elementor-col-100 elementor-top-column elementor-element elementor-element-055752d\" data-id=\"055752d\" data-element_type=\"column\" data-e-type=\"column\">\n\t\t\t<div class=\"elementor-widget-wrap elementor-element-populated\">\n\t\t\t\t\t\t<div class=\"elementor-element elementor-element-82f9edb elementor-widget elementor-widget-text-editor\" data-id=\"82f9edb\" data-element_type=\"widget\" data-e-type=\"widget\" data-widget_type=\"text-editor.default\">\n\t\t\t\t<div class=\"elementor-widget-container\">\n\t\t\t\t\t\t\t\t\t<p>La Facultad de Ciencias Sociales de la Universidad de Cienfuegos \u00abCarlos Rafael Rodr\u00edguez\u00bb convoca a la Maestr\u00eda en Estudios Sociales de la Ciencia y la Tecnolog\u00eda, 2023.\u00a0<\/p><p>Coordina este programa la C\u00e1tedra CTS+I, perteneciente a la Facultad de Ciencias Sociales de Mi Casa UCf, representada por la Dr. C. Yoandra Olivert Fern\u00e1ndez.<\/p><p>Los graduados del programa recibir\u00e1n el t\u00edtulo de M\u00e1ster en Estudios Sociales de la Ciencia y la Tecnolog\u00eda.<\/p><p>La duraci\u00f3n y modalidad de dedicaci\u00f3n es de tres a\u00f1os a tiempo completo.<\/p><p><strong>Necesidad y antecedentes del programa<\/strong><\/p><p>Desde los a\u00f1os 30 los estudios ciencia, tecnolog\u00eda, sociedad (en lo adelante Estudios CTS) han adquirido gran relevancia en Europa y Estados Unidos. Ello expresa la importancia creciente de la ciencia y la tecnolog\u00eda en la sociedad contempor\u00e1nea y la preocupaci\u00f3n por sus impactos en el medio ambiente, el consumo, la educaci\u00f3n, la cultura y en general en toda la vida social. El inter\u00e9s por comprender y controlar en lo posible el metabolismo de la ciencia y la tecnolog\u00eda ha sido lo que ha determinado la proliferaci\u00f3n de estudios CTS en la mayor\u00eda de las m\u00e1s importantes universidades del mundo. Sobre todo, a partir de los a\u00f1os 60 los Estudios CTS han encontrado una significativa acogida en universidades de Iberoam\u00e9rica.<\/p><p>En Cuba estos estudios se han venido desarrollando sobre todo desde los a\u00f1os 80 del siglo XX en sus vertientes de Historia de la Ciencia, Pol\u00edticas Cient\u00edfico Tecnol\u00f3gicas y Filosof\u00eda de la Ciencia y la Tecnolog\u00eda. Posteriormente se han visto impulsados por los procesos de formaci\u00f3n previa en nuestra regi\u00f3n de Cienfuegos y otras partes del pa\u00eds.<\/p><p>De modo general los Estudios CTS se orientan al estudio de la ciencia y la tecnolog\u00eda como procesos sociales y desarrollan un discurso cr\u00edtico contra aquellas tradiciones te\u00f3ricas que ocultan la naturaleza social de la ciencia y la tecnolog\u00eda y tambi\u00e9n contra las pr\u00e1cticas sociales, que estimulan sus usos nocivos para el hombre.<\/p><p>La formaci\u00f3n de personas en el campo CTS contribuye a ampliar nuestras capacidades de investigaci\u00f3n en historia de la ciencia y la tecnolog\u00eda, mejora los enfoques en did\u00e1ctica de las ciencias, contribuye al perfeccionamiento de pol\u00edticas educativas, incrementa nuestras capacidades en la divulgaci\u00f3n cient\u00edfica, ente otros beneficios sociales.<\/p><p>Tambi\u00e9n existe la necesidad de formar a personas vinculadas al campo de la gesti\u00f3n en ciencia y tecnolog\u00eda, a las pol\u00edticas de investigaci\u00f3n y posgrado en las universidades, la divulgaci\u00f3n cient\u00edfica, entre otras \u00e1reas.<\/p><p>En resumen, el programa se inscribe en una importante tradici\u00f3n internacional fomentada en Cuba, con especial \u00e9nfasis en la pasada d\u00e9cada, con resultados e impactos visibles.<\/p><p><strong>Objetivo general:<\/strong><\/p><p>Formar M\u00e1ster en las \u00e1reas del conocimiento de la ciencia, la tecnolog\u00eda y la innovaci\u00f3n sobre la base de los fundamentos epistemol\u00f3gicos y conceptuales en los que se sustentan los nexos ciencia, tecnolog\u00eda y sociedad, como \u00e1rea del conocimiento.<\/p><p><strong>Objetivos espec\u00edficos:<\/strong><\/p><ol><li>Asimilar, evaluar, criticar y aplicar, los principales desarrollos te\u00f3ricos contempor\u00e1neos en el campo de los estudios CTS.<\/li><li>Perfeccionar los programas de ense\u00f1anza CTS vigentes en Cuba e impartirlos.<\/li><li>Formular y llevar a cabo proyectos de investigaci\u00f3n CTS dentro de las l\u00edneas que define el programa.<\/li><li>Evaluar y proyectar procesos educativos en centros de Educaci\u00f3n Superior que involucren conocimientos y enfoques CTS.<\/li><li>Publicar art\u00edculos cient\u00edficos en revistas arbitradas.<\/li><li>Asesorar proyectos de gesti\u00f3n de la ciencia, la tecnolog\u00eda y la innovaci\u00f3n.<\/li><li>Promover la comunicaci\u00f3n de la ciencia y la tecnolog\u00eda<\/li><\/ol><p><strong>L\u00edneas definidas por el programa<\/strong><\/p><ol><li>Desarrollo de experiencias educativas en el campo CTS.<\/li><li>Estudio de experiencias en Pol\u00edtica y Gesti\u00f3n de la Ciencia, la Tecnolog\u00eda y la Innovaci\u00f3n, orientadas al desarrollo local sostenible.<\/li><li>Estudios sobre aspectos diversos de la interacci\u00f3n ciencia, tecnolog\u00eda y sociedad: impactos ambientales, g\u00e9nero y ciencia, participaci\u00f3n p\u00fablica, percepci\u00f3n de la ciencia, cultura cient\u00edfica, \u00e9tica y ciencia y comunicaci\u00f3n de la ciencia.<\/li><li>Renovaci\u00f3n de los marcos te\u00f3ricos y metodol\u00f3gicos de los estudios CTS.<\/li><li>\u00c9nfasis en la construcci\u00f3n de visiones te\u00f3ricas CTS ajustadas a las realidades cubana, latinoamericana y tercermundista.<\/li><li>Otros temas generales que encuentran su fundamentaci\u00f3n en la Agenda Nacional de Ciencia, Tecnolog\u00eda y Sociedad.<\/li><\/ol><p><strong>Sistema de evaluaci\u00f3n del programa de doctorado:<\/strong><\/p><ol><li>Las disciplinas\u00a0contenidas en el Programa se evaluar\u00e1n a trav\u00e9s de la presentaci\u00f3n de monograf\u00edas, informes y seminarios evaluativos.<\/li><li>El seminario de tesis se evaluar\u00e1 en 5 oportunidades. El contenido y modalidad de cada evaluaci\u00f3n se detalla m\u00e1s adelante. En todos los casos la evaluaci\u00f3n del seminario de tesis se otorgar\u00e1 por el tutor.<\/li><li>Los alumnos deben vencer las evaluaciones en los plazos establecidos por el calendario del Programa. De producirse atrasos el Comit\u00e9 Acad\u00e9mico definir\u00e1 los plazos de entrega. En cualquier caso, el vencimiento de todas las disciplinas es requisito previo a la realizaci\u00f3n del \u00faltimo seminario de tesis.<\/li><li>Se otorgar\u00e1n un total de 5 cr\u00e9ditos por publicaciones, participaci\u00f3n en eventos, actividades de divulgaci\u00f3n y actividades semejantes, as\u00ed como aquellas relacionadas a la docencia, la direcci\u00f3n de tesis y trabajos de curso de pregrado u otras actividades que el Comit\u00e9 Acad\u00e9mico considere. Este decidir\u00e1 sobre el valor de las diferentes contribuciones y en correspondencia con ello otorgar\u00e1 los cr\u00e9ditos.<\/li><\/ol><p>Como establece el Reglamento de Posgrado la calificaci\u00f3n de cada una de las actividades del Programa ser\u00e1 Excelente, Bien, Desaprobado o Aprobado. En el caso del Aprobado se otorgar\u00e1 la totalidad de los cr\u00e9ditos asignados.<\/p><p>El Comit\u00e9 Acad\u00e9mico, a sugerencia del tutor, otorgar\u00e1 estos cr\u00e9ditos correspondientes a un conjunto de actividades que expresen los avances y la madurez del estudiante. Algunas de esas actividades son:<\/p><ol><li>Art\u00edculos, de preferencia, en revistas con evaluaci\u00f3n por pares.<\/li><li>Libros.<\/li><li>Ensayos o cap\u00edtulos de obras colectivas.<\/li><li>Publicaciones electr\u00f3nicas.<\/li><li>Participaci\u00f3n en eventos.<\/li><li>Orientaci\u00f3n de alumnos en trabajos CTS.<\/li><li>Participaci\u00f3n en tribunales y\/o oponencias de perfil CTS.<\/li><li>Otras actividades de inter\u00e9s para la formaci\u00f3n.<\/li><\/ol><p>El tutor considerar\u00e1 la calidad, volumen e intensidad de las actividades anteriores y propondr\u00e1 los cr\u00e9ditos a ellas atribuidos (cinco) cuando el conjunto de ellas satisfaga la estrategia de formaci\u00f3n prevista. Ser\u00e1 requisito tener al menos una publicaci\u00f3n.<\/p><p>El Comit\u00e9 Acad\u00e9mico conocer\u00e1 de la propuesta del tutor y otorgar\u00e1 los cr\u00e9ditos establecidos.<\/p><p>El Comit\u00e9 Acad\u00e9mico podr\u00e1 otorgar cr\u00e9ditos adicionales si el estudiante:<\/p><p>a) Vence un n\u00famero mayor de disciplinas, de las que exige el Programa.<\/p><p>b) Por una participaci\u00f3n relevante en eventos, publicaciones de gran calidad, etc.<\/p><p>c) Resultados relevantes en la investigaci\u00f3n y defensa de la tesis.<\/p><p>Esos cr\u00e9ditos se denominar\u00e1n cr\u00e9ditos \u2013 premio y servir\u00e1n para destacar los resultados del estudiante en el Programa. Para (b) y (c) se establecen un m\u00e1ximo de 5 cr\u00e9ditos \u2013 premio.<\/p><p><strong>Requisitos de ingreso<\/strong><\/p><p>Ser graduado universitario. Pueden acceder al Programa personas con formaci\u00f3n universitaria diversa, aunque involucradas en la atenci\u00f3n a las necesidades sociales mencionadas con anterioridad.<\/p><p>Se exige capacidad de lectura en ingl\u00e9s para la consulta de textos y la aprobaci\u00f3n del dominio de la Lengua Espa\u00f1ola, por parte del aspirante.<\/p><p>La incorporaci\u00f3n al Programa requiere la aprobaci\u00f3n del candidato por parte del Comit\u00e9 Acad\u00e9mico en base a la consideraci\u00f3n del curr\u00edculo, la ponderaci\u00f3n de sus m\u00e9ritos y la fundamentaci\u00f3n del centro de procedencia.<\/p><p>Al solicitar el ingreso, el centro de procedencia se compromete a facilitar el tiempo y las condiciones requeridas para vencer las exigencias del Programa.<\/p><p><strong>Documentaci\u00f3n a entregar en secretar\u00eda de la Facultad de Ciencias Sociales: <\/strong><\/p><ol><li>Fotocopia del t\u00edtulo universitario cotejada en archivo institucional del emisor.<\/li><li>Carta de solicitud personal, donde exprese las razones que le motivan ingresar al programa.<\/li><li>Carta de autorizaci\u00f3n del Jefe inmediato donde labora.<\/li><li>Fotocopia del carn\u00e9 de identidad por sus dos caras.<\/li><li>Dos fotos tama\u00f1o carn\u00e9.<\/li><li>Curr\u00edculo. (Actualizado y firmado en todas sus p\u00e1ginas). El aspirante deber\u00e1 adjuntar a la solicitud el curr\u00edculo detallado en el que figuren titulaci\u00f3n, experiencia, actividades profe\u00adsionales y conocimientos de idiomas.<\/li><li>Versi\u00f3n preliminar del dise\u00f1o de investigaci\u00f3n que incluya, como m\u00ednimo, la fundamentaci\u00f3n del tema, con breve esbozo del marco te\u00f3rico metodol\u00f3gico de la investigaci\u00f3n propuesta.<\/li><\/ol><p><strong>Selecci\u00f3n de los aspirantes:<\/strong><\/p><p>El Comit\u00e9 de Maestr\u00eda selecciona a los aspirantes a partir del cumplimiento de los requisitos anteriormente expresados y seg\u00fan los siguientes criterios:<\/p><ul><li>Calidad de la propuesta del dise\u00f1o. Los aspirantes deben demostrar el nivel de desarrollo alcanzado en t\u00e9rminos te\u00f3rico-metodol\u00f3gicos en el tema propuesto, el cual adem\u00e1s debe poseer actualidad, pertinencia y viabilidad.<\/li><li>Estar insertado en un proyecto de investigaci\u00f3n.<\/li><li>Competencia acad\u00e9mica evidenciada en el Curr\u00edculum vitae presentado.<\/li><li>Entrevista con el equipo designado por el Comit\u00e9 de Maestr\u00eda. A este efecto se sugiere a los aspirantes presentar curr\u00edculums directamente dirigidos a fundamentar su candidatura en este programa, que evidencien desempe\u00f1o acad\u00e9mico en lo que corresponde a estudios, investigaciones, publicaciones, y reconocimientos.<\/li><\/ul><p><strong>Fechas importantes:<\/strong><\/p><p>Convocatoria: del 8 de marzo al 8 de abril del 2023.<\/p><p>El Comit\u00e9 de Maestr\u00eda realizar\u00e1 dos sesiones de trabajo para la admisi\u00f3n del 8 de marzo al 20 de abril de 2023. Facultad de Ciencias Sociales. Comit\u00e9 Acad\u00e9mico del Programa CTS.<\/p><p>Publicaci\u00f3n del listado de admitidos al Programa de Maestr\u00eda: 1 de mayo de 2023 (Intranet).<\/p><p>Entrega de los documentos en la secretar\u00eda de la FCS: del 9 de marzo al 20 de abril de 2023.<\/p><p>Inicio del Primer curso de la Maestr\u00eda: \u00a09 d\u00eda de mayo 2023.<\/p><p>Para m\u00e1s detalles puede informarse mediante los canales de comunicaci\u00f3n siguientes:<\/p><p><a href=\"mailto:maestriacts@ucf.edu.cu\">maestriacts@ucf.edu.cu; <\/a><a href=\"mailto:yolivert@ucf.edu.cu\">yolivert@ucf.edu.cu; <\/a><a href=\"mailto:yoandraolivert@gmail.com\">yoandraolivert@gmail.com<\/a><\/p><p><u>Tel\u00e9fonos:<\/u> 43500135 \/ 43500157<\/p><p><strong>Comit\u00e9 Maestr\u00eda Programa CTS<\/strong><a href=\"#_ftnref1\" name=\"_ftn1\"><\/a><\/p>\t\t\t\t\t\t\t\t<\/div>\n\t\t\t\t<\/div>\n\t\t\t\t\t<\/div>\n\t\t<\/div>\n\t\t\t\t\t<\/div>\n\t\t<\/section>\n\t\t\t\t<\/div>\n\t\t","protected":false},"excerpt":{"rendered":"<p>La Facultad de Ciencias Sociales de la Universidad de Cienfuegos \u00abCarlos Rafael Rodr\u00edguez\u00bb convoca a la Maestr\u00eda en Estudios Sociales de la Ciencia y la Tecnolog\u00eda, 2023.\u00a0 Coordina este programa la C\u00e1tedra<a class=\"moretag\" href=\"https:\/\/www.ucf.edu.cu\/?p=12054\">Leer m\u00e1s&#8230;<\/a><\/p>\n","protected":false},"author":6,"featured_media":12073,"comment_status":"open","ping_status":"open","sticky":false,"template":"page-post-intra.php","format":"standard","meta":{"footnotes":""},"categories":[1],"tags":[],"class_list":["post-12054","post","type-post","status-publish","format-standard","has-post-thumbnail","hentry","category-eventos"],"yoast_head":"<!-- This site is optimized with the Yoast SEO plugin v27.4 - https:\/\/yoast.com\/product\/yoast-seo-wordpress\/ -->\n<title>Maestr\u00eda en Estudios Sociales de la Ciencia y la Tecnolog\u00eda - Universidad de Cienfuegos<\/title>\n<meta name=\"description\" content=\"Noticias del \u00e1mbito universitario de la casa de altos estudios de Cienfuegos. Adem\u00e1s se muestran noticias del acontecer nacional e internacional de mayor relevancia.\" \/>\n<meta name=\"robots\" content=\"index, follow, max-snippet:-1, max-image-preview:large, max-video-preview:-1\" \/>\n<link rel=\"canonical\" href=\"https:\/\/www.ucf.edu.cu\/?p=12054\" \/>\n<meta property=\"og:locale\" content=\"es_ES\" \/>\n<meta property=\"og:type\" content=\"article\" \/>\n<meta property=\"og:title\" content=\"Maestr\u00eda en Estudios Sociales de la Ciencia y la Tecnolog\u00eda - Universidad de Cienfuegos\" \/>\n<meta property=\"og:description\" content=\"Noticias del \u00e1mbito universitario de la casa de altos estudios de Cienfuegos. Adem\u00e1s se muestran noticias del acontecer nacional e internacional de mayor relevancia.\" \/>\n<meta property=\"og:url\" content=\"https:\/\/www.ucf.edu.cu\/?p=12054\" \/>\n<meta property=\"og:site_name\" content=\"Universidad de Cienfuegos\" \/>\n<meta property=\"article:publisher\" content=\"https:\/\/www.facebook.com\/ucfgos\/\" \/>\n<meta property=\"article:published_time\" content=\"2023-03-10T14:42:19+00:00\" \/>\n<meta property=\"article:modified_time\" content=\"2023-03-13T13:17:28+00:00\" \/>\n<meta property=\"og:image\" content=\"https:\/\/www.ucf.edu.cu\/wp-content\/uploads\/2023\/03\/innovacion-scaled-1.jpg\" \/>\n\t<meta property=\"og:image:width\" content=\"1920\" \/>\n\t<meta property=\"og:image:height\" content=\"1168\" \/>\n\t<meta property=\"og:image:type\" content=\"image\/jpeg\" \/>\n<meta name=\"author\" content=\"Direcci\u00f3n de Comunicaci\u00f3n Institucional\" \/>\n<meta name=\"twitter:card\" content=\"summary_large_image\" \/>\n<meta name=\"twitter:creator\" content=\"@ucfgos\" \/>\n<meta name=\"twitter:site\" content=\"@ucfgos\" \/>\n<meta name=\"twitter:label1\" content=\"Escrito por\" \/>\n\t<meta name=\"twitter:data1\" content=\"Direcci\u00f3n de Comunicaci\u00f3n Institucional\" \/>\n\t<meta name=\"twitter:label2\" content=\"Tiempo de lectura\" \/>\n\t<meta name=\"twitter:data2\" content=\"7 minutos\" \/>\n<script type=\"application\/ld+json\" class=\"yoast-schema-graph\">{\"@context\":\"https:\\\/\\\/schema.org\",\"@graph\":[{\"@type\":\"Article\",\"@id\":\"https:\\\/\\\/www.ucf.edu.cu\\\/?p=12054#article\",\"isPartOf\":{\"@id\":\"https:\\\/\\\/www.ucf.edu.cu\\\/?p=12054\"},\"author\":{\"name\":\"Direcci\u00f3n de Comunicaci\u00f3n Institucional\",\"@id\":\"https:\\\/\\\/www.ucf.edu.cu\\\/#\\\/schema\\\/person\\\/1ab5c30ce7d7cff8d04e05d54e4467eb\"},\"headline\":\"Maestr\u00eda en Estudios Sociales de la Ciencia y la Tecnolog\u00eda\",\"datePublished\":\"2023-03-10T14:42:19+00:00\",\"dateModified\":\"2023-03-13T13:17:28+00:00\",\"mainEntityOfPage\":{\"@id\":\"https:\\\/\\\/www.ucf.edu.cu\\\/?p=12054\"},\"wordCount\":1712,\"commentCount\":0,\"publisher\":{\"@id\":\"https:\\\/\\\/www.ucf.edu.cu\\\/#organization\"},\"image\":{\"@id\":\"https:\\\/\\\/www.ucf.edu.cu\\\/?p=12054#primaryimage\"},\"thumbnailUrl\":\"https:\\\/\\\/www.ucf.edu.cu\\\/wp-content\\\/uploads\\\/2023\\\/03\\\/innovacion-scaled-1.jpg\",\"articleSection\":[\"Eventos\"],\"inLanguage\":\"es\",\"potentialAction\":[{\"@type\":\"CommentAction\",\"name\":\"Comment\",\"target\":[\"https:\\\/\\\/www.ucf.edu.cu\\\/?p=12054#respond\"]}]},{\"@type\":\"WebPage\",\"@id\":\"https:\\\/\\\/www.ucf.edu.cu\\\/?p=12054\",\"url\":\"https:\\\/\\\/www.ucf.edu.cu\\\/?p=12054\",\"name\":\"Maestr\u00eda en Estudios Sociales de la Ciencia y la Tecnolog\u00eda - Universidad de Cienfuegos\",\"isPartOf\":{\"@id\":\"https:\\\/\\\/www.ucf.edu.cu\\\/#website\"},\"primaryImageOfPage\":{\"@id\":\"https:\\\/\\\/www.ucf.edu.cu\\\/?p=12054#primaryimage\"},\"image\":{\"@id\":\"https:\\\/\\\/www.ucf.edu.cu\\\/?p=12054#primaryimage\"},\"thumbnailUrl\":\"https:\\\/\\\/www.ucf.edu.cu\\\/wp-content\\\/uploads\\\/2023\\\/03\\\/innovacion-scaled-1.jpg\",\"datePublished\":\"2023-03-10T14:42:19+00:00\",\"dateModified\":\"2023-03-13T13:17:28+00:00\",\"description\":\"Noticias del \u00e1mbito universitario de la casa de altos estudios de Cienfuegos. Adem\u00e1s se muestran noticias del acontecer nacional e internacional de mayor relevancia.\",\"breadcrumb\":{\"@id\":\"https:\\\/\\\/www.ucf.edu.cu\\\/?p=12054#breadcrumb\"},\"inLanguage\":\"es\",\"potentialAction\":[{\"@type\":\"ReadAction\",\"target\":[\"https:\\\/\\\/www.ucf.edu.cu\\\/?p=12054\"]}]},{\"@type\":\"ImageObject\",\"inLanguage\":\"es\",\"@id\":\"https:\\\/\\\/www.ucf.edu.cu\\\/?p=12054#primaryimage\",\"url\":\"https:\\\/\\\/www.ucf.edu.cu\\\/wp-content\\\/uploads\\\/2023\\\/03\\\/innovacion-scaled-1.jpg\",\"contentUrl\":\"https:\\\/\\\/www.ucf.edu.cu\\\/wp-content\\\/uploads\\\/2023\\\/03\\\/innovacion-scaled-1.jpg\",\"width\":1920,\"height\":1168},{\"@type\":\"BreadcrumbList\",\"@id\":\"https:\\\/\\\/www.ucf.edu.cu\\\/?p=12054#breadcrumb\",\"itemListElement\":[{\"@type\":\"ListItem\",\"position\":1,\"name\":\"Portada\",\"item\":\"https:\\\/\\\/www.ucf.edu.cu\\\/\"},{\"@type\":\"ListItem\",\"position\":2,\"name\":\"Maestr\u00eda en Estudios Sociales de la Ciencia y la Tecnolog\u00eda\"}]},{\"@type\":\"WebSite\",\"@id\":\"https:\\\/\\\/www.ucf.edu.cu\\\/#website\",\"url\":\"https:\\\/\\\/www.ucf.edu.cu\\\/\",\"name\":\"Universidad de Cienfuegos\",\"description\":\"Portal Web Universidad de Cienfuegos\",\"publisher\":{\"@id\":\"https:\\\/\\\/www.ucf.edu.cu\\\/#organization\"},\"alternateName\":\"Portal institucional de la UCf\",\"potentialAction\":[{\"@type\":\"SearchAction\",\"target\":{\"@type\":\"EntryPoint\",\"urlTemplate\":\"https:\\\/\\\/www.ucf.edu.cu\\\/?s={search_term_string}\"},\"query-input\":{\"@type\":\"PropertyValueSpecification\",\"valueRequired\":true,\"valueName\":\"search_term_string\"}}],\"inLanguage\":\"es\"},{\"@type\":\"Organization\",\"@id\":\"https:\\\/\\\/www.ucf.edu.cu\\\/#organization\",\"name\":\"Universidad de Cienfuegos\",\"url\":\"https:\\\/\\\/www.ucf.edu.cu\\\/\",\"logo\":{\"@type\":\"ImageObject\",\"inLanguage\":\"es\",\"@id\":\"https:\\\/\\\/www.ucf.edu.cu\\\/#\\\/schema\\\/logo\\\/image\\\/\",\"url\":\"https:\\\/\\\/www.ucf.edu.cu\\\/wp-content\\\/uploads\\\/2020\\\/11\\\/fe77b047cf65bbf66915926fa3c00c93_L.jpg\",\"contentUrl\":\"https:\\\/\\\/www.ucf.edu.cu\\\/wp-content\\\/uploads\\\/2020\\\/11\\\/fe77b047cf65bbf66915926fa3c00c93_L.jpg\",\"width\":1000,\"height\":763,\"caption\":\"Universidad de Cienfuegos\"},\"image\":{\"@id\":\"https:\\\/\\\/www.ucf.edu.cu\\\/#\\\/schema\\\/logo\\\/image\\\/\"},\"sameAs\":[\"https:\\\/\\\/www.facebook.com\\\/ucfgos\\\/\",\"https:\\\/\\\/x.com\\\/ucfgos\",\"https:\\\/\\\/www.instagram.com\\\/ucfgos\",\"https:\\\/\\\/www.youtube.com\\\/channel\\\/UCymAZYZHmPzh48cHLG6Nx4A\"]},{\"@type\":\"Person\",\"@id\":\"https:\\\/\\\/www.ucf.edu.cu\\\/#\\\/schema\\\/person\\\/1ab5c30ce7d7cff8d04e05d54e4467eb\",\"name\":\"Direcci\u00f3n de Comunicaci\u00f3n Institucional\",\"image\":{\"@type\":\"ImageObject\",\"inLanguage\":\"es\",\"@id\":\"https:\\\/\\\/secure.gravatar.com\\\/avatar\\\/df7a6ffea67205b2cec0557fac1b1c99168521f981217db8876f424e9d334540?s=96&d=mm&r=g\",\"url\":\"https:\\\/\\\/secure.gravatar.com\\\/avatar\\\/df7a6ffea67205b2cec0557fac1b1c99168521f981217db8876f424e9d334540?s=96&d=mm&r=g\",\"contentUrl\":\"https:\\\/\\\/secure.gravatar.com\\\/avatar\\\/df7a6ffea67205b2cec0557fac1b1c99168521f981217db8876f424e9d334540?s=96&d=mm&r=g\",\"caption\":\"Direcci\u00f3n de Comunicaci\u00f3n Institucional\"}}]}<\/script>\n<!-- \/ Yoast SEO plugin. -->","yoast_head_json":{"title":"Maestr\u00eda en Estudios Sociales de la Ciencia y la Tecnolog\u00eda - Universidad de Cienfuegos","description":"Noticias del \u00e1mbito universitario de la casa de altos estudios de Cienfuegos. Adem\u00e1s se muestran noticias del acontecer nacional e internacional de mayor relevancia.","robots":{"index":"index","follow":"follow","max-snippet":"max-snippet:-1","max-image-preview":"max-image-preview:large","max-video-preview":"max-video-preview:-1"},"canonical":"https:\/\/www.ucf.edu.cu\/?p=12054","og_locale":"es_ES","og_type":"article","og_title":"Maestr\u00eda en Estudios Sociales de la Ciencia y la Tecnolog\u00eda - Universidad de Cienfuegos","og_description":"Noticias del \u00e1mbito universitario de la casa de altos estudios de Cienfuegos. Adem\u00e1s se muestran noticias del acontecer nacional e internacional de mayor relevancia.","og_url":"https:\/\/www.ucf.edu.cu\/?p=12054","og_site_name":"Universidad de Cienfuegos","article_publisher":"https:\/\/www.facebook.com\/ucfgos\/","article_published_time":"2023-03-10T14:42:19+00:00","article_modified_time":"2023-03-13T13:17:28+00:00","og_image":[{"width":1920,"height":1168,"url":"https:\/\/www.ucf.edu.cu\/wp-content\/uploads\/2023\/03\/innovacion-scaled-1.jpg","type":"image\/jpeg"}],"author":"Direcci\u00f3n de Comunicaci\u00f3n Institucional","twitter_card":"summary_large_image","twitter_creator":"@ucfgos","twitter_site":"@ucfgos","twitter_misc":{"Escrito por":"Direcci\u00f3n de Comunicaci\u00f3n Institucional","Tiempo de lectura":"7 minutos"},"schema":{"@context":"https:\/\/schema.org","@graph":[{"@type":"Article","@id":"https:\/\/www.ucf.edu.cu\/?p=12054#article","isPartOf":{"@id":"https:\/\/www.ucf.edu.cu\/?p=12054"},"author":{"name":"Direcci\u00f3n de Comunicaci\u00f3n Institucional","@id":"https:\/\/www.ucf.edu.cu\/#\/schema\/person\/1ab5c30ce7d7cff8d04e05d54e4467eb"},"headline":"Maestr\u00eda en Estudios Sociales de la Ciencia y la Tecnolog\u00eda","datePublished":"2023-03-10T14:42:19+00:00","dateModified":"2023-03-13T13:17:28+00:00","mainEntityOfPage":{"@id":"https:\/\/www.ucf.edu.cu\/?p=12054"},"wordCount":1712,"commentCount":0,"publisher":{"@id":"https:\/\/www.ucf.edu.cu\/#organization"},"image":{"@id":"https:\/\/www.ucf.edu.cu\/?p=12054#primaryimage"},"thumbnailUrl":"https:\/\/www.ucf.edu.cu\/wp-content\/uploads\/2023\/03\/innovacion-scaled-1.jpg","articleSection":["Eventos"],"inLanguage":"es","potentialAction":[{"@type":"CommentAction","name":"Comment","target":["https:\/\/www.ucf.edu.cu\/?p=12054#respond"]}]},{"@type":"WebPage","@id":"https:\/\/www.ucf.edu.cu\/?p=12054","url":"https:\/\/www.ucf.edu.cu\/?p=12054","name":"Maestr\u00eda en Estudios Sociales de la Ciencia y la Tecnolog\u00eda - Universidad de Cienfuegos","isPartOf":{"@id":"https:\/\/www.ucf.edu.cu\/#website"},"primaryImageOfPage":{"@id":"https:\/\/www.ucf.edu.cu\/?p=12054#primaryimage"},"image":{"@id":"https:\/\/www.ucf.edu.cu\/?p=12054#primaryimage"},"thumbnailUrl":"https:\/\/www.ucf.edu.cu\/wp-content\/uploads\/2023\/03\/innovacion-scaled-1.jpg","datePublished":"2023-03-10T14:42:19+00:00","dateModified":"2023-03-13T13:17:28+00:00","description":"Noticias del \u00e1mbito universitario de la casa de altos estudios de Cienfuegos. Adem\u00e1s se muestran noticias del acontecer nacional e internacional de mayor relevancia.","breadcrumb":{"@id":"https:\/\/www.ucf.edu.cu\/?p=12054#breadcrumb"},"inLanguage":"es","potentialAction":[{"@type":"ReadAction","target":["https:\/\/www.ucf.edu.cu\/?p=12054"]}]},{"@type":"ImageObject","inLanguage":"es","@id":"https:\/\/www.ucf.edu.cu\/?p=12054#primaryimage","url":"https:\/\/www.ucf.edu.cu\/wp-content\/uploads\/2023\/03\/innovacion-scaled-1.jpg","contentUrl":"https:\/\/www.ucf.edu.cu\/wp-content\/uploads\/2023\/03\/innovacion-scaled-1.jpg","width":1920,"height":1168},{"@type":"BreadcrumbList","@id":"https:\/\/www.ucf.edu.cu\/?p=12054#breadcrumb","itemListElement":[{"@type":"ListItem","position":1,"name":"Portada","item":"https:\/\/www.ucf.edu.cu\/"},{"@type":"ListItem","position":2,"name":"Maestr\u00eda en Estudios Sociales de la Ciencia y la Tecnolog\u00eda"}]},{"@type":"WebSite","@id":"https:\/\/www.ucf.edu.cu\/#website","url":"https:\/\/www.ucf.edu.cu\/","name":"Universidad de Cienfuegos","description":"Portal Web Universidad de Cienfuegos","publisher":{"@id":"https:\/\/www.ucf.edu.cu\/#organization"},"alternateName":"Portal institucional de la UCf","potentialAction":[{"@type":"SearchAction","target":{"@type":"EntryPoint","urlTemplate":"https:\/\/www.ucf.edu.cu\/?s={search_term_string}"},"query-input":{"@type":"PropertyValueSpecification","valueRequired":true,"valueName":"search_term_string"}}],"inLanguage":"es"},{"@type":"Organization","@id":"https:\/\/www.ucf.edu.cu\/#organization","name":"Universidad de Cienfuegos","url":"https:\/\/www.ucf.edu.cu\/","logo":{"@type":"ImageObject","inLanguage":"es","@id":"https:\/\/www.ucf.edu.cu\/#\/schema\/logo\/image\/","url":"https:\/\/www.ucf.edu.cu\/wp-content\/uploads\/2020\/11\/fe77b047cf65bbf66915926fa3c00c93_L.jpg","contentUrl":"https:\/\/www.ucf.edu.cu\/wp-content\/uploads\/2020\/11\/fe77b047cf65bbf66915926fa3c00c93_L.jpg","width":1000,"height":763,"caption":"Universidad de Cienfuegos"},"image":{"@id":"https:\/\/www.ucf.edu.cu\/#\/schema\/logo\/image\/"},"sameAs":["https:\/\/www.facebook.com\/ucfgos\/","https:\/\/x.com\/ucfgos","https:\/\/www.instagram.com\/ucfgos","https:\/\/www.youtube.com\/channel\/UCymAZYZHmPzh48cHLG6Nx4A"]},{"@type":"Person","@id":"https:\/\/www.ucf.edu.cu\/#\/schema\/person\/1ab5c30ce7d7cff8d04e05d54e4467eb","name":"Direcci\u00f3n de Comunicaci\u00f3n Institucional","image":{"@type":"ImageObject","inLanguage":"es","@id":"https:\/\/secure.gravatar.com\/avatar\/df7a6ffea67205b2cec0557fac1b1c99168521f981217db8876f424e9d334540?s=96&d=mm&r=g","url":"https:\/\/secure.gravatar.com\/avatar\/df7a6ffea67205b2cec0557fac1b1c99168521f981217db8876f424e9d334540?s=96&d=mm&r=g","contentUrl":"https:\/\/secure.gravatar.com\/avatar\/df7a6ffea67205b2cec0557fac1b1c99168521f981217db8876f424e9d334540?s=96&d=mm&r=g","caption":"Direcci\u00f3n de Comunicaci\u00f3n Institucional"}}]}},"_links":{"self":[{"href":"https:\/\/www.ucf.edu.cu\/index.php?rest_route=\/wp\/v2\/posts\/12054","targetHints":{"allow":["GET"]}}],"collection":[{"href":"https:\/\/www.ucf.edu.cu\/index.php?rest_route=\/wp\/v2\/posts"}],"about":[{"href":"https:\/\/www.ucf.edu.cu\/index.php?rest_route=\/wp\/v2\/types\/post"}],"author":[{"embeddable":true,"href":"https:\/\/www.ucf.edu.cu\/index.php?rest_route=\/wp\/v2\/users\/6"}],"replies":[{"embeddable":true,"href":"https:\/\/www.ucf.edu.cu\/index.php?rest_route=%2Fwp%2Fv2%2Fcomments&post=12054"}],"version-history":[{"count":20,"href":"https:\/\/www.ucf.edu.cu\/index.php?rest_route=\/wp\/v2\/posts\/12054\/revisions"}],"predecessor-version":[{"id":12088,"href":"https:\/\/www.ucf.edu.cu\/index.php?rest_route=\/wp\/v2\/posts\/12054\/revisions\/12088"}],"wp:featuredmedia":[{"embeddable":true,"href":"https:\/\/www.ucf.edu.cu\/index.php?rest_route=\/wp\/v2\/media\/12073"}],"wp:attachment":[{"href":"https:\/\/www.ucf.edu.cu\/index.php?rest_route=%2Fwp%2Fv2%2Fmedia&parent=12054"}],"wp:term":[{"taxonomy":"category","embeddable":true,"href":"https:\/\/www.ucf.edu.cu\/index.php?rest_route=%2Fwp%2Fv2%2Fcategories&post=12054"},{"taxonomy":"post_tag","embeddable":true,"href":"https:\/\/www.ucf.edu.cu\/index.php?rest_route=%2Fwp%2Fv2%2Ftags&post=12054"}],"curies":[{"name":"wp","href":"https:\/\/api.w.org\/{rel}","templated":true}]}}