{"id":16309,"date":"2024-03-06T13:59:33","date_gmt":"2024-03-06T13:59:33","guid":{"rendered":"https:\/\/www.ucf.edu.cu\/?p=16309"},"modified":"2024-03-06T14:00:46","modified_gmt":"2024-03-06T14:00:46","slug":"a-quienes-les-toca-salvar-el-mundo","status":"publish","type":"post","link":"https:\/\/www.ucf.edu.cu\/?p=16309","title":{"rendered":"\u00bfA qui\u00e9nes les toca salvar el mundo?"},"content":{"rendered":"\t\t<div data-elementor-type=\"wp-post\" data-elementor-id=\"16309\" class=\"elementor elementor-16309\">\n\t\t\t\t\t\t<section class=\"elementor-section elementor-top-section elementor-element elementor-element-4ea0c45 elementor-section-boxed elementor-section-height-default elementor-section-height-default\" data-id=\"4ea0c45\" data-element_type=\"section\" data-e-type=\"section\">\n\t\t\t\t\t\t<div class=\"elementor-container elementor-column-gap-default\">\n\t\t\t\t\t<div class=\"elementor-column elementor-col-100 elementor-top-column elementor-element elementor-element-6e4032e\" data-id=\"6e4032e\" data-element_type=\"column\" data-e-type=\"column\">\n\t\t\t<div class=\"elementor-widget-wrap elementor-element-populated\">\n\t\t\t\t\t\t<div class=\"elementor-element elementor-element-f506253 elementor-widget elementor-widget-text-editor\" data-id=\"f506253\" data-element_type=\"widget\" data-e-type=\"widget\" data-widget_type=\"text-editor.default\">\n\t\t\t\t<div class=\"elementor-widget-container\">\n\t\t\t\t\t\t\t\t\t<p>Am\u00e9rica Latina y Rusia no somos tan distintos ni tan lejanos. La naci\u00f3n eslava es ejemplo de resistencia, como lo son los pueblos de nuestro continente a los embates del imperialismo. Fue ella tambi\u00e9n la que inspir\u00f3, con Lenin y su obra, a muchos de los movimientos y organizaciones juveniles, cuyos representantes se re\u00fanen en esta ciudad balneario.<\/p><p>Esas certezas se evidenciaron este martes en el panel La juventud de Am\u00e9rica Latina y Rusia: un nuevo cap\u00edtulo de la cooperaci\u00f3n estrat\u00e9gica, en el cual representantes de Venezuela, Brasil, Honduras, Argentina, M\u00e9xico y nuestro pa\u00eds, coincidentemente todas mujeres, dejaron claro que la unidad es el camino para avanzar.<\/p><p>Rusia, como Cuba y otros pa\u00edses amigos de Am\u00e9rica Latina, es objeto de sanciones econ\u00f3micas, de intentos desesperados por aislarla y estigmatizarla con discursos de odio, record\u00f3 Ayl\u00edn \u00c1lvarez Garc\u00eda, primera secretaria del Comit\u00e9 Nacional de la Uni\u00f3n de J\u00f3venes Comunistas (UJC), a quien le toc\u00f3 iniciar el intercambio en la Universidad Sirius, una de las sedes del evento.<\/p><p>En esas condiciones, expres\u00f3, las generaciones m\u00e1s j\u00f3venes de nuestros pa\u00edses debemos aumentar y fortalecer la cooperaci\u00f3n, ampliar las posibilidades de intercambio y promover la solidaridad entre nuestros pueblos, que comparten desaf\u00edos comunes. \u00abAunque la barrera idiom\u00e1tica parecer\u00eda ser un obst\u00e1culo, no es imposible de superar\u00bb.<\/p><p>\u00c1lvarez Garc\u00eda apunt\u00f3 que la Mayor de las Antillas tiene amplia experiencia en la implementaci\u00f3n de acciones concretas de cooperaci\u00f3n con Rusia, que nos ha acercado a su cultura, su historia y su pueblo. El mayor apoyo, ilustr\u00f3, que demuestra que s\u00ed es posible la cooperaci\u00f3n y coordinaci\u00f3n entre nuestros pa\u00edses, es el incuestionable reclamo para que se ponga fin al bloqueo estadounidense.<\/p><p>\u00abConfiamos en que promover un mayor acercamiento entre nuestros j\u00f3venes contribuir\u00e1, igualmente, a garantizar, en el futuro, la continuidad y consecuencia de los principios que defienden de forma consistente nuestras naciones\u00bb, afirm\u00f3 la dirigente juvenil en un panel donde los ideales de Fidel estuvieron muy presentes.<\/p><p>A sus \u00abhermanos latinoamericanos\u00bb, la Primera Secretaria de la UJC les dijo que \u00abcuentan con la admiraci\u00f3n de Cuba, porque son indetenibles en la transformaci\u00f3n de sus sociedades, marcadas por la colonizaci\u00f3n, neocolonizaci\u00f3n y desigualdad\u00bb, y a los \u00abamigos de Rusia\u00bb expres\u00f3 que \u00abAm\u00e9rica Latina y el Caribe est\u00e1 lista para recibirlos, apoyarlos y trabajar juntos\u00bb.<\/p><h2>Un momento decisivo<\/h2><p>\u00abLas nuevas generaciones de cubanos resisten injustamente un bloqueo econ\u00f3mico, comercial y financiero por parte de Estados Unidos. Es el crimen no armament\u00edstico m\u00e1s largo de la historia moderna\u00bb, denunci\u00f3 la ministra de Juventud de Honduras, Zulmit Rivera, al inicio de su ponencia El rol de las mujeres en la movilizaci\u00f3n social de las juventudes y los avances del progresismo en Am\u00e9rica Latina.<\/p><p>Igualmente, apunt\u00f3 que tenemos en la Patria Grande varios ejemplos de la asunci\u00f3n de responsabilidades importantes dentro de las j\u00f3venes mujeres. Han sido ellas, signific\u00f3, las abanderadas de las luchas justas en todo el continente.<\/p><p>Sin embargo, en la actualidad las nuevas generaciones tenemos retos a corto y mediano plazo, enfatiz\u00f3. \u00abLa incorporaci\u00f3n de las mujeres en la agenda p\u00fablica, por ejemplo, es uno de esos desaf\u00edos, porque el mundo multipolar reclama tambi\u00e9n de su protagonismo\u00bb, a\u00f1adi\u00f3.<\/p><p>En el caso de los movimientos feministas de izquierda en la Patria Grande han tenido un inicio s\u00f3lido, ganando en el papel preponderante de las mujeres para que sean m\u00e1s reconocidas y tomadas en cuenta. Creo entonces que hemos ganado en derechos gracias a luchas continuas, asegur\u00f3 la Ministra de Juventud de Honduras, quien refiri\u00f3 que esa fue una batalla que consolidaron en su pa\u00eds cuando eligieron a la presidenta Xiomara Castro, actualmente la \u00fanica mandataria mujer en la regi\u00f3n de Latinoam\u00e9rica.<\/p><p>Nos encontramos en un momento decisivo de la historia, en el cual no existen garant\u00edas de paz y la unidad constituye el primer paso para fortificar la lucha, apunt\u00f3 luego la brasile\u00f1a Amanda Oliveira Harumy, secretaria ejecutiva de la Organizaci\u00f3n Latinoamericana y Caribe\u00f1a de Estudiantes (Oclae).<\/p><p>Despu\u00e9s de vivir ese hermano pa\u00eds cuatro duros a\u00f1os de extrema derecha con Jair Bolsonaro, ahora con Luiz In\u00e1cio Lula Da Silva en la presidencia, esperan salir de la decadencia moral y de todo tipo en la que cay\u00f3 Brasil. \u00abVuelve Lula a ser la esperanza de los j\u00f3venes brasile\u00f1os, de la mujer y los humildes\u00bb, catalog\u00f3.<\/p><p>Al referirse al nuevo mundo multipolar que se aspira de forma acelerada en el planeta, Oliveira Harumy aclar\u00f3: tenemos que llevarlo adelante nosotros mismos. Nuestra alternativa debe ser siempre contra el capitalismo, defendiendo una pol\u00edtica de bienestar conjunto, de la ciencia para todos, de la justicia.<\/p><p>Es importante en estos tiempos modernos, refiri\u00f3, dar la batalla contra las narrativas comunicacionales. Todos tenemos que hablar con los m\u00e1s j\u00f3venes desde lo tecnol\u00f3gico a trav\u00e9s de las redes sociales y bajo nuestros c\u00f3digos. Como mismo revolucionamos los espacios pol\u00edticos a los que llegamos, tambi\u00e9n hay que reivindicarse desde el mundo virtual, sin temor alguno.<\/p><h2>Ante un gran desaf\u00edo<\/h2><p>En el panel La juventud de Am\u00e9rica Latina y Rusia\u2026 tambi\u00e9n se escuch\u00f3 a la destacada lideresa venezolana Libertad Velasco, quien expuso sobre esa visi\u00f3n fresca y renovada de futuro que traen las nuevas generaciones, a quienes les corresponde, seg\u00fan expres\u00f3, salvar este mundo desigual. \u00abEso nos une a Rusia. Si lo vemos desde all\u00ed entonces Rusia no nos queda tan lejos\u00bb.<\/p><p>Por ello la batalla contra el neofascismo debe ser frontal, sin pausa y fuerte, signific\u00f3. De ah\u00ed que los objetivos pol\u00edticos deban unirnos m\u00e1s, tanto al pueblo ruso como a los latinoamericanos, porque tenemos en frente el mismo enemigo com\u00fan de siempre.<\/p><p>Una de las luchas m\u00e1s importantes que se da hoy contra ese enemigo bien armado, pero desalmado, resulta, precisamente, la que libra el hermano pueblo palestino que resiste la agresi\u00f3n sionista de Israel. \u00abEl apoyo a la causa palestina continuar\u00e1 siendo irrestricto por parte de la izquierda mundial\u00bb, coment\u00f3.<\/p><p>En sus palabras estuvo tambi\u00e9n el imprescindible homenaje al Comandante Hugo Ch\u00e1vez Fr\u00edas a 11 a\u00f1os de su paso a la inmortalidad, y al Comandante en Jefe, Fidel Castro Ruz, quien, asegur\u00f3, le pidi\u00f3 convencer a Ch\u00e1vez de ocuparse personalmente de la educaci\u00f3n y formaci\u00f3n de los ni\u00f1os, adolescentes y j\u00f3venes venezolanos.<\/p><p>Al l\u00edder eterno de la Revoluci\u00f3n Cubana le debemos tambi\u00e9n ese legado para combatir lo injusto, y fue \u00e9l quien motiv\u00f3 a todos en Am\u00e9rica Latina y el Caribe a que nuestros pueblos tambi\u00e9n giraran sus miradas a las juventudes y hacia los oprimidos del mundo, reconoci\u00f3.<\/p><p>Casi al finalizar el panel, la vicepresidenta del Partido Solidario en Argentina, Julia Peri\u00e9, record\u00f3 que en los \u00faltimos tiempos est\u00e1 sucediendo con Rusia y su juventud lo mismo que a la Revoluci\u00f3n Cubana en sus inicios. Existe un paralelismo indiscutible cuando en la actualidad intentan imponer la rusofobia a nivel internacional.<\/p><p>Por eso, los lazos de apoyo entre Am\u00e9rica Latina y Rusia deben consolidarse de manera invariable, y tener muy presente que, sin dudas, el imperialismo sigue siendo la principal amenaza para la humanidad. Sus pol\u00edticas de destrucci\u00f3n estimulan el odio, socavan la paz y no permiten la autodeterminaci\u00f3n de los pueblos.<\/p><p>Como asegur\u00f3 la Primera Secretaria de la UJC de Cuba, confiamos en un mundo mejor, de dignidad plena y justicia social para todos; \u00aby si trabajamos juntos los j\u00f3venes de Rusia y Am\u00e9rica Latina, estamos seguros de que ese mundo ser\u00e1 posible\u00bb. Es ese mundo m\u00e1s justo que han venido a construir a Rusia 20 000 delegados de 180 pa\u00edses como parte del Festival Mundial de la Juventud.<\/p><p>\u00a0<\/p><p><em><strong>Tomado de Juventud Rebelde<\/strong><\/em><\/p>\t\t\t\t\t\t\t\t<\/div>\n\t\t\t\t<\/div>\n\t\t\t\t\t<\/div>\n\t\t<\/div>\n\t\t\t\t\t<\/div>\n\t\t<\/section>\n\t\t\t\t<\/div>\n\t\t","protected":false},"excerpt":{"rendered":"<p>Am\u00e9rica Latina y Rusia no somos tan distintos ni tan lejanos. La naci\u00f3n eslava es ejemplo de resistencia, como lo son los pueblos de nuestro continente a los embates del imperialismo. Fue<a class=\"moretag\" href=\"https:\/\/www.ucf.edu.cu\/?p=16309\">Leer m\u00e1s&#8230;<\/a><\/p>\n","protected":false},"author":6,"featured_media":16310,"comment_status":"open","ping_status":"open","sticky":false,"template":"","format":"standard","meta":{"footnotes":""},"categories":[6],"tags":[],"class_list":["post-16309","post","type-post","status-publish","format-standard","has-post-thumbnail","hentry","category-noticias"],"yoast_head":"<!-- This site is optimized with the Yoast SEO plugin v27.4 - https:\/\/yoast.com\/product\/yoast-seo-wordpress\/ -->\n<title>\u00bfA qui\u00e9nes les toca salvar el mundo? - Universidad de Cienfuegos<\/title>\n<meta name=\"description\" content=\"Noticias del \u00e1mbito universitario de la casa de altos estudios de Cienfuegos. Adem\u00e1s se muestran noticias del acontecer nacional e internacional de mayor relevancia.\" \/>\n<meta name=\"robots\" content=\"index, follow, max-snippet:-1, max-image-preview:large, max-video-preview:-1\" \/>\n<link rel=\"canonical\" href=\"https:\/\/www.ucf.edu.cu\/?p=16309\" \/>\n<meta property=\"og:locale\" content=\"es_ES\" \/>\n<meta property=\"og:type\" content=\"article\" \/>\n<meta property=\"og:title\" content=\"\u00bfA qui\u00e9nes les toca salvar el mundo? - Universidad de Cienfuegos\" \/>\n<meta property=\"og:description\" content=\"Noticias del \u00e1mbito universitario de la casa de altos estudios de Cienfuegos. Adem\u00e1s se muestran noticias del acontecer nacional e internacional de mayor relevancia.\" \/>\n<meta property=\"og:url\" content=\"https:\/\/www.ucf.edu.cu\/?p=16309\" \/>\n<meta property=\"og:site_name\" content=\"Universidad de Cienfuegos\" \/>\n<meta property=\"article:publisher\" content=\"https:\/\/www.facebook.com\/ucfgos\/\" \/>\n<meta property=\"article:published_time\" content=\"2024-03-06T13:59:33+00:00\" \/>\n<meta property=\"article:modified_time\" content=\"2024-03-06T14:00:46+00:00\" \/>\n<meta property=\"og:image\" content=\"https:\/\/www.ucf.edu.cu\/wp-content\/uploads\/2024\/03\/bxuEom_05-03-2024_23.03.05.000000.jpg\" \/>\n\t<meta property=\"og:image:width\" content=\"799\" \/>\n\t<meta property=\"og:image:height\" content=\"600\" \/>\n\t<meta property=\"og:image:type\" content=\"image\/jpeg\" \/>\n<meta name=\"author\" content=\"Direcci\u00f3n de Comunicaci\u00f3n Institucional\" \/>\n<meta name=\"twitter:card\" content=\"summary_large_image\" \/>\n<meta name=\"twitter:creator\" content=\"@ucfgos\" \/>\n<meta name=\"twitter:site\" content=\"@ucfgos\" \/>\n<meta name=\"twitter:label1\" content=\"Escrito por\" \/>\n\t<meta name=\"twitter:data1\" content=\"Direcci\u00f3n de Comunicaci\u00f3n Institucional\" \/>\n\t<meta name=\"twitter:label2\" content=\"Tiempo de lectura\" \/>\n\t<meta name=\"twitter:data2\" content=\"6 minutos\" \/>\n<script type=\"application\/ld+json\" class=\"yoast-schema-graph\">{\"@context\":\"https:\\\/\\\/schema.org\",\"@graph\":[{\"@type\":\"Article\",\"@id\":\"https:\\\/\\\/www.ucf.edu.cu\\\/?p=16309#article\",\"isPartOf\":{\"@id\":\"https:\\\/\\\/www.ucf.edu.cu\\\/?p=16309\"},\"author\":{\"name\":\"Direcci\u00f3n de Comunicaci\u00f3n Institucional\",\"@id\":\"https:\\\/\\\/www.ucf.edu.cu\\\/#\\\/schema\\\/person\\\/1ab5c30ce7d7cff8d04e05d54e4467eb\"},\"headline\":\"\u00bfA qui\u00e9nes les toca salvar el mundo?\",\"datePublished\":\"2024-03-06T13:59:33+00:00\",\"dateModified\":\"2024-03-06T14:00:46+00:00\",\"mainEntityOfPage\":{\"@id\":\"https:\\\/\\\/www.ucf.edu.cu\\\/?p=16309\"},\"wordCount\":1347,\"commentCount\":0,\"publisher\":{\"@id\":\"https:\\\/\\\/www.ucf.edu.cu\\\/#organization\"},\"image\":{\"@id\":\"https:\\\/\\\/www.ucf.edu.cu\\\/?p=16309#primaryimage\"},\"thumbnailUrl\":\"https:\\\/\\\/www.ucf.edu.cu\\\/wp-content\\\/uploads\\\/2024\\\/03\\\/bxuEom_05-03-2024_23.03.05.000000.jpg\",\"articleSection\":[\"Noticias\"],\"inLanguage\":\"es\",\"potentialAction\":[{\"@type\":\"CommentAction\",\"name\":\"Comment\",\"target\":[\"https:\\\/\\\/www.ucf.edu.cu\\\/?p=16309#respond\"]}]},{\"@type\":\"WebPage\",\"@id\":\"https:\\\/\\\/www.ucf.edu.cu\\\/?p=16309\",\"url\":\"https:\\\/\\\/www.ucf.edu.cu\\\/?p=16309\",\"name\":\"\u00bfA qui\u00e9nes les toca salvar el mundo? - Universidad de Cienfuegos\",\"isPartOf\":{\"@id\":\"https:\\\/\\\/www.ucf.edu.cu\\\/#website\"},\"primaryImageOfPage\":{\"@id\":\"https:\\\/\\\/www.ucf.edu.cu\\\/?p=16309#primaryimage\"},\"image\":{\"@id\":\"https:\\\/\\\/www.ucf.edu.cu\\\/?p=16309#primaryimage\"},\"thumbnailUrl\":\"https:\\\/\\\/www.ucf.edu.cu\\\/wp-content\\\/uploads\\\/2024\\\/03\\\/bxuEom_05-03-2024_23.03.05.000000.jpg\",\"datePublished\":\"2024-03-06T13:59:33+00:00\",\"dateModified\":\"2024-03-06T14:00:46+00:00\",\"description\":\"Noticias del \u00e1mbito universitario de la casa de altos estudios de Cienfuegos. Adem\u00e1s se muestran noticias del acontecer nacional e internacional de mayor relevancia.\",\"breadcrumb\":{\"@id\":\"https:\\\/\\\/www.ucf.edu.cu\\\/?p=16309#breadcrumb\"},\"inLanguage\":\"es\",\"potentialAction\":[{\"@type\":\"ReadAction\",\"target\":[\"https:\\\/\\\/www.ucf.edu.cu\\\/?p=16309\"]}]},{\"@type\":\"ImageObject\",\"inLanguage\":\"es\",\"@id\":\"https:\\\/\\\/www.ucf.edu.cu\\\/?p=16309#primaryimage\",\"url\":\"https:\\\/\\\/www.ucf.edu.cu\\\/wp-content\\\/uploads\\\/2024\\\/03\\\/bxuEom_05-03-2024_23.03.05.000000.jpg\",\"contentUrl\":\"https:\\\/\\\/www.ucf.edu.cu\\\/wp-content\\\/uploads\\\/2024\\\/03\\\/bxuEom_05-03-2024_23.03.05.000000.jpg\",\"width\":799,\"height\":600},{\"@type\":\"BreadcrumbList\",\"@id\":\"https:\\\/\\\/www.ucf.edu.cu\\\/?p=16309#breadcrumb\",\"itemListElement\":[{\"@type\":\"ListItem\",\"position\":1,\"name\":\"Portada\",\"item\":\"https:\\\/\\\/www.ucf.edu.cu\\\/\"},{\"@type\":\"ListItem\",\"position\":2,\"name\":\"\u00bfA qui\u00e9nes les toca salvar el mundo?\"}]},{\"@type\":\"WebSite\",\"@id\":\"https:\\\/\\\/www.ucf.edu.cu\\\/#website\",\"url\":\"https:\\\/\\\/www.ucf.edu.cu\\\/\",\"name\":\"Universidad de Cienfuegos\",\"description\":\"Portal Web Universidad de Cienfuegos\",\"publisher\":{\"@id\":\"https:\\\/\\\/www.ucf.edu.cu\\\/#organization\"},\"alternateName\":\"Portal institucional de la UCf\",\"potentialAction\":[{\"@type\":\"SearchAction\",\"target\":{\"@type\":\"EntryPoint\",\"urlTemplate\":\"https:\\\/\\\/www.ucf.edu.cu\\\/?s={search_term_string}\"},\"query-input\":{\"@type\":\"PropertyValueSpecification\",\"valueRequired\":true,\"valueName\":\"search_term_string\"}}],\"inLanguage\":\"es\"},{\"@type\":\"Organization\",\"@id\":\"https:\\\/\\\/www.ucf.edu.cu\\\/#organization\",\"name\":\"Universidad de Cienfuegos\",\"url\":\"https:\\\/\\\/www.ucf.edu.cu\\\/\",\"logo\":{\"@type\":\"ImageObject\",\"inLanguage\":\"es\",\"@id\":\"https:\\\/\\\/www.ucf.edu.cu\\\/#\\\/schema\\\/logo\\\/image\\\/\",\"url\":\"https:\\\/\\\/www.ucf.edu.cu\\\/wp-content\\\/uploads\\\/2020\\\/11\\\/fe77b047cf65bbf66915926fa3c00c93_L.jpg\",\"contentUrl\":\"https:\\\/\\\/www.ucf.edu.cu\\\/wp-content\\\/uploads\\\/2020\\\/11\\\/fe77b047cf65bbf66915926fa3c00c93_L.jpg\",\"width\":1000,\"height\":763,\"caption\":\"Universidad de Cienfuegos\"},\"image\":{\"@id\":\"https:\\\/\\\/www.ucf.edu.cu\\\/#\\\/schema\\\/logo\\\/image\\\/\"},\"sameAs\":[\"https:\\\/\\\/www.facebook.com\\\/ucfgos\\\/\",\"https:\\\/\\\/x.com\\\/ucfgos\",\"https:\\\/\\\/www.instagram.com\\\/ucfgos\",\"https:\\\/\\\/www.youtube.com\\\/channel\\\/UCymAZYZHmPzh48cHLG6Nx4A\"]},{\"@type\":\"Person\",\"@id\":\"https:\\\/\\\/www.ucf.edu.cu\\\/#\\\/schema\\\/person\\\/1ab5c30ce7d7cff8d04e05d54e4467eb\",\"name\":\"Direcci\u00f3n de Comunicaci\u00f3n Institucional\",\"image\":{\"@type\":\"ImageObject\",\"inLanguage\":\"es\",\"@id\":\"https:\\\/\\\/secure.gravatar.com\\\/avatar\\\/df7a6ffea67205b2cec0557fac1b1c99168521f981217db8876f424e9d334540?s=96&d=mm&r=g\",\"url\":\"https:\\\/\\\/secure.gravatar.com\\\/avatar\\\/df7a6ffea67205b2cec0557fac1b1c99168521f981217db8876f424e9d334540?s=96&d=mm&r=g\",\"contentUrl\":\"https:\\\/\\\/secure.gravatar.com\\\/avatar\\\/df7a6ffea67205b2cec0557fac1b1c99168521f981217db8876f424e9d334540?s=96&d=mm&r=g\",\"caption\":\"Direcci\u00f3n de Comunicaci\u00f3n Institucional\"}}]}<\/script>\n<!-- \/ Yoast SEO plugin. -->","yoast_head_json":{"title":"\u00bfA qui\u00e9nes les toca salvar el mundo? - Universidad de Cienfuegos","description":"Noticias del \u00e1mbito universitario de la casa de altos estudios de Cienfuegos. Adem\u00e1s se muestran noticias del acontecer nacional e internacional de mayor relevancia.","robots":{"index":"index","follow":"follow","max-snippet":"max-snippet:-1","max-image-preview":"max-image-preview:large","max-video-preview":"max-video-preview:-1"},"canonical":"https:\/\/www.ucf.edu.cu\/?p=16309","og_locale":"es_ES","og_type":"article","og_title":"\u00bfA qui\u00e9nes les toca salvar el mundo? - Universidad de Cienfuegos","og_description":"Noticias del \u00e1mbito universitario de la casa de altos estudios de Cienfuegos. Adem\u00e1s se muestran noticias del acontecer nacional e internacional de mayor relevancia.","og_url":"https:\/\/www.ucf.edu.cu\/?p=16309","og_site_name":"Universidad de Cienfuegos","article_publisher":"https:\/\/www.facebook.com\/ucfgos\/","article_published_time":"2024-03-06T13:59:33+00:00","article_modified_time":"2024-03-06T14:00:46+00:00","og_image":[{"width":799,"height":600,"url":"https:\/\/www.ucf.edu.cu\/wp-content\/uploads\/2024\/03\/bxuEom_05-03-2024_23.03.05.000000.jpg","type":"image\/jpeg"}],"author":"Direcci\u00f3n de Comunicaci\u00f3n Institucional","twitter_card":"summary_large_image","twitter_creator":"@ucfgos","twitter_site":"@ucfgos","twitter_misc":{"Escrito por":"Direcci\u00f3n de Comunicaci\u00f3n Institucional","Tiempo de lectura":"6 minutos"},"schema":{"@context":"https:\/\/schema.org","@graph":[{"@type":"Article","@id":"https:\/\/www.ucf.edu.cu\/?p=16309#article","isPartOf":{"@id":"https:\/\/www.ucf.edu.cu\/?p=16309"},"author":{"name":"Direcci\u00f3n de Comunicaci\u00f3n Institucional","@id":"https:\/\/www.ucf.edu.cu\/#\/schema\/person\/1ab5c30ce7d7cff8d04e05d54e4467eb"},"headline":"\u00bfA qui\u00e9nes les toca salvar el mundo?","datePublished":"2024-03-06T13:59:33+00:00","dateModified":"2024-03-06T14:00:46+00:00","mainEntityOfPage":{"@id":"https:\/\/www.ucf.edu.cu\/?p=16309"},"wordCount":1347,"commentCount":0,"publisher":{"@id":"https:\/\/www.ucf.edu.cu\/#organization"},"image":{"@id":"https:\/\/www.ucf.edu.cu\/?p=16309#primaryimage"},"thumbnailUrl":"https:\/\/www.ucf.edu.cu\/wp-content\/uploads\/2024\/03\/bxuEom_05-03-2024_23.03.05.000000.jpg","articleSection":["Noticias"],"inLanguage":"es","potentialAction":[{"@type":"CommentAction","name":"Comment","target":["https:\/\/www.ucf.edu.cu\/?p=16309#respond"]}]},{"@type":"WebPage","@id":"https:\/\/www.ucf.edu.cu\/?p=16309","url":"https:\/\/www.ucf.edu.cu\/?p=16309","name":"\u00bfA qui\u00e9nes les toca salvar el mundo? - Universidad de Cienfuegos","isPartOf":{"@id":"https:\/\/www.ucf.edu.cu\/#website"},"primaryImageOfPage":{"@id":"https:\/\/www.ucf.edu.cu\/?p=16309#primaryimage"},"image":{"@id":"https:\/\/www.ucf.edu.cu\/?p=16309#primaryimage"},"thumbnailUrl":"https:\/\/www.ucf.edu.cu\/wp-content\/uploads\/2024\/03\/bxuEom_05-03-2024_23.03.05.000000.jpg","datePublished":"2024-03-06T13:59:33+00:00","dateModified":"2024-03-06T14:00:46+00:00","description":"Noticias del \u00e1mbito universitario de la casa de altos estudios de Cienfuegos. Adem\u00e1s se muestran noticias del acontecer nacional e internacional de mayor relevancia.","breadcrumb":{"@id":"https:\/\/www.ucf.edu.cu\/?p=16309#breadcrumb"},"inLanguage":"es","potentialAction":[{"@type":"ReadAction","target":["https:\/\/www.ucf.edu.cu\/?p=16309"]}]},{"@type":"ImageObject","inLanguage":"es","@id":"https:\/\/www.ucf.edu.cu\/?p=16309#primaryimage","url":"https:\/\/www.ucf.edu.cu\/wp-content\/uploads\/2024\/03\/bxuEom_05-03-2024_23.03.05.000000.jpg","contentUrl":"https:\/\/www.ucf.edu.cu\/wp-content\/uploads\/2024\/03\/bxuEom_05-03-2024_23.03.05.000000.jpg","width":799,"height":600},{"@type":"BreadcrumbList","@id":"https:\/\/www.ucf.edu.cu\/?p=16309#breadcrumb","itemListElement":[{"@type":"ListItem","position":1,"name":"Portada","item":"https:\/\/www.ucf.edu.cu\/"},{"@type":"ListItem","position":2,"name":"\u00bfA qui\u00e9nes les toca salvar el mundo?"}]},{"@type":"WebSite","@id":"https:\/\/www.ucf.edu.cu\/#website","url":"https:\/\/www.ucf.edu.cu\/","name":"Universidad de Cienfuegos","description":"Portal Web Universidad de Cienfuegos","publisher":{"@id":"https:\/\/www.ucf.edu.cu\/#organization"},"alternateName":"Portal institucional de la UCf","potentialAction":[{"@type":"SearchAction","target":{"@type":"EntryPoint","urlTemplate":"https:\/\/www.ucf.edu.cu\/?s={search_term_string}"},"query-input":{"@type":"PropertyValueSpecification","valueRequired":true,"valueName":"search_term_string"}}],"inLanguage":"es"},{"@type":"Organization","@id":"https:\/\/www.ucf.edu.cu\/#organization","name":"Universidad de Cienfuegos","url":"https:\/\/www.ucf.edu.cu\/","logo":{"@type":"ImageObject","inLanguage":"es","@id":"https:\/\/www.ucf.edu.cu\/#\/schema\/logo\/image\/","url":"https:\/\/www.ucf.edu.cu\/wp-content\/uploads\/2020\/11\/fe77b047cf65bbf66915926fa3c00c93_L.jpg","contentUrl":"https:\/\/www.ucf.edu.cu\/wp-content\/uploads\/2020\/11\/fe77b047cf65bbf66915926fa3c00c93_L.jpg","width":1000,"height":763,"caption":"Universidad de Cienfuegos"},"image":{"@id":"https:\/\/www.ucf.edu.cu\/#\/schema\/logo\/image\/"},"sameAs":["https:\/\/www.facebook.com\/ucfgos\/","https:\/\/x.com\/ucfgos","https:\/\/www.instagram.com\/ucfgos","https:\/\/www.youtube.com\/channel\/UCymAZYZHmPzh48cHLG6Nx4A"]},{"@type":"Person","@id":"https:\/\/www.ucf.edu.cu\/#\/schema\/person\/1ab5c30ce7d7cff8d04e05d54e4467eb","name":"Direcci\u00f3n de Comunicaci\u00f3n Institucional","image":{"@type":"ImageObject","inLanguage":"es","@id":"https:\/\/secure.gravatar.com\/avatar\/df7a6ffea67205b2cec0557fac1b1c99168521f981217db8876f424e9d334540?s=96&d=mm&r=g","url":"https:\/\/secure.gravatar.com\/avatar\/df7a6ffea67205b2cec0557fac1b1c99168521f981217db8876f424e9d334540?s=96&d=mm&r=g","contentUrl":"https:\/\/secure.gravatar.com\/avatar\/df7a6ffea67205b2cec0557fac1b1c99168521f981217db8876f424e9d334540?s=96&d=mm&r=g","caption":"Direcci\u00f3n de Comunicaci\u00f3n Institucional"}}]}},"_links":{"self":[{"href":"https:\/\/www.ucf.edu.cu\/index.php?rest_route=\/wp\/v2\/posts\/16309","targetHints":{"allow":["GET"]}}],"collection":[{"href":"https:\/\/www.ucf.edu.cu\/index.php?rest_route=\/wp\/v2\/posts"}],"about":[{"href":"https:\/\/www.ucf.edu.cu\/index.php?rest_route=\/wp\/v2\/types\/post"}],"author":[{"embeddable":true,"href":"https:\/\/www.ucf.edu.cu\/index.php?rest_route=\/wp\/v2\/users\/6"}],"replies":[{"embeddable":true,"href":"https:\/\/www.ucf.edu.cu\/index.php?rest_route=%2Fwp%2Fv2%2Fcomments&post=16309"}],"version-history":[{"count":4,"href":"https:\/\/www.ucf.edu.cu\/index.php?rest_route=\/wp\/v2\/posts\/16309\/revisions"}],"predecessor-version":[{"id":16314,"href":"https:\/\/www.ucf.edu.cu\/index.php?rest_route=\/wp\/v2\/posts\/16309\/revisions\/16314"}],"wp:featuredmedia":[{"embeddable":true,"href":"https:\/\/www.ucf.edu.cu\/index.php?rest_route=\/wp\/v2\/media\/16310"}],"wp:attachment":[{"href":"https:\/\/www.ucf.edu.cu\/index.php?rest_route=%2Fwp%2Fv2%2Fmedia&parent=16309"}],"wp:term":[{"taxonomy":"category","embeddable":true,"href":"https:\/\/www.ucf.edu.cu\/index.php?rest_route=%2Fwp%2Fv2%2Fcategories&post=16309"},{"taxonomy":"post_tag","embeddable":true,"href":"https:\/\/www.ucf.edu.cu\/index.php?rest_route=%2Fwp%2Fv2%2Ftags&post=16309"}],"curies":[{"name":"wp","href":"https:\/\/api.w.org\/{rel}","templated":true}]}}