{"id":16394,"date":"2024-03-08T15:36:14","date_gmt":"2024-03-08T15:36:14","guid":{"rendered":"https:\/\/www.ucf.edu.cu\/?p=16394"},"modified":"2024-03-08T15:38:13","modified_gmt":"2024-03-08T15:38:13","slug":"un-pdl-en-cienfuegos-que-alza-su-voz-por-las-mujeres","status":"publish","type":"post","link":"https:\/\/www.ucf.edu.cu\/?p=16394","title":{"rendered":"Un PDL en Cienfuegos que alza su voz por las mujeres"},"content":{"rendered":"\t\t<div data-elementor-type=\"wp-post\" data-elementor-id=\"16394\" class=\"elementor elementor-16394\">\n\t\t\t\t\t\t<section class=\"elementor-section elementor-top-section elementor-element elementor-element-5fdee9b elementor-section-boxed elementor-section-height-default elementor-section-height-default\" data-id=\"5fdee9b\" data-element_type=\"section\" data-e-type=\"section\">\n\t\t\t\t\t\t<div class=\"elementor-container elementor-column-gap-default\">\n\t\t\t\t\t<div class=\"elementor-column elementor-col-100 elementor-top-column elementor-element elementor-element-9743003\" data-id=\"9743003\" data-element_type=\"column\" data-e-type=\"column\">\n\t\t\t<div class=\"elementor-widget-wrap elementor-element-populated\">\n\t\t\t\t\t\t<div class=\"elementor-element elementor-element-899c96e elementor-widget elementor-widget-text-editor\" data-id=\"899c96e\" data-element_type=\"widget\" data-e-type=\"widget\" data-widget_type=\"text-editor.default\">\n\t\t\t\t<div class=\"elementor-widget-container\">\n\t\t\t\t\t\t\t\t\t<p><em>\u2026Sin el avance de las mujeres y la igualdad de g\u00e9nero, no ser\u00e1 posible el desarrollo territorial sostenible\u2026<\/em><\/p><p>Alicia B\u00e1rcena, 2017<\/p><p>Con este pensamiento de Alicia B\u00e1rcena, secretaria ejecutiva de la Comisi\u00f3n Econ\u00f3mica para Am\u00e9rica Latina y el Caribe (CEPAL), en el cual enfatiza la importancia crucial del avance de las mujeres y la igualdad de g\u00e9nero para lograr un desarrollo territorial sostenible, y el cual dedicara la Lic. Chavelis Elena Hern\u00e1ndez Monterrey en su Tesis de Diploma en opci\u00f3n al t\u00edtulo de licenciada en Gesti\u00f3n Sociocultural para el Desarrollo, se da inicio a una de las investigaciones m\u00e1s actuales y significativas sobre el aporte y la importancia del Proyecto de Apoyo al Desarrollo Integral Territorial (PADIT) en Cienfuegos y la relevancia de la cultura jur\u00eddica en clave de g\u00e9nero para promover la igualdad y prevenir la violencia contra las mujeres.<\/p><p><img fetchpriority=\"high\" decoding=\"async\" class=\"size-medium wp-image-16397 aligncenter\" src=\"https:\/\/www.ucf.edu.cu\/wp-content\/uploads\/2024\/03\/web-1-imagen-300x169.jpg\" alt=\"\" width=\"300\" height=\"169\" srcset=\"https:\/\/www.ucf.edu.cu\/wp-content\/uploads\/2024\/03\/web-1-imagen-300x169.jpg 300w, https:\/\/www.ucf.edu.cu\/wp-content\/uploads\/2024\/03\/web-1-imagen-1024x576.jpg 1024w, https:\/\/www.ucf.edu.cu\/wp-content\/uploads\/2024\/03\/web-1-imagen-768x432.jpg 768w, https:\/\/www.ucf.edu.cu\/wp-content\/uploads\/2024\/03\/web-1-imagen-1536x864.jpg 1536w, https:\/\/www.ucf.edu.cu\/wp-content\/uploads\/2024\/03\/web-1-imagen-1600x900.jpg 1600w, https:\/\/www.ucf.edu.cu\/wp-content\/uploads\/2024\/03\/web-1-imagen.jpg 1920w\" sizes=\"(max-width: 300px) 100vw, 300px\" \/><\/p><p>La importancia del desarrollo territorial se acrecienta en Cuba a partir de la actualizaci\u00f3n del modelo econ\u00f3mico y la implementaci\u00f3n de pol\u00edticas y programas que impulsan la creaci\u00f3n de proyectos, iniciativas y actividades espec\u00edficas donde se consideran las din\u00e1micas poblacionales y la igualdad de g\u00e9nero entre sus l\u00edneas de acci\u00f3n prioritarias. La perspectiva de g\u00e9nero aporta al desarrollo territorial una manera diferente de mirar y pensar la vida social, las necesidades, las demandas, los objetivos y beneficios del desarrollo. Esta perspectiva es guiada por el principio de equidad y no discriminaci\u00f3n o subordinaci\u00f3n de las mujeres.<\/p><p>El estudio de caso de su \u00e1rea de estudio (AE) \u201cCultura Jur\u00eddica en clave de g\u00e9nero: herramienta para la igualdad y la no violencia contra las mujeres\u201d es una de las acciones estrat\u00e9gicas del proyecto PADIT Cienfuegos, que tiene como objetivo promover una cultura jur\u00eddica que contribuya a la prevenci\u00f3n y atenci\u00f3n de la violencia de g\u00e9nero, as\u00ed como a la igualdad de derechos y oportunidades entre hombres y mujeres. Para ello, se realizan actividades de capacitaci\u00f3n, sensibilizaci\u00f3n, asesor\u00eda y acompa\u00f1amiento a las mujeres v\u00edctimas de violencia, as\u00ed como a los actores institucionales y comunitarios involucrados en la tem\u00e1tica.<\/p><p>La realizaci\u00f3n de esta investigaci\u00f3n en el marco del proyecto PADIT Cienfuegos propici\u00f3 la obtenci\u00f3n de resultados relacionados con los aportes del eje de g\u00e9nero al desarrollo del territorio, respondiendo al imperativo de corregir y revertir las desigualdades y desventajas existentes mediante el an\u00e1lisis de una pr\u00e1ctica local con enfoque de g\u00e9nero.<\/p><p>La creaci\u00f3n y puesta en marcha del AE Cultura Jur\u00eddica en clave de g\u00e9nero: herramienta para la igualdad y la no violencia contra las mujeres, responde al efecto 2 del proyecto PADIT Cienfuegos y funge como un gabinete jur\u00eddico especializado en orientaci\u00f3n, atenci\u00f3n, canalizaci\u00f3n y registro adecuado de casos de violencia contra las mujeres, esta se erige como experiencia piloto de este tipo de atenci\u00f3n en Cuba y cuenta con un equipo t\u00e9cnico multidisciplinario.<\/p><p>De igual manera contribuye adem\u00e1s con la atenci\u00f3n individualizada o grupal, con la gesti\u00f3n del conocimiento y procesos de capacitaci\u00f3n en G\u00e9nero y Derecho de las\/os profesionales del sector jur\u00eddico y de actores que trabajan en el desarrollo integral territorial en Cienfuegos, as\u00ed como el fomento de la cultura jur\u00eddica de la poblaci\u00f3n de Cienfuegos en materia de derechos de las mujeres y su protecci\u00f3n frente a la violencia a trav\u00e9s de la publicaci\u00f3n y divulgaci\u00f3n de materiales educativos especializados en el tema y la realizaci\u00f3n de procesos comunitarios que contribuyen a la concientizaci\u00f3n de la poblaci\u00f3n sobre la igualdad de g\u00e9nero y la eliminaci\u00f3n de la violencia contra las mujeres.<\/p>\t\t\t\t\t\t\t\t<\/div>\n\t\t\t\t<\/div>\n\t\t\t\t\t<\/div>\n\t\t<\/div>\n\t\t\t\t\t<\/div>\n\t\t<\/section>\n\t\t\t\t<\/div>\n\t\t","protected":false},"excerpt":{"rendered":"<p>\u2026Sin el avance de las mujeres y la igualdad de g\u00e9nero, no ser\u00e1 posible el desarrollo territorial sostenible\u2026 Alicia B\u00e1rcena, 2017 Con este pensamiento de Alicia B\u00e1rcena, secretaria ejecutiva de la Comisi\u00f3n<a class=\"moretag\" href=\"https:\/\/www.ucf.edu.cu\/?p=16394\">Leer m\u00e1s&#8230;<\/a><\/p>\n","protected":false},"author":6,"featured_media":16395,"comment_status":"open","ping_status":"open","sticky":false,"template":"","format":"standard","meta":{"footnotes":""},"categories":[6],"tags":[],"class_list":["post-16394","post","type-post","status-publish","format-standard","has-post-thumbnail","hentry","category-noticias"],"yoast_head":"<!-- This site is optimized with the Yoast SEO plugin v27.4 - https:\/\/yoast.com\/product\/yoast-seo-wordpress\/ -->\n<title>Un PDL en Cienfuegos que alza su voz por las mujeres - Universidad de Cienfuegos<\/title>\n<meta name=\"description\" content=\"Noticias del \u00e1mbito universitario de la casa de altos estudios de Cienfuegos. Adem\u00e1s se muestran noticias del acontecer nacional e internacional de mayor relevancia.\" \/>\n<meta name=\"robots\" content=\"index, follow, max-snippet:-1, max-image-preview:large, max-video-preview:-1\" \/>\n<link rel=\"canonical\" href=\"https:\/\/www.ucf.edu.cu\/?p=16394\" \/>\n<meta property=\"og:locale\" content=\"es_ES\" \/>\n<meta property=\"og:type\" content=\"article\" \/>\n<meta property=\"og:title\" content=\"Un PDL en Cienfuegos que alza su voz por las mujeres - Universidad de Cienfuegos\" \/>\n<meta property=\"og:description\" content=\"Noticias del \u00e1mbito universitario de la casa de altos estudios de Cienfuegos. Adem\u00e1s se muestran noticias del acontecer nacional e internacional de mayor relevancia.\" \/>\n<meta property=\"og:url\" content=\"https:\/\/www.ucf.edu.cu\/?p=16394\" \/>\n<meta property=\"og:site_name\" content=\"Universidad de Cienfuegos\" \/>\n<meta property=\"article:publisher\" content=\"https:\/\/www.facebook.com\/ucfgos\/\" \/>\n<meta property=\"article:published_time\" content=\"2024-03-08T15:36:14+00:00\" \/>\n<meta property=\"article:modified_time\" content=\"2024-03-08T15:38:13+00:00\" \/>\n<meta property=\"og:image\" content=\"https:\/\/www.ucf.edu.cu\/wp-content\/uploads\/2024\/03\/web-1-portada.jpg\" \/>\n\t<meta property=\"og:image:width\" content=\"1280\" \/>\n\t<meta property=\"og:image:height\" content=\"720\" \/>\n\t<meta property=\"og:image:type\" content=\"image\/jpeg\" \/>\n<meta name=\"author\" content=\"Direcci\u00f3n de Comunicaci\u00f3n Institucional\" \/>\n<meta name=\"twitter:card\" content=\"summary_large_image\" \/>\n<meta name=\"twitter:creator\" content=\"@ucfgos\" \/>\n<meta name=\"twitter:site\" content=\"@ucfgos\" \/>\n<meta name=\"twitter:label1\" content=\"Escrito por\" \/>\n\t<meta name=\"twitter:data1\" content=\"Direcci\u00f3n de Comunicaci\u00f3n Institucional\" \/>\n\t<meta name=\"twitter:label2\" content=\"Tiempo de lectura\" \/>\n\t<meta name=\"twitter:data2\" content=\"4 minutos\" \/>\n<script type=\"application\/ld+json\" class=\"yoast-schema-graph\">{\"@context\":\"https:\\\/\\\/schema.org\",\"@graph\":[{\"@type\":\"Article\",\"@id\":\"https:\\\/\\\/www.ucf.edu.cu\\\/?p=16394#article\",\"isPartOf\":{\"@id\":\"https:\\\/\\\/www.ucf.edu.cu\\\/?p=16394\"},\"author\":{\"name\":\"Direcci\u00f3n de Comunicaci\u00f3n Institucional\",\"@id\":\"https:\\\/\\\/www.ucf.edu.cu\\\/#\\\/schema\\\/person\\\/1ab5c30ce7d7cff8d04e05d54e4467eb\"},\"headline\":\"Un PDL en Cienfuegos que alza su voz por las mujeres\",\"datePublished\":\"2024-03-08T15:36:14+00:00\",\"dateModified\":\"2024-03-08T15:38:13+00:00\",\"mainEntityOfPage\":{\"@id\":\"https:\\\/\\\/www.ucf.edu.cu\\\/?p=16394\"},\"wordCount\":656,\"commentCount\":0,\"publisher\":{\"@id\":\"https:\\\/\\\/www.ucf.edu.cu\\\/#organization\"},\"image\":{\"@id\":\"https:\\\/\\\/www.ucf.edu.cu\\\/?p=16394#primaryimage\"},\"thumbnailUrl\":\"https:\\\/\\\/www.ucf.edu.cu\\\/wp-content\\\/uploads\\\/2024\\\/03\\\/web-1-portada.jpg\",\"articleSection\":[\"Noticias\"],\"inLanguage\":\"es\",\"potentialAction\":[{\"@type\":\"CommentAction\",\"name\":\"Comment\",\"target\":[\"https:\\\/\\\/www.ucf.edu.cu\\\/?p=16394#respond\"]}]},{\"@type\":\"WebPage\",\"@id\":\"https:\\\/\\\/www.ucf.edu.cu\\\/?p=16394\",\"url\":\"https:\\\/\\\/www.ucf.edu.cu\\\/?p=16394\",\"name\":\"Un PDL en Cienfuegos que alza su voz por las mujeres - Universidad de Cienfuegos\",\"isPartOf\":{\"@id\":\"https:\\\/\\\/www.ucf.edu.cu\\\/#website\"},\"primaryImageOfPage\":{\"@id\":\"https:\\\/\\\/www.ucf.edu.cu\\\/?p=16394#primaryimage\"},\"image\":{\"@id\":\"https:\\\/\\\/www.ucf.edu.cu\\\/?p=16394#primaryimage\"},\"thumbnailUrl\":\"https:\\\/\\\/www.ucf.edu.cu\\\/wp-content\\\/uploads\\\/2024\\\/03\\\/web-1-portada.jpg\",\"datePublished\":\"2024-03-08T15:36:14+00:00\",\"dateModified\":\"2024-03-08T15:38:13+00:00\",\"description\":\"Noticias del \u00e1mbito universitario de la casa de altos estudios de Cienfuegos. Adem\u00e1s se muestran noticias del acontecer nacional e internacional de mayor relevancia.\",\"breadcrumb\":{\"@id\":\"https:\\\/\\\/www.ucf.edu.cu\\\/?p=16394#breadcrumb\"},\"inLanguage\":\"es\",\"potentialAction\":[{\"@type\":\"ReadAction\",\"target\":[\"https:\\\/\\\/www.ucf.edu.cu\\\/?p=16394\"]}]},{\"@type\":\"ImageObject\",\"inLanguage\":\"es\",\"@id\":\"https:\\\/\\\/www.ucf.edu.cu\\\/?p=16394#primaryimage\",\"url\":\"https:\\\/\\\/www.ucf.edu.cu\\\/wp-content\\\/uploads\\\/2024\\\/03\\\/web-1-portada.jpg\",\"contentUrl\":\"https:\\\/\\\/www.ucf.edu.cu\\\/wp-content\\\/uploads\\\/2024\\\/03\\\/web-1-portada.jpg\",\"width\":1280,\"height\":720},{\"@type\":\"BreadcrumbList\",\"@id\":\"https:\\\/\\\/www.ucf.edu.cu\\\/?p=16394#breadcrumb\",\"itemListElement\":[{\"@type\":\"ListItem\",\"position\":1,\"name\":\"Portada\",\"item\":\"https:\\\/\\\/www.ucf.edu.cu\\\/\"},{\"@type\":\"ListItem\",\"position\":2,\"name\":\"Un PDL en Cienfuegos que alza su voz por las mujeres\"}]},{\"@type\":\"WebSite\",\"@id\":\"https:\\\/\\\/www.ucf.edu.cu\\\/#website\",\"url\":\"https:\\\/\\\/www.ucf.edu.cu\\\/\",\"name\":\"Universidad de Cienfuegos\",\"description\":\"Portal Web Universidad de Cienfuegos\",\"publisher\":{\"@id\":\"https:\\\/\\\/www.ucf.edu.cu\\\/#organization\"},\"alternateName\":\"Portal institucional de la UCf\",\"potentialAction\":[{\"@type\":\"SearchAction\",\"target\":{\"@type\":\"EntryPoint\",\"urlTemplate\":\"https:\\\/\\\/www.ucf.edu.cu\\\/?s={search_term_string}\"},\"query-input\":{\"@type\":\"PropertyValueSpecification\",\"valueRequired\":true,\"valueName\":\"search_term_string\"}}],\"inLanguage\":\"es\"},{\"@type\":\"Organization\",\"@id\":\"https:\\\/\\\/www.ucf.edu.cu\\\/#organization\",\"name\":\"Universidad de Cienfuegos\",\"url\":\"https:\\\/\\\/www.ucf.edu.cu\\\/\",\"logo\":{\"@type\":\"ImageObject\",\"inLanguage\":\"es\",\"@id\":\"https:\\\/\\\/www.ucf.edu.cu\\\/#\\\/schema\\\/logo\\\/image\\\/\",\"url\":\"https:\\\/\\\/www.ucf.edu.cu\\\/wp-content\\\/uploads\\\/2020\\\/11\\\/fe77b047cf65bbf66915926fa3c00c93_L.jpg\",\"contentUrl\":\"https:\\\/\\\/www.ucf.edu.cu\\\/wp-content\\\/uploads\\\/2020\\\/11\\\/fe77b047cf65bbf66915926fa3c00c93_L.jpg\",\"width\":1000,\"height\":763,\"caption\":\"Universidad de Cienfuegos\"},\"image\":{\"@id\":\"https:\\\/\\\/www.ucf.edu.cu\\\/#\\\/schema\\\/logo\\\/image\\\/\"},\"sameAs\":[\"https:\\\/\\\/www.facebook.com\\\/ucfgos\\\/\",\"https:\\\/\\\/x.com\\\/ucfgos\",\"https:\\\/\\\/www.instagram.com\\\/ucfgos\",\"https:\\\/\\\/www.youtube.com\\\/channel\\\/UCymAZYZHmPzh48cHLG6Nx4A\"]},{\"@type\":\"Person\",\"@id\":\"https:\\\/\\\/www.ucf.edu.cu\\\/#\\\/schema\\\/person\\\/1ab5c30ce7d7cff8d04e05d54e4467eb\",\"name\":\"Direcci\u00f3n de Comunicaci\u00f3n Institucional\",\"image\":{\"@type\":\"ImageObject\",\"inLanguage\":\"es\",\"@id\":\"https:\\\/\\\/secure.gravatar.com\\\/avatar\\\/df7a6ffea67205b2cec0557fac1b1c99168521f981217db8876f424e9d334540?s=96&d=mm&r=g\",\"url\":\"https:\\\/\\\/secure.gravatar.com\\\/avatar\\\/df7a6ffea67205b2cec0557fac1b1c99168521f981217db8876f424e9d334540?s=96&d=mm&r=g\",\"contentUrl\":\"https:\\\/\\\/secure.gravatar.com\\\/avatar\\\/df7a6ffea67205b2cec0557fac1b1c99168521f981217db8876f424e9d334540?s=96&d=mm&r=g\",\"caption\":\"Direcci\u00f3n de Comunicaci\u00f3n Institucional\"}}]}<\/script>\n<!-- \/ Yoast SEO plugin. -->","yoast_head_json":{"title":"Un PDL en Cienfuegos que alza su voz por las mujeres - Universidad de Cienfuegos","description":"Noticias del \u00e1mbito universitario de la casa de altos estudios de Cienfuegos. Adem\u00e1s se muestran noticias del acontecer nacional e internacional de mayor relevancia.","robots":{"index":"index","follow":"follow","max-snippet":"max-snippet:-1","max-image-preview":"max-image-preview:large","max-video-preview":"max-video-preview:-1"},"canonical":"https:\/\/www.ucf.edu.cu\/?p=16394","og_locale":"es_ES","og_type":"article","og_title":"Un PDL en Cienfuegos que alza su voz por las mujeres - Universidad de Cienfuegos","og_description":"Noticias del \u00e1mbito universitario de la casa de altos estudios de Cienfuegos. Adem\u00e1s se muestran noticias del acontecer nacional e internacional de mayor relevancia.","og_url":"https:\/\/www.ucf.edu.cu\/?p=16394","og_site_name":"Universidad de Cienfuegos","article_publisher":"https:\/\/www.facebook.com\/ucfgos\/","article_published_time":"2024-03-08T15:36:14+00:00","article_modified_time":"2024-03-08T15:38:13+00:00","og_image":[{"width":1280,"height":720,"url":"https:\/\/www.ucf.edu.cu\/wp-content\/uploads\/2024\/03\/web-1-portada.jpg","type":"image\/jpeg"}],"author":"Direcci\u00f3n de Comunicaci\u00f3n Institucional","twitter_card":"summary_large_image","twitter_creator":"@ucfgos","twitter_site":"@ucfgos","twitter_misc":{"Escrito por":"Direcci\u00f3n de Comunicaci\u00f3n Institucional","Tiempo de lectura":"4 minutos"},"schema":{"@context":"https:\/\/schema.org","@graph":[{"@type":"Article","@id":"https:\/\/www.ucf.edu.cu\/?p=16394#article","isPartOf":{"@id":"https:\/\/www.ucf.edu.cu\/?p=16394"},"author":{"name":"Direcci\u00f3n de Comunicaci\u00f3n Institucional","@id":"https:\/\/www.ucf.edu.cu\/#\/schema\/person\/1ab5c30ce7d7cff8d04e05d54e4467eb"},"headline":"Un PDL en Cienfuegos que alza su voz por las mujeres","datePublished":"2024-03-08T15:36:14+00:00","dateModified":"2024-03-08T15:38:13+00:00","mainEntityOfPage":{"@id":"https:\/\/www.ucf.edu.cu\/?p=16394"},"wordCount":656,"commentCount":0,"publisher":{"@id":"https:\/\/www.ucf.edu.cu\/#organization"},"image":{"@id":"https:\/\/www.ucf.edu.cu\/?p=16394#primaryimage"},"thumbnailUrl":"https:\/\/www.ucf.edu.cu\/wp-content\/uploads\/2024\/03\/web-1-portada.jpg","articleSection":["Noticias"],"inLanguage":"es","potentialAction":[{"@type":"CommentAction","name":"Comment","target":["https:\/\/www.ucf.edu.cu\/?p=16394#respond"]}]},{"@type":"WebPage","@id":"https:\/\/www.ucf.edu.cu\/?p=16394","url":"https:\/\/www.ucf.edu.cu\/?p=16394","name":"Un PDL en Cienfuegos que alza su voz por las mujeres - Universidad de Cienfuegos","isPartOf":{"@id":"https:\/\/www.ucf.edu.cu\/#website"},"primaryImageOfPage":{"@id":"https:\/\/www.ucf.edu.cu\/?p=16394#primaryimage"},"image":{"@id":"https:\/\/www.ucf.edu.cu\/?p=16394#primaryimage"},"thumbnailUrl":"https:\/\/www.ucf.edu.cu\/wp-content\/uploads\/2024\/03\/web-1-portada.jpg","datePublished":"2024-03-08T15:36:14+00:00","dateModified":"2024-03-08T15:38:13+00:00","description":"Noticias del \u00e1mbito universitario de la casa de altos estudios de Cienfuegos. Adem\u00e1s se muestran noticias del acontecer nacional e internacional de mayor relevancia.","breadcrumb":{"@id":"https:\/\/www.ucf.edu.cu\/?p=16394#breadcrumb"},"inLanguage":"es","potentialAction":[{"@type":"ReadAction","target":["https:\/\/www.ucf.edu.cu\/?p=16394"]}]},{"@type":"ImageObject","inLanguage":"es","@id":"https:\/\/www.ucf.edu.cu\/?p=16394#primaryimage","url":"https:\/\/www.ucf.edu.cu\/wp-content\/uploads\/2024\/03\/web-1-portada.jpg","contentUrl":"https:\/\/www.ucf.edu.cu\/wp-content\/uploads\/2024\/03\/web-1-portada.jpg","width":1280,"height":720},{"@type":"BreadcrumbList","@id":"https:\/\/www.ucf.edu.cu\/?p=16394#breadcrumb","itemListElement":[{"@type":"ListItem","position":1,"name":"Portada","item":"https:\/\/www.ucf.edu.cu\/"},{"@type":"ListItem","position":2,"name":"Un PDL en Cienfuegos que alza su voz por las mujeres"}]},{"@type":"WebSite","@id":"https:\/\/www.ucf.edu.cu\/#website","url":"https:\/\/www.ucf.edu.cu\/","name":"Universidad de Cienfuegos","description":"Portal Web Universidad de Cienfuegos","publisher":{"@id":"https:\/\/www.ucf.edu.cu\/#organization"},"alternateName":"Portal institucional de la UCf","potentialAction":[{"@type":"SearchAction","target":{"@type":"EntryPoint","urlTemplate":"https:\/\/www.ucf.edu.cu\/?s={search_term_string}"},"query-input":{"@type":"PropertyValueSpecification","valueRequired":true,"valueName":"search_term_string"}}],"inLanguage":"es"},{"@type":"Organization","@id":"https:\/\/www.ucf.edu.cu\/#organization","name":"Universidad de Cienfuegos","url":"https:\/\/www.ucf.edu.cu\/","logo":{"@type":"ImageObject","inLanguage":"es","@id":"https:\/\/www.ucf.edu.cu\/#\/schema\/logo\/image\/","url":"https:\/\/www.ucf.edu.cu\/wp-content\/uploads\/2020\/11\/fe77b047cf65bbf66915926fa3c00c93_L.jpg","contentUrl":"https:\/\/www.ucf.edu.cu\/wp-content\/uploads\/2020\/11\/fe77b047cf65bbf66915926fa3c00c93_L.jpg","width":1000,"height":763,"caption":"Universidad de Cienfuegos"},"image":{"@id":"https:\/\/www.ucf.edu.cu\/#\/schema\/logo\/image\/"},"sameAs":["https:\/\/www.facebook.com\/ucfgos\/","https:\/\/x.com\/ucfgos","https:\/\/www.instagram.com\/ucfgos","https:\/\/www.youtube.com\/channel\/UCymAZYZHmPzh48cHLG6Nx4A"]},{"@type":"Person","@id":"https:\/\/www.ucf.edu.cu\/#\/schema\/person\/1ab5c30ce7d7cff8d04e05d54e4467eb","name":"Direcci\u00f3n de Comunicaci\u00f3n Institucional","image":{"@type":"ImageObject","inLanguage":"es","@id":"https:\/\/secure.gravatar.com\/avatar\/df7a6ffea67205b2cec0557fac1b1c99168521f981217db8876f424e9d334540?s=96&d=mm&r=g","url":"https:\/\/secure.gravatar.com\/avatar\/df7a6ffea67205b2cec0557fac1b1c99168521f981217db8876f424e9d334540?s=96&d=mm&r=g","contentUrl":"https:\/\/secure.gravatar.com\/avatar\/df7a6ffea67205b2cec0557fac1b1c99168521f981217db8876f424e9d334540?s=96&d=mm&r=g","caption":"Direcci\u00f3n de Comunicaci\u00f3n Institucional"}}]}},"_links":{"self":[{"href":"https:\/\/www.ucf.edu.cu\/index.php?rest_route=\/wp\/v2\/posts\/16394","targetHints":{"allow":["GET"]}}],"collection":[{"href":"https:\/\/www.ucf.edu.cu\/index.php?rest_route=\/wp\/v2\/posts"}],"about":[{"href":"https:\/\/www.ucf.edu.cu\/index.php?rest_route=\/wp\/v2\/types\/post"}],"author":[{"embeddable":true,"href":"https:\/\/www.ucf.edu.cu\/index.php?rest_route=\/wp\/v2\/users\/6"}],"replies":[{"embeddable":true,"href":"https:\/\/www.ucf.edu.cu\/index.php?rest_route=%2Fwp%2Fv2%2Fcomments&post=16394"}],"version-history":[{"count":4,"href":"https:\/\/www.ucf.edu.cu\/index.php?rest_route=\/wp\/v2\/posts\/16394\/revisions"}],"predecessor-version":[{"id":16400,"href":"https:\/\/www.ucf.edu.cu\/index.php?rest_route=\/wp\/v2\/posts\/16394\/revisions\/16400"}],"wp:featuredmedia":[{"embeddable":true,"href":"https:\/\/www.ucf.edu.cu\/index.php?rest_route=\/wp\/v2\/media\/16395"}],"wp:attachment":[{"href":"https:\/\/www.ucf.edu.cu\/index.php?rest_route=%2Fwp%2Fv2%2Fmedia&parent=16394"}],"wp:term":[{"taxonomy":"category","embeddable":true,"href":"https:\/\/www.ucf.edu.cu\/index.php?rest_route=%2Fwp%2Fv2%2Fcategories&post=16394"},{"taxonomy":"post_tag","embeddable":true,"href":"https:\/\/www.ucf.edu.cu\/index.php?rest_route=%2Fwp%2Fv2%2Ftags&post=16394"}],"curies":[{"name":"wp","href":"https:\/\/api.w.org\/{rel}","templated":true}]}}