{"id":18481,"date":"2024-06-14T19:09:19","date_gmt":"2024-06-14T19:09:19","guid":{"rendered":"https:\/\/www.ucf.edu.cu\/?p=18481"},"modified":"2024-06-14T19:12:46","modified_gmt":"2024-06-14T19:12:46","slug":"cronica-de-un-padre-ucf","status":"publish","type":"post","link":"https:\/\/www.ucf.edu.cu\/?p=18481","title":{"rendered":"Cr\u00f3nica de un Padre UCf"},"content":{"rendered":"\t\t<div data-elementor-type=\"wp-post\" data-elementor-id=\"18481\" class=\"elementor elementor-18481\">\n\t\t\t\t\t\t<section class=\"elementor-section elementor-top-section elementor-element elementor-element-f4aa702 elementor-section-boxed elementor-section-height-default elementor-section-height-default\" data-id=\"f4aa702\" data-element_type=\"section\" data-e-type=\"section\">\n\t\t\t\t\t\t<div class=\"elementor-container elementor-column-gap-default\">\n\t\t\t\t\t<div class=\"elementor-column elementor-col-100 elementor-top-column elementor-element elementor-element-2e1ead3\" data-id=\"2e1ead3\" data-element_type=\"column\" data-e-type=\"column\">\n\t\t\t<div class=\"elementor-widget-wrap elementor-element-populated\">\n\t\t\t\t\t\t<div class=\"elementor-element elementor-element-bfcdb97 elementor-widget elementor-widget-text-editor\" data-id=\"bfcdb97\" data-element_type=\"widget\" data-e-type=\"widget\" data-widget_type=\"text-editor.default\">\n\t\t\t\t<div class=\"elementor-widget-container\">\n\t\t\t\t\t\t\t\t\t<p><strong>\u201cEl Legado de un Padre: La Universidad de Cienfuegos\u201d<\/strong><\/p><p>Jos\u00e9 Pedro Monteagudo Yanes, padre y trabajador incansable, llevaba en su espalda la responsabilidad de levantar no solo edificios de concreto, sino tambi\u00e9n valores y principios. Recuerda a sus hijos, peque\u00f1os exploradores, que correteaban por los terrenos en construcci\u00f3n y sus risas resonaban entre los cimientos. &#8211;<em>\u00ab<\/em> <em>Nuestros hijos, cuando estaban libres, desarrollaban parte de su vida de ni\u00f1os en la universidad, corr\u00edan por sus \u00e1reas (en ocasiones fastidiaban bastante) y por los terrenos en construcci\u00f3n. En muchas ocasiones nos acompa\u00f1aban en los procesos constructivos de menor peligro, quer\u00edan ayudar aun siendo peque\u00f1os, creo experimentaban los sentimientos transferidos por sus padres.\u201d-. <\/em>\u00bfQu\u00e9 mejor aula que aquel espacio donde se erigir\u00eda el conocimiento?<\/p><p>\u00c9l, al igual que sus colegas, provenientes de diversas universidades, forjaban la identidad de la nueva instituci\u00f3n. Los diplomas y las investigaciones se entrelazaban con los cuentos de buenas noches y los abrazos al regresar a casa.<\/p><p>Y as\u00ed, entre planos y pizarras, entre deberes y sonrisas, el profesor Monteagudo dejaba su huella, no solo en los muros de la universidad, sino en el coraz\u00f3n de sus hijos. Hoy, esos mismos hijos, adultos responsables y comprometidos, llevan consigo el legado de un padre que supo construir m\u00e1s que aulas, sue\u00f1os.<\/p><p>&#8211; \u201c<em>Soy de la opini\u00f3n que aquella generaci\u00f3n de j\u00f3venes le transmit\u00edamos a nuestros hijos el sentimiento de ser responsables, estudiosos y creo que en muchos se hicieron realidad esas esperanzas. Tengo una hija propia y dos hijos proveniente del matrimonio anterior de mi esposa, pero siento la satisfacci\u00f3n de que son personas de bien, responsables y cumplidores de sus deberes laborales y sociales. Si me lo preguntan, s\u00ed, me siento satisfecho de como son\u201d. &#8211;<\/em><\/p><p>Con sabidur\u00eda y experiencia, el entrevistado nos comparte c\u00f3mo logr\u00f3 equilibrar las responsabilidades laborales y las de ser padre. Su relato nos lleva a una \u00e9poca en la que la solidaridad y la comprensi\u00f3n eran fundamentales para enfrentar los desaf\u00edos diarios.<\/p><p>Cuando Jos\u00e9 Pedro y sus colegas llegaron a la Universidad de Cienfuegos desde diferentes provincias, no siempre ten\u00edan el apoyo constante de la familia extendida. En ese contexto, la comprensi\u00f3n mutua entre c\u00f3nyuges se volv\u00eda esencial. Padres y madres se involucraban activamente en la crianza de sus hijos, compartiendo tareas y momentos de juego. Las madres jugaban pelota y bailaban trompos con los hijos varones, mientras los padres hac\u00edan lo propio con las hijas.<\/p><p><em>&#8211; \u201cCreo jug\u00f3 un papel muy importante la solidaridad entre compa\u00f1eros y familias prest\u00e1ndose apoyo en lo laboral y en el cuidado de los hijos\u201d-<\/em>. As\u00ed, la universidad se convert\u00eda en un espacio donde se tej\u00edan lazos familiares y profesionales, donde los deberes se entrelazaban con los sue\u00f1os.<\/p><p><strong>\u201cHilos de Vida: Entre Inspecciones y Sonrisas\u201d<\/strong><\/p><p>Los recuerdos de aquellos primeros a\u00f1os en la Universidad de Cienfuegos y la crianza de los hijos son como p\u00e1ginas amarillentas de un libro que se despliegan con cari\u00f1o en la memoria de Monteagudo.<\/p><p>En los albores de la Universidad de Cienfuegos, cuando los cimientos a\u00fan se endurec\u00edan y los sue\u00f1os se tej\u00edan con hilos de esperanza, Monteagudo se encontraba en una encrucijada: la inspecci\u00f3n del Ministerio de Educaci\u00f3n Superior (MES) se avecinaba, y con ella, la evaluaci\u00f3n de un proyecto en formaci\u00f3n. Pero hab\u00eda un desaf\u00edo adicional: los hijos, peque\u00f1os exploradores, correteaban por los pasillos y jardines. El equipo de inspectores, destacados en sus respectivas \u00e1reas, lleg\u00f3 con lupa y escrutinio.<\/p><p>Jos\u00e9, como muchos padres y madres, equilibraba las responsabilidades laborales con las de la crianza. Las noches se alargaban, y tras cumplir con las atenciones familiares, se sumerg\u00eda en el trabajo acad\u00e9mico. \u2013\u201cPero era muy estimulante ver que nuestros hijos estaban muy pendientes de los resultados y disfrutaban los logros y sufr\u00edan los reveses\u201d-.<\/p><p>\u00a0<\/p><p>Los a\u00f1os han pasado, y ahora, desde la posici\u00f3n de abuelo, Jos\u00e9 Pedro ve c\u00f3mo la secuencia de la vida se repite en sus hijos y nietos. Los resultados alcanzados por las nuevas generaciones son motivo de orgullo y celebraci\u00f3n. La universidad, con sus inspecciones y desaf\u00edos, sigue siendo un hilo conductor que une corazones y destinos.<\/p><p><em>&#8211; \u201cCreo que al igual que hoy, una alta nota de un examen, el obtener la carrera deseada, constitu\u00edan y constituyen logros satisfactorios para padres y madres como muestra de que lo realizado con los hijos, aunque no exento de deficiencia fue en general satisfactorio\u201d-.<\/em><\/p><p><em><strong>Elaborado por la Direcci\u00f3n de Comunicaci\u00f3n Institucional.\u00a0<\/strong><\/em><\/p>\t\t\t\t\t\t\t\t<\/div>\n\t\t\t\t<\/div>\n\t\t\t\t\t<\/div>\n\t\t<\/div>\n\t\t\t\t\t<\/div>\n\t\t<\/section>\n\t\t\t\t<\/div>\n\t\t","protected":false},"excerpt":{"rendered":"<p>\u201cEl Legado de un Padre: La Universidad de Cienfuegos\u201d Jos\u00e9 Pedro Monteagudo Yanes, padre y trabajador incansable, llevaba en su espalda la responsabilidad de levantar no solo edificios de concreto, sino tambi\u00e9n<a class=\"moretag\" href=\"https:\/\/www.ucf.edu.cu\/?p=18481\">Leer m\u00e1s&#8230;<\/a><\/p>\n","protected":false},"author":6,"featured_media":18482,"comment_status":"open","ping_status":"open","sticky":false,"template":"","format":"standard","meta":{"footnotes":""},"categories":[6],"tags":[],"class_list":["post-18481","post","type-post","status-publish","format-standard","has-post-thumbnail","hentry","category-noticias"],"yoast_head":"<!-- This site is optimized with the Yoast SEO plugin v27.4 - https:\/\/yoast.com\/product\/yoast-seo-wordpress\/ -->\n<title>Cr\u00f3nica de un Padre UCf - Universidad de Cienfuegos<\/title>\n<meta name=\"description\" content=\"Noticias del \u00e1mbito universitario de la casa de altos estudios de Cienfuegos. Adem\u00e1s se muestran noticias del acontecer nacional e internacional de mayor relevancia.\" \/>\n<meta name=\"robots\" content=\"index, follow, max-snippet:-1, max-image-preview:large, max-video-preview:-1\" \/>\n<link rel=\"canonical\" href=\"https:\/\/www.ucf.edu.cu\/?p=18481\" \/>\n<meta property=\"og:locale\" content=\"es_ES\" \/>\n<meta property=\"og:type\" content=\"article\" \/>\n<meta property=\"og:title\" content=\"Cr\u00f3nica de un Padre UCf - Universidad de Cienfuegos\" \/>\n<meta property=\"og:description\" content=\"Noticias del \u00e1mbito universitario de la casa de altos estudios de Cienfuegos. Adem\u00e1s se muestran noticias del acontecer nacional e internacional de mayor relevancia.\" \/>\n<meta property=\"og:url\" content=\"https:\/\/www.ucf.edu.cu\/?p=18481\" \/>\n<meta property=\"og:site_name\" content=\"Universidad de Cienfuegos\" \/>\n<meta property=\"article:publisher\" content=\"https:\/\/www.facebook.com\/ucfgos\/\" \/>\n<meta property=\"article:published_time\" content=\"2024-06-14T19:09:19+00:00\" \/>\n<meta property=\"article:modified_time\" content=\"2024-06-14T19:12:46+00:00\" \/>\n<meta property=\"og:image\" content=\"https:\/\/www.ucf.edu.cu\/wp-content\/uploads\/2024\/06\/WhatsApp-Image-2024-06-14-at-1.34.59-PM.jpeg\" \/>\n\t<meta property=\"og:image:width\" content=\"516\" \/>\n\t<meta property=\"og:image:height\" content=\"413\" \/>\n\t<meta property=\"og:image:type\" content=\"image\/jpeg\" \/>\n<meta name=\"author\" content=\"Direcci\u00f3n de Comunicaci\u00f3n Institucional\" \/>\n<meta name=\"twitter:card\" content=\"summary_large_image\" \/>\n<meta name=\"twitter:creator\" content=\"@ucfgos\" \/>\n<meta name=\"twitter:site\" content=\"@ucfgos\" \/>\n<meta name=\"twitter:label1\" content=\"Escrito por\" \/>\n\t<meta name=\"twitter:data1\" content=\"Direcci\u00f3n de Comunicaci\u00f3n Institucional\" \/>\n\t<meta name=\"twitter:label2\" content=\"Tiempo de lectura\" \/>\n\t<meta name=\"twitter:data2\" content=\"4 minutos\" \/>\n<script type=\"application\/ld+json\" class=\"yoast-schema-graph\">{\"@context\":\"https:\\\/\\\/schema.org\",\"@graph\":[{\"@type\":\"Article\",\"@id\":\"https:\\\/\\\/www.ucf.edu.cu\\\/?p=18481#article\",\"isPartOf\":{\"@id\":\"https:\\\/\\\/www.ucf.edu.cu\\\/?p=18481\"},\"author\":{\"name\":\"Direcci\u00f3n de Comunicaci\u00f3n Institucional\",\"@id\":\"https:\\\/\\\/www.ucf.edu.cu\\\/#\\\/schema\\\/person\\\/1ab5c30ce7d7cff8d04e05d54e4467eb\"},\"headline\":\"Cr\u00f3nica de un Padre UCf\",\"datePublished\":\"2024-06-14T19:09:19+00:00\",\"dateModified\":\"2024-06-14T19:12:46+00:00\",\"mainEntityOfPage\":{\"@id\":\"https:\\\/\\\/www.ucf.edu.cu\\\/?p=18481\"},\"wordCount\":800,\"commentCount\":0,\"publisher\":{\"@id\":\"https:\\\/\\\/www.ucf.edu.cu\\\/#organization\"},\"image\":{\"@id\":\"https:\\\/\\\/www.ucf.edu.cu\\\/?p=18481#primaryimage\"},\"thumbnailUrl\":\"https:\\\/\\\/www.ucf.edu.cu\\\/wp-content\\\/uploads\\\/2024\\\/06\\\/WhatsApp-Image-2024-06-14-at-1.34.59-PM.jpeg\",\"articleSection\":[\"Noticias\"],\"inLanguage\":\"es\",\"potentialAction\":[{\"@type\":\"CommentAction\",\"name\":\"Comment\",\"target\":[\"https:\\\/\\\/www.ucf.edu.cu\\\/?p=18481#respond\"]}]},{\"@type\":\"WebPage\",\"@id\":\"https:\\\/\\\/www.ucf.edu.cu\\\/?p=18481\",\"url\":\"https:\\\/\\\/www.ucf.edu.cu\\\/?p=18481\",\"name\":\"Cr\u00f3nica de un Padre UCf - Universidad de Cienfuegos\",\"isPartOf\":{\"@id\":\"https:\\\/\\\/www.ucf.edu.cu\\\/#website\"},\"primaryImageOfPage\":{\"@id\":\"https:\\\/\\\/www.ucf.edu.cu\\\/?p=18481#primaryimage\"},\"image\":{\"@id\":\"https:\\\/\\\/www.ucf.edu.cu\\\/?p=18481#primaryimage\"},\"thumbnailUrl\":\"https:\\\/\\\/www.ucf.edu.cu\\\/wp-content\\\/uploads\\\/2024\\\/06\\\/WhatsApp-Image-2024-06-14-at-1.34.59-PM.jpeg\",\"datePublished\":\"2024-06-14T19:09:19+00:00\",\"dateModified\":\"2024-06-14T19:12:46+00:00\",\"description\":\"Noticias del \u00e1mbito universitario de la casa de altos estudios de Cienfuegos. Adem\u00e1s se muestran noticias del acontecer nacional e internacional de mayor relevancia.\",\"breadcrumb\":{\"@id\":\"https:\\\/\\\/www.ucf.edu.cu\\\/?p=18481#breadcrumb\"},\"inLanguage\":\"es\",\"potentialAction\":[{\"@type\":\"ReadAction\",\"target\":[\"https:\\\/\\\/www.ucf.edu.cu\\\/?p=18481\"]}]},{\"@type\":\"ImageObject\",\"inLanguage\":\"es\",\"@id\":\"https:\\\/\\\/www.ucf.edu.cu\\\/?p=18481#primaryimage\",\"url\":\"https:\\\/\\\/www.ucf.edu.cu\\\/wp-content\\\/uploads\\\/2024\\\/06\\\/WhatsApp-Image-2024-06-14-at-1.34.59-PM.jpeg\",\"contentUrl\":\"https:\\\/\\\/www.ucf.edu.cu\\\/wp-content\\\/uploads\\\/2024\\\/06\\\/WhatsApp-Image-2024-06-14-at-1.34.59-PM.jpeg\",\"width\":516,\"height\":413},{\"@type\":\"BreadcrumbList\",\"@id\":\"https:\\\/\\\/www.ucf.edu.cu\\\/?p=18481#breadcrumb\",\"itemListElement\":[{\"@type\":\"ListItem\",\"position\":1,\"name\":\"Portada\",\"item\":\"https:\\\/\\\/www.ucf.edu.cu\\\/\"},{\"@type\":\"ListItem\",\"position\":2,\"name\":\"Cr\u00f3nica de un Padre UCf\"}]},{\"@type\":\"WebSite\",\"@id\":\"https:\\\/\\\/www.ucf.edu.cu\\\/#website\",\"url\":\"https:\\\/\\\/www.ucf.edu.cu\\\/\",\"name\":\"Universidad de Cienfuegos\",\"description\":\"Portal Web Universidad de Cienfuegos\",\"publisher\":{\"@id\":\"https:\\\/\\\/www.ucf.edu.cu\\\/#organization\"},\"alternateName\":\"Portal institucional de la UCf\",\"potentialAction\":[{\"@type\":\"SearchAction\",\"target\":{\"@type\":\"EntryPoint\",\"urlTemplate\":\"https:\\\/\\\/www.ucf.edu.cu\\\/?s={search_term_string}\"},\"query-input\":{\"@type\":\"PropertyValueSpecification\",\"valueRequired\":true,\"valueName\":\"search_term_string\"}}],\"inLanguage\":\"es\"},{\"@type\":\"Organization\",\"@id\":\"https:\\\/\\\/www.ucf.edu.cu\\\/#organization\",\"name\":\"Universidad de Cienfuegos\",\"url\":\"https:\\\/\\\/www.ucf.edu.cu\\\/\",\"logo\":{\"@type\":\"ImageObject\",\"inLanguage\":\"es\",\"@id\":\"https:\\\/\\\/www.ucf.edu.cu\\\/#\\\/schema\\\/logo\\\/image\\\/\",\"url\":\"https:\\\/\\\/www.ucf.edu.cu\\\/wp-content\\\/uploads\\\/2020\\\/11\\\/fe77b047cf65bbf66915926fa3c00c93_L.jpg\",\"contentUrl\":\"https:\\\/\\\/www.ucf.edu.cu\\\/wp-content\\\/uploads\\\/2020\\\/11\\\/fe77b047cf65bbf66915926fa3c00c93_L.jpg\",\"width\":1000,\"height\":763,\"caption\":\"Universidad de Cienfuegos\"},\"image\":{\"@id\":\"https:\\\/\\\/www.ucf.edu.cu\\\/#\\\/schema\\\/logo\\\/image\\\/\"},\"sameAs\":[\"https:\\\/\\\/www.facebook.com\\\/ucfgos\\\/\",\"https:\\\/\\\/x.com\\\/ucfgos\",\"https:\\\/\\\/www.instagram.com\\\/ucfgos\",\"https:\\\/\\\/www.youtube.com\\\/channel\\\/UCymAZYZHmPzh48cHLG6Nx4A\"]},{\"@type\":\"Person\",\"@id\":\"https:\\\/\\\/www.ucf.edu.cu\\\/#\\\/schema\\\/person\\\/1ab5c30ce7d7cff8d04e05d54e4467eb\",\"name\":\"Direcci\u00f3n de Comunicaci\u00f3n Institucional\",\"image\":{\"@type\":\"ImageObject\",\"inLanguage\":\"es\",\"@id\":\"https:\\\/\\\/secure.gravatar.com\\\/avatar\\\/df7a6ffea67205b2cec0557fac1b1c99168521f981217db8876f424e9d334540?s=96&d=mm&r=g\",\"url\":\"https:\\\/\\\/secure.gravatar.com\\\/avatar\\\/df7a6ffea67205b2cec0557fac1b1c99168521f981217db8876f424e9d334540?s=96&d=mm&r=g\",\"contentUrl\":\"https:\\\/\\\/secure.gravatar.com\\\/avatar\\\/df7a6ffea67205b2cec0557fac1b1c99168521f981217db8876f424e9d334540?s=96&d=mm&r=g\",\"caption\":\"Direcci\u00f3n de Comunicaci\u00f3n Institucional\"}}]}<\/script>\n<!-- \/ Yoast SEO plugin. -->","yoast_head_json":{"title":"Cr\u00f3nica de un Padre UCf - Universidad de Cienfuegos","description":"Noticias del \u00e1mbito universitario de la casa de altos estudios de Cienfuegos. Adem\u00e1s se muestran noticias del acontecer nacional e internacional de mayor relevancia.","robots":{"index":"index","follow":"follow","max-snippet":"max-snippet:-1","max-image-preview":"max-image-preview:large","max-video-preview":"max-video-preview:-1"},"canonical":"https:\/\/www.ucf.edu.cu\/?p=18481","og_locale":"es_ES","og_type":"article","og_title":"Cr\u00f3nica de un Padre UCf - Universidad de Cienfuegos","og_description":"Noticias del \u00e1mbito universitario de la casa de altos estudios de Cienfuegos. Adem\u00e1s se muestran noticias del acontecer nacional e internacional de mayor relevancia.","og_url":"https:\/\/www.ucf.edu.cu\/?p=18481","og_site_name":"Universidad de Cienfuegos","article_publisher":"https:\/\/www.facebook.com\/ucfgos\/","article_published_time":"2024-06-14T19:09:19+00:00","article_modified_time":"2024-06-14T19:12:46+00:00","og_image":[{"width":516,"height":413,"url":"https:\/\/www.ucf.edu.cu\/wp-content\/uploads\/2024\/06\/WhatsApp-Image-2024-06-14-at-1.34.59-PM.jpeg","type":"image\/jpeg"}],"author":"Direcci\u00f3n de Comunicaci\u00f3n Institucional","twitter_card":"summary_large_image","twitter_creator":"@ucfgos","twitter_site":"@ucfgos","twitter_misc":{"Escrito por":"Direcci\u00f3n de Comunicaci\u00f3n Institucional","Tiempo de lectura":"4 minutos"},"schema":{"@context":"https:\/\/schema.org","@graph":[{"@type":"Article","@id":"https:\/\/www.ucf.edu.cu\/?p=18481#article","isPartOf":{"@id":"https:\/\/www.ucf.edu.cu\/?p=18481"},"author":{"name":"Direcci\u00f3n de Comunicaci\u00f3n Institucional","@id":"https:\/\/www.ucf.edu.cu\/#\/schema\/person\/1ab5c30ce7d7cff8d04e05d54e4467eb"},"headline":"Cr\u00f3nica de un Padre UCf","datePublished":"2024-06-14T19:09:19+00:00","dateModified":"2024-06-14T19:12:46+00:00","mainEntityOfPage":{"@id":"https:\/\/www.ucf.edu.cu\/?p=18481"},"wordCount":800,"commentCount":0,"publisher":{"@id":"https:\/\/www.ucf.edu.cu\/#organization"},"image":{"@id":"https:\/\/www.ucf.edu.cu\/?p=18481#primaryimage"},"thumbnailUrl":"https:\/\/www.ucf.edu.cu\/wp-content\/uploads\/2024\/06\/WhatsApp-Image-2024-06-14-at-1.34.59-PM.jpeg","articleSection":["Noticias"],"inLanguage":"es","potentialAction":[{"@type":"CommentAction","name":"Comment","target":["https:\/\/www.ucf.edu.cu\/?p=18481#respond"]}]},{"@type":"WebPage","@id":"https:\/\/www.ucf.edu.cu\/?p=18481","url":"https:\/\/www.ucf.edu.cu\/?p=18481","name":"Cr\u00f3nica de un Padre UCf - Universidad de Cienfuegos","isPartOf":{"@id":"https:\/\/www.ucf.edu.cu\/#website"},"primaryImageOfPage":{"@id":"https:\/\/www.ucf.edu.cu\/?p=18481#primaryimage"},"image":{"@id":"https:\/\/www.ucf.edu.cu\/?p=18481#primaryimage"},"thumbnailUrl":"https:\/\/www.ucf.edu.cu\/wp-content\/uploads\/2024\/06\/WhatsApp-Image-2024-06-14-at-1.34.59-PM.jpeg","datePublished":"2024-06-14T19:09:19+00:00","dateModified":"2024-06-14T19:12:46+00:00","description":"Noticias del \u00e1mbito universitario de la casa de altos estudios de Cienfuegos. Adem\u00e1s se muestran noticias del acontecer nacional e internacional de mayor relevancia.","breadcrumb":{"@id":"https:\/\/www.ucf.edu.cu\/?p=18481#breadcrumb"},"inLanguage":"es","potentialAction":[{"@type":"ReadAction","target":["https:\/\/www.ucf.edu.cu\/?p=18481"]}]},{"@type":"ImageObject","inLanguage":"es","@id":"https:\/\/www.ucf.edu.cu\/?p=18481#primaryimage","url":"https:\/\/www.ucf.edu.cu\/wp-content\/uploads\/2024\/06\/WhatsApp-Image-2024-06-14-at-1.34.59-PM.jpeg","contentUrl":"https:\/\/www.ucf.edu.cu\/wp-content\/uploads\/2024\/06\/WhatsApp-Image-2024-06-14-at-1.34.59-PM.jpeg","width":516,"height":413},{"@type":"BreadcrumbList","@id":"https:\/\/www.ucf.edu.cu\/?p=18481#breadcrumb","itemListElement":[{"@type":"ListItem","position":1,"name":"Portada","item":"https:\/\/www.ucf.edu.cu\/"},{"@type":"ListItem","position":2,"name":"Cr\u00f3nica de un Padre UCf"}]},{"@type":"WebSite","@id":"https:\/\/www.ucf.edu.cu\/#website","url":"https:\/\/www.ucf.edu.cu\/","name":"Universidad de Cienfuegos","description":"Portal Web Universidad de Cienfuegos","publisher":{"@id":"https:\/\/www.ucf.edu.cu\/#organization"},"alternateName":"Portal institucional de la UCf","potentialAction":[{"@type":"SearchAction","target":{"@type":"EntryPoint","urlTemplate":"https:\/\/www.ucf.edu.cu\/?s={search_term_string}"},"query-input":{"@type":"PropertyValueSpecification","valueRequired":true,"valueName":"search_term_string"}}],"inLanguage":"es"},{"@type":"Organization","@id":"https:\/\/www.ucf.edu.cu\/#organization","name":"Universidad de Cienfuegos","url":"https:\/\/www.ucf.edu.cu\/","logo":{"@type":"ImageObject","inLanguage":"es","@id":"https:\/\/www.ucf.edu.cu\/#\/schema\/logo\/image\/","url":"https:\/\/www.ucf.edu.cu\/wp-content\/uploads\/2020\/11\/fe77b047cf65bbf66915926fa3c00c93_L.jpg","contentUrl":"https:\/\/www.ucf.edu.cu\/wp-content\/uploads\/2020\/11\/fe77b047cf65bbf66915926fa3c00c93_L.jpg","width":1000,"height":763,"caption":"Universidad de Cienfuegos"},"image":{"@id":"https:\/\/www.ucf.edu.cu\/#\/schema\/logo\/image\/"},"sameAs":["https:\/\/www.facebook.com\/ucfgos\/","https:\/\/x.com\/ucfgos","https:\/\/www.instagram.com\/ucfgos","https:\/\/www.youtube.com\/channel\/UCymAZYZHmPzh48cHLG6Nx4A"]},{"@type":"Person","@id":"https:\/\/www.ucf.edu.cu\/#\/schema\/person\/1ab5c30ce7d7cff8d04e05d54e4467eb","name":"Direcci\u00f3n de Comunicaci\u00f3n Institucional","image":{"@type":"ImageObject","inLanguage":"es","@id":"https:\/\/secure.gravatar.com\/avatar\/df7a6ffea67205b2cec0557fac1b1c99168521f981217db8876f424e9d334540?s=96&d=mm&r=g","url":"https:\/\/secure.gravatar.com\/avatar\/df7a6ffea67205b2cec0557fac1b1c99168521f981217db8876f424e9d334540?s=96&d=mm&r=g","contentUrl":"https:\/\/secure.gravatar.com\/avatar\/df7a6ffea67205b2cec0557fac1b1c99168521f981217db8876f424e9d334540?s=96&d=mm&r=g","caption":"Direcci\u00f3n de Comunicaci\u00f3n Institucional"}}]}},"_links":{"self":[{"href":"https:\/\/www.ucf.edu.cu\/index.php?rest_route=\/wp\/v2\/posts\/18481","targetHints":{"allow":["GET"]}}],"collection":[{"href":"https:\/\/www.ucf.edu.cu\/index.php?rest_route=\/wp\/v2\/posts"}],"about":[{"href":"https:\/\/www.ucf.edu.cu\/index.php?rest_route=\/wp\/v2\/types\/post"}],"author":[{"embeddable":true,"href":"https:\/\/www.ucf.edu.cu\/index.php?rest_route=\/wp\/v2\/users\/6"}],"replies":[{"embeddable":true,"href":"https:\/\/www.ucf.edu.cu\/index.php?rest_route=%2Fwp%2Fv2%2Fcomments&post=18481"}],"version-history":[{"count":4,"href":"https:\/\/www.ucf.edu.cu\/index.php?rest_route=\/wp\/v2\/posts\/18481\/revisions"}],"predecessor-version":[{"id":18487,"href":"https:\/\/www.ucf.edu.cu\/index.php?rest_route=\/wp\/v2\/posts\/18481\/revisions\/18487"}],"wp:featuredmedia":[{"embeddable":true,"href":"https:\/\/www.ucf.edu.cu\/index.php?rest_route=\/wp\/v2\/media\/18482"}],"wp:attachment":[{"href":"https:\/\/www.ucf.edu.cu\/index.php?rest_route=%2Fwp%2Fv2%2Fmedia&parent=18481"}],"wp:term":[{"taxonomy":"category","embeddable":true,"href":"https:\/\/www.ucf.edu.cu\/index.php?rest_route=%2Fwp%2Fv2%2Fcategories&post=18481"},{"taxonomy":"post_tag","embeddable":true,"href":"https:\/\/www.ucf.edu.cu\/index.php?rest_route=%2Fwp%2Fv2%2Ftags&post=18481"}],"curies":[{"name":"wp","href":"https:\/\/api.w.org\/{rel}","templated":true}]}}