{"id":18538,"date":"2024-06-21T19:50:20","date_gmt":"2024-06-21T19:50:20","guid":{"rendered":"https:\/\/www.ucf.edu.cu\/?p=18538"},"modified":"2024-06-21T19:52:22","modified_gmt":"2024-06-21T19:52:22","slug":"universidad-de-cienfuegos-por-un-desarrollo-local-sostenible","status":"publish","type":"post","link":"https:\/\/www.ucf.edu.cu\/?p=18538","title":{"rendered":"Universidad de Cienfuegos por un desarrollo local sostenible"},"content":{"rendered":"\t\t<div data-elementor-type=\"wp-post\" data-elementor-id=\"18538\" class=\"elementor elementor-18538\">\n\t\t\t\t\t\t<section class=\"elementor-section elementor-top-section elementor-element elementor-element-ebcc5e4 elementor-section-boxed elementor-section-height-default elementor-section-height-default\" data-id=\"ebcc5e4\" data-element_type=\"section\" data-e-type=\"section\">\n\t\t\t\t\t\t<div class=\"elementor-container elementor-column-gap-default\">\n\t\t\t\t\t<div class=\"elementor-column elementor-col-100 elementor-top-column elementor-element elementor-element-57bd56c\" data-id=\"57bd56c\" data-element_type=\"column\" data-e-type=\"column\">\n\t\t\t<div class=\"elementor-widget-wrap elementor-element-populated\">\n\t\t\t\t\t\t<div class=\"elementor-element elementor-element-274de32 elementor-widget elementor-widget-text-editor\" data-id=\"274de32\" data-element_type=\"widget\" data-e-type=\"widget\" data-widget_type=\"text-editor.default\">\n\t\t\t\t<div class=\"elementor-widget-container\">\n\t\t\t\t\t\t\t\t\t<p>La Universidad de Cienfuegos \u201cCarlos Rafael Rodr\u00edguez\u201d (UCf) trabaja por mejorar todos sus indicadores y sobresalir por la calidad de sus procesos, el v\u00ednculo con empresas y centros de estudios del territorio y fuera de fronteras provinciales y nacionales, consolidar sus l\u00edneas de investigaci\u00f3n y prestigiar su postgrado. Al respecto, este peri\u00f3dico convers\u00f3 con su rectora, la Dr.C. Orqu\u00eddea Urquiola S\u00e1nchez, seleccionada hace pocos d\u00edas como Miembro Numeral de Honor del Consejo Mundial de Acad\u00e9micos e Investigadores Universitarios.<span id=\"more-159806\"><\/span><\/p><p><em>\u00bfCu\u00e1n importante es el v\u00ednculo universidad-empresa y cu\u00e1nto se esfuerza la UCf por perfeccionarlo?<\/em><\/p><p>Nuestra casa de altos estudios acumula m\u00e1s de 147 convenios firmados con diferentes sectores del territorio, sobre todo, con la Termoel\u00e9ctrica \u201cCarlos Manuel de C\u00e9spedes\u201d, la Refiner\u00eda de Petr\u00f3leo \u201cCamilo Cienfuegos\u201d, la Empresa Oleohidr\u00e1ulica \u201cJos\u00e9 Gregorio Mart\u00ednez\u201d, el Grupo Azucarero AzCuba, varias entidades de los Ministerios de la Construcci\u00f3n y de la Agricultura como la Empresa Agropecuaria Horquita, la Contralor\u00eda General de la Rep\u00fablica de Cuba, los tribunales municipales y el provincial, la Fiscal\u00eda, la Oficina Nacional de Administracion Tributaria (ONAT) y Servicios M\u00e9dicos Cubanos. Lo m\u00e1s importante de ese lazo es que la mayor\u00eda de los organismos mencionados constituyen unidades docentes donde los estudiantes realizan sus pr\u00e1cticas preprofesionales y proyectos de investigaci\u00f3n. Claro que debemos acortar distancias todav\u00eda, lograr que la totalidad de las investigaciones que realizamos en ellas \u2014todas encaminadas a solucionar sus problemas\u2014 se pongan en pr\u00e1ctica y as\u00ed incentivar a los futuros profesionales.<\/p><p><em>\u00bfCu\u00e1les son las principales l\u00edneas de investigaci\u00f3n de la UCf?<\/em><\/p><p>Contamos con siete l\u00edneas de investigaci\u00f3n: desarrollo local; otras energ\u00edas, tecnolog\u00eda y medio ambiente; estudios hist\u00f3ricos y socioculturales; perfeccionamiento de la cultura f\u00edsica y el deporte; transformaci\u00f3n agraria sostenible; transformaci\u00f3n de los procesos educativos y estudios sociales de la ciencia y la tecnolog\u00eda; todas enfocadas, primero, al desarrollo territorial y luego al avance del pa\u00eds.<\/p><p><em>\u00bfC\u00f3mo logran impactar favorablemente en ese desarrollo?<\/em><\/p><p>Todos nuestros proyectos est\u00e1n articulados con las l\u00edneas estrat\u00e9gicas de desarrollo territorial, desde los municipios hasta la provincia; incluso, realizamos investigaciones en lugares fuera de Cienfuegos o con impacto que trasciende al territorio. La Carlos Rafael Rodr\u00edguez sobresale en materia de energ\u00eda, tecnolog\u00eda y medio ambiente con alrededor de diecisiete proyectos, lideramos la Red de Eficiencia Energ\u00e9tica en la Educacion Superior Cubana con programas nacionales e internacionales sobre fuentes renovables, la calidad de la energ\u00eda y el cambio de matriz en instalaciones de bombeo y acueductos nacionales e igualmente tenemos grandes aportes a los estudios de desarrollo local e hist\u00f3ricos y la transformaci\u00f3n agraria sostenible. Precisamente en este campo estamos vinculados a la gobernanza clim\u00e1tica con asistencia internacional; se trata del fortalecimiento de las capacidades para el enfrentamiento al cambio clim\u00e1tico desde los gobiernos a todos los niveles, en lo que est\u00e1n involucrados, por ahora, los territorios de Abreus y Cumanayagua.<\/p><p><em>\u00bfCu\u00e1nto avanzan los programas del Postgrado?<\/em><\/p><p>La formaci\u00f3n postgraduada constituye una de las fortalezas de la Universidad de Cienfuegos \u201cCarlos Rafael Rodr\u00edguez\u201d. Cada a\u00f1o matriculan en los diferentes programas de maestr\u00edas y de doctorado profesionales procedentes del mismo centro, de otros territorios y de otros pa\u00edses. Los estudiantes extranjeros proceden, generalmente, de Ecuador, Colombia, M\u00e9xico y Angola. De 2018 a 2023 influy\u00f3 la pandemia de COVID-19, pero no se detuvieron los procesos de formaci\u00f3n, sino que se atrasaron; no obstante, el trabajo a distancia continu\u00f3 siendo una prioridad en la formaci\u00f3n, tanto en el pre como en el postgrado. En la actualidad es posible matricular en quince programas de maestr\u00edas y en cinco doctorales, aunque la universidad tiene m\u00e1s de 150 acciones independientes de estas maestr\u00edas y doctorados como diplomados, entrenamientos y asesor\u00edas que se desarrollan en funci\u00f3n de la demanda de superaci\u00f3n profesional del territorio.<\/p><p><em><strong>Tomado de 5 de Septiembre<\/strong><\/em><\/p>\t\t\t\t\t\t\t\t<\/div>\n\t\t\t\t<\/div>\n\t\t\t\t\t<\/div>\n\t\t<\/div>\n\t\t\t\t\t<\/div>\n\t\t<\/section>\n\t\t\t\t<\/div>\n\t\t","protected":false},"excerpt":{"rendered":"<p>La Universidad de Cienfuegos \u201cCarlos Rafael Rodr\u00edguez\u201d (UCf) trabaja por mejorar todos sus indicadores y sobresalir por la calidad de sus procesos, el v\u00ednculo con empresas y centros de estudios del territorio<a class=\"moretag\" href=\"https:\/\/www.ucf.edu.cu\/?p=18538\">Leer m\u00e1s&#8230;<\/a><\/p>\n","protected":false},"author":6,"featured_media":18539,"comment_status":"open","ping_status":"open","sticky":false,"template":"","format":"standard","meta":{"footnotes":""},"categories":[6],"tags":[],"class_list":["post-18538","post","type-post","status-publish","format-standard","has-post-thumbnail","hentry","category-noticias"],"yoast_head":"<!-- This site is optimized with the Yoast SEO plugin v27.4 - https:\/\/yoast.com\/product\/yoast-seo-wordpress\/ -->\n<title>Universidad de Cienfuegos por un desarrollo local sostenible - Universidad de Cienfuegos<\/title>\n<meta name=\"description\" content=\"Noticias del \u00e1mbito universitario de la casa de altos estudios de Cienfuegos. Adem\u00e1s se muestran noticias del acontecer nacional e internacional de mayor relevancia.\" \/>\n<meta name=\"robots\" content=\"index, follow, max-snippet:-1, max-image-preview:large, max-video-preview:-1\" \/>\n<link rel=\"canonical\" href=\"https:\/\/www.ucf.edu.cu\/?p=18538\" \/>\n<meta property=\"og:locale\" content=\"es_ES\" \/>\n<meta property=\"og:type\" content=\"article\" \/>\n<meta property=\"og:title\" content=\"Universidad de Cienfuegos por un desarrollo local sostenible - Universidad de Cienfuegos\" \/>\n<meta property=\"og:description\" content=\"Noticias del \u00e1mbito universitario de la casa de altos estudios de Cienfuegos. Adem\u00e1s se muestran noticias del acontecer nacional e internacional de mayor relevancia.\" \/>\n<meta property=\"og:url\" content=\"https:\/\/www.ucf.edu.cu\/?p=18538\" \/>\n<meta property=\"og:site_name\" content=\"Universidad de Cienfuegos\" \/>\n<meta property=\"article:publisher\" content=\"https:\/\/www.facebook.com\/ucfgos\/\" \/>\n<meta property=\"article:published_time\" content=\"2024-06-21T19:50:20+00:00\" \/>\n<meta property=\"article:modified_time\" content=\"2024-06-21T19:52:22+00:00\" \/>\n<meta property=\"og:image\" content=\"https:\/\/www.ucf.edu.cu\/wp-content\/uploads\/2024\/06\/Universidad-de-Cienfuegos-por-un-desarrollo-local-sostenible.jpg\" \/>\n\t<meta property=\"og:image:width\" content=\"630\" \/>\n\t<meta property=\"og:image:height\" content=\"350\" \/>\n\t<meta property=\"og:image:type\" content=\"image\/jpeg\" \/>\n<meta name=\"author\" content=\"Direcci\u00f3n de Comunicaci\u00f3n Institucional\" \/>\n<meta name=\"twitter:card\" content=\"summary_large_image\" \/>\n<meta name=\"twitter:creator\" content=\"@ucfgos\" \/>\n<meta name=\"twitter:site\" content=\"@ucfgos\" \/>\n<meta name=\"twitter:label1\" content=\"Escrito por\" \/>\n\t<meta name=\"twitter:data1\" content=\"Direcci\u00f3n de Comunicaci\u00f3n Institucional\" \/>\n\t<meta name=\"twitter:label2\" content=\"Tiempo de lectura\" \/>\n\t<meta name=\"twitter:data2\" content=\"3 minutos\" \/>\n<script type=\"application\/ld+json\" class=\"yoast-schema-graph\">{\"@context\":\"https:\\\/\\\/schema.org\",\"@graph\":[{\"@type\":\"Article\",\"@id\":\"https:\\\/\\\/www.ucf.edu.cu\\\/?p=18538#article\",\"isPartOf\":{\"@id\":\"https:\\\/\\\/www.ucf.edu.cu\\\/?p=18538\"},\"author\":{\"name\":\"Direcci\u00f3n de Comunicaci\u00f3n Institucional\",\"@id\":\"https:\\\/\\\/www.ucf.edu.cu\\\/#\\\/schema\\\/person\\\/1ab5c30ce7d7cff8d04e05d54e4467eb\"},\"headline\":\"Universidad de Cienfuegos por un desarrollo local sostenible\",\"datePublished\":\"2024-06-21T19:50:20+00:00\",\"dateModified\":\"2024-06-21T19:52:22+00:00\",\"mainEntityOfPage\":{\"@id\":\"https:\\\/\\\/www.ucf.edu.cu\\\/?p=18538\"},\"wordCount\":689,\"commentCount\":0,\"publisher\":{\"@id\":\"https:\\\/\\\/www.ucf.edu.cu\\\/#organization\"},\"image\":{\"@id\":\"https:\\\/\\\/www.ucf.edu.cu\\\/?p=18538#primaryimage\"},\"thumbnailUrl\":\"https:\\\/\\\/www.ucf.edu.cu\\\/wp-content\\\/uploads\\\/2024\\\/06\\\/Universidad-de-Cienfuegos-por-un-desarrollo-local-sostenible.jpg\",\"articleSection\":[\"Noticias\"],\"inLanguage\":\"es\",\"potentialAction\":[{\"@type\":\"CommentAction\",\"name\":\"Comment\",\"target\":[\"https:\\\/\\\/www.ucf.edu.cu\\\/?p=18538#respond\"]}]},{\"@type\":\"WebPage\",\"@id\":\"https:\\\/\\\/www.ucf.edu.cu\\\/?p=18538\",\"url\":\"https:\\\/\\\/www.ucf.edu.cu\\\/?p=18538\",\"name\":\"Universidad de Cienfuegos por un desarrollo local sostenible - Universidad de Cienfuegos\",\"isPartOf\":{\"@id\":\"https:\\\/\\\/www.ucf.edu.cu\\\/#website\"},\"primaryImageOfPage\":{\"@id\":\"https:\\\/\\\/www.ucf.edu.cu\\\/?p=18538#primaryimage\"},\"image\":{\"@id\":\"https:\\\/\\\/www.ucf.edu.cu\\\/?p=18538#primaryimage\"},\"thumbnailUrl\":\"https:\\\/\\\/www.ucf.edu.cu\\\/wp-content\\\/uploads\\\/2024\\\/06\\\/Universidad-de-Cienfuegos-por-un-desarrollo-local-sostenible.jpg\",\"datePublished\":\"2024-06-21T19:50:20+00:00\",\"dateModified\":\"2024-06-21T19:52:22+00:00\",\"description\":\"Noticias del \u00e1mbito universitario de la casa de altos estudios de Cienfuegos. Adem\u00e1s se muestran noticias del acontecer nacional e internacional de mayor relevancia.\",\"breadcrumb\":{\"@id\":\"https:\\\/\\\/www.ucf.edu.cu\\\/?p=18538#breadcrumb\"},\"inLanguage\":\"es\",\"potentialAction\":[{\"@type\":\"ReadAction\",\"target\":[\"https:\\\/\\\/www.ucf.edu.cu\\\/?p=18538\"]}]},{\"@type\":\"ImageObject\",\"inLanguage\":\"es\",\"@id\":\"https:\\\/\\\/www.ucf.edu.cu\\\/?p=18538#primaryimage\",\"url\":\"https:\\\/\\\/www.ucf.edu.cu\\\/wp-content\\\/uploads\\\/2024\\\/06\\\/Universidad-de-Cienfuegos-por-un-desarrollo-local-sostenible.jpg\",\"contentUrl\":\"https:\\\/\\\/www.ucf.edu.cu\\\/wp-content\\\/uploads\\\/2024\\\/06\\\/Universidad-de-Cienfuegos-por-un-desarrollo-local-sostenible.jpg\",\"width\":630,\"height\":350,\"caption\":\"Orqu\u00eddea Urquiola S\u00e1nchez,Doctora en Ciencias de la Universidad de Cienfuegos, Cuba, el 18 de enero de 2023. ACN FOTO\\\/Modesto GUTI\u00c9RREZ CABO\"},{\"@type\":\"BreadcrumbList\",\"@id\":\"https:\\\/\\\/www.ucf.edu.cu\\\/?p=18538#breadcrumb\",\"itemListElement\":[{\"@type\":\"ListItem\",\"position\":1,\"name\":\"Portada\",\"item\":\"https:\\\/\\\/www.ucf.edu.cu\\\/\"},{\"@type\":\"ListItem\",\"position\":2,\"name\":\"Universidad de Cienfuegos por un desarrollo local sostenible\"}]},{\"@type\":\"WebSite\",\"@id\":\"https:\\\/\\\/www.ucf.edu.cu\\\/#website\",\"url\":\"https:\\\/\\\/www.ucf.edu.cu\\\/\",\"name\":\"Universidad de Cienfuegos\",\"description\":\"Portal Web Universidad de Cienfuegos\",\"publisher\":{\"@id\":\"https:\\\/\\\/www.ucf.edu.cu\\\/#organization\"},\"alternateName\":\"Portal institucional de la UCf\",\"potentialAction\":[{\"@type\":\"SearchAction\",\"target\":{\"@type\":\"EntryPoint\",\"urlTemplate\":\"https:\\\/\\\/www.ucf.edu.cu\\\/?s={search_term_string}\"},\"query-input\":{\"@type\":\"PropertyValueSpecification\",\"valueRequired\":true,\"valueName\":\"search_term_string\"}}],\"inLanguage\":\"es\"},{\"@type\":\"Organization\",\"@id\":\"https:\\\/\\\/www.ucf.edu.cu\\\/#organization\",\"name\":\"Universidad de Cienfuegos\",\"url\":\"https:\\\/\\\/www.ucf.edu.cu\\\/\",\"logo\":{\"@type\":\"ImageObject\",\"inLanguage\":\"es\",\"@id\":\"https:\\\/\\\/www.ucf.edu.cu\\\/#\\\/schema\\\/logo\\\/image\\\/\",\"url\":\"https:\\\/\\\/www.ucf.edu.cu\\\/wp-content\\\/uploads\\\/2020\\\/11\\\/fe77b047cf65bbf66915926fa3c00c93_L.jpg\",\"contentUrl\":\"https:\\\/\\\/www.ucf.edu.cu\\\/wp-content\\\/uploads\\\/2020\\\/11\\\/fe77b047cf65bbf66915926fa3c00c93_L.jpg\",\"width\":1000,\"height\":763,\"caption\":\"Universidad de Cienfuegos\"},\"image\":{\"@id\":\"https:\\\/\\\/www.ucf.edu.cu\\\/#\\\/schema\\\/logo\\\/image\\\/\"},\"sameAs\":[\"https:\\\/\\\/www.facebook.com\\\/ucfgos\\\/\",\"https:\\\/\\\/x.com\\\/ucfgos\",\"https:\\\/\\\/www.instagram.com\\\/ucfgos\",\"https:\\\/\\\/www.youtube.com\\\/channel\\\/UCymAZYZHmPzh48cHLG6Nx4A\"]},{\"@type\":\"Person\",\"@id\":\"https:\\\/\\\/www.ucf.edu.cu\\\/#\\\/schema\\\/person\\\/1ab5c30ce7d7cff8d04e05d54e4467eb\",\"name\":\"Direcci\u00f3n de Comunicaci\u00f3n Institucional\",\"image\":{\"@type\":\"ImageObject\",\"inLanguage\":\"es\",\"@id\":\"https:\\\/\\\/secure.gravatar.com\\\/avatar\\\/df7a6ffea67205b2cec0557fac1b1c99168521f981217db8876f424e9d334540?s=96&d=mm&r=g\",\"url\":\"https:\\\/\\\/secure.gravatar.com\\\/avatar\\\/df7a6ffea67205b2cec0557fac1b1c99168521f981217db8876f424e9d334540?s=96&d=mm&r=g\",\"contentUrl\":\"https:\\\/\\\/secure.gravatar.com\\\/avatar\\\/df7a6ffea67205b2cec0557fac1b1c99168521f981217db8876f424e9d334540?s=96&d=mm&r=g\",\"caption\":\"Direcci\u00f3n de Comunicaci\u00f3n Institucional\"}}]}<\/script>\n<!-- \/ Yoast SEO plugin. -->","yoast_head_json":{"title":"Universidad de Cienfuegos por un desarrollo local sostenible - Universidad de Cienfuegos","description":"Noticias del \u00e1mbito universitario de la casa de altos estudios de Cienfuegos. Adem\u00e1s se muestran noticias del acontecer nacional e internacional de mayor relevancia.","robots":{"index":"index","follow":"follow","max-snippet":"max-snippet:-1","max-image-preview":"max-image-preview:large","max-video-preview":"max-video-preview:-1"},"canonical":"https:\/\/www.ucf.edu.cu\/?p=18538","og_locale":"es_ES","og_type":"article","og_title":"Universidad de Cienfuegos por un desarrollo local sostenible - Universidad de Cienfuegos","og_description":"Noticias del \u00e1mbito universitario de la casa de altos estudios de Cienfuegos. Adem\u00e1s se muestran noticias del acontecer nacional e internacional de mayor relevancia.","og_url":"https:\/\/www.ucf.edu.cu\/?p=18538","og_site_name":"Universidad de Cienfuegos","article_publisher":"https:\/\/www.facebook.com\/ucfgos\/","article_published_time":"2024-06-21T19:50:20+00:00","article_modified_time":"2024-06-21T19:52:22+00:00","og_image":[{"width":630,"height":350,"url":"https:\/\/www.ucf.edu.cu\/wp-content\/uploads\/2024\/06\/Universidad-de-Cienfuegos-por-un-desarrollo-local-sostenible.jpg","type":"image\/jpeg"}],"author":"Direcci\u00f3n de Comunicaci\u00f3n Institucional","twitter_card":"summary_large_image","twitter_creator":"@ucfgos","twitter_site":"@ucfgos","twitter_misc":{"Escrito por":"Direcci\u00f3n de Comunicaci\u00f3n Institucional","Tiempo de lectura":"3 minutos"},"schema":{"@context":"https:\/\/schema.org","@graph":[{"@type":"Article","@id":"https:\/\/www.ucf.edu.cu\/?p=18538#article","isPartOf":{"@id":"https:\/\/www.ucf.edu.cu\/?p=18538"},"author":{"name":"Direcci\u00f3n de Comunicaci\u00f3n Institucional","@id":"https:\/\/www.ucf.edu.cu\/#\/schema\/person\/1ab5c30ce7d7cff8d04e05d54e4467eb"},"headline":"Universidad de Cienfuegos por un desarrollo local sostenible","datePublished":"2024-06-21T19:50:20+00:00","dateModified":"2024-06-21T19:52:22+00:00","mainEntityOfPage":{"@id":"https:\/\/www.ucf.edu.cu\/?p=18538"},"wordCount":689,"commentCount":0,"publisher":{"@id":"https:\/\/www.ucf.edu.cu\/#organization"},"image":{"@id":"https:\/\/www.ucf.edu.cu\/?p=18538#primaryimage"},"thumbnailUrl":"https:\/\/www.ucf.edu.cu\/wp-content\/uploads\/2024\/06\/Universidad-de-Cienfuegos-por-un-desarrollo-local-sostenible.jpg","articleSection":["Noticias"],"inLanguage":"es","potentialAction":[{"@type":"CommentAction","name":"Comment","target":["https:\/\/www.ucf.edu.cu\/?p=18538#respond"]}]},{"@type":"WebPage","@id":"https:\/\/www.ucf.edu.cu\/?p=18538","url":"https:\/\/www.ucf.edu.cu\/?p=18538","name":"Universidad de Cienfuegos por un desarrollo local sostenible - Universidad de Cienfuegos","isPartOf":{"@id":"https:\/\/www.ucf.edu.cu\/#website"},"primaryImageOfPage":{"@id":"https:\/\/www.ucf.edu.cu\/?p=18538#primaryimage"},"image":{"@id":"https:\/\/www.ucf.edu.cu\/?p=18538#primaryimage"},"thumbnailUrl":"https:\/\/www.ucf.edu.cu\/wp-content\/uploads\/2024\/06\/Universidad-de-Cienfuegos-por-un-desarrollo-local-sostenible.jpg","datePublished":"2024-06-21T19:50:20+00:00","dateModified":"2024-06-21T19:52:22+00:00","description":"Noticias del \u00e1mbito universitario de la casa de altos estudios de Cienfuegos. Adem\u00e1s se muestran noticias del acontecer nacional e internacional de mayor relevancia.","breadcrumb":{"@id":"https:\/\/www.ucf.edu.cu\/?p=18538#breadcrumb"},"inLanguage":"es","potentialAction":[{"@type":"ReadAction","target":["https:\/\/www.ucf.edu.cu\/?p=18538"]}]},{"@type":"ImageObject","inLanguage":"es","@id":"https:\/\/www.ucf.edu.cu\/?p=18538#primaryimage","url":"https:\/\/www.ucf.edu.cu\/wp-content\/uploads\/2024\/06\/Universidad-de-Cienfuegos-por-un-desarrollo-local-sostenible.jpg","contentUrl":"https:\/\/www.ucf.edu.cu\/wp-content\/uploads\/2024\/06\/Universidad-de-Cienfuegos-por-un-desarrollo-local-sostenible.jpg","width":630,"height":350,"caption":"Orqu\u00eddea Urquiola S\u00e1nchez,Doctora en Ciencias de la Universidad de Cienfuegos, Cuba, el 18 de enero de 2023. ACN FOTO\/Modesto GUTI\u00c9RREZ CABO"},{"@type":"BreadcrumbList","@id":"https:\/\/www.ucf.edu.cu\/?p=18538#breadcrumb","itemListElement":[{"@type":"ListItem","position":1,"name":"Portada","item":"https:\/\/www.ucf.edu.cu\/"},{"@type":"ListItem","position":2,"name":"Universidad de Cienfuegos por un desarrollo local sostenible"}]},{"@type":"WebSite","@id":"https:\/\/www.ucf.edu.cu\/#website","url":"https:\/\/www.ucf.edu.cu\/","name":"Universidad de Cienfuegos","description":"Portal Web Universidad de Cienfuegos","publisher":{"@id":"https:\/\/www.ucf.edu.cu\/#organization"},"alternateName":"Portal institucional de la UCf","potentialAction":[{"@type":"SearchAction","target":{"@type":"EntryPoint","urlTemplate":"https:\/\/www.ucf.edu.cu\/?s={search_term_string}"},"query-input":{"@type":"PropertyValueSpecification","valueRequired":true,"valueName":"search_term_string"}}],"inLanguage":"es"},{"@type":"Organization","@id":"https:\/\/www.ucf.edu.cu\/#organization","name":"Universidad de Cienfuegos","url":"https:\/\/www.ucf.edu.cu\/","logo":{"@type":"ImageObject","inLanguage":"es","@id":"https:\/\/www.ucf.edu.cu\/#\/schema\/logo\/image\/","url":"https:\/\/www.ucf.edu.cu\/wp-content\/uploads\/2020\/11\/fe77b047cf65bbf66915926fa3c00c93_L.jpg","contentUrl":"https:\/\/www.ucf.edu.cu\/wp-content\/uploads\/2020\/11\/fe77b047cf65bbf66915926fa3c00c93_L.jpg","width":1000,"height":763,"caption":"Universidad de Cienfuegos"},"image":{"@id":"https:\/\/www.ucf.edu.cu\/#\/schema\/logo\/image\/"},"sameAs":["https:\/\/www.facebook.com\/ucfgos\/","https:\/\/x.com\/ucfgos","https:\/\/www.instagram.com\/ucfgos","https:\/\/www.youtube.com\/channel\/UCymAZYZHmPzh48cHLG6Nx4A"]},{"@type":"Person","@id":"https:\/\/www.ucf.edu.cu\/#\/schema\/person\/1ab5c30ce7d7cff8d04e05d54e4467eb","name":"Direcci\u00f3n de Comunicaci\u00f3n Institucional","image":{"@type":"ImageObject","inLanguage":"es","@id":"https:\/\/secure.gravatar.com\/avatar\/df7a6ffea67205b2cec0557fac1b1c99168521f981217db8876f424e9d334540?s=96&d=mm&r=g","url":"https:\/\/secure.gravatar.com\/avatar\/df7a6ffea67205b2cec0557fac1b1c99168521f981217db8876f424e9d334540?s=96&d=mm&r=g","contentUrl":"https:\/\/secure.gravatar.com\/avatar\/df7a6ffea67205b2cec0557fac1b1c99168521f981217db8876f424e9d334540?s=96&d=mm&r=g","caption":"Direcci\u00f3n de Comunicaci\u00f3n Institucional"}}]}},"_links":{"self":[{"href":"https:\/\/www.ucf.edu.cu\/index.php?rest_route=\/wp\/v2\/posts\/18538","targetHints":{"allow":["GET"]}}],"collection":[{"href":"https:\/\/www.ucf.edu.cu\/index.php?rest_route=\/wp\/v2\/posts"}],"about":[{"href":"https:\/\/www.ucf.edu.cu\/index.php?rest_route=\/wp\/v2\/types\/post"}],"author":[{"embeddable":true,"href":"https:\/\/www.ucf.edu.cu\/index.php?rest_route=\/wp\/v2\/users\/6"}],"replies":[{"embeddable":true,"href":"https:\/\/www.ucf.edu.cu\/index.php?rest_route=%2Fwp%2Fv2%2Fcomments&post=18538"}],"version-history":[{"count":4,"href":"https:\/\/www.ucf.edu.cu\/index.php?rest_route=\/wp\/v2\/posts\/18538\/revisions"}],"predecessor-version":[{"id":18544,"href":"https:\/\/www.ucf.edu.cu\/index.php?rest_route=\/wp\/v2\/posts\/18538\/revisions\/18544"}],"wp:featuredmedia":[{"embeddable":true,"href":"https:\/\/www.ucf.edu.cu\/index.php?rest_route=\/wp\/v2\/media\/18539"}],"wp:attachment":[{"href":"https:\/\/www.ucf.edu.cu\/index.php?rest_route=%2Fwp%2Fv2%2Fmedia&parent=18538"}],"wp:term":[{"taxonomy":"category","embeddable":true,"href":"https:\/\/www.ucf.edu.cu\/index.php?rest_route=%2Fwp%2Fv2%2Fcategories&post=18538"},{"taxonomy":"post_tag","embeddable":true,"href":"https:\/\/www.ucf.edu.cu\/index.php?rest_route=%2Fwp%2Fv2%2Ftags&post=18538"}],"curies":[{"name":"wp","href":"https:\/\/api.w.org\/{rel}","templated":true}]}}