{"id":18629,"date":"2024-06-28T16:20:03","date_gmt":"2024-06-28T16:20:03","guid":{"rendered":"https:\/\/www.ucf.edu.cu\/?p=18629"},"modified":"2024-06-28T16:35:53","modified_gmt":"2024-06-28T16:35:53","slug":"fieston-de-cienfuegos-arranca-este-viernes","status":"publish","type":"post","link":"https:\/\/www.ucf.edu.cu\/?p=18629","title":{"rendered":"Fiest\u00f3n de Cienfuegos arranca este viernes"},"content":{"rendered":"\t\t<div data-elementor-type=\"wp-post\" data-elementor-id=\"18629\" class=\"elementor elementor-18629\">\n\t\t\t\t\t\t<section class=\"elementor-section elementor-top-section elementor-element elementor-element-1510f94 elementor-section-boxed elementor-section-height-default elementor-section-height-default\" data-id=\"1510f94\" data-element_type=\"section\" data-e-type=\"section\">\n\t\t\t\t\t\t<div class=\"elementor-container elementor-column-gap-default\">\n\t\t\t\t\t<div class=\"elementor-column elementor-col-100 elementor-top-column elementor-element elementor-element-df5aa57\" data-id=\"df5aa57\" data-element_type=\"column\" data-e-type=\"column\">\n\t\t\t<div class=\"elementor-widget-wrap elementor-element-populated\">\n\t\t\t\t\t\t<div class=\"elementor-element elementor-element-c6eca52 elementor-widget elementor-widget-text-editor\" data-id=\"c6eca52\" data-element_type=\"widget\" data-e-type=\"widget\" data-widget_type=\"text-editor.default\">\n\t\t\t\t<div class=\"elementor-widget-container\">\n\t\t\t\t\t\t\t\t\t<p>Desde este viernes 28 y hasta el domingo 30 de junio, la Perla del Sur ser\u00e1 testigo nuevamente del Festival de M\u00fasica \u201cCienfuegos Ciudad del Mar\u201d, ahora con mayor diversidad de g\u00e9neros musicales. La Sala Principal del Teatro Tom\u00e1s Terry, a las 9:00 p.m., ofrecer\u00e1 el concierto de Eme Alfonso y su Grupo. A las 11, por primera vez en este festival, acontecer\u00e1 la noche de Tr\u00edos desde la sala Ateneo \u201cArmando Su\u00e1rez del Villar\u201d con la participaci\u00f3n de Los Bohemios, Fuego de Cuba, Los Embajadores, Arpa y Los Emperadores. Desde el Caf\u00e9 Terry , una hora antes de la media moche , compartir\u00e1n escenario Fary Calder\u00f3n, Bouquet, Abel Geron\u00e9s y Adri\u00e1n Beraza\u00edn.<\/p><p>Para cerrar la noche del viernes en la Plaza de la Ciudad, JotaBarrioz se presentar\u00e1 a las 11:00 p.m., mientras que en la madrugada lo har\u00e1 la agrupaci\u00f3n de Will Campa. El s\u00e1bado 29 continuar\u00e1 el Fiest\u00f3n desde las mismas locaciones, el Taller de los Artistas recibir\u00e1 al proyecto Nexos, a las 5 de la tarde y a las 7, Los Norte\u00f1os del Sur.<\/p><p>Desde el coliseo mayor, su sala principal tendr\u00e1 la noche de Cuerda Viva bajo la direcci\u00f3n de Ana Rabassa y con la presencia de Agranel, Dj Spanglish, Annie Garc\u00e9s y Anthony Bravo, ambos nominados a los premios Cuerda Viva 2024, qui\u00e9nes llevar\u00e1n el mismo espect\u00e1culo al Caf\u00e9 Terry, ese d\u00eda a las 11:00p.m. En el propio teatro, la sala Ateneo regalar\u00e1 una noche de boleros con Niurka y Adriela Reyes, el D\u00fao As\u00ed Son, Acelia Blake, Anaybis, Nelson Ram\u00edrez, Obelito y Arasay Rodr\u00edguez.<\/p><p>La plaza de la Ciudad vuelve a convertirse en epicentro del fin de semana y durante la jornada sabatina contar\u00e1 a partir de las 5 de la tarde en su escenario a Son Star, le preceder\u00e1 a las 10:00 p.m., Arnaldo y su Talism\u00e1n, seguido por Son del Sur y Toques del R\u00edo, a la 1:00 a.m y 3:00 a.m, respectivamente.<\/p><p>El \u00faltimo d\u00eda del \u201cCiudad del Mar \u201d iniciar\u00e1 con el concierto de la Orquesta de C\u00e1mara Concierto Sur, en el horario de las 5 de la tarde y a las 7, la m\u00fasica mexicana llegar\u00e1 con los \u201cGalanes Aztecas \u201d desde el Taller de los Artistas.<\/p><p>Ra\u00fal Paz cantar\u00e1 para los cienfuegueros en la sala principal del Terry a la \u201chora del ca\u00f1onazo\u201d y en el Caf\u00e9 de esa propia instituci\u00f3n cultural estar\u00e1n Luis A. Barber\u00eda y el Figaro\u2019s Jazz Club. La trova se escuchar\u00e1 en la \u201cArmando Su\u00e1rez del Villar\u201d con Nelson Vald\u00e9s, Adri\u00e1n Beraza\u00edn, Abel Geron\u00e9s, Ariel Barreiros, el K\u00edkiri de Cisneros, la Trovuntivitis y Trova Jazz, a las 10:30 p.m.<\/p><p>Anhelado por el p\u00fablico llegar\u00e1 Alexander Abreu y su Habana D\u2019 Primera, a las 11:30 p.m. del domingo a la Plaza de la Ciudad, para finalizar el evento.<\/p><p><em><strong>Tomado de Peri\u00f3dico 5 de Septiembre.\u00a0<\/strong><\/em><\/p>\t\t\t\t\t\t\t\t<\/div>\n\t\t\t\t<\/div>\n\t\t\t\t\t<\/div>\n\t\t<\/div>\n\t\t\t\t\t<\/div>\n\t\t<\/section>\n\t\t\t\t<\/div>\n\t\t","protected":false},"excerpt":{"rendered":"<p>Desde este viernes 28 y hasta el domingo 30 de junio, la Perla del Sur ser\u00e1 testigo nuevamente del Festival de M\u00fasica \u201cCienfuegos Ciudad del Mar\u201d, ahora con mayor diversidad de g\u00e9neros<a class=\"moretag\" href=\"https:\/\/www.ucf.edu.cu\/?p=18629\">Leer m\u00e1s&#8230;<\/a><\/p>\n","protected":false},"author":6,"featured_media":18630,"comment_status":"open","ping_status":"open","sticky":false,"template":"","format":"standard","meta":{"footnotes":""},"categories":[6],"tags":[],"class_list":["post-18629","post","type-post","status-publish","format-standard","has-post-thumbnail","hentry","category-noticias"],"yoast_head":"<!-- This site is optimized with the Yoast SEO plugin v27.4 - https:\/\/yoast.com\/product\/yoast-seo-wordpress\/ -->\n<title>Fiest\u00f3n de Cienfuegos arranca este viernes - Universidad de Cienfuegos<\/title>\n<meta name=\"description\" content=\"Noticias del \u00e1mbito universitario de la casa de altos estudios de Cienfuegos. Adem\u00e1s se muestran noticias del acontecer nacional e internacional de mayor relevancia.\" \/>\n<meta name=\"robots\" content=\"index, follow, max-snippet:-1, max-image-preview:large, max-video-preview:-1\" \/>\n<link rel=\"canonical\" href=\"https:\/\/www.ucf.edu.cu\/?p=18629\" \/>\n<meta property=\"og:locale\" content=\"es_ES\" \/>\n<meta property=\"og:type\" content=\"article\" \/>\n<meta property=\"og:title\" content=\"Fiest\u00f3n de Cienfuegos arranca este viernes - Universidad de Cienfuegos\" \/>\n<meta property=\"og:description\" content=\"Noticias del \u00e1mbito universitario de la casa de altos estudios de Cienfuegos. Adem\u00e1s se muestran noticias del acontecer nacional e internacional de mayor relevancia.\" \/>\n<meta property=\"og:url\" content=\"https:\/\/www.ucf.edu.cu\/?p=18629\" \/>\n<meta property=\"og:site_name\" content=\"Universidad de Cienfuegos\" \/>\n<meta property=\"article:publisher\" content=\"https:\/\/www.facebook.com\/ucfgos\/\" \/>\n<meta property=\"article:published_time\" content=\"2024-06-28T16:20:03+00:00\" \/>\n<meta property=\"article:modified_time\" content=\"2024-06-28T16:35:53+00:00\" \/>\n<meta property=\"og:image\" content=\"https:\/\/www.ucf.edu.cu\/wp-content\/uploads\/2024\/06\/Fieston-de-Cienfuegos-arranca-este-viernes-1.jpg\" \/>\n\t<meta property=\"og:image:width\" content=\"630\" \/>\n\t<meta property=\"og:image:height\" content=\"350\" \/>\n\t<meta property=\"og:image:type\" content=\"image\/jpeg\" \/>\n<meta name=\"author\" content=\"Direcci\u00f3n de Comunicaci\u00f3n Institucional\" \/>\n<meta name=\"twitter:card\" content=\"summary_large_image\" \/>\n<meta name=\"twitter:creator\" content=\"@ucfgos\" \/>\n<meta name=\"twitter:site\" content=\"@ucfgos\" \/>\n<meta name=\"twitter:label1\" content=\"Escrito por\" \/>\n\t<meta name=\"twitter:data1\" content=\"Direcci\u00f3n de Comunicaci\u00f3n Institucional\" \/>\n\t<meta name=\"twitter:label2\" content=\"Tiempo de lectura\" \/>\n\t<meta name=\"twitter:data2\" content=\"3 minutos\" \/>\n<script type=\"application\/ld+json\" class=\"yoast-schema-graph\">{\"@context\":\"https:\\\/\\\/schema.org\",\"@graph\":[{\"@type\":\"Article\",\"@id\":\"https:\\\/\\\/www.ucf.edu.cu\\\/?p=18629#article\",\"isPartOf\":{\"@id\":\"https:\\\/\\\/www.ucf.edu.cu\\\/?p=18629\"},\"author\":{\"name\":\"Direcci\u00f3n de Comunicaci\u00f3n Institucional\",\"@id\":\"https:\\\/\\\/www.ucf.edu.cu\\\/#\\\/schema\\\/person\\\/1ab5c30ce7d7cff8d04e05d54e4467eb\"},\"headline\":\"Fiest\u00f3n de Cienfuegos arranca este viernes\",\"datePublished\":\"2024-06-28T16:20:03+00:00\",\"dateModified\":\"2024-06-28T16:35:53+00:00\",\"mainEntityOfPage\":{\"@id\":\"https:\\\/\\\/www.ucf.edu.cu\\\/?p=18629\"},\"wordCount\":505,\"commentCount\":0,\"publisher\":{\"@id\":\"https:\\\/\\\/www.ucf.edu.cu\\\/#organization\"},\"image\":{\"@id\":\"https:\\\/\\\/www.ucf.edu.cu\\\/?p=18629#primaryimage\"},\"thumbnailUrl\":\"https:\\\/\\\/www.ucf.edu.cu\\\/wp-content\\\/uploads\\\/2024\\\/06\\\/Fieston-de-Cienfuegos-arranca-este-viernes-1.jpg\",\"articleSection\":[\"Noticias\"],\"inLanguage\":\"es\",\"potentialAction\":[{\"@type\":\"CommentAction\",\"name\":\"Comment\",\"target\":[\"https:\\\/\\\/www.ucf.edu.cu\\\/?p=18629#respond\"]}]},{\"@type\":\"WebPage\",\"@id\":\"https:\\\/\\\/www.ucf.edu.cu\\\/?p=18629\",\"url\":\"https:\\\/\\\/www.ucf.edu.cu\\\/?p=18629\",\"name\":\"Fiest\u00f3n de Cienfuegos arranca este viernes - Universidad de Cienfuegos\",\"isPartOf\":{\"@id\":\"https:\\\/\\\/www.ucf.edu.cu\\\/#website\"},\"primaryImageOfPage\":{\"@id\":\"https:\\\/\\\/www.ucf.edu.cu\\\/?p=18629#primaryimage\"},\"image\":{\"@id\":\"https:\\\/\\\/www.ucf.edu.cu\\\/?p=18629#primaryimage\"},\"thumbnailUrl\":\"https:\\\/\\\/www.ucf.edu.cu\\\/wp-content\\\/uploads\\\/2024\\\/06\\\/Fieston-de-Cienfuegos-arranca-este-viernes-1.jpg\",\"datePublished\":\"2024-06-28T16:20:03+00:00\",\"dateModified\":\"2024-06-28T16:35:53+00:00\",\"description\":\"Noticias del \u00e1mbito universitario de la casa de altos estudios de Cienfuegos. Adem\u00e1s se muestran noticias del acontecer nacional e internacional de mayor relevancia.\",\"breadcrumb\":{\"@id\":\"https:\\\/\\\/www.ucf.edu.cu\\\/?p=18629#breadcrumb\"},\"inLanguage\":\"es\",\"potentialAction\":[{\"@type\":\"ReadAction\",\"target\":[\"https:\\\/\\\/www.ucf.edu.cu\\\/?p=18629\"]}]},{\"@type\":\"ImageObject\",\"inLanguage\":\"es\",\"@id\":\"https:\\\/\\\/www.ucf.edu.cu\\\/?p=18629#primaryimage\",\"url\":\"https:\\\/\\\/www.ucf.edu.cu\\\/wp-content\\\/uploads\\\/2024\\\/06\\\/Fieston-de-Cienfuegos-arranca-este-viernes-1.jpg\",\"contentUrl\":\"https:\\\/\\\/www.ucf.edu.cu\\\/wp-content\\\/uploads\\\/2024\\\/06\\\/Fieston-de-Cienfuegos-arranca-este-viernes-1.jpg\",\"width\":630,\"height\":350},{\"@type\":\"BreadcrumbList\",\"@id\":\"https:\\\/\\\/www.ucf.edu.cu\\\/?p=18629#breadcrumb\",\"itemListElement\":[{\"@type\":\"ListItem\",\"position\":1,\"name\":\"Portada\",\"item\":\"https:\\\/\\\/www.ucf.edu.cu\\\/\"},{\"@type\":\"ListItem\",\"position\":2,\"name\":\"Fiest\u00f3n de Cienfuegos arranca este viernes\"}]},{\"@type\":\"WebSite\",\"@id\":\"https:\\\/\\\/www.ucf.edu.cu\\\/#website\",\"url\":\"https:\\\/\\\/www.ucf.edu.cu\\\/\",\"name\":\"Universidad de Cienfuegos\",\"description\":\"Portal Web Universidad de Cienfuegos\",\"publisher\":{\"@id\":\"https:\\\/\\\/www.ucf.edu.cu\\\/#organization\"},\"alternateName\":\"Portal institucional de la UCf\",\"potentialAction\":[{\"@type\":\"SearchAction\",\"target\":{\"@type\":\"EntryPoint\",\"urlTemplate\":\"https:\\\/\\\/www.ucf.edu.cu\\\/?s={search_term_string}\"},\"query-input\":{\"@type\":\"PropertyValueSpecification\",\"valueRequired\":true,\"valueName\":\"search_term_string\"}}],\"inLanguage\":\"es\"},{\"@type\":\"Organization\",\"@id\":\"https:\\\/\\\/www.ucf.edu.cu\\\/#organization\",\"name\":\"Universidad de Cienfuegos\",\"url\":\"https:\\\/\\\/www.ucf.edu.cu\\\/\",\"logo\":{\"@type\":\"ImageObject\",\"inLanguage\":\"es\",\"@id\":\"https:\\\/\\\/www.ucf.edu.cu\\\/#\\\/schema\\\/logo\\\/image\\\/\",\"url\":\"https:\\\/\\\/www.ucf.edu.cu\\\/wp-content\\\/uploads\\\/2020\\\/11\\\/fe77b047cf65bbf66915926fa3c00c93_L.jpg\",\"contentUrl\":\"https:\\\/\\\/www.ucf.edu.cu\\\/wp-content\\\/uploads\\\/2020\\\/11\\\/fe77b047cf65bbf66915926fa3c00c93_L.jpg\",\"width\":1000,\"height\":763,\"caption\":\"Universidad de Cienfuegos\"},\"image\":{\"@id\":\"https:\\\/\\\/www.ucf.edu.cu\\\/#\\\/schema\\\/logo\\\/image\\\/\"},\"sameAs\":[\"https:\\\/\\\/www.facebook.com\\\/ucfgos\\\/\",\"https:\\\/\\\/x.com\\\/ucfgos\",\"https:\\\/\\\/www.instagram.com\\\/ucfgos\",\"https:\\\/\\\/www.youtube.com\\\/channel\\\/UCymAZYZHmPzh48cHLG6Nx4A\"]},{\"@type\":\"Person\",\"@id\":\"https:\\\/\\\/www.ucf.edu.cu\\\/#\\\/schema\\\/person\\\/1ab5c30ce7d7cff8d04e05d54e4467eb\",\"name\":\"Direcci\u00f3n de Comunicaci\u00f3n Institucional\",\"image\":{\"@type\":\"ImageObject\",\"inLanguage\":\"es\",\"@id\":\"https:\\\/\\\/secure.gravatar.com\\\/avatar\\\/df7a6ffea67205b2cec0557fac1b1c99168521f981217db8876f424e9d334540?s=96&d=mm&r=g\",\"url\":\"https:\\\/\\\/secure.gravatar.com\\\/avatar\\\/df7a6ffea67205b2cec0557fac1b1c99168521f981217db8876f424e9d334540?s=96&d=mm&r=g\",\"contentUrl\":\"https:\\\/\\\/secure.gravatar.com\\\/avatar\\\/df7a6ffea67205b2cec0557fac1b1c99168521f981217db8876f424e9d334540?s=96&d=mm&r=g\",\"caption\":\"Direcci\u00f3n de Comunicaci\u00f3n Institucional\"}}]}<\/script>\n<!-- \/ Yoast SEO plugin. -->","yoast_head_json":{"title":"Fiest\u00f3n de Cienfuegos arranca este viernes - Universidad de Cienfuegos","description":"Noticias del \u00e1mbito universitario de la casa de altos estudios de Cienfuegos. Adem\u00e1s se muestran noticias del acontecer nacional e internacional de mayor relevancia.","robots":{"index":"index","follow":"follow","max-snippet":"max-snippet:-1","max-image-preview":"max-image-preview:large","max-video-preview":"max-video-preview:-1"},"canonical":"https:\/\/www.ucf.edu.cu\/?p=18629","og_locale":"es_ES","og_type":"article","og_title":"Fiest\u00f3n de Cienfuegos arranca este viernes - Universidad de Cienfuegos","og_description":"Noticias del \u00e1mbito universitario de la casa de altos estudios de Cienfuegos. Adem\u00e1s se muestran noticias del acontecer nacional e internacional de mayor relevancia.","og_url":"https:\/\/www.ucf.edu.cu\/?p=18629","og_site_name":"Universidad de Cienfuegos","article_publisher":"https:\/\/www.facebook.com\/ucfgos\/","article_published_time":"2024-06-28T16:20:03+00:00","article_modified_time":"2024-06-28T16:35:53+00:00","og_image":[{"width":630,"height":350,"url":"https:\/\/www.ucf.edu.cu\/wp-content\/uploads\/2024\/06\/Fieston-de-Cienfuegos-arranca-este-viernes-1.jpg","type":"image\/jpeg"}],"author":"Direcci\u00f3n de Comunicaci\u00f3n Institucional","twitter_card":"summary_large_image","twitter_creator":"@ucfgos","twitter_site":"@ucfgos","twitter_misc":{"Escrito por":"Direcci\u00f3n de Comunicaci\u00f3n Institucional","Tiempo de lectura":"3 minutos"},"schema":{"@context":"https:\/\/schema.org","@graph":[{"@type":"Article","@id":"https:\/\/www.ucf.edu.cu\/?p=18629#article","isPartOf":{"@id":"https:\/\/www.ucf.edu.cu\/?p=18629"},"author":{"name":"Direcci\u00f3n de Comunicaci\u00f3n Institucional","@id":"https:\/\/www.ucf.edu.cu\/#\/schema\/person\/1ab5c30ce7d7cff8d04e05d54e4467eb"},"headline":"Fiest\u00f3n de Cienfuegos arranca este viernes","datePublished":"2024-06-28T16:20:03+00:00","dateModified":"2024-06-28T16:35:53+00:00","mainEntityOfPage":{"@id":"https:\/\/www.ucf.edu.cu\/?p=18629"},"wordCount":505,"commentCount":0,"publisher":{"@id":"https:\/\/www.ucf.edu.cu\/#organization"},"image":{"@id":"https:\/\/www.ucf.edu.cu\/?p=18629#primaryimage"},"thumbnailUrl":"https:\/\/www.ucf.edu.cu\/wp-content\/uploads\/2024\/06\/Fieston-de-Cienfuegos-arranca-este-viernes-1.jpg","articleSection":["Noticias"],"inLanguage":"es","potentialAction":[{"@type":"CommentAction","name":"Comment","target":["https:\/\/www.ucf.edu.cu\/?p=18629#respond"]}]},{"@type":"WebPage","@id":"https:\/\/www.ucf.edu.cu\/?p=18629","url":"https:\/\/www.ucf.edu.cu\/?p=18629","name":"Fiest\u00f3n de Cienfuegos arranca este viernes - Universidad de Cienfuegos","isPartOf":{"@id":"https:\/\/www.ucf.edu.cu\/#website"},"primaryImageOfPage":{"@id":"https:\/\/www.ucf.edu.cu\/?p=18629#primaryimage"},"image":{"@id":"https:\/\/www.ucf.edu.cu\/?p=18629#primaryimage"},"thumbnailUrl":"https:\/\/www.ucf.edu.cu\/wp-content\/uploads\/2024\/06\/Fieston-de-Cienfuegos-arranca-este-viernes-1.jpg","datePublished":"2024-06-28T16:20:03+00:00","dateModified":"2024-06-28T16:35:53+00:00","description":"Noticias del \u00e1mbito universitario de la casa de altos estudios de Cienfuegos. Adem\u00e1s se muestran noticias del acontecer nacional e internacional de mayor relevancia.","breadcrumb":{"@id":"https:\/\/www.ucf.edu.cu\/?p=18629#breadcrumb"},"inLanguage":"es","potentialAction":[{"@type":"ReadAction","target":["https:\/\/www.ucf.edu.cu\/?p=18629"]}]},{"@type":"ImageObject","inLanguage":"es","@id":"https:\/\/www.ucf.edu.cu\/?p=18629#primaryimage","url":"https:\/\/www.ucf.edu.cu\/wp-content\/uploads\/2024\/06\/Fieston-de-Cienfuegos-arranca-este-viernes-1.jpg","contentUrl":"https:\/\/www.ucf.edu.cu\/wp-content\/uploads\/2024\/06\/Fieston-de-Cienfuegos-arranca-este-viernes-1.jpg","width":630,"height":350},{"@type":"BreadcrumbList","@id":"https:\/\/www.ucf.edu.cu\/?p=18629#breadcrumb","itemListElement":[{"@type":"ListItem","position":1,"name":"Portada","item":"https:\/\/www.ucf.edu.cu\/"},{"@type":"ListItem","position":2,"name":"Fiest\u00f3n de Cienfuegos arranca este viernes"}]},{"@type":"WebSite","@id":"https:\/\/www.ucf.edu.cu\/#website","url":"https:\/\/www.ucf.edu.cu\/","name":"Universidad de Cienfuegos","description":"Portal Web Universidad de Cienfuegos","publisher":{"@id":"https:\/\/www.ucf.edu.cu\/#organization"},"alternateName":"Portal institucional de la UCf","potentialAction":[{"@type":"SearchAction","target":{"@type":"EntryPoint","urlTemplate":"https:\/\/www.ucf.edu.cu\/?s={search_term_string}"},"query-input":{"@type":"PropertyValueSpecification","valueRequired":true,"valueName":"search_term_string"}}],"inLanguage":"es"},{"@type":"Organization","@id":"https:\/\/www.ucf.edu.cu\/#organization","name":"Universidad de Cienfuegos","url":"https:\/\/www.ucf.edu.cu\/","logo":{"@type":"ImageObject","inLanguage":"es","@id":"https:\/\/www.ucf.edu.cu\/#\/schema\/logo\/image\/","url":"https:\/\/www.ucf.edu.cu\/wp-content\/uploads\/2020\/11\/fe77b047cf65bbf66915926fa3c00c93_L.jpg","contentUrl":"https:\/\/www.ucf.edu.cu\/wp-content\/uploads\/2020\/11\/fe77b047cf65bbf66915926fa3c00c93_L.jpg","width":1000,"height":763,"caption":"Universidad de Cienfuegos"},"image":{"@id":"https:\/\/www.ucf.edu.cu\/#\/schema\/logo\/image\/"},"sameAs":["https:\/\/www.facebook.com\/ucfgos\/","https:\/\/x.com\/ucfgos","https:\/\/www.instagram.com\/ucfgos","https:\/\/www.youtube.com\/channel\/UCymAZYZHmPzh48cHLG6Nx4A"]},{"@type":"Person","@id":"https:\/\/www.ucf.edu.cu\/#\/schema\/person\/1ab5c30ce7d7cff8d04e05d54e4467eb","name":"Direcci\u00f3n de Comunicaci\u00f3n Institucional","image":{"@type":"ImageObject","inLanguage":"es","@id":"https:\/\/secure.gravatar.com\/avatar\/df7a6ffea67205b2cec0557fac1b1c99168521f981217db8876f424e9d334540?s=96&d=mm&r=g","url":"https:\/\/secure.gravatar.com\/avatar\/df7a6ffea67205b2cec0557fac1b1c99168521f981217db8876f424e9d334540?s=96&d=mm&r=g","contentUrl":"https:\/\/secure.gravatar.com\/avatar\/df7a6ffea67205b2cec0557fac1b1c99168521f981217db8876f424e9d334540?s=96&d=mm&r=g","caption":"Direcci\u00f3n de Comunicaci\u00f3n Institucional"}}]}},"_links":{"self":[{"href":"https:\/\/www.ucf.edu.cu\/index.php?rest_route=\/wp\/v2\/posts\/18629","targetHints":{"allow":["GET"]}}],"collection":[{"href":"https:\/\/www.ucf.edu.cu\/index.php?rest_route=\/wp\/v2\/posts"}],"about":[{"href":"https:\/\/www.ucf.edu.cu\/index.php?rest_route=\/wp\/v2\/types\/post"}],"author":[{"embeddable":true,"href":"https:\/\/www.ucf.edu.cu\/index.php?rest_route=\/wp\/v2\/users\/6"}],"replies":[{"embeddable":true,"href":"https:\/\/www.ucf.edu.cu\/index.php?rest_route=%2Fwp%2Fv2%2Fcomments&post=18629"}],"version-history":[{"count":10,"href":"https:\/\/www.ucf.edu.cu\/index.php?rest_route=\/wp\/v2\/posts\/18629\/revisions"}],"predecessor-version":[{"id":18641,"href":"https:\/\/www.ucf.edu.cu\/index.php?rest_route=\/wp\/v2\/posts\/18629\/revisions\/18641"}],"wp:featuredmedia":[{"embeddable":true,"href":"https:\/\/www.ucf.edu.cu\/index.php?rest_route=\/wp\/v2\/media\/18630"}],"wp:attachment":[{"href":"https:\/\/www.ucf.edu.cu\/index.php?rest_route=%2Fwp%2Fv2%2Fmedia&parent=18629"}],"wp:term":[{"taxonomy":"category","embeddable":true,"href":"https:\/\/www.ucf.edu.cu\/index.php?rest_route=%2Fwp%2Fv2%2Fcategories&post=18629"},{"taxonomy":"post_tag","embeddable":true,"href":"https:\/\/www.ucf.edu.cu\/index.php?rest_route=%2Fwp%2Fv2%2Ftags&post=18629"}],"curies":[{"name":"wp","href":"https:\/\/api.w.org\/{rel}","templated":true}]}}