{"id":18700,"date":"2024-07-01T12:33:09","date_gmt":"2024-07-01T12:33:09","guid":{"rendered":"https:\/\/www.ucf.edu.cu\/?p=18700"},"modified":"2024-07-01T12:43:10","modified_gmt":"2024-07-01T12:43:10","slug":"entra-en-vigor-nueva-norma-economica-en-cuba","status":"publish","type":"post","link":"https:\/\/www.ucf.edu.cu\/?p=18700","title":{"rendered":"Entra en vigor nueva norma econ\u00f3mica en Cuba"},"content":{"rendered":"\t\t<div data-elementor-type=\"wp-post\" data-elementor-id=\"18700\" class=\"elementor elementor-18700\">\n\t\t\t\t\t\t<section class=\"elementor-section elementor-top-section elementor-element elementor-element-bbc1e23 elementor-section-boxed elementor-section-height-default elementor-section-height-default\" data-id=\"bbc1e23\" data-element_type=\"section\" data-e-type=\"section\">\n\t\t\t\t\t\t<div class=\"elementor-container elementor-column-gap-default\">\n\t\t\t\t\t<div class=\"elementor-column elementor-col-100 elementor-top-column elementor-element elementor-element-2b0d0b2\" data-id=\"2b0d0b2\" data-element_type=\"column\" data-e-type=\"column\">\n\t\t\t<div class=\"elementor-widget-wrap elementor-element-populated\">\n\t\t\t\t\t\t<div class=\"elementor-element elementor-element-626acf1 elementor-widget elementor-widget-text-editor\" data-id=\"626acf1\" data-element_type=\"widget\" data-e-type=\"widget\" data-widget_type=\"text-editor.default\">\n\t\t\t\t<div class=\"elementor-widget-container\">\n\t\t\t\t\t\t\t\t\t<p>La Gaceta Oficial de la Rep\u00fablica en su edici\u00f3n Ordinaria No.57 public\u00f3 el 27 de junio la Resoluci\u00f3n 209 de 2024 de Ministerio de Finanzas y Precios (MFP) que regula las relaciones comerciales entre los actores econ\u00f3micos del pa\u00eds, y precisa que la adquisici\u00f3n de bienes y servicios tiene una tasa de utilidad m\u00e1xima del 30 por ciento sobre el total de los costos y gastos.<\/p><p>Agrega la norma que la cuant\u00eda corresponder\u00e1 con la aplicaci\u00f3n de los impuestos sobre las ventas y los servicios.<\/p><p>Tambi\u00e9n especifica que los consejos provinciales y los consejos de la Administraci\u00f3n municipales, est\u00e1n facultados para aprobar los precios y tarifas m\u00e1ximas de los bienes y servicios que seleccionen,\u00a0 entre aquellos que adquieren las entidades estatales provenientes del sector no estatal teniendo en cuenta las particularidades de cada territorio.<\/p><p>Por otra parte, este d\u00eda tambi\u00e9n entrar\u00e1 en vigor la extensi\u00f3n de los beneficios arancelarios a las importaciones sin car\u00e1cter comercial que realizan las personas naturales de alimentos, aseo, medicamentos, insumos m\u00e9dicos y plantas el\u00e9ctricas.<\/p><p>La medida dada extiende la aplicaci\u00f3n de una resoluci\u00f3n con similares prop\u00f3sitos, emitida en marzo de 2024 por el MFP, cuyo per\u00edodo de vigencia conclu\u00eda el 30 de junio y ahora se extiende hasta el 30 de septiembre de 2024.<\/p><p>Esa decisi\u00f3n se corresponde con la persistencia de limitaciones internas en las ofertas de alimentos y otros productos, debido fundamentalmente al impacto del bloqueo del Gobierno de Estados Unidos y la crisis econ\u00f3mica internacional.<\/p><p><em><strong>Tomado de Prensa Latina.<\/strong><\/em><\/p>\t\t\t\t\t\t\t\t<\/div>\n\t\t\t\t<\/div>\n\t\t\t\t\t<\/div>\n\t\t<\/div>\n\t\t\t\t\t<\/div>\n\t\t<\/section>\n\t\t\t\t<\/div>\n\t\t","protected":false},"excerpt":{"rendered":"<p>La Gaceta Oficial de la Rep\u00fablica en su edici\u00f3n Ordinaria No.57 public\u00f3 el 27 de junio la Resoluci\u00f3n 209 de 2024 de Ministerio de Finanzas y Precios (MFP) que regula las relaciones<a class=\"moretag\" href=\"https:\/\/www.ucf.edu.cu\/?p=18700\">Leer m\u00e1s&#8230;<\/a><\/p>\n","protected":false},"author":6,"featured_media":18701,"comment_status":"open","ping_status":"open","sticky":false,"template":"","format":"standard","meta":{"footnotes":""},"categories":[6],"tags":[],"class_list":["post-18700","post","type-post","status-publish","format-standard","has-post-thumbnail","hentry","category-noticias"],"yoast_head":"<!-- This site is optimized with the Yoast SEO plugin v27.4 - https:\/\/yoast.com\/product\/yoast-seo-wordpress\/ -->\n<title>Entra en vigor nueva norma econ\u00f3mica en Cuba - Universidad de Cienfuegos<\/title>\n<meta name=\"description\" content=\"Noticias del \u00e1mbito universitario de la casa de altos estudios de Cienfuegos. Adem\u00e1s se muestran noticias del acontecer nacional e internacional de mayor relevancia.\" \/>\n<meta name=\"robots\" content=\"index, follow, max-snippet:-1, max-image-preview:large, max-video-preview:-1\" \/>\n<link rel=\"canonical\" href=\"https:\/\/www.ucf.edu.cu\/?p=18700\" \/>\n<meta property=\"og:locale\" content=\"es_ES\" \/>\n<meta property=\"og:type\" content=\"article\" \/>\n<meta property=\"og:title\" content=\"Entra en vigor nueva norma econ\u00f3mica en Cuba - Universidad de Cienfuegos\" \/>\n<meta property=\"og:description\" content=\"Noticias del \u00e1mbito universitario de la casa de altos estudios de Cienfuegos. Adem\u00e1s se muestran noticias del acontecer nacional e internacional de mayor relevancia.\" \/>\n<meta property=\"og:url\" content=\"https:\/\/www.ucf.edu.cu\/?p=18700\" \/>\n<meta property=\"og:site_name\" content=\"Universidad de Cienfuegos\" \/>\n<meta property=\"article:publisher\" content=\"https:\/\/www.facebook.com\/ucfgos\/\" \/>\n<meta property=\"article:published_time\" content=\"2024-07-01T12:33:09+00:00\" \/>\n<meta property=\"article:modified_time\" content=\"2024-07-01T12:43:10+00:00\" \/>\n<meta property=\"og:image\" content=\"https:\/\/www.ucf.edu.cu\/wp-content\/uploads\/2024\/07\/gaceta-oficial-cuba-1.jpg\" \/>\n\t<meta property=\"og:image:width\" content=\"800\" \/>\n\t<meta property=\"og:image:height\" content=\"428\" \/>\n\t<meta property=\"og:image:type\" content=\"image\/jpeg\" \/>\n<meta name=\"author\" content=\"Direcci\u00f3n de Comunicaci\u00f3n Institucional\" \/>\n<meta name=\"twitter:card\" content=\"summary_large_image\" \/>\n<meta name=\"twitter:creator\" content=\"@ucfgos\" \/>\n<meta name=\"twitter:site\" content=\"@ucfgos\" \/>\n<meta name=\"twitter:label1\" content=\"Escrito por\" \/>\n\t<meta name=\"twitter:data1\" content=\"Direcci\u00f3n de Comunicaci\u00f3n Institucional\" \/>\n\t<meta name=\"twitter:label2\" content=\"Tiempo de lectura\" \/>\n\t<meta name=\"twitter:data2\" content=\"2 minutos\" \/>\n<script type=\"application\/ld+json\" class=\"yoast-schema-graph\">{\"@context\":\"https:\\\/\\\/schema.org\",\"@graph\":[{\"@type\":\"Article\",\"@id\":\"https:\\\/\\\/www.ucf.edu.cu\\\/?p=18700#article\",\"isPartOf\":{\"@id\":\"https:\\\/\\\/www.ucf.edu.cu\\\/?p=18700\"},\"author\":{\"name\":\"Direcci\u00f3n de Comunicaci\u00f3n Institucional\",\"@id\":\"https:\\\/\\\/www.ucf.edu.cu\\\/#\\\/schema\\\/person\\\/1ab5c30ce7d7cff8d04e05d54e4467eb\"},\"headline\":\"Entra en vigor nueva norma econ\u00f3mica en Cuba\",\"datePublished\":\"2024-07-01T12:33:09+00:00\",\"dateModified\":\"2024-07-01T12:43:10+00:00\",\"mainEntityOfPage\":{\"@id\":\"https:\\\/\\\/www.ucf.edu.cu\\\/?p=18700\"},\"wordCount\":274,\"commentCount\":0,\"publisher\":{\"@id\":\"https:\\\/\\\/www.ucf.edu.cu\\\/#organization\"},\"image\":{\"@id\":\"https:\\\/\\\/www.ucf.edu.cu\\\/?p=18700#primaryimage\"},\"thumbnailUrl\":\"https:\\\/\\\/www.ucf.edu.cu\\\/wp-content\\\/uploads\\\/2024\\\/07\\\/gaceta-oficial-cuba-1.jpg\",\"articleSection\":[\"Noticias\"],\"inLanguage\":\"es\",\"potentialAction\":[{\"@type\":\"CommentAction\",\"name\":\"Comment\",\"target\":[\"https:\\\/\\\/www.ucf.edu.cu\\\/?p=18700#respond\"]}]},{\"@type\":\"WebPage\",\"@id\":\"https:\\\/\\\/www.ucf.edu.cu\\\/?p=18700\",\"url\":\"https:\\\/\\\/www.ucf.edu.cu\\\/?p=18700\",\"name\":\"Entra en vigor nueva norma econ\u00f3mica en Cuba - Universidad de Cienfuegos\",\"isPartOf\":{\"@id\":\"https:\\\/\\\/www.ucf.edu.cu\\\/#website\"},\"primaryImageOfPage\":{\"@id\":\"https:\\\/\\\/www.ucf.edu.cu\\\/?p=18700#primaryimage\"},\"image\":{\"@id\":\"https:\\\/\\\/www.ucf.edu.cu\\\/?p=18700#primaryimage\"},\"thumbnailUrl\":\"https:\\\/\\\/www.ucf.edu.cu\\\/wp-content\\\/uploads\\\/2024\\\/07\\\/gaceta-oficial-cuba-1.jpg\",\"datePublished\":\"2024-07-01T12:33:09+00:00\",\"dateModified\":\"2024-07-01T12:43:10+00:00\",\"description\":\"Noticias del \u00e1mbito universitario de la casa de altos estudios de Cienfuegos. Adem\u00e1s se muestran noticias del acontecer nacional e internacional de mayor relevancia.\",\"breadcrumb\":{\"@id\":\"https:\\\/\\\/www.ucf.edu.cu\\\/?p=18700#breadcrumb\"},\"inLanguage\":\"es\",\"potentialAction\":[{\"@type\":\"ReadAction\",\"target\":[\"https:\\\/\\\/www.ucf.edu.cu\\\/?p=18700\"]}]},{\"@type\":\"ImageObject\",\"inLanguage\":\"es\",\"@id\":\"https:\\\/\\\/www.ucf.edu.cu\\\/?p=18700#primaryimage\",\"url\":\"https:\\\/\\\/www.ucf.edu.cu\\\/wp-content\\\/uploads\\\/2024\\\/07\\\/gaceta-oficial-cuba-1.jpg\",\"contentUrl\":\"https:\\\/\\\/www.ucf.edu.cu\\\/wp-content\\\/uploads\\\/2024\\\/07\\\/gaceta-oficial-cuba-1.jpg\",\"width\":800,\"height\":428},{\"@type\":\"BreadcrumbList\",\"@id\":\"https:\\\/\\\/www.ucf.edu.cu\\\/?p=18700#breadcrumb\",\"itemListElement\":[{\"@type\":\"ListItem\",\"position\":1,\"name\":\"Portada\",\"item\":\"https:\\\/\\\/www.ucf.edu.cu\\\/\"},{\"@type\":\"ListItem\",\"position\":2,\"name\":\"Entra en vigor nueva norma econ\u00f3mica en Cuba\"}]},{\"@type\":\"WebSite\",\"@id\":\"https:\\\/\\\/www.ucf.edu.cu\\\/#website\",\"url\":\"https:\\\/\\\/www.ucf.edu.cu\\\/\",\"name\":\"Universidad de Cienfuegos\",\"description\":\"Portal Web Universidad de Cienfuegos\",\"publisher\":{\"@id\":\"https:\\\/\\\/www.ucf.edu.cu\\\/#organization\"},\"alternateName\":\"Portal institucional de la UCf\",\"potentialAction\":[{\"@type\":\"SearchAction\",\"target\":{\"@type\":\"EntryPoint\",\"urlTemplate\":\"https:\\\/\\\/www.ucf.edu.cu\\\/?s={search_term_string}\"},\"query-input\":{\"@type\":\"PropertyValueSpecification\",\"valueRequired\":true,\"valueName\":\"search_term_string\"}}],\"inLanguage\":\"es\"},{\"@type\":\"Organization\",\"@id\":\"https:\\\/\\\/www.ucf.edu.cu\\\/#organization\",\"name\":\"Universidad de Cienfuegos\",\"url\":\"https:\\\/\\\/www.ucf.edu.cu\\\/\",\"logo\":{\"@type\":\"ImageObject\",\"inLanguage\":\"es\",\"@id\":\"https:\\\/\\\/www.ucf.edu.cu\\\/#\\\/schema\\\/logo\\\/image\\\/\",\"url\":\"https:\\\/\\\/www.ucf.edu.cu\\\/wp-content\\\/uploads\\\/2020\\\/11\\\/fe77b047cf65bbf66915926fa3c00c93_L.jpg\",\"contentUrl\":\"https:\\\/\\\/www.ucf.edu.cu\\\/wp-content\\\/uploads\\\/2020\\\/11\\\/fe77b047cf65bbf66915926fa3c00c93_L.jpg\",\"width\":1000,\"height\":763,\"caption\":\"Universidad de Cienfuegos\"},\"image\":{\"@id\":\"https:\\\/\\\/www.ucf.edu.cu\\\/#\\\/schema\\\/logo\\\/image\\\/\"},\"sameAs\":[\"https:\\\/\\\/www.facebook.com\\\/ucfgos\\\/\",\"https:\\\/\\\/x.com\\\/ucfgos\",\"https:\\\/\\\/www.instagram.com\\\/ucfgos\",\"https:\\\/\\\/www.youtube.com\\\/channel\\\/UCymAZYZHmPzh48cHLG6Nx4A\"]},{\"@type\":\"Person\",\"@id\":\"https:\\\/\\\/www.ucf.edu.cu\\\/#\\\/schema\\\/person\\\/1ab5c30ce7d7cff8d04e05d54e4467eb\",\"name\":\"Direcci\u00f3n de Comunicaci\u00f3n Institucional\",\"image\":{\"@type\":\"ImageObject\",\"inLanguage\":\"es\",\"@id\":\"https:\\\/\\\/secure.gravatar.com\\\/avatar\\\/df7a6ffea67205b2cec0557fac1b1c99168521f981217db8876f424e9d334540?s=96&d=mm&r=g\",\"url\":\"https:\\\/\\\/secure.gravatar.com\\\/avatar\\\/df7a6ffea67205b2cec0557fac1b1c99168521f981217db8876f424e9d334540?s=96&d=mm&r=g\",\"contentUrl\":\"https:\\\/\\\/secure.gravatar.com\\\/avatar\\\/df7a6ffea67205b2cec0557fac1b1c99168521f981217db8876f424e9d334540?s=96&d=mm&r=g\",\"caption\":\"Direcci\u00f3n de Comunicaci\u00f3n Institucional\"}}]}<\/script>\n<!-- \/ Yoast SEO plugin. -->","yoast_head_json":{"title":"Entra en vigor nueva norma econ\u00f3mica en Cuba - Universidad de Cienfuegos","description":"Noticias del \u00e1mbito universitario de la casa de altos estudios de Cienfuegos. Adem\u00e1s se muestran noticias del acontecer nacional e internacional de mayor relevancia.","robots":{"index":"index","follow":"follow","max-snippet":"max-snippet:-1","max-image-preview":"max-image-preview:large","max-video-preview":"max-video-preview:-1"},"canonical":"https:\/\/www.ucf.edu.cu\/?p=18700","og_locale":"es_ES","og_type":"article","og_title":"Entra en vigor nueva norma econ\u00f3mica en Cuba - Universidad de Cienfuegos","og_description":"Noticias del \u00e1mbito universitario de la casa de altos estudios de Cienfuegos. Adem\u00e1s se muestran noticias del acontecer nacional e internacional de mayor relevancia.","og_url":"https:\/\/www.ucf.edu.cu\/?p=18700","og_site_name":"Universidad de Cienfuegos","article_publisher":"https:\/\/www.facebook.com\/ucfgos\/","article_published_time":"2024-07-01T12:33:09+00:00","article_modified_time":"2024-07-01T12:43:10+00:00","og_image":[{"width":800,"height":428,"url":"https:\/\/www.ucf.edu.cu\/wp-content\/uploads\/2024\/07\/gaceta-oficial-cuba-1.jpg","type":"image\/jpeg"}],"author":"Direcci\u00f3n de Comunicaci\u00f3n Institucional","twitter_card":"summary_large_image","twitter_creator":"@ucfgos","twitter_site":"@ucfgos","twitter_misc":{"Escrito por":"Direcci\u00f3n de Comunicaci\u00f3n Institucional","Tiempo de lectura":"2 minutos"},"schema":{"@context":"https:\/\/schema.org","@graph":[{"@type":"Article","@id":"https:\/\/www.ucf.edu.cu\/?p=18700#article","isPartOf":{"@id":"https:\/\/www.ucf.edu.cu\/?p=18700"},"author":{"name":"Direcci\u00f3n de Comunicaci\u00f3n Institucional","@id":"https:\/\/www.ucf.edu.cu\/#\/schema\/person\/1ab5c30ce7d7cff8d04e05d54e4467eb"},"headline":"Entra en vigor nueva norma econ\u00f3mica en Cuba","datePublished":"2024-07-01T12:33:09+00:00","dateModified":"2024-07-01T12:43:10+00:00","mainEntityOfPage":{"@id":"https:\/\/www.ucf.edu.cu\/?p=18700"},"wordCount":274,"commentCount":0,"publisher":{"@id":"https:\/\/www.ucf.edu.cu\/#organization"},"image":{"@id":"https:\/\/www.ucf.edu.cu\/?p=18700#primaryimage"},"thumbnailUrl":"https:\/\/www.ucf.edu.cu\/wp-content\/uploads\/2024\/07\/gaceta-oficial-cuba-1.jpg","articleSection":["Noticias"],"inLanguage":"es","potentialAction":[{"@type":"CommentAction","name":"Comment","target":["https:\/\/www.ucf.edu.cu\/?p=18700#respond"]}]},{"@type":"WebPage","@id":"https:\/\/www.ucf.edu.cu\/?p=18700","url":"https:\/\/www.ucf.edu.cu\/?p=18700","name":"Entra en vigor nueva norma econ\u00f3mica en Cuba - Universidad de Cienfuegos","isPartOf":{"@id":"https:\/\/www.ucf.edu.cu\/#website"},"primaryImageOfPage":{"@id":"https:\/\/www.ucf.edu.cu\/?p=18700#primaryimage"},"image":{"@id":"https:\/\/www.ucf.edu.cu\/?p=18700#primaryimage"},"thumbnailUrl":"https:\/\/www.ucf.edu.cu\/wp-content\/uploads\/2024\/07\/gaceta-oficial-cuba-1.jpg","datePublished":"2024-07-01T12:33:09+00:00","dateModified":"2024-07-01T12:43:10+00:00","description":"Noticias del \u00e1mbito universitario de la casa de altos estudios de Cienfuegos. Adem\u00e1s se muestran noticias del acontecer nacional e internacional de mayor relevancia.","breadcrumb":{"@id":"https:\/\/www.ucf.edu.cu\/?p=18700#breadcrumb"},"inLanguage":"es","potentialAction":[{"@type":"ReadAction","target":["https:\/\/www.ucf.edu.cu\/?p=18700"]}]},{"@type":"ImageObject","inLanguage":"es","@id":"https:\/\/www.ucf.edu.cu\/?p=18700#primaryimage","url":"https:\/\/www.ucf.edu.cu\/wp-content\/uploads\/2024\/07\/gaceta-oficial-cuba-1.jpg","contentUrl":"https:\/\/www.ucf.edu.cu\/wp-content\/uploads\/2024\/07\/gaceta-oficial-cuba-1.jpg","width":800,"height":428},{"@type":"BreadcrumbList","@id":"https:\/\/www.ucf.edu.cu\/?p=18700#breadcrumb","itemListElement":[{"@type":"ListItem","position":1,"name":"Portada","item":"https:\/\/www.ucf.edu.cu\/"},{"@type":"ListItem","position":2,"name":"Entra en vigor nueva norma econ\u00f3mica en Cuba"}]},{"@type":"WebSite","@id":"https:\/\/www.ucf.edu.cu\/#website","url":"https:\/\/www.ucf.edu.cu\/","name":"Universidad de Cienfuegos","description":"Portal Web Universidad de Cienfuegos","publisher":{"@id":"https:\/\/www.ucf.edu.cu\/#organization"},"alternateName":"Portal institucional de la UCf","potentialAction":[{"@type":"SearchAction","target":{"@type":"EntryPoint","urlTemplate":"https:\/\/www.ucf.edu.cu\/?s={search_term_string}"},"query-input":{"@type":"PropertyValueSpecification","valueRequired":true,"valueName":"search_term_string"}}],"inLanguage":"es"},{"@type":"Organization","@id":"https:\/\/www.ucf.edu.cu\/#organization","name":"Universidad de Cienfuegos","url":"https:\/\/www.ucf.edu.cu\/","logo":{"@type":"ImageObject","inLanguage":"es","@id":"https:\/\/www.ucf.edu.cu\/#\/schema\/logo\/image\/","url":"https:\/\/www.ucf.edu.cu\/wp-content\/uploads\/2020\/11\/fe77b047cf65bbf66915926fa3c00c93_L.jpg","contentUrl":"https:\/\/www.ucf.edu.cu\/wp-content\/uploads\/2020\/11\/fe77b047cf65bbf66915926fa3c00c93_L.jpg","width":1000,"height":763,"caption":"Universidad de Cienfuegos"},"image":{"@id":"https:\/\/www.ucf.edu.cu\/#\/schema\/logo\/image\/"},"sameAs":["https:\/\/www.facebook.com\/ucfgos\/","https:\/\/x.com\/ucfgos","https:\/\/www.instagram.com\/ucfgos","https:\/\/www.youtube.com\/channel\/UCymAZYZHmPzh48cHLG6Nx4A"]},{"@type":"Person","@id":"https:\/\/www.ucf.edu.cu\/#\/schema\/person\/1ab5c30ce7d7cff8d04e05d54e4467eb","name":"Direcci\u00f3n de Comunicaci\u00f3n Institucional","image":{"@type":"ImageObject","inLanguage":"es","@id":"https:\/\/secure.gravatar.com\/avatar\/df7a6ffea67205b2cec0557fac1b1c99168521f981217db8876f424e9d334540?s=96&d=mm&r=g","url":"https:\/\/secure.gravatar.com\/avatar\/df7a6ffea67205b2cec0557fac1b1c99168521f981217db8876f424e9d334540?s=96&d=mm&r=g","contentUrl":"https:\/\/secure.gravatar.com\/avatar\/df7a6ffea67205b2cec0557fac1b1c99168521f981217db8876f424e9d334540?s=96&d=mm&r=g","caption":"Direcci\u00f3n de Comunicaci\u00f3n Institucional"}}]}},"_links":{"self":[{"href":"https:\/\/www.ucf.edu.cu\/index.php?rest_route=\/wp\/v2\/posts\/18700","targetHints":{"allow":["GET"]}}],"collection":[{"href":"https:\/\/www.ucf.edu.cu\/index.php?rest_route=\/wp\/v2\/posts"}],"about":[{"href":"https:\/\/www.ucf.edu.cu\/index.php?rest_route=\/wp\/v2\/types\/post"}],"author":[{"embeddable":true,"href":"https:\/\/www.ucf.edu.cu\/index.php?rest_route=\/wp\/v2\/users\/6"}],"replies":[{"embeddable":true,"href":"https:\/\/www.ucf.edu.cu\/index.php?rest_route=%2Fwp%2Fv2%2Fcomments&post=18700"}],"version-history":[{"count":10,"href":"https:\/\/www.ucf.edu.cu\/index.php?rest_route=\/wp\/v2\/posts\/18700\/revisions"}],"predecessor-version":[{"id":18712,"href":"https:\/\/www.ucf.edu.cu\/index.php?rest_route=\/wp\/v2\/posts\/18700\/revisions\/18712"}],"wp:featuredmedia":[{"embeddable":true,"href":"https:\/\/www.ucf.edu.cu\/index.php?rest_route=\/wp\/v2\/media\/18701"}],"wp:attachment":[{"href":"https:\/\/www.ucf.edu.cu\/index.php?rest_route=%2Fwp%2Fv2%2Fmedia&parent=18700"}],"wp:term":[{"taxonomy":"category","embeddable":true,"href":"https:\/\/www.ucf.edu.cu\/index.php?rest_route=%2Fwp%2Fv2%2Fcategories&post=18700"},{"taxonomy":"post_tag","embeddable":true,"href":"https:\/\/www.ucf.edu.cu\/index.php?rest_route=%2Fwp%2Fv2%2Ftags&post=18700"}],"curies":[{"name":"wp","href":"https:\/\/api.w.org\/{rel}","templated":true}]}}