{"id":18713,"date":"2024-07-01T13:00:00","date_gmt":"2024-07-01T13:00:00","guid":{"rendered":"https:\/\/www.ucf.edu.cu\/?p=18713"},"modified":"2024-07-01T13:24:13","modified_gmt":"2024-07-01T13:24:13","slug":"somos-el-puente-entre-el-pasado-y-el-futuro","status":"publish","type":"post","link":"https:\/\/www.ucf.edu.cu\/?p=18713","title":{"rendered":"\u201dSomos el puente entre el pasado y el futuro\u201d"},"content":{"rendered":"\t\t<div data-elementor-type=\"wp-post\" data-elementor-id=\"18713\" class=\"elementor elementor-18713\">\n\t\t\t\t\t\t<section class=\"elementor-section elementor-top-section elementor-element elementor-element-e23648d elementor-section-boxed elementor-section-height-default elementor-section-height-default\" data-id=\"e23648d\" data-element_type=\"section\" data-e-type=\"section\">\n\t\t\t\t\t\t<div class=\"elementor-container elementor-column-gap-default\">\n\t\t\t\t\t<div class=\"elementor-column elementor-col-100 elementor-top-column elementor-element elementor-element-0ec1500\" data-id=\"0ec1500\" data-element_type=\"column\" data-e-type=\"column\">\n\t\t\t<div class=\"elementor-widget-wrap elementor-element-populated\">\n\t\t\t\t\t\t<div class=\"elementor-element elementor-element-1c474d4 elementor-widget elementor-widget-text-editor\" data-id=\"1c474d4\" data-element_type=\"widget\" data-e-type=\"widget\" data-widget_type=\"text-editor.default\">\n\t\t\t\t<div class=\"elementor-widget-container\">\n\t\t\t\t\t\t\t\t\t<p>Al iniciar el mes de julio, Cuba celebra el d\u00eda del historiador. A prop\u00f3sito de la serie para las redes sociales de #MiCasaUCf, titulada \u201cProtagonistas\u201d nos acercamos a la profesora Mar\u00eda del Carmen Varela Piloto, una figura destacada en el \u00e1mbito acad\u00e9mico de la Universidad de Cienfuegos. Su pasi\u00f3n por la historia y su compromiso con la formaci\u00f3n de las nuevas generaciones la han convertido en un faro de inspiraci\u00f3n para estudiantes y colegas por igual.<\/p><p>Mar\u00eda del Carmen, con gran entusiasmo, comparti\u00f3 sus reflexiones sobre su trayectoria como docente universitaria. \u201cComenc\u00e9 oficialmente mi labor en la Universidad de Cienfuegos en el a\u00f1o 2000\u201d, nos cuenta. \u201cDesde entonces, he desempe\u00f1ado responsabilidades importantes y he participado activamente con mis alumnos. He compartido momentos cruciales en su desarrollo profesional, colaborando en sus tesis, investigaciones y pr\u00e1cticas laborales\u201d.<\/p><p>La profesora Varela Piloto no solo se limita a la ense\u00f1anza en el aula. Su compromiso va m\u00e1s all\u00e1. \u201cHe estado siempre activa\u201d, enfatiza. \u201cNo solo con los alumnos, sino tambi\u00e9n con los profesores j\u00f3venes que se incorporan a la universidad. El intercambio con ellos me ha aportado una valiosa cantidad de experiencias. Me han contagiado su alegr\u00eda juvenil y me han desafiado a pensar en sus t\u00e9rminos, a estar a la altura de estos tiempos cambiantes\u201d.<\/p><p>Tambi\u00e9n menciona los momentos dif\u00edciles. \u201cHe estado all\u00ed cuando han enfrentado obst\u00e1culos, cuando han dudado o se han sentido abrumados. Pero tambi\u00e9n he sido testigo de su resiliencia, de c\u00f3mo se levantan y siguen adelante. Eso me llena de satisfacci\u00f3n y me hace sentir parte activa de esta comunidad universitaria\u201d.<\/p><p>Ha dedicado m\u00e1s de dos d\u00e9cadas a su profesi\u00f3n en los predios de la UCf. No solo como docente, sino tambi\u00e9n como estudiante de maestr\u00eda y doctorado en la misma instituci\u00f3n. Su estrecha vinculaci\u00f3n con la universidad al pertenecer a otra instituci\u00f3n y su compromiso con el crecimiento profesional la han convertido en un referente de las cualidades que se necesitan en este \u00e1mbito.<\/p><p>En un mundo convulso, donde la pandemia del COVID-19, las crisis econ\u00f3micas y las tensiones geopol\u00edticas se entrelazan, los profesores universitarios enfrentan un reto sin precedentes. \u201cImpartir clases en estos tiempos es un desaf\u00edo\u201d, afirm\u00f3. \u201cLa incertidumbre global afecta a todos, pero tambi\u00e9n nos brinda oportunidades. La actualizaci\u00f3n constante es esencial para compartir con mis alumnos las discusiones y reflexiones sobre los problemas actuales\u201d.<\/p><p>Como conductora de an\u00e1lisis, Mar\u00eda del Carmen gu\u00eda a sus estudiantes. \u201cLos ayudo a encontrar informaci\u00f3n relevante, a expresar sus inquietudes y preocupaciones. Su participaci\u00f3n enriquece nuestras clases y nos alerta sobre los peligros que enfrentamos. Trabajamos no solo como profesores, sino tambi\u00e9n como formadores de historiadores\u201d.<\/p><p>El reto es grande, pero Mar\u00eda del Carmen lo asume con pasi\u00f3n. \u201cNos sentimos \u00fatiles\u201d, concluy\u00f3. \u201cSomos parte de la confianza revolucionaria para formar profesionales comprometidos con la sociedad. Somos el puente entre el pasado y el futuro\u201d.<\/p><p>Mar\u00eda del Carmen Varela Piloto, con su dedicaci\u00f3n y visi\u00f3n, sigue dejando huella en la historia de nuestra Alma Mater Sure\u00f1a.<\/p><p><em><strong>Elaborado por la Direcci\u00f3n de Comunicaci\u00f3n Institucional.<\/strong><\/em><\/p><p>\u00a0<\/p>\t\t\t\t\t\t\t\t<\/div>\n\t\t\t\t<\/div>\n\t\t\t\t\t<\/div>\n\t\t<\/div>\n\t\t\t\t\t<\/div>\n\t\t<\/section>\n\t\t\t\t<\/div>\n\t\t","protected":false},"excerpt":{"rendered":"<p>Al iniciar el mes de julio, Cuba celebra el d\u00eda del historiador. A prop\u00f3sito de la serie para las redes sociales de #MiCasaUCf, titulada \u201cProtagonistas\u201d nos acercamos a la profesora Mar\u00eda del<a class=\"moretag\" href=\"https:\/\/www.ucf.edu.cu\/?p=18713\">Leer m\u00e1s&#8230;<\/a><\/p>\n","protected":false},"author":6,"featured_media":18724,"comment_status":"open","ping_status":"open","sticky":false,"template":"","format":"standard","meta":{"footnotes":""},"categories":[6],"tags":[],"class_list":["post-18713","post","type-post","status-publish","format-standard","has-post-thumbnail","hentry","category-noticias"],"_links":{"self":[{"href":"https:\/\/www.ucf.edu.cu\/index.php?rest_route=\/wp\/v2\/posts\/18713","targetHints":{"allow":["GET"]}}],"collection":[{"href":"https:\/\/www.ucf.edu.cu\/index.php?rest_route=\/wp\/v2\/posts"}],"about":[{"href":"https:\/\/www.ucf.edu.cu\/index.php?rest_route=\/wp\/v2\/types\/post"}],"author":[{"embeddable":true,"href":"https:\/\/www.ucf.edu.cu\/index.php?rest_route=\/wp\/v2\/users\/6"}],"replies":[{"embeddable":true,"href":"https:\/\/www.ucf.edu.cu\/index.php?rest_route=%2Fwp%2Fv2%2Fcomments&post=18713"}],"version-history":[{"count":5,"href":"https:\/\/www.ucf.edu.cu\/index.php?rest_route=\/wp\/v2\/posts\/18713\/revisions"}],"predecessor-version":[{"id":18725,"href":"https:\/\/www.ucf.edu.cu\/index.php?rest_route=\/wp\/v2\/posts\/18713\/revisions\/18725"}],"wp:featuredmedia":[{"embeddable":true,"href":"https:\/\/www.ucf.edu.cu\/index.php?rest_route=\/wp\/v2\/media\/18724"}],"wp:attachment":[{"href":"https:\/\/www.ucf.edu.cu\/index.php?rest_route=%2Fwp%2Fv2%2Fmedia&parent=18713"}],"wp:term":[{"taxonomy":"category","embeddable":true,"href":"https:\/\/www.ucf.edu.cu\/index.php?rest_route=%2Fwp%2Fv2%2Fcategories&post=18713"},{"taxonomy":"post_tag","embeddable":true,"href":"https:\/\/www.ucf.edu.cu\/index.php?rest_route=%2Fwp%2Fv2%2Ftags&post=18713"}],"curies":[{"name":"wp","href":"https:\/\/api.w.org\/{rel}","templated":true}]}}