{"id":19053,"date":"2024-07-15T14:58:15","date_gmt":"2024-07-15T14:58:15","guid":{"rendered":"https:\/\/www.ucf.edu.cu\/?p=19053"},"modified":"2024-07-15T15:04:26","modified_gmt":"2024-07-15T15:04:26","slug":"la-universidad-de-cienfuegos-vive-constantemente-en-mi","status":"publish","type":"post","link":"https:\/\/www.ucf.edu.cu\/?p=19053","title":{"rendered":"\u201cLa Universidad de Cienfuegos vive constantemente en m\u00ed\u201d"},"content":{"rendered":"\t\t<div data-elementor-type=\"wp-post\" data-elementor-id=\"19053\" class=\"elementor elementor-19053\">\n\t\t\t\t\t\t<section class=\"elementor-section elementor-top-section elementor-element elementor-element-9b51be6 elementor-section-boxed elementor-section-height-default elementor-section-height-default\" data-id=\"9b51be6\" data-element_type=\"section\" data-e-type=\"section\">\n\t\t\t\t\t\t<div class=\"elementor-container elementor-column-gap-default\">\n\t\t\t\t\t<div class=\"elementor-column elementor-col-100 elementor-top-column elementor-element elementor-element-01ec4dc\" data-id=\"01ec4dc\" data-element_type=\"column\" data-e-type=\"column\">\n\t\t\t<div class=\"elementor-widget-wrap elementor-element-populated\">\n\t\t\t\t\t\t<div class=\"elementor-element elementor-element-260f3f2 elementor-widget elementor-widget-text-editor\" data-id=\"260f3f2\" data-element_type=\"widget\" data-e-type=\"widget\" data-widget_type=\"text-editor.default\">\n\t\t\t\t<div class=\"elementor-widget-container\">\n\t\t\t\t\t\t\t\t\t<p>En los pasillos de la Universidad de Cienfuegos, cada momento y cada persona se entrelazan con cari\u00f1o y significado. Para Alegna Jacomino, estos recuerdos son tesoros que han marcado su vida, desde sus d\u00edas como estudiante hasta su papel como docente, directiva e investigadora.<\/p><p>\u201cQue mi universidad me haya tenido en cuenta para este lindo homenaje en su Aniversario 45 a trav\u00e9s de la serie \u00abProtagonistas\u00bb significa una verdadera emoci\u00f3n. Es como pertenecer a una gran familia a la cual no solo le debes que te haya ayudado y visto crecer, sino que te recuerda en cada fecha se\u00f1alada o aniversario para hacerte saber que le perteneces.\u201d<\/p><p>Estas palabras de la profesora Jacomino encapsulan la esencia de la Universidad de Cienfuegos. M\u00e1s que un lugar de estudios, es un hogar donde las conexiones trascienden las aulas y se convierten en lazos indelebles. Alegna recuerda momentos que marcaron su camino: los ex\u00e1menes de suficiencia, el apoyo del profesor Dictinio, la pasi\u00f3n del profesor Pulido en las clases de Historia de Cuba, el pud\u00edn de guayaba de la profesora Adianez y los almuerzos en el Parque de los Suspiros, donde la cotidianidad se mezclaba con la a\u00f1oranza.<\/p><p>\u201cLa Universidad de Cienfuegos es crucial en mi vida. Me form\u00f3 en mis estudios de pregrado y parte del posgrado, pero m\u00e1s all\u00e1 de eso me dio la posibilidad para continuar creciendo profesionalmente. Me dio madurez investigativa, me ense\u00f1\u00f3 a hacer ciencia desde su ciencia, y me prepar\u00f3 como profesora y cuadro.\u201d<\/p><p>\u201cNo ser\u00eda capaz de seleccionar alguno del lugar donde cada d\u00eda fue un reto de aprendizaje, de cari\u00f1o y mucho amor entre profesores primero, luego colegas que hicieron de mis 17 a\u00f1os transcurridos en #MiCasaUCf, los mejores de mi etapa estudiantil y laboral.\u201d<\/p><p>Alegna dirige su mirada hacia los j\u00f3venes y les recuerda que la UCf es un faro de oportunidades, un lugar donde la ciencia y la formaci\u00f3n se entrelazan. El claustro, a pesar de la juventud de la universidad, est\u00e1 consolidado y comprometido con la excelencia.<\/p><p>\u201cEl estudiantado actual de la Universidad cienfueguera debe aprovechar cada espacio que le brinda la instituci\u00f3n en cualquiera de sus aristas, la formativa, investigativa o extensionista, para crecer y lograr la madurez integral que necesita el pa\u00eds con un joven cubano de estos tiempos.\u201d<\/p><p>La universidad no solo nutri\u00f3 su mente, sino tambi\u00e9n su esp\u00edritu. Alegna se convirti\u00f3 en una investigadora apasionada, una docente comprometida y una l\u00edder en potencia. Las relaciones que forj\u00f3 en esos pasillos siguen acompa\u00f1\u00e1ndola, record\u00e1ndole que su historia est\u00e1 entrelazada con la de la instituci\u00f3n. \u201cLa Universidad de Cienfuegos vive constantemente en m\u00ed.\u201d<\/p><p>En este aniversario 45, la Universidad de Cienfuegos sigue brillando con orgullo. Es m\u00e1s que un lugar de estudios; es un legado de pasi\u00f3n y crecimiento. Alegna, con gratitud y emoci\u00f3n, celebra a su casa UCf.<\/p><p>\u201cA mi universidad le deseo que siga aspirando a ser una universidad de excelencia, que el progreso diario ser\u00e1 la clave para escalar al m\u00e1s alto pelda\u00f1o. Que encienda todas las velitas porque as\u00ed lo ha merecido y que siga inspirando a un pa\u00eds como esa universidad peque\u00f1a y joven pero que arrastra una ciencia como pocas.\u201d<\/p><p><em><strong>Elaborado por la Direcci\u00f3n de Comunicaci\u00f3n Institucional.\u00a0<\/strong><\/em><\/p><p>\u00a0<\/p>\t\t\t\t\t\t\t\t<\/div>\n\t\t\t\t<\/div>\n\t\t\t\t\t<\/div>\n\t\t<\/div>\n\t\t\t\t\t<\/div>\n\t\t<\/section>\n\t\t\t\t<\/div>\n\t\t","protected":false},"excerpt":{"rendered":"<p>En los pasillos de la Universidad de Cienfuegos, cada momento y cada persona se entrelazan con cari\u00f1o y significado. Para Alegna Jacomino, estos recuerdos son tesoros que han marcado su vida, desde<a class=\"moretag\" href=\"https:\/\/www.ucf.edu.cu\/?p=19053\">Leer m\u00e1s&#8230;<\/a><\/p>\n","protected":false},"author":6,"featured_media":19060,"comment_status":"open","ping_status":"open","sticky":false,"template":"","format":"standard","meta":{"footnotes":""},"categories":[6],"tags":[],"class_list":["post-19053","post","type-post","status-publish","format-standard","has-post-thumbnail","hentry","category-noticias"],"_links":{"self":[{"href":"https:\/\/www.ucf.edu.cu\/index.php?rest_route=\/wp\/v2\/posts\/19053","targetHints":{"allow":["GET"]}}],"collection":[{"href":"https:\/\/www.ucf.edu.cu\/index.php?rest_route=\/wp\/v2\/posts"}],"about":[{"href":"https:\/\/www.ucf.edu.cu\/index.php?rest_route=\/wp\/v2\/types\/post"}],"author":[{"embeddable":true,"href":"https:\/\/www.ucf.edu.cu\/index.php?rest_route=\/wp\/v2\/users\/6"}],"replies":[{"embeddable":true,"href":"https:\/\/www.ucf.edu.cu\/index.php?rest_route=%2Fwp%2Fv2%2Fcomments&post=19053"}],"version-history":[{"count":4,"href":"https:\/\/www.ucf.edu.cu\/index.php?rest_route=\/wp\/v2\/posts\/19053\/revisions"}],"predecessor-version":[{"id":19058,"href":"https:\/\/www.ucf.edu.cu\/index.php?rest_route=\/wp\/v2\/posts\/19053\/revisions\/19058"}],"wp:featuredmedia":[{"embeddable":true,"href":"https:\/\/www.ucf.edu.cu\/index.php?rest_route=\/wp\/v2\/media\/19060"}],"wp:attachment":[{"href":"https:\/\/www.ucf.edu.cu\/index.php?rest_route=%2Fwp%2Fv2%2Fmedia&parent=19053"}],"wp:term":[{"taxonomy":"category","embeddable":true,"href":"https:\/\/www.ucf.edu.cu\/index.php?rest_route=%2Fwp%2Fv2%2Fcategories&post=19053"},{"taxonomy":"post_tag","embeddable":true,"href":"https:\/\/www.ucf.edu.cu\/index.php?rest_route=%2Fwp%2Fv2%2Ftags&post=19053"}],"curies":[{"name":"wp","href":"https:\/\/api.w.org\/{rel}","templated":true}]}}