{"id":19114,"date":"2024-07-17T19:38:12","date_gmt":"2024-07-17T19:38:12","guid":{"rendered":"https:\/\/www.ucf.edu.cu\/?p=19114"},"modified":"2024-07-17T19:42:56","modified_gmt":"2024-07-17T19:42:56","slug":"emoji-sticker-y-emoticon-no-significan-lo-mismo","status":"publish","type":"post","link":"https:\/\/www.ucf.edu.cu\/?p=19114","title":{"rendered":"Emoji, Sticker y Emotic\u00f3n no significan lo mismo"},"content":{"rendered":"\t\t<div data-elementor-type=\"wp-post\" data-elementor-id=\"19114\" class=\"elementor elementor-19114\">\n\t\t\t\t\t\t<section class=\"elementor-section elementor-top-section elementor-element elementor-element-91b09b1 elementor-section-boxed elementor-section-height-default elementor-section-height-default\" data-id=\"91b09b1\" data-element_type=\"section\" data-e-type=\"section\">\n\t\t\t\t\t\t<div class=\"elementor-container elementor-column-gap-default\">\n\t\t\t\t\t<div class=\"elementor-column elementor-col-100 elementor-top-column elementor-element elementor-element-72e7d93\" data-id=\"72e7d93\" data-element_type=\"column\" data-e-type=\"column\">\n\t\t\t<div class=\"elementor-widget-wrap elementor-element-populated\">\n\t\t\t\t\t\t<div class=\"elementor-element elementor-element-ce2104d elementor-widget elementor-widget-text-editor\" data-id=\"ce2104d\" data-element_type=\"widget\" data-e-type=\"widget\" data-widget_type=\"text-editor.default\">\n\t\t\t\t<div class=\"elementor-widget-container\">\n\t\t\t\t\t\t\t\t\t<p>En la era digital, la comunicaci\u00f3n evolucion\u00f3 m\u00e1s all\u00e1 de las palabras escritas.<\/p><p>Hoy se celebra el\u00a0D\u00eda Mundial del Emoji, dedicado a dar reconocimiento a esas bonitas caritas que facilitan nuestra comunicaci\u00f3n digital y hacen m\u00e1s sencillo expresar nuestras emociones.<\/p><p>S\u00ed,\u00a0emoji, sticker y emotic\u00f3n no significan lo mismo, y no son lo mismo, sin embargo, es com\u00fan utilizar estas palabras como sin\u00f3nimos, pero esto es errado,\u00a0 aunque la confusi\u00f3n es entendible \u00bfpor qu\u00e9 sucede esto? Bueno,\u00a0aqu\u00ed te explicamos cu\u00e1l es la diferencia entre ambos.\u00a0<\/p><p>\u00bfQue es un emotic\u00f3n?\u00a0<br \/>Los emoticones son signos de puntuaci\u00f3n, letras y n\u00fameros que se utilizan para crear \u00edconos pict\u00f3ricos que generalmente denotan una emoci\u00f3n o un sentimiento, seg\u00fan la enciclopedia Britannica, y el nombre \u00abemotic\u00f3n\u00bb significa \u00abicono emocional\u00bb. Generalmente, y debido a los l\u00edmites de nuestros teclados, los caritas formadas por los signos deben leerse de lado.\u00a0<\/p><p>Seg\u00fan la enciclopedia citada, los emoticones surgieron en la Universidad Canegie Mellon en 1982, gracias a una broma fallida. Los estudiantes publicaron un anuncio acerca de un derrame de mercurio, completamente falso en el tablero de mensajes, lo que cimbr\u00f3 el p\u00e1nico entre la comunidad estudiantil.\u00a0<\/p><p>Luego de esta confusi\u00f3n, el director de la universidad, el Dr. Scott E. Fahlman sugiri\u00f3 que los anuncios estuvieran marcadas por conjuntos de caracteres que ahora conocemos como los emoticones est\u00e1ndar y que formaban la carita feliz \ud83d\ude42 y la carita triste \ud83d\ude41 y que diferenciaban las bromas de los mensajes que no lo eran. Luego de eso, estos s\u00edmbolos tomaron fuerza en el intercambio de mensajes v\u00eda m\u00f3vil y v\u00eda internet y se popularizaron en todo el mundo.\u00a0<\/p><p><img fetchpriority=\"high\" decoding=\"async\" class=\"size-medium wp-image-19117 aligncenter\" src=\"https:\/\/www.ucf.edu.cu\/wp-content\/uploads\/2024\/07\/emojisjpg-300x200.jpg\" alt=\"\" width=\"300\" height=\"200\" srcset=\"https:\/\/www.ucf.edu.cu\/wp-content\/uploads\/2024\/07\/emojisjpg-300x200.jpg 300w, https:\/\/www.ucf.edu.cu\/wp-content\/uploads\/2024\/07\/emojisjpg.jpg 690w\" sizes=\"(max-width: 300px) 100vw, 300px\" \/><\/p><p>\u00bfQu\u00e9 es un emoji?\u00a0<br \/>Los emojis son un invento un poco m\u00e1s reciente. Su nombre se compone de las palabras, en japon\u00e9s e, que significa imagen, y moji, personaje y son pictograf\u00edas de caras, objetos y s\u00edmbolos que con el tiempo se fueron dividiendo en secciones, gracias a Apple, como la de las expresiones, que nos ayudan a mostrar nuestras emociones y las familias, las construcciones, los animales y la naturaleza, la comida, y otro tipo de s\u00f3mbolos, para ilustrar lo que estamos diciendo o incluso, reemplazar palabras.\u00a0<\/p><p>Fueron inventados por Shigetaha Kurita en 1999 y estaban destinados en un principio a una base de usuarios japonesa y los primeros que se crearon, eran muy simples, de 12 p\u00edxeles por 12 p\u00edxeles y estaban inspirados en el manga y los personajes de Kanji.\u00a0<\/p><p>Seg\u00fan relata Britanicca, Apple ocult\u00f3 un teclado con estas figuras para atraer al p\u00fablico japon\u00e9s, sin embargo, los usuarios norteamericanos lo descubrieron de inmediato, por lo que comenzaron a usarlos. Ahora, los emoji est\u00e1n disponibles para casi todas las apps de mensajer\u00eda y, si bien las aplicaciones tienen estilos diferentes, Unicode los regula y pueden traducirse a trav\u00e9s de plataformas, por lo que un usuario de iPhone puede recibir los exclusivos de los Samsung Galaxy.\u00a0<\/p><p><img decoding=\"async\" class=\"size-medium wp-image-19118 aligncenter\" src=\"https:\/\/www.ucf.edu.cu\/wp-content\/uploads\/2024\/07\/pegatinas-estudio-escolar_444196-16145-300x240.jpg\" alt=\"\" width=\"300\" height=\"240\" srcset=\"https:\/\/www.ucf.edu.cu\/wp-content\/uploads\/2024\/07\/pegatinas-estudio-escolar_444196-16145-300x240.jpg 300w, https:\/\/www.ucf.edu.cu\/wp-content\/uploads\/2024\/07\/pegatinas-estudio-escolar_444196-16145.jpg 626w\" sizes=\"(max-width: 300px) 100vw, 300px\" \/><\/p><p>\u00bfQue es un sticker?\u00a0<\/p><p>Los\u00a0stickers\u00a0ofrecen una\u00a0expresi\u00f3n m\u00e1s detallada\u00a0en comparaci\u00f3n con los\u00a0emojis.\u00a0Mientras que los emojis son limitados en su representaci\u00f3n visual, los stickers permiten\u00a0transmitir emociones\u00a0y\u00a0conceptos con mayor profundidad.\u00a0Los detalles en los stickers, como gestos, escenarios y expresiones faciales, brindan una forma m\u00e1s precisa de comunicar sentimientos y situaciones complejas.<\/p><p>Permiten a los usuarios crear un sentido de identidad \u00fanico al elegir pegatinas que se adapten a su estilo y personalidad. Adem\u00e1s, la posibilidad de crear y compartir stickers personalizados brinda una dimensi\u00f3n de autenticidad a las conversaciones.<\/p><p>A menudo representan\u00a0personajes, escenarios\u00a0y\u00a0objetos\u00a0que pueden ser utilizados para\u00a0contar historias\u00a0o\u00a0establecer un contexto espec\u00edfico\u00a0en una conversaci\u00f3n. A diferencia de los emojis, que son\u00a0m\u00e1s abstractos y generales,\u00a0los stickers pueden a\u00f1adir un toque\u00a0narrativo\u00a0a las interacciones, haciendo que la comunicaci\u00f3n sea m\u00e1s v\u00edvida y cautivadora.<\/p><p><img decoding=\"async\" class=\"size-medium wp-image-19119 aligncenter\" src=\"https:\/\/www.ucf.edu.cu\/wp-content\/uploads\/2024\/07\/69-300x169.jpg\" alt=\"\" width=\"300\" height=\"169\" srcset=\"https:\/\/www.ucf.edu.cu\/wp-content\/uploads\/2024\/07\/69-300x169.jpg 300w, https:\/\/www.ucf.edu.cu\/wp-content\/uploads\/2024\/07\/69-1024x576.jpg 1024w, https:\/\/www.ucf.edu.cu\/wp-content\/uploads\/2024\/07\/69-768x432.jpg 768w, https:\/\/www.ucf.edu.cu\/wp-content\/uploads\/2024\/07\/69.jpg 1280w\" sizes=\"(max-width: 300px) 100vw, 300px\" \/><\/p><p>Los\u00a0emojis\u00a0revolucionaron la forma en que\u00a0expresamos emociones\u00a0y\u00a0conceptos\u00a0en mensajes de texto,\u00a0redes sociales\u00a0y comunicaci\u00f3n en l\u00ednea en general. Estos caracteres visuales se convirtieron en un\u00a0lenguaje universal\u00a0que trascendi\u00f3 las\u00a0barreras\u00a0de la expresi\u00f3n\u00a0en distintos idiomas.<\/p><p><em><strong>\u00a0Tomado de Internet.<\/strong><\/em><\/p>\t\t\t\t\t\t\t\t<\/div>\n\t\t\t\t<\/div>\n\t\t\t\t\t<\/div>\n\t\t<\/div>\n\t\t\t\t\t<\/div>\n\t\t<\/section>\n\t\t\t\t<\/div>\n\t\t","protected":false},"excerpt":{"rendered":"<p>En la era digital, la comunicaci\u00f3n evolucion\u00f3 m\u00e1s all\u00e1 de las palabras escritas. Hoy se celebra el\u00a0D\u00eda Mundial del Emoji, dedicado a dar reconocimiento a esas bonitas caritas que facilitan nuestra comunicaci\u00f3n<a class=\"moretag\" href=\"https:\/\/www.ucf.edu.cu\/?p=19114\">Leer m\u00e1s&#8230;<\/a><\/p>\n","protected":false},"author":6,"featured_media":19115,"comment_status":"open","ping_status":"open","sticky":false,"template":"","format":"standard","meta":{"footnotes":""},"categories":[6],"tags":[],"class_list":["post-19114","post","type-post","status-publish","format-standard","has-post-thumbnail","hentry","category-noticias"],"yoast_head":"<!-- This site is optimized with the Yoast SEO plugin v27.4 - https:\/\/yoast.com\/product\/yoast-seo-wordpress\/ -->\n<title>Emoji, Sticker y Emotic\u00f3n no significan lo mismo - Universidad de Cienfuegos<\/title>\n<meta name=\"description\" content=\"Noticias del \u00e1mbito universitario de la casa de altos estudios de Cienfuegos. Adem\u00e1s se muestran noticias del acontecer nacional e internacional de mayor relevancia.\" \/>\n<meta name=\"robots\" content=\"index, follow, max-snippet:-1, max-image-preview:large, max-video-preview:-1\" \/>\n<link rel=\"canonical\" href=\"https:\/\/www.ucf.edu.cu\/?p=19114\" \/>\n<meta property=\"og:locale\" content=\"es_ES\" \/>\n<meta property=\"og:type\" content=\"article\" \/>\n<meta property=\"og:title\" content=\"Emoji, Sticker y Emotic\u00f3n no significan lo mismo - Universidad de Cienfuegos\" \/>\n<meta property=\"og:description\" content=\"Noticias del \u00e1mbito universitario de la casa de altos estudios de Cienfuegos. Adem\u00e1s se muestran noticias del acontecer nacional e internacional de mayor relevancia.\" \/>\n<meta property=\"og:url\" content=\"https:\/\/www.ucf.edu.cu\/?p=19114\" \/>\n<meta property=\"og:site_name\" content=\"Universidad de Cienfuegos\" \/>\n<meta property=\"article:publisher\" content=\"https:\/\/www.facebook.com\/ucfgos\/\" \/>\n<meta property=\"article:published_time\" content=\"2024-07-17T19:38:12+00:00\" \/>\n<meta property=\"article:modified_time\" content=\"2024-07-17T19:42:56+00:00\" \/>\n<meta property=\"og:image\" content=\"https:\/\/www.ucf.edu.cu\/wp-content\/uploads\/2024\/07\/2cd1f71a71659669c1c04699e3668774.jpg\" \/>\n\t<meta property=\"og:image:width\" content=\"735\" \/>\n\t<meta property=\"og:image:height\" content=\"490\" \/>\n\t<meta property=\"og:image:type\" content=\"image\/jpeg\" \/>\n<meta name=\"author\" content=\"Direcci\u00f3n de Comunicaci\u00f3n Institucional\" \/>\n<meta name=\"twitter:card\" content=\"summary_large_image\" \/>\n<meta name=\"twitter:creator\" content=\"@ucfgos\" \/>\n<meta name=\"twitter:site\" content=\"@ucfgos\" \/>\n<meta name=\"twitter:label1\" content=\"Escrito por\" \/>\n\t<meta name=\"twitter:data1\" content=\"Direcci\u00f3n de Comunicaci\u00f3n Institucional\" \/>\n\t<meta name=\"twitter:label2\" content=\"Tiempo de lectura\" \/>\n\t<meta name=\"twitter:data2\" content=\"4 minutos\" \/>\n<script type=\"application\/ld+json\" class=\"yoast-schema-graph\">{\"@context\":\"https:\\\/\\\/schema.org\",\"@graph\":[{\"@type\":\"Article\",\"@id\":\"https:\\\/\\\/www.ucf.edu.cu\\\/?p=19114#article\",\"isPartOf\":{\"@id\":\"https:\\\/\\\/www.ucf.edu.cu\\\/?p=19114\"},\"author\":{\"name\":\"Direcci\u00f3n de Comunicaci\u00f3n Institucional\",\"@id\":\"https:\\\/\\\/www.ucf.edu.cu\\\/#\\\/schema\\\/person\\\/1ab5c30ce7d7cff8d04e05d54e4467eb\"},\"headline\":\"Emoji, Sticker y Emotic\u00f3n no significan lo mismo\",\"datePublished\":\"2024-07-17T19:38:12+00:00\",\"dateModified\":\"2024-07-17T19:42:56+00:00\",\"mainEntityOfPage\":{\"@id\":\"https:\\\/\\\/www.ucf.edu.cu\\\/?p=19114\"},\"wordCount\":732,\"commentCount\":0,\"publisher\":{\"@id\":\"https:\\\/\\\/www.ucf.edu.cu\\\/#organization\"},\"image\":{\"@id\":\"https:\\\/\\\/www.ucf.edu.cu\\\/?p=19114#primaryimage\"},\"thumbnailUrl\":\"https:\\\/\\\/www.ucf.edu.cu\\\/wp-content\\\/uploads\\\/2024\\\/07\\\/2cd1f71a71659669c1c04699e3668774.jpg\",\"articleSection\":[\"Noticias\"],\"inLanguage\":\"es\",\"potentialAction\":[{\"@type\":\"CommentAction\",\"name\":\"Comment\",\"target\":[\"https:\\\/\\\/www.ucf.edu.cu\\\/?p=19114#respond\"]}]},{\"@type\":\"WebPage\",\"@id\":\"https:\\\/\\\/www.ucf.edu.cu\\\/?p=19114\",\"url\":\"https:\\\/\\\/www.ucf.edu.cu\\\/?p=19114\",\"name\":\"Emoji, Sticker y Emotic\u00f3n no significan lo mismo - Universidad de Cienfuegos\",\"isPartOf\":{\"@id\":\"https:\\\/\\\/www.ucf.edu.cu\\\/#website\"},\"primaryImageOfPage\":{\"@id\":\"https:\\\/\\\/www.ucf.edu.cu\\\/?p=19114#primaryimage\"},\"image\":{\"@id\":\"https:\\\/\\\/www.ucf.edu.cu\\\/?p=19114#primaryimage\"},\"thumbnailUrl\":\"https:\\\/\\\/www.ucf.edu.cu\\\/wp-content\\\/uploads\\\/2024\\\/07\\\/2cd1f71a71659669c1c04699e3668774.jpg\",\"datePublished\":\"2024-07-17T19:38:12+00:00\",\"dateModified\":\"2024-07-17T19:42:56+00:00\",\"description\":\"Noticias del \u00e1mbito universitario de la casa de altos estudios de Cienfuegos. Adem\u00e1s se muestran noticias del acontecer nacional e internacional de mayor relevancia.\",\"breadcrumb\":{\"@id\":\"https:\\\/\\\/www.ucf.edu.cu\\\/?p=19114#breadcrumb\"},\"inLanguage\":\"es\",\"potentialAction\":[{\"@type\":\"ReadAction\",\"target\":[\"https:\\\/\\\/www.ucf.edu.cu\\\/?p=19114\"]}]},{\"@type\":\"ImageObject\",\"inLanguage\":\"es\",\"@id\":\"https:\\\/\\\/www.ucf.edu.cu\\\/?p=19114#primaryimage\",\"url\":\"https:\\\/\\\/www.ucf.edu.cu\\\/wp-content\\\/uploads\\\/2024\\\/07\\\/2cd1f71a71659669c1c04699e3668774.jpg\",\"contentUrl\":\"https:\\\/\\\/www.ucf.edu.cu\\\/wp-content\\\/uploads\\\/2024\\\/07\\\/2cd1f71a71659669c1c04699e3668774.jpg\",\"width\":735,\"height\":490},{\"@type\":\"BreadcrumbList\",\"@id\":\"https:\\\/\\\/www.ucf.edu.cu\\\/?p=19114#breadcrumb\",\"itemListElement\":[{\"@type\":\"ListItem\",\"position\":1,\"name\":\"Portada\",\"item\":\"https:\\\/\\\/www.ucf.edu.cu\\\/\"},{\"@type\":\"ListItem\",\"position\":2,\"name\":\"Emoji, Sticker y Emotic\u00f3n no significan lo mismo\"}]},{\"@type\":\"WebSite\",\"@id\":\"https:\\\/\\\/www.ucf.edu.cu\\\/#website\",\"url\":\"https:\\\/\\\/www.ucf.edu.cu\\\/\",\"name\":\"Universidad de Cienfuegos\",\"description\":\"Portal Web Universidad de Cienfuegos\",\"publisher\":{\"@id\":\"https:\\\/\\\/www.ucf.edu.cu\\\/#organization\"},\"alternateName\":\"Portal institucional de la UCf\",\"potentialAction\":[{\"@type\":\"SearchAction\",\"target\":{\"@type\":\"EntryPoint\",\"urlTemplate\":\"https:\\\/\\\/www.ucf.edu.cu\\\/?s={search_term_string}\"},\"query-input\":{\"@type\":\"PropertyValueSpecification\",\"valueRequired\":true,\"valueName\":\"search_term_string\"}}],\"inLanguage\":\"es\"},{\"@type\":\"Organization\",\"@id\":\"https:\\\/\\\/www.ucf.edu.cu\\\/#organization\",\"name\":\"Universidad de Cienfuegos\",\"url\":\"https:\\\/\\\/www.ucf.edu.cu\\\/\",\"logo\":{\"@type\":\"ImageObject\",\"inLanguage\":\"es\",\"@id\":\"https:\\\/\\\/www.ucf.edu.cu\\\/#\\\/schema\\\/logo\\\/image\\\/\",\"url\":\"https:\\\/\\\/www.ucf.edu.cu\\\/wp-content\\\/uploads\\\/2020\\\/11\\\/fe77b047cf65bbf66915926fa3c00c93_L.jpg\",\"contentUrl\":\"https:\\\/\\\/www.ucf.edu.cu\\\/wp-content\\\/uploads\\\/2020\\\/11\\\/fe77b047cf65bbf66915926fa3c00c93_L.jpg\",\"width\":1000,\"height\":763,\"caption\":\"Universidad de Cienfuegos\"},\"image\":{\"@id\":\"https:\\\/\\\/www.ucf.edu.cu\\\/#\\\/schema\\\/logo\\\/image\\\/\"},\"sameAs\":[\"https:\\\/\\\/www.facebook.com\\\/ucfgos\\\/\",\"https:\\\/\\\/x.com\\\/ucfgos\",\"https:\\\/\\\/www.instagram.com\\\/ucfgos\",\"https:\\\/\\\/www.youtube.com\\\/channel\\\/UCymAZYZHmPzh48cHLG6Nx4A\"]},{\"@type\":\"Person\",\"@id\":\"https:\\\/\\\/www.ucf.edu.cu\\\/#\\\/schema\\\/person\\\/1ab5c30ce7d7cff8d04e05d54e4467eb\",\"name\":\"Direcci\u00f3n de Comunicaci\u00f3n Institucional\",\"image\":{\"@type\":\"ImageObject\",\"inLanguage\":\"es\",\"@id\":\"https:\\\/\\\/secure.gravatar.com\\\/avatar\\\/df7a6ffea67205b2cec0557fac1b1c99168521f981217db8876f424e9d334540?s=96&d=mm&r=g\",\"url\":\"https:\\\/\\\/secure.gravatar.com\\\/avatar\\\/df7a6ffea67205b2cec0557fac1b1c99168521f981217db8876f424e9d334540?s=96&d=mm&r=g\",\"contentUrl\":\"https:\\\/\\\/secure.gravatar.com\\\/avatar\\\/df7a6ffea67205b2cec0557fac1b1c99168521f981217db8876f424e9d334540?s=96&d=mm&r=g\",\"caption\":\"Direcci\u00f3n de Comunicaci\u00f3n Institucional\"}}]}<\/script>\n<!-- \/ Yoast SEO plugin. -->","yoast_head_json":{"title":"Emoji, Sticker y Emotic\u00f3n no significan lo mismo - Universidad de Cienfuegos","description":"Noticias del \u00e1mbito universitario de la casa de altos estudios de Cienfuegos. Adem\u00e1s se muestran noticias del acontecer nacional e internacional de mayor relevancia.","robots":{"index":"index","follow":"follow","max-snippet":"max-snippet:-1","max-image-preview":"max-image-preview:large","max-video-preview":"max-video-preview:-1"},"canonical":"https:\/\/www.ucf.edu.cu\/?p=19114","og_locale":"es_ES","og_type":"article","og_title":"Emoji, Sticker y Emotic\u00f3n no significan lo mismo - Universidad de Cienfuegos","og_description":"Noticias del \u00e1mbito universitario de la casa de altos estudios de Cienfuegos. Adem\u00e1s se muestran noticias del acontecer nacional e internacional de mayor relevancia.","og_url":"https:\/\/www.ucf.edu.cu\/?p=19114","og_site_name":"Universidad de Cienfuegos","article_publisher":"https:\/\/www.facebook.com\/ucfgos\/","article_published_time":"2024-07-17T19:38:12+00:00","article_modified_time":"2024-07-17T19:42:56+00:00","og_image":[{"width":735,"height":490,"url":"https:\/\/www.ucf.edu.cu\/wp-content\/uploads\/2024\/07\/2cd1f71a71659669c1c04699e3668774.jpg","type":"image\/jpeg"}],"author":"Direcci\u00f3n de Comunicaci\u00f3n Institucional","twitter_card":"summary_large_image","twitter_creator":"@ucfgos","twitter_site":"@ucfgos","twitter_misc":{"Escrito por":"Direcci\u00f3n de Comunicaci\u00f3n Institucional","Tiempo de lectura":"4 minutos"},"schema":{"@context":"https:\/\/schema.org","@graph":[{"@type":"Article","@id":"https:\/\/www.ucf.edu.cu\/?p=19114#article","isPartOf":{"@id":"https:\/\/www.ucf.edu.cu\/?p=19114"},"author":{"name":"Direcci\u00f3n de Comunicaci\u00f3n Institucional","@id":"https:\/\/www.ucf.edu.cu\/#\/schema\/person\/1ab5c30ce7d7cff8d04e05d54e4467eb"},"headline":"Emoji, Sticker y Emotic\u00f3n no significan lo mismo","datePublished":"2024-07-17T19:38:12+00:00","dateModified":"2024-07-17T19:42:56+00:00","mainEntityOfPage":{"@id":"https:\/\/www.ucf.edu.cu\/?p=19114"},"wordCount":732,"commentCount":0,"publisher":{"@id":"https:\/\/www.ucf.edu.cu\/#organization"},"image":{"@id":"https:\/\/www.ucf.edu.cu\/?p=19114#primaryimage"},"thumbnailUrl":"https:\/\/www.ucf.edu.cu\/wp-content\/uploads\/2024\/07\/2cd1f71a71659669c1c04699e3668774.jpg","articleSection":["Noticias"],"inLanguage":"es","potentialAction":[{"@type":"CommentAction","name":"Comment","target":["https:\/\/www.ucf.edu.cu\/?p=19114#respond"]}]},{"@type":"WebPage","@id":"https:\/\/www.ucf.edu.cu\/?p=19114","url":"https:\/\/www.ucf.edu.cu\/?p=19114","name":"Emoji, Sticker y Emotic\u00f3n no significan lo mismo - Universidad de Cienfuegos","isPartOf":{"@id":"https:\/\/www.ucf.edu.cu\/#website"},"primaryImageOfPage":{"@id":"https:\/\/www.ucf.edu.cu\/?p=19114#primaryimage"},"image":{"@id":"https:\/\/www.ucf.edu.cu\/?p=19114#primaryimage"},"thumbnailUrl":"https:\/\/www.ucf.edu.cu\/wp-content\/uploads\/2024\/07\/2cd1f71a71659669c1c04699e3668774.jpg","datePublished":"2024-07-17T19:38:12+00:00","dateModified":"2024-07-17T19:42:56+00:00","description":"Noticias del \u00e1mbito universitario de la casa de altos estudios de Cienfuegos. Adem\u00e1s se muestran noticias del acontecer nacional e internacional de mayor relevancia.","breadcrumb":{"@id":"https:\/\/www.ucf.edu.cu\/?p=19114#breadcrumb"},"inLanguage":"es","potentialAction":[{"@type":"ReadAction","target":["https:\/\/www.ucf.edu.cu\/?p=19114"]}]},{"@type":"ImageObject","inLanguage":"es","@id":"https:\/\/www.ucf.edu.cu\/?p=19114#primaryimage","url":"https:\/\/www.ucf.edu.cu\/wp-content\/uploads\/2024\/07\/2cd1f71a71659669c1c04699e3668774.jpg","contentUrl":"https:\/\/www.ucf.edu.cu\/wp-content\/uploads\/2024\/07\/2cd1f71a71659669c1c04699e3668774.jpg","width":735,"height":490},{"@type":"BreadcrumbList","@id":"https:\/\/www.ucf.edu.cu\/?p=19114#breadcrumb","itemListElement":[{"@type":"ListItem","position":1,"name":"Portada","item":"https:\/\/www.ucf.edu.cu\/"},{"@type":"ListItem","position":2,"name":"Emoji, Sticker y Emotic\u00f3n no significan lo mismo"}]},{"@type":"WebSite","@id":"https:\/\/www.ucf.edu.cu\/#website","url":"https:\/\/www.ucf.edu.cu\/","name":"Universidad de Cienfuegos","description":"Portal Web Universidad de Cienfuegos","publisher":{"@id":"https:\/\/www.ucf.edu.cu\/#organization"},"alternateName":"Portal institucional de la UCf","potentialAction":[{"@type":"SearchAction","target":{"@type":"EntryPoint","urlTemplate":"https:\/\/www.ucf.edu.cu\/?s={search_term_string}"},"query-input":{"@type":"PropertyValueSpecification","valueRequired":true,"valueName":"search_term_string"}}],"inLanguage":"es"},{"@type":"Organization","@id":"https:\/\/www.ucf.edu.cu\/#organization","name":"Universidad de Cienfuegos","url":"https:\/\/www.ucf.edu.cu\/","logo":{"@type":"ImageObject","inLanguage":"es","@id":"https:\/\/www.ucf.edu.cu\/#\/schema\/logo\/image\/","url":"https:\/\/www.ucf.edu.cu\/wp-content\/uploads\/2020\/11\/fe77b047cf65bbf66915926fa3c00c93_L.jpg","contentUrl":"https:\/\/www.ucf.edu.cu\/wp-content\/uploads\/2020\/11\/fe77b047cf65bbf66915926fa3c00c93_L.jpg","width":1000,"height":763,"caption":"Universidad de Cienfuegos"},"image":{"@id":"https:\/\/www.ucf.edu.cu\/#\/schema\/logo\/image\/"},"sameAs":["https:\/\/www.facebook.com\/ucfgos\/","https:\/\/x.com\/ucfgos","https:\/\/www.instagram.com\/ucfgos","https:\/\/www.youtube.com\/channel\/UCymAZYZHmPzh48cHLG6Nx4A"]},{"@type":"Person","@id":"https:\/\/www.ucf.edu.cu\/#\/schema\/person\/1ab5c30ce7d7cff8d04e05d54e4467eb","name":"Direcci\u00f3n de Comunicaci\u00f3n Institucional","image":{"@type":"ImageObject","inLanguage":"es","@id":"https:\/\/secure.gravatar.com\/avatar\/df7a6ffea67205b2cec0557fac1b1c99168521f981217db8876f424e9d334540?s=96&d=mm&r=g","url":"https:\/\/secure.gravatar.com\/avatar\/df7a6ffea67205b2cec0557fac1b1c99168521f981217db8876f424e9d334540?s=96&d=mm&r=g","contentUrl":"https:\/\/secure.gravatar.com\/avatar\/df7a6ffea67205b2cec0557fac1b1c99168521f981217db8876f424e9d334540?s=96&d=mm&r=g","caption":"Direcci\u00f3n de Comunicaci\u00f3n Institucional"}}]}},"_links":{"self":[{"href":"https:\/\/www.ucf.edu.cu\/index.php?rest_route=\/wp\/v2\/posts\/19114","targetHints":{"allow":["GET"]}}],"collection":[{"href":"https:\/\/www.ucf.edu.cu\/index.php?rest_route=\/wp\/v2\/posts"}],"about":[{"href":"https:\/\/www.ucf.edu.cu\/index.php?rest_route=\/wp\/v2\/types\/post"}],"author":[{"embeddable":true,"href":"https:\/\/www.ucf.edu.cu\/index.php?rest_route=\/wp\/v2\/users\/6"}],"replies":[{"embeddable":true,"href":"https:\/\/www.ucf.edu.cu\/index.php?rest_route=%2Fwp%2Fv2%2Fcomments&post=19114"}],"version-history":[{"count":4,"href":"https:\/\/www.ucf.edu.cu\/index.php?rest_route=\/wp\/v2\/posts\/19114\/revisions"}],"predecessor-version":[{"id":19122,"href":"https:\/\/www.ucf.edu.cu\/index.php?rest_route=\/wp\/v2\/posts\/19114\/revisions\/19122"}],"wp:featuredmedia":[{"embeddable":true,"href":"https:\/\/www.ucf.edu.cu\/index.php?rest_route=\/wp\/v2\/media\/19115"}],"wp:attachment":[{"href":"https:\/\/www.ucf.edu.cu\/index.php?rest_route=%2Fwp%2Fv2%2Fmedia&parent=19114"}],"wp:term":[{"taxonomy":"category","embeddable":true,"href":"https:\/\/www.ucf.edu.cu\/index.php?rest_route=%2Fwp%2Fv2%2Fcategories&post=19114"},{"taxonomy":"post_tag","embeddable":true,"href":"https:\/\/www.ucf.edu.cu\/index.php?rest_route=%2Fwp%2Fv2%2Ftags&post=19114"}],"curies":[{"name":"wp","href":"https:\/\/api.w.org\/{rel}","templated":true}]}}