{"id":19156,"date":"2024-07-19T13:37:34","date_gmt":"2024-07-19T13:37:34","guid":{"rendered":"https:\/\/www.ucf.edu.cu\/?p=19156"},"modified":"2024-07-19T13:46:03","modified_gmt":"2024-07-19T13:46:03","slug":"me-sentia-como-otro-cubano-mas-retazos-de-vida-lejos-de-casa","status":"publish","type":"post","link":"https:\/\/www.ucf.edu.cu\/?p=19156","title":{"rendered":"\u201cMe sent\u00eda como otro cubano m\u00e1s\u201d. Retazos de vida lejos de casa"},"content":{"rendered":"\t\t<div data-elementor-type=\"wp-post\" data-elementor-id=\"19156\" class=\"elementor elementor-19156\">\n\t\t\t\t\t\t<section class=\"elementor-section elementor-top-section elementor-element elementor-element-5ab0471 elementor-section-boxed elementor-section-height-default elementor-section-height-default\" data-id=\"5ab0471\" data-element_type=\"section\" data-e-type=\"section\">\n\t\t\t\t\t\t<div class=\"elementor-container elementor-column-gap-default\">\n\t\t\t\t\t<div class=\"elementor-column elementor-col-100 elementor-top-column elementor-element elementor-element-72706b3\" data-id=\"72706b3\" data-element_type=\"column\" data-e-type=\"column\">\n\t\t\t<div class=\"elementor-widget-wrap elementor-element-populated\">\n\t\t\t\t\t\t<div class=\"elementor-element elementor-element-71b7a62 elementor-widget elementor-widget-text-editor\" data-id=\"71b7a62\" data-element_type=\"widget\" data-e-type=\"widget\" data-widget_type=\"text-editor.default\">\n\t\t\t\t<div class=\"elementor-widget-container\">\n\t\t\t\t\t\t\t\t\t<p>Hoy nos adentramos en la historia de un egresado angolano cuya trayectoria como estudiante dej\u00f3 una huella imborrable en nuestra instituci\u00f3n. Las palabras de Faustino, cargadas de emoci\u00f3n y nostalgia, nos transportan a una \u00e9poca de aprendizaje, amistad y crecimiento personal.<\/p><p>\u201cMe sent\u00ed muy feliz y me hizo revivir todo de nuevo, es como si estuviera all\u00e1 de nuevo, como dicen \u2018recordar es vivir\u2019\u201d, confiesa al recibir nuestra entrevista. Y es que, para \u00e9l, recordar su paso por la Universidad de Cienfuegos es revivir una etapa llena de experiencias inolvidables y momentos que marcaron su vida para siempre.<\/p><p>Uno de los recuerdos m\u00e1s v\u00edvidos que guarda es su participaci\u00f3n en el primer festival nacional en Santiago. \u201cLo recuerdo como si fuera ahora mismo, \u00e9ramos poquitos representantes de la provincia, \u00e9ramos como 5 apenas\u201d, nos cuenta. Las actividades recreativas en la universidad tambi\u00e9n ocupan un lugar especial en su memoria, donde conoci\u00f3 a muchos amigos que hoy considera familia. \u201cA los compa\u00f1eros los miro como hermanos de padres diferentes y a los profesores madres y padres sin tener que parirme, es as\u00ed como los veo\u201d, expresa con cari\u00f1o.<\/p><p>Su paso por la televisi\u00f3n de Cienfuegos, representando a la universidad, y su participaci\u00f3n en los congresos de la FEU como secretario de cultura y divulgaci\u00f3n, son apenas algunos de los momentos que atesora. \u201cMe sent\u00eda como otro cubano m\u00e1s\u201d, recuerda con orgullo.<\/p><p>Para \u00e9l, la universidad no fue solo una escuela, sino una verdadera incubadora de personalidad. \u201cDespu\u00e9s de haber pasado todo este tiempo me he tornado m\u00e1s social y extrovertido, creo que me he tornado una persona mejor\u201d, reflexiona. En el \u00e1mbito profesional, se esfuerza por aplicar y mejorar lo aprendido en la UCf. \u201cLo digo y sin miedo a errar, por haber pasado por la UCf, hoy soy lo que soy\u201d, afirma con convicci\u00f3n.<\/p><p>La biblioteca de la universidad fue un espacio de aprendizaje y camarader\u00eda que extra\u00f1a profundamente. \u201cAh\u00ed nos re\u00edamos de las bromas cada cual seg\u00fan su sentido del humor y tambi\u00e9n hab\u00eda momentos de seriedad en que cada cual reconoc\u00eda su incapacidad de entender un contenido y ah\u00ed compart\u00edamos el instinto de ayudarnos unos a los otros\u201d, rememora con nostalgia.<\/p><p>A los actuales estudiantes, les aconseja aprovechar cada momento sin limitaciones, tanto para aprender como para divertirse. \u201cEsos momentos son \u00fanicos en la vida, y no se repiten\u201d, advierte con sabidur\u00eda.<\/p><p>Finalmente, expresa su deseo de felicidad y progreso para la universidad y todos sus integrantes. \u201cQue esa celebraci\u00f3n traiga un profundo sentimiento de gratitud por tornarnos los profesionales que somos hoy, sabiendo que la historia se va a repetir con muchos otros\u201d, concluye con esperanza.<\/p><p>As\u00ed, su historia se entrelaza con la de tantos otros que han pasado por la Universidad de Cienfuegos, dejando un legado de gratitud y amor por una instituci\u00f3n que no solo forma profesionales, sino tambi\u00e9n seres humanos excepcionales.<\/p><p><em><strong>Elaborado por la Direcci\u00f3n de Comunicaci\u00f3n Institucional.<\/strong><\/em><\/p>\t\t\t\t\t\t\t\t<\/div>\n\t\t\t\t<\/div>\n\t\t\t\t\t<\/div>\n\t\t<\/div>\n\t\t\t\t\t<\/div>\n\t\t<\/section>\n\t\t\t\t<\/div>\n\t\t","protected":false},"excerpt":{"rendered":"<p>Hoy nos adentramos en la historia de un egresado angolano cuya trayectoria como estudiante dej\u00f3 una huella imborrable en nuestra instituci\u00f3n. Las palabras de Faustino, cargadas de emoci\u00f3n y nostalgia, nos transportan<a class=\"moretag\" href=\"https:\/\/www.ucf.edu.cu\/?p=19156\">Leer m\u00e1s&#8230;<\/a><\/p>\n","protected":false},"author":6,"featured_media":19164,"comment_status":"open","ping_status":"open","sticky":false,"template":"","format":"standard","meta":{"footnotes":""},"categories":[6],"tags":[],"class_list":["post-19156","post","type-post","status-publish","format-standard","has-post-thumbnail","hentry","category-noticias"],"_links":{"self":[{"href":"https:\/\/www.ucf.edu.cu\/index.php?rest_route=\/wp\/v2\/posts\/19156","targetHints":{"allow":["GET"]}}],"collection":[{"href":"https:\/\/www.ucf.edu.cu\/index.php?rest_route=\/wp\/v2\/posts"}],"about":[{"href":"https:\/\/www.ucf.edu.cu\/index.php?rest_route=\/wp\/v2\/types\/post"}],"author":[{"embeddable":true,"href":"https:\/\/www.ucf.edu.cu\/index.php?rest_route=\/wp\/v2\/users\/6"}],"replies":[{"embeddable":true,"href":"https:\/\/www.ucf.edu.cu\/index.php?rest_route=%2Fwp%2Fv2%2Fcomments&post=19156"}],"version-history":[{"count":4,"href":"https:\/\/www.ucf.edu.cu\/index.php?rest_route=\/wp\/v2\/posts\/19156\/revisions"}],"predecessor-version":[{"id":19161,"href":"https:\/\/www.ucf.edu.cu\/index.php?rest_route=\/wp\/v2\/posts\/19156\/revisions\/19161"}],"wp:featuredmedia":[{"embeddable":true,"href":"https:\/\/www.ucf.edu.cu\/index.php?rest_route=\/wp\/v2\/media\/19164"}],"wp:attachment":[{"href":"https:\/\/www.ucf.edu.cu\/index.php?rest_route=%2Fwp%2Fv2%2Fmedia&parent=19156"}],"wp:term":[{"taxonomy":"category","embeddable":true,"href":"https:\/\/www.ucf.edu.cu\/index.php?rest_route=%2Fwp%2Fv2%2Fcategories&post=19156"},{"taxonomy":"post_tag","embeddable":true,"href":"https:\/\/www.ucf.edu.cu\/index.php?rest_route=%2Fwp%2Fv2%2Ftags&post=19156"}],"curies":[{"name":"wp","href":"https:\/\/api.w.org\/{rel}","templated":true}]}}