{"id":19285,"date":"2024-07-26T12:33:21","date_gmt":"2024-07-26T12:33:21","guid":{"rendered":"https:\/\/www.ucf.edu.cu\/?p=19285"},"modified":"2024-07-26T12:37:24","modified_gmt":"2024-07-26T12:37:24","slug":"tejiendo-redes-de-amor-entrega-y-sabiduria-a-micasaucf","status":"publish","type":"post","link":"https:\/\/www.ucf.edu.cu\/?p=19285","title":{"rendered":"Tejiendo redes de amor, entrega y sabidur\u00eda a #MiCasaUCf"},"content":{"rendered":"\t\t<div data-elementor-type=\"wp-post\" data-elementor-id=\"19285\" class=\"elementor elementor-19285\">\n\t\t\t\t\t\t<section class=\"elementor-section elementor-top-section elementor-element elementor-element-2930075 elementor-section-boxed elementor-section-height-default elementor-section-height-default\" data-id=\"2930075\" data-element_type=\"section\" data-e-type=\"section\">\n\t\t\t\t\t\t<div class=\"elementor-container elementor-column-gap-default\">\n\t\t\t\t\t<div class=\"elementor-column elementor-col-100 elementor-top-column elementor-element elementor-element-267043e\" data-id=\"267043e\" data-element_type=\"column\" data-e-type=\"column\">\n\t\t\t<div class=\"elementor-widget-wrap elementor-element-populated\">\n\t\t\t\t\t\t<div class=\"elementor-element elementor-element-6dc8771 elementor-widget elementor-widget-text-editor\" data-id=\"6dc8771\" data-element_type=\"widget\" data-e-type=\"widget\" data-widget_type=\"text-editor.default\">\n\t\t\t\t<div class=\"elementor-widget-container\">\n\t\t\t\t\t\t\t\t\t<p class=\"MsoNormal\" style=\"text-align: justify; line-height: 150%;\"><span lang=\"ES\" style=\"font-size: 12.0pt; line-height: 150%; font-family: 'Arial',sans-serif; mso-bidi-font-weight: bold;\">En un rinconcito peque\u00f1o de nuestra casa de altos estudios, encontramos a Vladimir Carrera Mart\u00ednez, el art\u00edfice de las conexiones digitales quien es un protagonista silencioso pero esencial en la historia de la instituci\u00f3n. A trav\u00e9s de d\u00e9cadas, ha tejido una red invisible que no solo conecta computadoras, sino tambi\u00e9n corazones y mentes. <\/span><\/p><p class=\"MsoNormal\" style=\"text-align: justify; line-height: 150%;\"><span lang=\"ES\" style=\"font-size: 12.0pt; line-height: 150%; font-family: 'Arial',sans-serif; mso-bidi-font-weight: bold;\">Vladimir, con su mirada serena y manos h\u00e1biles, es el guardi\u00e1n de la red inform\u00e1tica de la UCf. Desde hace a\u00f1os, ha sido testigo de la evoluci\u00f3n tecnol\u00f3gica, de los avances y desaf\u00edos que han marcado la vida universitaria. En su oficina, rodeado de servidores y routers parpadeantes, comparte con nosotros su pasi\u00f3n por los cables y los bits.<\/span><\/p><p class=\"MsoNormal\" style=\"text-align: justify; line-height: 150%;\"><span lang=\"ES\" style=\"font-size: 12.0pt; line-height: 150%; font-family: 'Arial',sans-serif; mso-bidi-font-weight: bold;\">Desde un primer momento, Vladimir Carrera Mart\u00ednez intuy\u00f3 la importancia que tendr\u00eda el desarrollo inform\u00e1tico en la vida. Aunque comenz\u00f3 en la etapa inicial de las microcomputadoras, que solo exist\u00edan en centros de c\u00e1lculo, su visi\u00f3n trascendi\u00f3 las limitaciones de su especialidad. <i>\u201cNunca dese\u00e9 cambiar de especialidad,\u201d<\/i> comparte Vladimir, <i>\u201cla m\u00eda era igual de importante, pero desde un principio la vi como una herramienta para la vida.\u201d<\/i><\/span><\/p><p class=\"MsoNormal\" style=\"text-align: justify; line-height: 150%;\"><span lang=\"ES\" style=\"font-size: 12.0pt; line-height: 150%; font-family: 'Arial',sans-serif; mso-bidi-font-weight: bold;\">Sus primeros art\u00edculos cient\u00edficos exploraron la aplicaci\u00f3n de la inform\u00e1tica en el an\u00e1lisis metalogr\u00e1fico. Sin embargo, su labor no se limit\u00f3 a la teor\u00eda. Vladimir particip\u00f3 activamente en la creaci\u00f3n de la red de la Universidad de Cienfuegos. Desde los primeros cables coaxiales hasta las plataformas de educaci\u00f3n virtual como Microcampus y Moodle, Vladimir ha sido un protagonista esencial en la historia de la instituci\u00f3n.<\/span><\/p><p class=\"MsoNormal\" style=\"text-align: justify; line-height: 150%;\"><i><span lang=\"ES\" style=\"font-size: 12.0pt; line-height: 150%; font-family: 'Arial',sans-serif; mso-bidi-font-weight: bold;\">\u201cCreo que hemos influido en la comunidad,\u201d<\/span><\/i><span lang=\"ES\" style=\"font-size: 12.0pt; line-height: 150%; font-family: 'Arial',sans-serif; mso-bidi-font-weight: bold;\"> reflexiona Vladimir. Nuestro departamento ha transmitido conocimientos y habilidades a los egresados de la provincia y ha participado en grupos provinciales, compartiendo opiniones y experiencias. Pero su deseo va m\u00e1s all\u00e1: <i>\u201cEl principal cambio que yo desear\u00eda es el cambio de actitud de las personas hacia la inform\u00e1tica y la seguridad inform\u00e1tica. Es uno de los principales retos que tiene hoy d\u00eda no solo la comunidad universitaria, sino tambi\u00e9n el pa\u00eds.\u201d<\/i><\/span><\/p><p class=\"MsoNormal\" style=\"text-align: justify; line-height: 150%;\"><span lang=\"ES\" style=\"font-size: 12.0pt; line-height: 150%; font-family: 'Arial',sans-serif; mso-bidi-font-weight: bold;\">Vladimir mira hacia el futuro con expectaci\u00f3n. Se avecina una revoluci\u00f3n cu\u00e1ntica en el campo de la inform\u00e1tica y las comunicaciones. Este cambio transformar\u00e1 desde el equipamiento hasta la forma y velocidad de transmisi\u00f3n de los datos. Aunque desafiante, es un progreso necesario para la humanidad.<\/span><\/p><p class=\"MsoNormal\" style=\"text-align: justify; line-height: 150%;\"><i><span lang=\"ES\" style=\"font-size: 12.0pt; line-height: 150%; font-family: 'Arial',sans-serif; mso-bidi-font-weight: bold;\">\u201cVer la inform\u00e1tica como una herramienta para la vida,\u201d<\/span><\/i><span lang=\"ES\" style=\"font-size: 12.0pt; line-height: 150%; font-family: 'Arial',sans-serif; mso-bidi-font-weight: bold;\"> dice Vladimir, <i>\u201cnos brinda conocimientos y habilidades que hacen m\u00e1s f\u00e1cil nuestro d\u00eda a d\u00eda.\u201d<\/i> La programaci\u00f3n, por ejemplo, mejora y organiza el pensamiento, abriendo un camino l\u00f3gico que se aplica a todos los aspectos de la vida.<\/span><\/p><p class=\"MsoNormal\" style=\"text-align: justify; line-height: 150%;\"><span lang=\"ES\" style=\"font-size: 12.0pt; line-height: 150%; font-family: 'Arial',sans-serif; mso-bidi-font-weight: bold;\">En su recuerdo, la universidad es m\u00e1s que infraestructura. Es un lugar donde comparti\u00f3 momentos con buenas personas, festejando logros y aniversarios. Su pertinencia y orgullo por la UCf son palpables, y su legado perdura en cada conexi\u00f3n invisible que mantiene viva la comunidad acad\u00e9mica. <\/span><\/p><p class=\"MsoNormal\" style=\"text-align: justify; line-height: 150%;\"><span lang=\"ES\" style=\"font-size: 12.0pt; line-height: 150%; font-family: 'Arial',sans-serif; mso-bidi-font-weight: bold;\">En este aniversario 45, para Vladimir es un honor reconocer a aquellos que, sin esperar recompensa, han dedicado parte de sus vidas a forjar lo que nuestra instituci\u00f3n es hoy y citando sus propias palabras declara <i>\u201cfelicito a la comunidad universitaria que lleva dentro de s\u00ed a la universidad como parte de su vida. Hagamos cada cual lo que debemos y sabemos hacer para llevar a nuestra universidad a un nivel superior, este aniversario no es m\u00e1s que un reto a seguir creciendo, a pesar de las dificultades\u201d. <\/i><\/span><\/p><p><em><strong>Elaborado por la Direcci\u00f3n de Comunicaci\u00f3n Institucional, UCf.<\/strong><\/em><\/p>\t\t\t\t\t\t\t\t<\/div>\n\t\t\t\t<\/div>\n\t\t\t\t\t<\/div>\n\t\t<\/div>\n\t\t\t\t\t<\/div>\n\t\t<\/section>\n\t\t\t\t<\/div>\n\t\t","protected":false},"excerpt":{"rendered":"<p>En un rinconcito peque\u00f1o de nuestra casa de altos estudios, encontramos a Vladimir Carrera Mart\u00ednez, el art\u00edfice de las conexiones digitales quien es un protagonista silencioso pero esencial en la historia de<a class=\"moretag\" href=\"https:\/\/www.ucf.edu.cu\/?p=19285\">Leer m\u00e1s&#8230;<\/a><\/p>\n","protected":false},"author":6,"featured_media":19286,"comment_status":"open","ping_status":"open","sticky":false,"template":"","format":"standard","meta":{"footnotes":""},"categories":[6,126],"tags":[],"class_list":["post-19285","post","type-post","status-publish","format-standard","has-post-thumbnail","hentry","category-noticias","category-sin-categoria-es"],"_links":{"self":[{"href":"https:\/\/www.ucf.edu.cu\/index.php?rest_route=\/wp\/v2\/posts\/19285","targetHints":{"allow":["GET"]}}],"collection":[{"href":"https:\/\/www.ucf.edu.cu\/index.php?rest_route=\/wp\/v2\/posts"}],"about":[{"href":"https:\/\/www.ucf.edu.cu\/index.php?rest_route=\/wp\/v2\/types\/post"}],"author":[{"embeddable":true,"href":"https:\/\/www.ucf.edu.cu\/index.php?rest_route=\/wp\/v2\/users\/6"}],"replies":[{"embeddable":true,"href":"https:\/\/www.ucf.edu.cu\/index.php?rest_route=%2Fwp%2Fv2%2Fcomments&post=19285"}],"version-history":[{"count":4,"href":"https:\/\/www.ucf.edu.cu\/index.php?rest_route=\/wp\/v2\/posts\/19285\/revisions"}],"predecessor-version":[{"id":19290,"href":"https:\/\/www.ucf.edu.cu\/index.php?rest_route=\/wp\/v2\/posts\/19285\/revisions\/19290"}],"wp:featuredmedia":[{"embeddable":true,"href":"https:\/\/www.ucf.edu.cu\/index.php?rest_route=\/wp\/v2\/media\/19286"}],"wp:attachment":[{"href":"https:\/\/www.ucf.edu.cu\/index.php?rest_route=%2Fwp%2Fv2%2Fmedia&parent=19285"}],"wp:term":[{"taxonomy":"category","embeddable":true,"href":"https:\/\/www.ucf.edu.cu\/index.php?rest_route=%2Fwp%2Fv2%2Fcategories&post=19285"},{"taxonomy":"post_tag","embeddable":true,"href":"https:\/\/www.ucf.edu.cu\/index.php?rest_route=%2Fwp%2Fv2%2Ftags&post=19285"}],"curies":[{"name":"wp","href":"https:\/\/api.w.org\/{rel}","templated":true}]}}