{"id":23074,"date":"2025-06-19T15:13:10","date_gmt":"2025-06-19T15:13:10","guid":{"rendered":"https:\/\/www.ucf.edu.cu\/?p=23074"},"modified":"2025-06-19T15:21:42","modified_gmt":"2025-06-19T15:21:42","slug":"mas-de-40-propuestas-entre-la-feu-y-etecsa","status":"publish","type":"post","link":"https:\/\/www.ucf.edu.cu\/?p=23074","title":{"rendered":"M\u00e1s de 40 propuestas entre la FEU y Etecsa"},"content":{"rendered":"\t\t<div data-elementor-type=\"wp-post\" data-elementor-id=\"23074\" class=\"elementor elementor-23074\">\n\t\t\t\t\t\t<section class=\"elementor-section elementor-top-section elementor-element elementor-element-8a736ed elementor-section-boxed elementor-section-height-default elementor-section-height-default\" data-id=\"8a736ed\" data-element_type=\"section\" data-e-type=\"section\">\n\t\t\t\t\t\t<div class=\"elementor-container elementor-column-gap-default\">\n\t\t\t\t\t<div class=\"elementor-column elementor-col-100 elementor-top-column elementor-element elementor-element-e94a97a\" data-id=\"e94a97a\" data-element_type=\"column\" data-e-type=\"column\">\n\t\t\t<div class=\"elementor-widget-wrap elementor-element-populated\">\n\t\t\t\t\t\t<div class=\"elementor-element elementor-element-64c06b4 elementor-widget elementor-widget-text-editor\" data-id=\"64c06b4\" data-element_type=\"widget\" data-e-type=\"widget\" data-widget_type=\"text-editor.default\">\n\t\t\t\t<div class=\"elementor-widget-container\">\n\t\t\t\t\t\t\t\t\t<p>M\u00e1s de 40 propuestas surgieron de los encuentros sostenidos durante casi una semana por representantes de la Federaci\u00f3n Estudiantil Universitaria (FEU) y la Empresa de Telecomunicaciones de Cuba S.A. (Etecsa), como parte del trabajo del grupo multidisciplinario creado entre la organizaci\u00f3n y esta entidad tras la implementaci\u00f3n de las nuevas medidas comerciales de Etecsa.<\/p><p>En la reuni\u00f3n resumen del grupo \u2014que concluy\u00f3 este mi\u00e9rcoles su primera etapa de labor\u2014, Litza Gonz\u00e1lez Desd\u00edn, vicepresidenta de la FEU, detall\u00f3 que se tuvieron en cuenta todas las propuestas realizadas por los j\u00f3venes universitarios no solo de La Habana, sino de todo el pa\u00eds, y que estas ser\u00e1n dadas a conocer y discutidas en los Consejos Universitarios de cada instituci\u00f3n acad\u00e9mica.<\/p><p>Por su parte, Tania Vel\u00e1zquez Rodr\u00edguez, presidenta ejecutiva de Etecsa, valor\u00f3 las jornadas de trabajo \u2014desplegadas en tres subgrupos dedicados, respectivamente, a los temas de Operaciones, Actividad comercial y Comunicaciones\u2014, como muy enriquecedoras, sobre todo en lo referido a los procesos de comunicaci\u00f3n que han de mantener las empresas con sus p\u00fablicos. \u00abM\u00e1s que un di\u00e1logo ha sido una relaci\u00f3n de franqueza, abierta y de intercambio\u00bb, se\u00f1al\u00f3.<\/p><p>Entre los temas que constan en el informe resumen elaborado por el grupo multidisciplinario est\u00e1n: un an\u00e1lisis del plan de comunicaci\u00f3n de Etecsa para la medida comercial aplicada, la implementaci\u00f3n de un manual de comunicaci\u00f3n en tiempos de crisis y el diagn\u00f3stico de canales de comunicaci\u00f3n y propuestas de alternativas para mejorar la retroalimentaci\u00f3n con el p\u00fablico.<\/p><p>Tambi\u00e9n se hizo un diagn\u00f3stico de fallas t\u00e9cnicas y propuesta de soluciones como la virtualizaci\u00f3n de nodos y reparaci\u00f3n de bater\u00edas, ejercicios pr\u00e1cticos para ofertas comerciales, la evaluaci\u00f3n de pol\u00edticas de precios, paquetes de datos y sectores, la creaci\u00f3n de proyectos con enfoque social y econ\u00f3mico, as\u00ed como un sistema para evaluar el avance de las iniciativas presentadas, entre otros asuntos.<\/p><p>El vice primer ministro Eduardo Mart\u00ednez D\u00edaz, destac\u00f3 el talento y la inteligencia colectiva de los estudiantes, lo cual \u00abhay que aprovechar\u00bb. A\u00f1adi\u00f3 que tanto el Primer Secretario del Comit\u00e9 Central del Partido y Presidente de la Rep\u00fablica, Miguel D\u00edaz-Canel Berm\u00fadez, como el miembro del Bur\u00f3 Pol\u00edtico y Primer Ministro, Manuel Marrero Cruz, han estado al tanto de las reuniones.<\/p><p>\u00abEsta ha sido una experiencia que deber\u00e1 multiplicarse. Hay cosas que quiz\u00e1 no se puedan hacer a corto plazo, pero a trav\u00e9s de proyectos s\u00ed se pueden estructurar\u00bb, se\u00f1al\u00f3 Mart\u00ednez D\u00edaz, quien reiter\u00f3 la necesidad de implementar medidas que permitan la sostenibilidad y mejora de los servicios de la empresa a partir del Programa de Gobierno.<\/p><p>Por su parte, Meyvis Est\u00e9vez Echevarr\u00eda, primera secretaria del Comit\u00e9 Nacional de la Uni\u00f3n de J\u00f3venes Comunistas, reconoci\u00f3 el alcance de las propuestas, las cuales no solo benefician a los j\u00f3venes universitarios, sino tambi\u00e9n a otros sectores de la poblaci\u00f3n. Anunci\u00f3 que el grupo volver\u00e1 a sesionar en septiembre, reafirmando la importancia del v\u00ednculo universidad-empresa.<\/p><p>\u00abSe ha trabajado duro y demostrado la inteligencia y el talento de ustedes, que fortalecieron a la empresa y tambi\u00e9n a todos. Ustedes defendieron la responsabilidad de canalizar las inquietudes de las universidades del pa\u00eds y, tambi\u00e9n, de preservar nuestra Revoluci\u00f3n y nuestro socialismo\u00bb, expres\u00f3.<\/p><p>En el encuentro participaron, adem\u00e1s, Yud\u00ed Rodr\u00edguez Hern\u00e1ndez, miembro del Secretariado del Comit\u00e9 Central del Partido y jefa del Departamento de Atenci\u00f3n a los Servicios; Ernesto Rodr\u00edguez Hern\u00e1ndez, vice ministro primero de Comunicaciones, y Ricardo Rodr\u00edguez Gonz\u00e1lez, presidente de la\u00a0Federaci\u00f3n Estudiantil Universitaria, quien encabez\u00f3 la reuni\u00f3n.<\/p><p><em><strong>Tomado de Peri\u00f3dico Juventud Rebelde.<\/strong><\/em><\/p>\t\t\t\t\t\t\t\t<\/div>\n\t\t\t\t<\/div>\n\t\t\t\t\t<\/div>\n\t\t<\/div>\n\t\t\t\t\t<\/div>\n\t\t<\/section>\n\t\t\t\t<\/div>\n\t\t","protected":false},"excerpt":{"rendered":"<p>M\u00e1s de 40 propuestas surgieron de los encuentros sostenidos durante casi una semana por representantes de la Federaci\u00f3n Estudiantil Universitaria (FEU) y la Empresa de Telecomunicaciones de Cuba S.A. (Etecsa), como parte<a class=\"moretag\" href=\"https:\/\/www.ucf.edu.cu\/?p=23074\">Leer m\u00e1s&#8230;<\/a><\/p>\n","protected":false},"author":6,"featured_media":23075,"comment_status":"open","ping_status":"open","sticky":false,"template":"","format":"standard","meta":{"footnotes":""},"categories":[6],"tags":[],"class_list":["post-23074","post","type-post","status-publish","format-standard","has-post-thumbnail","hentry","category-noticias"],"yoast_head":"<!-- This site is optimized with the Yoast SEO plugin v27.4 - https:\/\/yoast.com\/product\/yoast-seo-wordpress\/ -->\n<title>M\u00e1s de 40 propuestas entre la FEU y Etecsa - Universidad de Cienfuegos<\/title>\n<meta name=\"description\" content=\"Noticias del \u00e1mbito universitario de la casa de altos estudios de Cienfuegos. Adem\u00e1s se muestran noticias del acontecer nacional e internacional de mayor relevancia.\" \/>\n<meta name=\"robots\" content=\"index, follow, max-snippet:-1, max-image-preview:large, max-video-preview:-1\" \/>\n<link rel=\"canonical\" href=\"https:\/\/www.ucf.edu.cu\/?p=23074\" \/>\n<meta property=\"og:locale\" content=\"es_ES\" \/>\n<meta property=\"og:type\" content=\"article\" \/>\n<meta property=\"og:title\" content=\"M\u00e1s de 40 propuestas entre la FEU y Etecsa - Universidad de Cienfuegos\" \/>\n<meta property=\"og:description\" content=\"Noticias del \u00e1mbito universitario de la casa de altos estudios de Cienfuegos. Adem\u00e1s se muestran noticias del acontecer nacional e internacional de mayor relevancia.\" \/>\n<meta property=\"og:url\" content=\"https:\/\/www.ucf.edu.cu\/?p=23074\" \/>\n<meta property=\"og:site_name\" content=\"Universidad de Cienfuegos\" \/>\n<meta property=\"article:publisher\" content=\"https:\/\/www.facebook.com\/ucfgos\/\" \/>\n<meta property=\"article:published_time\" content=\"2025-06-19T15:13:10+00:00\" \/>\n<meta property=\"article:modified_time\" content=\"2025-06-19T15:21:42+00:00\" \/>\n<meta property=\"og:image\" content=\"https:\/\/www.ucf.edu.cu\/wp-content\/uploads\/2025\/06\/2xzchZ_18-06-2025_22.06.49.000000.jpg\" \/>\n\t<meta property=\"og:image:width\" content=\"425\" \/>\n\t<meta property=\"og:image:height\" content=\"250\" \/>\n\t<meta property=\"og:image:type\" content=\"image\/jpeg\" \/>\n<meta name=\"author\" content=\"Direcci\u00f3n de Comunicaci\u00f3n Institucional\" \/>\n<meta name=\"twitter:card\" content=\"summary_large_image\" \/>\n<meta name=\"twitter:creator\" content=\"@ucfgos\" \/>\n<meta name=\"twitter:site\" content=\"@ucfgos\" \/>\n<meta name=\"twitter:label1\" content=\"Escrito por\" \/>\n\t<meta name=\"twitter:data1\" content=\"Direcci\u00f3n de Comunicaci\u00f3n Institucional\" \/>\n\t<meta name=\"twitter:label2\" content=\"Tiempo de lectura\" \/>\n\t<meta name=\"twitter:data2\" content=\"1 minuto\" \/>\n<script type=\"application\/ld+json\" class=\"yoast-schema-graph\">{\"@context\":\"https:\\\/\\\/schema.org\",\"@graph\":[{\"@type\":\"Article\",\"@id\":\"https:\\\/\\\/www.ucf.edu.cu\\\/?p=23074#article\",\"isPartOf\":{\"@id\":\"https:\\\/\\\/www.ucf.edu.cu\\\/?p=23074\"},\"author\":{\"name\":\"Direcci\u00f3n de Comunicaci\u00f3n Institucional\",\"@id\":\"https:\\\/\\\/www.ucf.edu.cu\\\/#\\\/schema\\\/person\\\/1ab5c30ce7d7cff8d04e05d54e4467eb\"},\"headline\":\"M\u00e1s de 40 propuestas entre la FEU y Etecsa\",\"datePublished\":\"2025-06-19T15:13:10+00:00\",\"dateModified\":\"2025-06-19T15:21:42+00:00\",\"mainEntityOfPage\":{\"@id\":\"https:\\\/\\\/www.ucf.edu.cu\\\/?p=23074\"},\"wordCount\":654,\"commentCount\":0,\"publisher\":{\"@id\":\"https:\\\/\\\/www.ucf.edu.cu\\\/#organization\"},\"image\":{\"@id\":\"https:\\\/\\\/www.ucf.edu.cu\\\/?p=23074#primaryimage\"},\"thumbnailUrl\":\"https:\\\/\\\/www.ucf.edu.cu\\\/wp-content\\\/uploads\\\/2025\\\/06\\\/2xzchZ_18-06-2025_22.06.49.000000.jpg\",\"articleSection\":[\"Noticias\"],\"inLanguage\":\"es\",\"potentialAction\":[{\"@type\":\"CommentAction\",\"name\":\"Comment\",\"target\":[\"https:\\\/\\\/www.ucf.edu.cu\\\/?p=23074#respond\"]}]},{\"@type\":\"WebPage\",\"@id\":\"https:\\\/\\\/www.ucf.edu.cu\\\/?p=23074\",\"url\":\"https:\\\/\\\/www.ucf.edu.cu\\\/?p=23074\",\"name\":\"M\u00e1s de 40 propuestas entre la FEU y Etecsa - Universidad de Cienfuegos\",\"isPartOf\":{\"@id\":\"https:\\\/\\\/www.ucf.edu.cu\\\/#website\"},\"primaryImageOfPage\":{\"@id\":\"https:\\\/\\\/www.ucf.edu.cu\\\/?p=23074#primaryimage\"},\"image\":{\"@id\":\"https:\\\/\\\/www.ucf.edu.cu\\\/?p=23074#primaryimage\"},\"thumbnailUrl\":\"https:\\\/\\\/www.ucf.edu.cu\\\/wp-content\\\/uploads\\\/2025\\\/06\\\/2xzchZ_18-06-2025_22.06.49.000000.jpg\",\"datePublished\":\"2025-06-19T15:13:10+00:00\",\"dateModified\":\"2025-06-19T15:21:42+00:00\",\"description\":\"Noticias del \u00e1mbito universitario de la casa de altos estudios de Cienfuegos. Adem\u00e1s se muestran noticias del acontecer nacional e internacional de mayor relevancia.\",\"breadcrumb\":{\"@id\":\"https:\\\/\\\/www.ucf.edu.cu\\\/?p=23074#breadcrumb\"},\"inLanguage\":\"es\",\"potentialAction\":[{\"@type\":\"ReadAction\",\"target\":[\"https:\\\/\\\/www.ucf.edu.cu\\\/?p=23074\"]}]},{\"@type\":\"ImageObject\",\"inLanguage\":\"es\",\"@id\":\"https:\\\/\\\/www.ucf.edu.cu\\\/?p=23074#primaryimage\",\"url\":\"https:\\\/\\\/www.ucf.edu.cu\\\/wp-content\\\/uploads\\\/2025\\\/06\\\/2xzchZ_18-06-2025_22.06.49.000000.jpg\",\"contentUrl\":\"https:\\\/\\\/www.ucf.edu.cu\\\/wp-content\\\/uploads\\\/2025\\\/06\\\/2xzchZ_18-06-2025_22.06.49.000000.jpg\",\"width\":425,\"height\":250},{\"@type\":\"BreadcrumbList\",\"@id\":\"https:\\\/\\\/www.ucf.edu.cu\\\/?p=23074#breadcrumb\",\"itemListElement\":[{\"@type\":\"ListItem\",\"position\":1,\"name\":\"Portada\",\"item\":\"https:\\\/\\\/www.ucf.edu.cu\\\/\"},{\"@type\":\"ListItem\",\"position\":2,\"name\":\"M\u00e1s de 40 propuestas entre la FEU y Etecsa\"}]},{\"@type\":\"WebSite\",\"@id\":\"https:\\\/\\\/www.ucf.edu.cu\\\/#website\",\"url\":\"https:\\\/\\\/www.ucf.edu.cu\\\/\",\"name\":\"Universidad de Cienfuegos\",\"description\":\"Portal Web Universidad de Cienfuegos\",\"publisher\":{\"@id\":\"https:\\\/\\\/www.ucf.edu.cu\\\/#organization\"},\"alternateName\":\"Portal institucional de la UCf\",\"potentialAction\":[{\"@type\":\"SearchAction\",\"target\":{\"@type\":\"EntryPoint\",\"urlTemplate\":\"https:\\\/\\\/www.ucf.edu.cu\\\/?s={search_term_string}\"},\"query-input\":{\"@type\":\"PropertyValueSpecification\",\"valueRequired\":true,\"valueName\":\"search_term_string\"}}],\"inLanguage\":\"es\"},{\"@type\":\"Organization\",\"@id\":\"https:\\\/\\\/www.ucf.edu.cu\\\/#organization\",\"name\":\"Universidad de Cienfuegos\",\"url\":\"https:\\\/\\\/www.ucf.edu.cu\\\/\",\"logo\":{\"@type\":\"ImageObject\",\"inLanguage\":\"es\",\"@id\":\"https:\\\/\\\/www.ucf.edu.cu\\\/#\\\/schema\\\/logo\\\/image\\\/\",\"url\":\"https:\\\/\\\/www.ucf.edu.cu\\\/wp-content\\\/uploads\\\/2020\\\/11\\\/fe77b047cf65bbf66915926fa3c00c93_L.jpg\",\"contentUrl\":\"https:\\\/\\\/www.ucf.edu.cu\\\/wp-content\\\/uploads\\\/2020\\\/11\\\/fe77b047cf65bbf66915926fa3c00c93_L.jpg\",\"width\":1000,\"height\":763,\"caption\":\"Universidad de Cienfuegos\"},\"image\":{\"@id\":\"https:\\\/\\\/www.ucf.edu.cu\\\/#\\\/schema\\\/logo\\\/image\\\/\"},\"sameAs\":[\"https:\\\/\\\/www.facebook.com\\\/ucfgos\\\/\",\"https:\\\/\\\/x.com\\\/ucfgos\",\"https:\\\/\\\/www.instagram.com\\\/ucfgos\",\"https:\\\/\\\/www.youtube.com\\\/channel\\\/UCymAZYZHmPzh48cHLG6Nx4A\"]},{\"@type\":\"Person\",\"@id\":\"https:\\\/\\\/www.ucf.edu.cu\\\/#\\\/schema\\\/person\\\/1ab5c30ce7d7cff8d04e05d54e4467eb\",\"name\":\"Direcci\u00f3n de Comunicaci\u00f3n Institucional\",\"image\":{\"@type\":\"ImageObject\",\"inLanguage\":\"es\",\"@id\":\"https:\\\/\\\/secure.gravatar.com\\\/avatar\\\/df7a6ffea67205b2cec0557fac1b1c99168521f981217db8876f424e9d334540?s=96&d=mm&r=g\",\"url\":\"https:\\\/\\\/secure.gravatar.com\\\/avatar\\\/df7a6ffea67205b2cec0557fac1b1c99168521f981217db8876f424e9d334540?s=96&d=mm&r=g\",\"contentUrl\":\"https:\\\/\\\/secure.gravatar.com\\\/avatar\\\/df7a6ffea67205b2cec0557fac1b1c99168521f981217db8876f424e9d334540?s=96&d=mm&r=g\",\"caption\":\"Direcci\u00f3n de Comunicaci\u00f3n Institucional\"}}]}<\/script>\n<!-- \/ Yoast SEO plugin. -->","yoast_head_json":{"title":"M\u00e1s de 40 propuestas entre la FEU y Etecsa - Universidad de Cienfuegos","description":"Noticias del \u00e1mbito universitario de la casa de altos estudios de Cienfuegos. Adem\u00e1s se muestran noticias del acontecer nacional e internacional de mayor relevancia.","robots":{"index":"index","follow":"follow","max-snippet":"max-snippet:-1","max-image-preview":"max-image-preview:large","max-video-preview":"max-video-preview:-1"},"canonical":"https:\/\/www.ucf.edu.cu\/?p=23074","og_locale":"es_ES","og_type":"article","og_title":"M\u00e1s de 40 propuestas entre la FEU y Etecsa - Universidad de Cienfuegos","og_description":"Noticias del \u00e1mbito universitario de la casa de altos estudios de Cienfuegos. Adem\u00e1s se muestran noticias del acontecer nacional e internacional de mayor relevancia.","og_url":"https:\/\/www.ucf.edu.cu\/?p=23074","og_site_name":"Universidad de Cienfuegos","article_publisher":"https:\/\/www.facebook.com\/ucfgos\/","article_published_time":"2025-06-19T15:13:10+00:00","article_modified_time":"2025-06-19T15:21:42+00:00","og_image":[{"width":425,"height":250,"url":"https:\/\/www.ucf.edu.cu\/wp-content\/uploads\/2025\/06\/2xzchZ_18-06-2025_22.06.49.000000.jpg","type":"image\/jpeg"}],"author":"Direcci\u00f3n de Comunicaci\u00f3n Institucional","twitter_card":"summary_large_image","twitter_creator":"@ucfgos","twitter_site":"@ucfgos","twitter_misc":{"Escrito por":"Direcci\u00f3n de Comunicaci\u00f3n Institucional","Tiempo de lectura":"1 minuto"},"schema":{"@context":"https:\/\/schema.org","@graph":[{"@type":"Article","@id":"https:\/\/www.ucf.edu.cu\/?p=23074#article","isPartOf":{"@id":"https:\/\/www.ucf.edu.cu\/?p=23074"},"author":{"name":"Direcci\u00f3n de Comunicaci\u00f3n Institucional","@id":"https:\/\/www.ucf.edu.cu\/#\/schema\/person\/1ab5c30ce7d7cff8d04e05d54e4467eb"},"headline":"M\u00e1s de 40 propuestas entre la FEU y Etecsa","datePublished":"2025-06-19T15:13:10+00:00","dateModified":"2025-06-19T15:21:42+00:00","mainEntityOfPage":{"@id":"https:\/\/www.ucf.edu.cu\/?p=23074"},"wordCount":654,"commentCount":0,"publisher":{"@id":"https:\/\/www.ucf.edu.cu\/#organization"},"image":{"@id":"https:\/\/www.ucf.edu.cu\/?p=23074#primaryimage"},"thumbnailUrl":"https:\/\/www.ucf.edu.cu\/wp-content\/uploads\/2025\/06\/2xzchZ_18-06-2025_22.06.49.000000.jpg","articleSection":["Noticias"],"inLanguage":"es","potentialAction":[{"@type":"CommentAction","name":"Comment","target":["https:\/\/www.ucf.edu.cu\/?p=23074#respond"]}]},{"@type":"WebPage","@id":"https:\/\/www.ucf.edu.cu\/?p=23074","url":"https:\/\/www.ucf.edu.cu\/?p=23074","name":"M\u00e1s de 40 propuestas entre la FEU y Etecsa - Universidad de Cienfuegos","isPartOf":{"@id":"https:\/\/www.ucf.edu.cu\/#website"},"primaryImageOfPage":{"@id":"https:\/\/www.ucf.edu.cu\/?p=23074#primaryimage"},"image":{"@id":"https:\/\/www.ucf.edu.cu\/?p=23074#primaryimage"},"thumbnailUrl":"https:\/\/www.ucf.edu.cu\/wp-content\/uploads\/2025\/06\/2xzchZ_18-06-2025_22.06.49.000000.jpg","datePublished":"2025-06-19T15:13:10+00:00","dateModified":"2025-06-19T15:21:42+00:00","description":"Noticias del \u00e1mbito universitario de la casa de altos estudios de Cienfuegos. Adem\u00e1s se muestran noticias del acontecer nacional e internacional de mayor relevancia.","breadcrumb":{"@id":"https:\/\/www.ucf.edu.cu\/?p=23074#breadcrumb"},"inLanguage":"es","potentialAction":[{"@type":"ReadAction","target":["https:\/\/www.ucf.edu.cu\/?p=23074"]}]},{"@type":"ImageObject","inLanguage":"es","@id":"https:\/\/www.ucf.edu.cu\/?p=23074#primaryimage","url":"https:\/\/www.ucf.edu.cu\/wp-content\/uploads\/2025\/06\/2xzchZ_18-06-2025_22.06.49.000000.jpg","contentUrl":"https:\/\/www.ucf.edu.cu\/wp-content\/uploads\/2025\/06\/2xzchZ_18-06-2025_22.06.49.000000.jpg","width":425,"height":250},{"@type":"BreadcrumbList","@id":"https:\/\/www.ucf.edu.cu\/?p=23074#breadcrumb","itemListElement":[{"@type":"ListItem","position":1,"name":"Portada","item":"https:\/\/www.ucf.edu.cu\/"},{"@type":"ListItem","position":2,"name":"M\u00e1s de 40 propuestas entre la FEU y Etecsa"}]},{"@type":"WebSite","@id":"https:\/\/www.ucf.edu.cu\/#website","url":"https:\/\/www.ucf.edu.cu\/","name":"Universidad de Cienfuegos","description":"Portal Web Universidad de Cienfuegos","publisher":{"@id":"https:\/\/www.ucf.edu.cu\/#organization"},"alternateName":"Portal institucional de la UCf","potentialAction":[{"@type":"SearchAction","target":{"@type":"EntryPoint","urlTemplate":"https:\/\/www.ucf.edu.cu\/?s={search_term_string}"},"query-input":{"@type":"PropertyValueSpecification","valueRequired":true,"valueName":"search_term_string"}}],"inLanguage":"es"},{"@type":"Organization","@id":"https:\/\/www.ucf.edu.cu\/#organization","name":"Universidad de Cienfuegos","url":"https:\/\/www.ucf.edu.cu\/","logo":{"@type":"ImageObject","inLanguage":"es","@id":"https:\/\/www.ucf.edu.cu\/#\/schema\/logo\/image\/","url":"https:\/\/www.ucf.edu.cu\/wp-content\/uploads\/2020\/11\/fe77b047cf65bbf66915926fa3c00c93_L.jpg","contentUrl":"https:\/\/www.ucf.edu.cu\/wp-content\/uploads\/2020\/11\/fe77b047cf65bbf66915926fa3c00c93_L.jpg","width":1000,"height":763,"caption":"Universidad de Cienfuegos"},"image":{"@id":"https:\/\/www.ucf.edu.cu\/#\/schema\/logo\/image\/"},"sameAs":["https:\/\/www.facebook.com\/ucfgos\/","https:\/\/x.com\/ucfgos","https:\/\/www.instagram.com\/ucfgos","https:\/\/www.youtube.com\/channel\/UCymAZYZHmPzh48cHLG6Nx4A"]},{"@type":"Person","@id":"https:\/\/www.ucf.edu.cu\/#\/schema\/person\/1ab5c30ce7d7cff8d04e05d54e4467eb","name":"Direcci\u00f3n de Comunicaci\u00f3n Institucional","image":{"@type":"ImageObject","inLanguage":"es","@id":"https:\/\/secure.gravatar.com\/avatar\/df7a6ffea67205b2cec0557fac1b1c99168521f981217db8876f424e9d334540?s=96&d=mm&r=g","url":"https:\/\/secure.gravatar.com\/avatar\/df7a6ffea67205b2cec0557fac1b1c99168521f981217db8876f424e9d334540?s=96&d=mm&r=g","contentUrl":"https:\/\/secure.gravatar.com\/avatar\/df7a6ffea67205b2cec0557fac1b1c99168521f981217db8876f424e9d334540?s=96&d=mm&r=g","caption":"Direcci\u00f3n de Comunicaci\u00f3n Institucional"}}]}},"_links":{"self":[{"href":"https:\/\/www.ucf.edu.cu\/index.php?rest_route=\/wp\/v2\/posts\/23074","targetHints":{"allow":["GET"]}}],"collection":[{"href":"https:\/\/www.ucf.edu.cu\/index.php?rest_route=\/wp\/v2\/posts"}],"about":[{"href":"https:\/\/www.ucf.edu.cu\/index.php?rest_route=\/wp\/v2\/types\/post"}],"author":[{"embeddable":true,"href":"https:\/\/www.ucf.edu.cu\/index.php?rest_route=\/wp\/v2\/users\/6"}],"replies":[{"embeddable":true,"href":"https:\/\/www.ucf.edu.cu\/index.php?rest_route=%2Fwp%2Fv2%2Fcomments&post=23074"}],"version-history":[{"count":7,"href":"https:\/\/www.ucf.edu.cu\/index.php?rest_route=\/wp\/v2\/posts\/23074\/revisions"}],"predecessor-version":[{"id":23083,"href":"https:\/\/www.ucf.edu.cu\/index.php?rest_route=\/wp\/v2\/posts\/23074\/revisions\/23083"}],"wp:featuredmedia":[{"embeddable":true,"href":"https:\/\/www.ucf.edu.cu\/index.php?rest_route=\/wp\/v2\/media\/23075"}],"wp:attachment":[{"href":"https:\/\/www.ucf.edu.cu\/index.php?rest_route=%2Fwp%2Fv2%2Fmedia&parent=23074"}],"wp:term":[{"taxonomy":"category","embeddable":true,"href":"https:\/\/www.ucf.edu.cu\/index.php?rest_route=%2Fwp%2Fv2%2Fcategories&post=23074"},{"taxonomy":"post_tag","embeddable":true,"href":"https:\/\/www.ucf.edu.cu\/index.php?rest_route=%2Fwp%2Fv2%2Ftags&post=23074"}],"curies":[{"name":"wp","href":"https:\/\/api.w.org\/{rel}","templated":true}]}}