{"id":23463,"date":"2025-09-08T12:48:35","date_gmt":"2025-09-08T12:48:35","guid":{"rendered":"https:\/\/www.ucf.edu.cu\/?p=23463"},"modified":"2025-09-08T12:51:41","modified_gmt":"2025-09-08T12:51:41","slug":"ciencia-innovacion-y-transformacion-digital-motores-de-desarrollo","status":"publish","type":"post","link":"https:\/\/www.ucf.edu.cu\/?p=23463","title":{"rendered":"Ciencia, innovaci\u00f3n y transformaci\u00f3n digital: Motores de desarrollo"},"content":{"rendered":"\t\t<div data-elementor-type=\"wp-post\" data-elementor-id=\"23463\" class=\"elementor elementor-23463\">\n\t\t\t\t\t\t<section class=\"elementor-section elementor-top-section elementor-element elementor-element-c5e97d3 elementor-section-boxed elementor-section-height-default elementor-section-height-default\" data-id=\"c5e97d3\" data-element_type=\"section\" data-e-type=\"section\">\n\t\t\t\t\t\t<div class=\"elementor-container elementor-column-gap-default\">\n\t\t\t\t\t<div class=\"elementor-column elementor-col-100 elementor-top-column elementor-element elementor-element-500bfd8\" data-id=\"500bfd8\" data-element_type=\"column\" data-e-type=\"column\">\n\t\t\t<div class=\"elementor-widget-wrap elementor-element-populated\">\n\t\t\t\t\t\t<div class=\"elementor-element elementor-element-ac7e3b9 elementor-widget elementor-widget-text-editor\" data-id=\"ac7e3b9\" data-element_type=\"widget\" data-e-type=\"widget\" data-widget_type=\"text-editor.default\">\n\t\t\t\t<div class=\"elementor-widget-container\">\n\t\t\t\t\t\t\t\t\t<p>La provincia de Cienfuegos enfrenta desaf\u00edos estructurales que limitan su desarrollo sostenible, entre ellos la obsolescencia tecnol\u00f3gica del Sistema Provincial de Bienes y Servicios (SPBS), la desarticulaci\u00f3n productiva y la ausencia de un Sistema Territorial de Innovaci\u00f3n (STI) que articule el conocimiento cient\u00edfico y tecnol\u00f3gico con los sectores econ\u00f3micos clave. Estas limitaciones, identificadas en el diagn\u00f3stico de problemas p\u00fablicos que fundamenta la Estrategia de Desarrollo Provincial (EDP), no solo afectan la productividad y la inserci\u00f3n internacional, sino que tambi\u00e9n profundizan las brechas territoriales y sociales.<\/p><p>\u00a0<\/p><figure id=\"attachment_187759\" class=\"wp-caption aligncenter\" style=\"width: 640px;\" aria-describedby=\"caption-attachment-187759\"><img fetchpriority=\"high\" decoding=\"async\" class=\" wp-image-187759\" src=\"https:\/\/www.5septiembre.cu\/wp-content\/uploads\/2025\/09\/Ciencia-innovacion-y-transformacion-digital-Motores-de-desarrollo-1.jpg\" sizes=\"(max-width: 630px) 100vw, 630px\" srcset=\"https:\/\/www.5septiembre.cu\/wp-content\/uploads\/2025\/09\/Ciencia-innovacion-y-transformacion-digital-Motores-de-desarrollo-1.jpg 630w, https:\/\/www.5septiembre.cu\/wp-content\/uploads\/2025\/09\/Ciencia-innovacion-y-transformacion-digital-Motores-de-desarrollo-1-300x167.jpg 300w\" alt=\"Sistema de innovaci\u00f3n territorial.\/ Foto: Creada por el autor con IA  \" width=\"640\" height=\"356\" \/><figcaption id=\"caption-attachment-187759\" class=\"wp-caption-text\"><em>Sistema de innovaci\u00f3n territorial.<\/em><\/figcaption><\/figure><p>En este contexto, la ciencia y la innovaci\u00f3n se presentan como ejes transversales para la transformaci\u00f3n digital, no como un fin en s\u00ed mismas, sino como medios para superar las limitaciones estructurales que impiden avanzar hacia un modelo econ\u00f3mico m\u00e1s integrado, resiliente y centrado en el conocimiento.<\/p><p>La Pol\u00edtica de Transformaci\u00f3n Digital de Cuba y su Agenda Digital al 2030 establecen un marco normativo y estrat\u00e9gico claro para insertar la ciencia y la innovaci\u00f3n en el proceso de modernizaci\u00f3n del pa\u00eds. En el eje de \u201cInnovaci\u00f3n\u201d, se propone potenciar el pensamiento innovador y el uso de tecnolog\u00edas digitales emergentes, promoviendo la experimentaci\u00f3n y el desarrollo de productos y servicios con alto impacto social y econ\u00f3mico.<\/p><p>Adem\u00e1s, se destaca la necesidad de fortalecer los parques cient\u00edficos tecnol\u00f3gicos, los nodos de innovaci\u00f3n digital y las plataformas colaborativas que articulen academia, Estado y sector productivo. Estos lineamientos nacionales se traducen en la provincia a trav\u00e9s de la Pol\u00edtica Territorial de Transformaci\u00f3n Digital, que prioriza la integraci\u00f3n de la ciencia y la innovaci\u00f3n en sectores estrat\u00e9gicos como la agroindustria, el turismo, la energ\u00eda renovable las telecomunicaciones y la industria entre otros, con miras a diversificar la econom\u00eda y aumentar el valor agregado de los productos locales.<\/p><figure id=\"attachment_187758\" class=\"wp-caption aligncenter\" style=\"width: 648px;\" aria-describedby=\"caption-attachment-187758\"><img decoding=\"async\" class=\"wp-image-187758 \" src=\"https:\/\/www.5septiembre.cu\/wp-content\/uploads\/2025\/09\/Ciencia-innovacion-y-transformacion-digital-Motores-de-desarrollo-2.jpg\" sizes=\"(max-width: 630px) 100vw, 630px\" srcset=\"https:\/\/www.5septiembre.cu\/wp-content\/uploads\/2025\/09\/Ciencia-innovacion-y-transformacion-digital-Motores-de-desarrollo-2.jpg 630w, https:\/\/www.5septiembre.cu\/wp-content\/uploads\/2025\/09\/Ciencia-innovacion-y-transformacion-digital-Motores-de-desarrollo-2-300x167.jpg 300w\" alt=\"Normativas, vinculaci\u00f3n de la transformaci\u00f3n digital con la EDT. \/ Foto: Creada por el autor con IA\u00a0\" width=\"648\" height=\"360\" \/><figcaption id=\"caption-attachment-187758\" class=\"wp-caption-text\"><em>Normativas, vinculaci\u00f3n de la transformaci\u00f3n digital con la EDT.<\/em><\/figcaption><\/figure><p>En la provincia, la vinculaci\u00f3n entre ciencia, innovaci\u00f3n y transformaci\u00f3n digital se materializa en iniciativas concretas que buscan cerrar la brecha entre el conocimiento situado y las necesidades productivas. La Universidad de Cienfuegos, junto con centros de investigaci\u00f3n como el Polo Cient\u00edfico Tecnol\u00f3gico y la red Centro de Estudios para la Transformaci\u00f3n Agraria Sostenible (CETAS), GEOCUBA y el Proyecto de Innovaci\u00f3n Agropecuaria Local (PIAL), est\u00e1n desarrollando soluciones basadas en inteligencia artificial, big data e IoT para optimizar procesos agr\u00edcolas, mejorar la trazabilidad alimentaria y aumentar la eficiencia energ\u00e9tica.<\/p><p>Asimismo, se promueven proyectos de agricultura de precisi\u00f3n, turismo inteligente y gesti\u00f3n portuaria digital, que integran tecnolog\u00edas emergentes con saberes locales. Estos esfuerzos se enmarcan en la estrategia provincial de construir un Sistema Territorial de Innovaci\u00f3n (STI) que no dependa exclusivamente del CITMA, sino que articule a todos los actores del territorio, incluyendo gobiernos locales, empresas estatales y no estatales, cooperativas y comunidades.<\/p><figure id=\"attachment_187757\" class=\"wp-caption aligncenter\" style=\"width: 665px;\" aria-describedby=\"caption-attachment-187757\"><img decoding=\"async\" class=\"wp-image-187757 \" src=\"https:\/\/www.5septiembre.cu\/wp-content\/uploads\/2025\/09\/Ciencia-innovacion-y-transformacion-digital-Motores-de-desarrollo-3.jpg\" sizes=\"(max-width: 630px) 100vw, 630px\" srcset=\"https:\/\/www.5septiembre.cu\/wp-content\/uploads\/2025\/09\/Ciencia-innovacion-y-transformacion-digital-Motores-de-desarrollo-3.jpg 630w, https:\/\/www.5septiembre.cu\/wp-content\/uploads\/2025\/09\/Ciencia-innovacion-y-transformacion-digital-Motores-de-desarrollo-3-300x167.jpg 300w\" alt=\"Visi\u00f3n de integraci\u00f3n de ciencia, innovaci\u00f3n y transformaci\u00f3n digital. \/ Foto: Creada por el autor con IA\u00a0\" width=\"665\" height=\"369\" \/><figcaption id=\"caption-attachment-187757\" class=\"wp-caption-text\"><em>Visi\u00f3n de integraci\u00f3n de ciencia, innovaci\u00f3n y transformaci\u00f3n digital.\u00a0<\/em><\/figcaption><\/figure><p>La proyecci\u00f3n futura de esta articulaci\u00f3n entre ciencia, innovaci\u00f3n y transformaci\u00f3n digital \u00a0depender\u00e1 de la capacidad de convertir el conocimiento cient\u00edfico en soluciones productivas escalables y sostenibles. En los pr\u00f3ximos a\u00f1os, se espera que el despliegue de la Agenda Digital provincial impulse la creaci\u00f3n de hubs de innovaci\u00f3n en municipios como Cruces, Lajas y Rodas, que hist\u00f3ricamente han estado rezagados en t\u00e9rminos de desarrollo econ\u00f3mico.<\/p><p>Estos espacios funcionar\u00e1n como incubadoras de proyectos digitales, centros de formaci\u00f3n en habilidades tecnol\u00f3gicas y nodos de transferencia tecnol\u00f3gica hacia los sectores principales que impulsan la econom\u00eda. Adem\u00e1s, es necesario prever la implementaci\u00f3n de un observatorio provincial de innovaci\u00f3n que monitoree el impacto de las tecnolog\u00edas digitales en la productividad, el empleo y la equidad territorial, con indicadores alineados a los Objetivos de Desarrollo Sostenible (ODS)<\/p><figure id=\"attachment_187756\" class=\"wp-caption aligncenter\" style=\"width: 671px;\" aria-describedby=\"caption-attachment-187756\"><img loading=\"lazy\" decoding=\"async\" class=\"wp-image-187756 \" src=\"https:\/\/www.5septiembre.cu\/wp-content\/uploads\/2025\/09\/Ciencia-innovacion-y-transformacion-digital-Motores-de-desarrollo-4.jpg\" sizes=\"(max-width: 630px) 100vw, 630px\" srcset=\"https:\/\/www.5septiembre.cu\/wp-content\/uploads\/2025\/09\/Ciencia-innovacion-y-transformacion-digital-Motores-de-desarrollo-4.jpg 630w, https:\/\/www.5septiembre.cu\/wp-content\/uploads\/2025\/09\/Ciencia-innovacion-y-transformacion-digital-Motores-de-desarrollo-4-300x167.jpg 300w\" alt=\"Horizonte 2030 de la integraci\u00f3n de ciencia, innovaci\u00f3n y transformaci\u00f3n digital.\/ Foto: Creada por el autor con IA\u00a0\" width=\"671\" height=\"372\" \/><figcaption id=\"caption-attachment-187756\" class=\"wp-caption-text\"><em>Horizonte 2030 de la integraci\u00f3n de ciencia, innovaci\u00f3n y transformaci\u00f3n digital.<\/em><\/figcaption><\/figure><p>En el horizonte 2030, Cienfuegos escalar\u00e1 hacia la integraci\u00f3n de ciencia, innovaci\u00f3n y transformaci\u00f3n digital, si logra convertir sus activos patrimoniales, naturales y humanos en ventajas competitivas sostenibles. La clave estar\u00e1 en consolidar un ecosistema de innovaci\u00f3n abierto, inclusivo y territorializado, donde la investigaci\u00f3n cient\u00edfica no quede confinada a laboratorios, sino que se traduzca en soluciones reales para los problemas del territorio. Esto requerir\u00e1 voluntad pol\u00edtica, inversi\u00f3n, formaci\u00f3n continua de capital humano y, sobre todo, una cultura de innovaci\u00f3n que trascienda los sectores especializados y se convierta en una herramienta cotidiana para el desarrollo econ\u00f3mico y social de todos los cienfuegueros.<\/p><p><em><strong>Tomado de: Peri\u00f3dico 5 de Septiembre<\/strong><\/em><\/p>\t\t\t\t\t\t\t\t<\/div>\n\t\t\t\t<\/div>\n\t\t\t\t\t<\/div>\n\t\t<\/div>\n\t\t\t\t\t<\/div>\n\t\t<\/section>\n\t\t\t\t<\/div>\n\t\t","protected":false},"excerpt":{"rendered":"<p>La provincia de Cienfuegos enfrenta desaf\u00edos estructurales que limitan su desarrollo sostenible, entre ellos la obsolescencia tecnol\u00f3gica del Sistema Provincial de Bienes y Servicios (SPBS), la desarticulaci\u00f3n productiva y la ausencia de<a class=\"moretag\" href=\"https:\/\/www.ucf.edu.cu\/?p=23463\">Leer m\u00e1s&#8230;<\/a><\/p>\n","protected":false},"author":6,"featured_media":23464,"comment_status":"open","ping_status":"open","sticky":false,"template":"","format":"standard","meta":{"footnotes":""},"categories":[6],"tags":[],"class_list":["post-23463","post","type-post","status-publish","format-standard","has-post-thumbnail","hentry","category-noticias"],"yoast_head":"<!-- This site is optimized with the Yoast SEO plugin v27.4 - https:\/\/yoast.com\/product\/yoast-seo-wordpress\/ -->\n<title>Ciencia, innovaci\u00f3n y transformaci\u00f3n digital: Motores de desarrollo - Universidad de Cienfuegos<\/title>\n<meta name=\"description\" content=\"Noticias del \u00e1mbito universitario de la casa de altos estudios de Cienfuegos. Adem\u00e1s se muestran noticias del acontecer nacional e internacional de mayor relevancia.\" \/>\n<meta name=\"robots\" content=\"index, follow, max-snippet:-1, max-image-preview:large, max-video-preview:-1\" \/>\n<link rel=\"canonical\" href=\"https:\/\/www.ucf.edu.cu\/?p=23463\" \/>\n<meta property=\"og:locale\" content=\"es_ES\" \/>\n<meta property=\"og:type\" content=\"article\" \/>\n<meta property=\"og:title\" content=\"Ciencia, innovaci\u00f3n y transformaci\u00f3n digital: Motores de desarrollo - Universidad de Cienfuegos\" \/>\n<meta property=\"og:description\" content=\"Noticias del \u00e1mbito universitario de la casa de altos estudios de Cienfuegos. Adem\u00e1s se muestran noticias del acontecer nacional e internacional de mayor relevancia.\" \/>\n<meta property=\"og:url\" content=\"https:\/\/www.ucf.edu.cu\/?p=23463\" \/>\n<meta property=\"og:site_name\" content=\"Universidad de Cienfuegos\" \/>\n<meta property=\"article:publisher\" content=\"https:\/\/www.facebook.com\/ucfgos\/\" \/>\n<meta property=\"article:published_time\" content=\"2025-09-08T12:48:35+00:00\" \/>\n<meta property=\"article:modified_time\" content=\"2025-09-08T12:51:41+00:00\" \/>\n<meta property=\"og:image\" content=\"https:\/\/www.ucf.edu.cu\/wp-content\/uploads\/2025\/09\/Ciencia-innovacion-y-transformacion-digital-Motores-de-desarrollo-portada.jpg\" \/>\n\t<meta property=\"og:image:width\" content=\"630\" \/>\n\t<meta property=\"og:image:height\" content=\"350\" \/>\n\t<meta property=\"og:image:type\" content=\"image\/jpeg\" \/>\n<meta name=\"author\" content=\"Direcci\u00f3n de Comunicaci\u00f3n Institucional\" \/>\n<meta name=\"twitter:card\" content=\"summary_large_image\" \/>\n<meta name=\"twitter:creator\" content=\"@ucfgos\" \/>\n<meta name=\"twitter:site\" content=\"@ucfgos\" \/>\n<meta name=\"twitter:label1\" content=\"Escrito por\" \/>\n\t<meta name=\"twitter:data1\" content=\"Direcci\u00f3n de Comunicaci\u00f3n Institucional\" \/>\n\t<meta name=\"twitter:label2\" content=\"Tiempo de lectura\" \/>\n\t<meta name=\"twitter:data2\" content=\"5 minutos\" \/>\n<script type=\"application\/ld+json\" class=\"yoast-schema-graph\">{\"@context\":\"https:\\\/\\\/schema.org\",\"@graph\":[{\"@type\":\"Article\",\"@id\":\"https:\\\/\\\/www.ucf.edu.cu\\\/?p=23463#article\",\"isPartOf\":{\"@id\":\"https:\\\/\\\/www.ucf.edu.cu\\\/?p=23463\"},\"author\":{\"name\":\"Direcci\u00f3n de Comunicaci\u00f3n Institucional\",\"@id\":\"https:\\\/\\\/www.ucf.edu.cu\\\/#\\\/schema\\\/person\\\/1ab5c30ce7d7cff8d04e05d54e4467eb\"},\"headline\":\"Ciencia, innovaci\u00f3n y transformaci\u00f3n digital: Motores de desarrollo\",\"datePublished\":\"2025-09-08T12:48:35+00:00\",\"dateModified\":\"2025-09-08T12:51:41+00:00\",\"mainEntityOfPage\":{\"@id\":\"https:\\\/\\\/www.ucf.edu.cu\\\/?p=23463\"},\"wordCount\":810,\"commentCount\":0,\"publisher\":{\"@id\":\"https:\\\/\\\/www.ucf.edu.cu\\\/#organization\"},\"image\":{\"@id\":\"https:\\\/\\\/www.ucf.edu.cu\\\/?p=23463#primaryimage\"},\"thumbnailUrl\":\"https:\\\/\\\/www.ucf.edu.cu\\\/wp-content\\\/uploads\\\/2025\\\/09\\\/Ciencia-innovacion-y-transformacion-digital-Motores-de-desarrollo-portada.jpg\",\"articleSection\":[\"Noticias\"],\"inLanguage\":\"es\",\"potentialAction\":[{\"@type\":\"CommentAction\",\"name\":\"Comment\",\"target\":[\"https:\\\/\\\/www.ucf.edu.cu\\\/?p=23463#respond\"]}]},{\"@type\":\"WebPage\",\"@id\":\"https:\\\/\\\/www.ucf.edu.cu\\\/?p=23463\",\"url\":\"https:\\\/\\\/www.ucf.edu.cu\\\/?p=23463\",\"name\":\"Ciencia, innovaci\u00f3n y transformaci\u00f3n digital: Motores de desarrollo - Universidad de Cienfuegos\",\"isPartOf\":{\"@id\":\"https:\\\/\\\/www.ucf.edu.cu\\\/#website\"},\"primaryImageOfPage\":{\"@id\":\"https:\\\/\\\/www.ucf.edu.cu\\\/?p=23463#primaryimage\"},\"image\":{\"@id\":\"https:\\\/\\\/www.ucf.edu.cu\\\/?p=23463#primaryimage\"},\"thumbnailUrl\":\"https:\\\/\\\/www.ucf.edu.cu\\\/wp-content\\\/uploads\\\/2025\\\/09\\\/Ciencia-innovacion-y-transformacion-digital-Motores-de-desarrollo-portada.jpg\",\"datePublished\":\"2025-09-08T12:48:35+00:00\",\"dateModified\":\"2025-09-08T12:51:41+00:00\",\"description\":\"Noticias del \u00e1mbito universitario de la casa de altos estudios de Cienfuegos. Adem\u00e1s se muestran noticias del acontecer nacional e internacional de mayor relevancia.\",\"breadcrumb\":{\"@id\":\"https:\\\/\\\/www.ucf.edu.cu\\\/?p=23463#breadcrumb\"},\"inLanguage\":\"es\",\"potentialAction\":[{\"@type\":\"ReadAction\",\"target\":[\"https:\\\/\\\/www.ucf.edu.cu\\\/?p=23463\"]}]},{\"@type\":\"ImageObject\",\"inLanguage\":\"es\",\"@id\":\"https:\\\/\\\/www.ucf.edu.cu\\\/?p=23463#primaryimage\",\"url\":\"https:\\\/\\\/www.ucf.edu.cu\\\/wp-content\\\/uploads\\\/2025\\\/09\\\/Ciencia-innovacion-y-transformacion-digital-Motores-de-desarrollo-portada.jpg\",\"contentUrl\":\"https:\\\/\\\/www.ucf.edu.cu\\\/wp-content\\\/uploads\\\/2025\\\/09\\\/Ciencia-innovacion-y-transformacion-digital-Motores-de-desarrollo-portada.jpg\",\"width\":630,\"height\":350},{\"@type\":\"BreadcrumbList\",\"@id\":\"https:\\\/\\\/www.ucf.edu.cu\\\/?p=23463#breadcrumb\",\"itemListElement\":[{\"@type\":\"ListItem\",\"position\":1,\"name\":\"Portada\",\"item\":\"https:\\\/\\\/www.ucf.edu.cu\\\/\"},{\"@type\":\"ListItem\",\"position\":2,\"name\":\"Ciencia, innovaci\u00f3n y transformaci\u00f3n digital: Motores de desarrollo\"}]},{\"@type\":\"WebSite\",\"@id\":\"https:\\\/\\\/www.ucf.edu.cu\\\/#website\",\"url\":\"https:\\\/\\\/www.ucf.edu.cu\\\/\",\"name\":\"Universidad de Cienfuegos\",\"description\":\"Portal Web Universidad de Cienfuegos\",\"publisher\":{\"@id\":\"https:\\\/\\\/www.ucf.edu.cu\\\/#organization\"},\"alternateName\":\"Portal institucional de la UCf\",\"potentialAction\":[{\"@type\":\"SearchAction\",\"target\":{\"@type\":\"EntryPoint\",\"urlTemplate\":\"https:\\\/\\\/www.ucf.edu.cu\\\/?s={search_term_string}\"},\"query-input\":{\"@type\":\"PropertyValueSpecification\",\"valueRequired\":true,\"valueName\":\"search_term_string\"}}],\"inLanguage\":\"es\"},{\"@type\":\"Organization\",\"@id\":\"https:\\\/\\\/www.ucf.edu.cu\\\/#organization\",\"name\":\"Universidad de Cienfuegos\",\"url\":\"https:\\\/\\\/www.ucf.edu.cu\\\/\",\"logo\":{\"@type\":\"ImageObject\",\"inLanguage\":\"es\",\"@id\":\"https:\\\/\\\/www.ucf.edu.cu\\\/#\\\/schema\\\/logo\\\/image\\\/\",\"url\":\"https:\\\/\\\/www.ucf.edu.cu\\\/wp-content\\\/uploads\\\/2020\\\/11\\\/fe77b047cf65bbf66915926fa3c00c93_L.jpg\",\"contentUrl\":\"https:\\\/\\\/www.ucf.edu.cu\\\/wp-content\\\/uploads\\\/2020\\\/11\\\/fe77b047cf65bbf66915926fa3c00c93_L.jpg\",\"width\":1000,\"height\":763,\"caption\":\"Universidad de Cienfuegos\"},\"image\":{\"@id\":\"https:\\\/\\\/www.ucf.edu.cu\\\/#\\\/schema\\\/logo\\\/image\\\/\"},\"sameAs\":[\"https:\\\/\\\/www.facebook.com\\\/ucfgos\\\/\",\"https:\\\/\\\/x.com\\\/ucfgos\",\"https:\\\/\\\/www.instagram.com\\\/ucfgos\",\"https:\\\/\\\/www.youtube.com\\\/channel\\\/UCymAZYZHmPzh48cHLG6Nx4A\"]},{\"@type\":\"Person\",\"@id\":\"https:\\\/\\\/www.ucf.edu.cu\\\/#\\\/schema\\\/person\\\/1ab5c30ce7d7cff8d04e05d54e4467eb\",\"name\":\"Direcci\u00f3n de Comunicaci\u00f3n Institucional\",\"image\":{\"@type\":\"ImageObject\",\"inLanguage\":\"es\",\"@id\":\"https:\\\/\\\/secure.gravatar.com\\\/avatar\\\/df7a6ffea67205b2cec0557fac1b1c99168521f981217db8876f424e9d334540?s=96&d=mm&r=g\",\"url\":\"https:\\\/\\\/secure.gravatar.com\\\/avatar\\\/df7a6ffea67205b2cec0557fac1b1c99168521f981217db8876f424e9d334540?s=96&d=mm&r=g\",\"contentUrl\":\"https:\\\/\\\/secure.gravatar.com\\\/avatar\\\/df7a6ffea67205b2cec0557fac1b1c99168521f981217db8876f424e9d334540?s=96&d=mm&r=g\",\"caption\":\"Direcci\u00f3n de Comunicaci\u00f3n Institucional\"}}]}<\/script>\n<!-- \/ Yoast SEO plugin. -->","yoast_head_json":{"title":"Ciencia, innovaci\u00f3n y transformaci\u00f3n digital: Motores de desarrollo - Universidad de Cienfuegos","description":"Noticias del \u00e1mbito universitario de la casa de altos estudios de Cienfuegos. Adem\u00e1s se muestran noticias del acontecer nacional e internacional de mayor relevancia.","robots":{"index":"index","follow":"follow","max-snippet":"max-snippet:-1","max-image-preview":"max-image-preview:large","max-video-preview":"max-video-preview:-1"},"canonical":"https:\/\/www.ucf.edu.cu\/?p=23463","og_locale":"es_ES","og_type":"article","og_title":"Ciencia, innovaci\u00f3n y transformaci\u00f3n digital: Motores de desarrollo - Universidad de Cienfuegos","og_description":"Noticias del \u00e1mbito universitario de la casa de altos estudios de Cienfuegos. Adem\u00e1s se muestran noticias del acontecer nacional e internacional de mayor relevancia.","og_url":"https:\/\/www.ucf.edu.cu\/?p=23463","og_site_name":"Universidad de Cienfuegos","article_publisher":"https:\/\/www.facebook.com\/ucfgos\/","article_published_time":"2025-09-08T12:48:35+00:00","article_modified_time":"2025-09-08T12:51:41+00:00","og_image":[{"width":630,"height":350,"url":"https:\/\/www.ucf.edu.cu\/wp-content\/uploads\/2025\/09\/Ciencia-innovacion-y-transformacion-digital-Motores-de-desarrollo-portada.jpg","type":"image\/jpeg"}],"author":"Direcci\u00f3n de Comunicaci\u00f3n Institucional","twitter_card":"summary_large_image","twitter_creator":"@ucfgos","twitter_site":"@ucfgos","twitter_misc":{"Escrito por":"Direcci\u00f3n de Comunicaci\u00f3n Institucional","Tiempo de lectura":"5 minutos"},"schema":{"@context":"https:\/\/schema.org","@graph":[{"@type":"Article","@id":"https:\/\/www.ucf.edu.cu\/?p=23463#article","isPartOf":{"@id":"https:\/\/www.ucf.edu.cu\/?p=23463"},"author":{"name":"Direcci\u00f3n de Comunicaci\u00f3n Institucional","@id":"https:\/\/www.ucf.edu.cu\/#\/schema\/person\/1ab5c30ce7d7cff8d04e05d54e4467eb"},"headline":"Ciencia, innovaci\u00f3n y transformaci\u00f3n digital: Motores de desarrollo","datePublished":"2025-09-08T12:48:35+00:00","dateModified":"2025-09-08T12:51:41+00:00","mainEntityOfPage":{"@id":"https:\/\/www.ucf.edu.cu\/?p=23463"},"wordCount":810,"commentCount":0,"publisher":{"@id":"https:\/\/www.ucf.edu.cu\/#organization"},"image":{"@id":"https:\/\/www.ucf.edu.cu\/?p=23463#primaryimage"},"thumbnailUrl":"https:\/\/www.ucf.edu.cu\/wp-content\/uploads\/2025\/09\/Ciencia-innovacion-y-transformacion-digital-Motores-de-desarrollo-portada.jpg","articleSection":["Noticias"],"inLanguage":"es","potentialAction":[{"@type":"CommentAction","name":"Comment","target":["https:\/\/www.ucf.edu.cu\/?p=23463#respond"]}]},{"@type":"WebPage","@id":"https:\/\/www.ucf.edu.cu\/?p=23463","url":"https:\/\/www.ucf.edu.cu\/?p=23463","name":"Ciencia, innovaci\u00f3n y transformaci\u00f3n digital: Motores de desarrollo - Universidad de Cienfuegos","isPartOf":{"@id":"https:\/\/www.ucf.edu.cu\/#website"},"primaryImageOfPage":{"@id":"https:\/\/www.ucf.edu.cu\/?p=23463#primaryimage"},"image":{"@id":"https:\/\/www.ucf.edu.cu\/?p=23463#primaryimage"},"thumbnailUrl":"https:\/\/www.ucf.edu.cu\/wp-content\/uploads\/2025\/09\/Ciencia-innovacion-y-transformacion-digital-Motores-de-desarrollo-portada.jpg","datePublished":"2025-09-08T12:48:35+00:00","dateModified":"2025-09-08T12:51:41+00:00","description":"Noticias del \u00e1mbito universitario de la casa de altos estudios de Cienfuegos. Adem\u00e1s se muestran noticias del acontecer nacional e internacional de mayor relevancia.","breadcrumb":{"@id":"https:\/\/www.ucf.edu.cu\/?p=23463#breadcrumb"},"inLanguage":"es","potentialAction":[{"@type":"ReadAction","target":["https:\/\/www.ucf.edu.cu\/?p=23463"]}]},{"@type":"ImageObject","inLanguage":"es","@id":"https:\/\/www.ucf.edu.cu\/?p=23463#primaryimage","url":"https:\/\/www.ucf.edu.cu\/wp-content\/uploads\/2025\/09\/Ciencia-innovacion-y-transformacion-digital-Motores-de-desarrollo-portada.jpg","contentUrl":"https:\/\/www.ucf.edu.cu\/wp-content\/uploads\/2025\/09\/Ciencia-innovacion-y-transformacion-digital-Motores-de-desarrollo-portada.jpg","width":630,"height":350},{"@type":"BreadcrumbList","@id":"https:\/\/www.ucf.edu.cu\/?p=23463#breadcrumb","itemListElement":[{"@type":"ListItem","position":1,"name":"Portada","item":"https:\/\/www.ucf.edu.cu\/"},{"@type":"ListItem","position":2,"name":"Ciencia, innovaci\u00f3n y transformaci\u00f3n digital: Motores de desarrollo"}]},{"@type":"WebSite","@id":"https:\/\/www.ucf.edu.cu\/#website","url":"https:\/\/www.ucf.edu.cu\/","name":"Universidad de Cienfuegos","description":"Portal Web Universidad de Cienfuegos","publisher":{"@id":"https:\/\/www.ucf.edu.cu\/#organization"},"alternateName":"Portal institucional de la UCf","potentialAction":[{"@type":"SearchAction","target":{"@type":"EntryPoint","urlTemplate":"https:\/\/www.ucf.edu.cu\/?s={search_term_string}"},"query-input":{"@type":"PropertyValueSpecification","valueRequired":true,"valueName":"search_term_string"}}],"inLanguage":"es"},{"@type":"Organization","@id":"https:\/\/www.ucf.edu.cu\/#organization","name":"Universidad de Cienfuegos","url":"https:\/\/www.ucf.edu.cu\/","logo":{"@type":"ImageObject","inLanguage":"es","@id":"https:\/\/www.ucf.edu.cu\/#\/schema\/logo\/image\/","url":"https:\/\/www.ucf.edu.cu\/wp-content\/uploads\/2020\/11\/fe77b047cf65bbf66915926fa3c00c93_L.jpg","contentUrl":"https:\/\/www.ucf.edu.cu\/wp-content\/uploads\/2020\/11\/fe77b047cf65bbf66915926fa3c00c93_L.jpg","width":1000,"height":763,"caption":"Universidad de Cienfuegos"},"image":{"@id":"https:\/\/www.ucf.edu.cu\/#\/schema\/logo\/image\/"},"sameAs":["https:\/\/www.facebook.com\/ucfgos\/","https:\/\/x.com\/ucfgos","https:\/\/www.instagram.com\/ucfgos","https:\/\/www.youtube.com\/channel\/UCymAZYZHmPzh48cHLG6Nx4A"]},{"@type":"Person","@id":"https:\/\/www.ucf.edu.cu\/#\/schema\/person\/1ab5c30ce7d7cff8d04e05d54e4467eb","name":"Direcci\u00f3n de Comunicaci\u00f3n Institucional","image":{"@type":"ImageObject","inLanguage":"es","@id":"https:\/\/secure.gravatar.com\/avatar\/df7a6ffea67205b2cec0557fac1b1c99168521f981217db8876f424e9d334540?s=96&d=mm&r=g","url":"https:\/\/secure.gravatar.com\/avatar\/df7a6ffea67205b2cec0557fac1b1c99168521f981217db8876f424e9d334540?s=96&d=mm&r=g","contentUrl":"https:\/\/secure.gravatar.com\/avatar\/df7a6ffea67205b2cec0557fac1b1c99168521f981217db8876f424e9d334540?s=96&d=mm&r=g","caption":"Direcci\u00f3n de Comunicaci\u00f3n Institucional"}}]}},"_links":{"self":[{"href":"https:\/\/www.ucf.edu.cu\/index.php?rest_route=\/wp\/v2\/posts\/23463","targetHints":{"allow":["GET"]}}],"collection":[{"href":"https:\/\/www.ucf.edu.cu\/index.php?rest_route=\/wp\/v2\/posts"}],"about":[{"href":"https:\/\/www.ucf.edu.cu\/index.php?rest_route=\/wp\/v2\/types\/post"}],"author":[{"embeddable":true,"href":"https:\/\/www.ucf.edu.cu\/index.php?rest_route=\/wp\/v2\/users\/6"}],"replies":[{"embeddable":true,"href":"https:\/\/www.ucf.edu.cu\/index.php?rest_route=%2Fwp%2Fv2%2Fcomments&post=23463"}],"version-history":[{"count":4,"href":"https:\/\/www.ucf.edu.cu\/index.php?rest_route=\/wp\/v2\/posts\/23463\/revisions"}],"predecessor-version":[{"id":23468,"href":"https:\/\/www.ucf.edu.cu\/index.php?rest_route=\/wp\/v2\/posts\/23463\/revisions\/23468"}],"wp:featuredmedia":[{"embeddable":true,"href":"https:\/\/www.ucf.edu.cu\/index.php?rest_route=\/wp\/v2\/media\/23464"}],"wp:attachment":[{"href":"https:\/\/www.ucf.edu.cu\/index.php?rest_route=%2Fwp%2Fv2%2Fmedia&parent=23463"}],"wp:term":[{"taxonomy":"category","embeddable":true,"href":"https:\/\/www.ucf.edu.cu\/index.php?rest_route=%2Fwp%2Fv2%2Fcategories&post=23463"},{"taxonomy":"post_tag","embeddable":true,"href":"https:\/\/www.ucf.edu.cu\/index.php?rest_route=%2Fwp%2Fv2%2Ftags&post=23463"}],"curies":[{"name":"wp","href":"https:\/\/api.w.org\/{rel}","templated":true}]}}