{"id":24290,"date":"2025-11-13T14:58:47","date_gmt":"2025-11-13T14:58:47","guid":{"rendered":"https:\/\/www.ucf.edu.cu\/?p=24290"},"modified":"2025-11-13T15:08:08","modified_gmt":"2025-11-13T15:08:08","slug":"quehacer-destacado-de-la-sociedad-cultural-jose-marti-en-cienfuegos","status":"publish","type":"post","link":"https:\/\/www.ucf.edu.cu\/?p=24290","title":{"rendered":"Quehacer destacado de la Sociedad Cultural Jos\u00e9 Mart\u00ed en Cienfuegos"},"content":{"rendered":"\t\t<div data-elementor-type=\"wp-post\" data-elementor-id=\"24290\" class=\"elementor elementor-24290\">\n\t\t\t\t\t\t<section class=\"elementor-section elementor-top-section elementor-element elementor-element-6568317 elementor-section-boxed elementor-section-height-default elementor-section-height-default\" data-id=\"6568317\" data-element_type=\"section\" data-e-type=\"section\">\n\t\t\t\t\t\t<div class=\"elementor-container elementor-column-gap-default\">\n\t\t\t\t\t<div class=\"elementor-column elementor-col-100 elementor-top-column elementor-element elementor-element-026af8c\" data-id=\"026af8c\" data-element_type=\"column\" data-e-type=\"column\">\n\t\t\t<div class=\"elementor-widget-wrap elementor-element-populated\">\n\t\t\t\t\t\t<div class=\"elementor-element elementor-element-eb86ab0 elementor-widget elementor-widget-text-editor\" data-id=\"eb86ab0\" data-element_type=\"widget\" data-e-type=\"widget\" data-widget_type=\"text-editor.default\">\n\t\t\t\t<div class=\"elementor-widget-container\">\n\t\t\t\t\t\t\t\t\t<p>Los integrantes de la filial cienfueguera\u00a0\u00a0\u00a0de la Sociedad Cultural Jos\u00e9 Mart\u00ed (SCJM) se unen al aporte solidario de todos los cubanos para contribuir as\u00ed con los hermanos afectados en las provincias orientales tras el paso del hurac\u00e1n Melissa.No es una acci\u00f3n aislada, forma parte de un quehacer que \u2014en la regi\u00f3n centro sure\u00f1a\u2014 cuenta con tres d\u00e9cadas.<span id=\"more-192012\"><\/span><\/p><p>Bajo la premisa martiana de que ser \u00fatil es mejor que ser pr\u00edncipe, la SCJM asume disimiles actividades, lo que le ha valido \u2014 recientemente\u2014 la condici\u00f3n de Destacada junto a sus hom\u00f3logas de Guant\u00e1namo e Isla de la Juventud.\u00a0\u00a0Tal reconocimiento est\u00e1 avalado, como ya apuntaba, en una ejecutoria positiva que va desde el cumplimiento, en la fecha prevista, de la entrega la informaci\u00f3n sobre la membres\u00eda, Clubes y Consejos Martianos hasta la materializaci\u00f3n de acciones de car\u00e1cter hist\u00f3rico y de homenaje.<\/p><p>As\u00ed, por ejemplo, en lo transcurrido de 2025 se han sucedido momentos trascendentes como el \u00abConcurso De cara al Sol\u00bb, iniciativa de la Filial en la Jornada Nacional de igual nombre, en su primera edici\u00f3n en la ense\u00f1anza primaria de todo el territorio cienfueguero, con una amplia participaci\u00f3n. Para el 28 de enero de 2026 se prev\u00e9 la convocatoria a la segunda edici\u00f3n.<\/p><figure id=\"attachment_192016\" class=\"wp-caption aligncenter\" aria-describedby=\"caption-attachment-192016\"><img fetchpriority=\"high\" decoding=\"async\" class=\"size-full wp-image-192016\" src=\"https:\/\/www.5septiembre.cu\/wp-content\/uploads\/2025\/11\/Quehacer-destacado-de-la-Sociedad-Cultural-Jose-Marti-en-Cienfuegos-2.jpg\" sizes=\"(max-width: 1248px) 100vw, 1248px\" srcset=\"https:\/\/www.5septiembre.cu\/wp-content\/uploads\/2025\/11\/Quehacer-destacado-de-la-Sociedad-Cultural-Jose-Marti-en-Cienfuegos-2.jpg 1248w, https:\/\/www.5septiembre.cu\/wp-content\/uploads\/2025\/11\/Quehacer-destacado-de-la-Sociedad-Cultural-Jose-Marti-en-Cienfuegos-2-300x225.jpg 300w, https:\/\/www.5septiembre.cu\/wp-content\/uploads\/2025\/11\/Quehacer-destacado-de-la-Sociedad-Cultural-Jose-Marti-en-Cienfuegos-2-1024x768.jpg 1024w, https:\/\/www.5septiembre.cu\/wp-content\/uploads\/2025\/11\/Quehacer-destacado-de-la-Sociedad-Cultural-Jose-Marti-en-Cienfuegos-2-768x576.jpg 768w\" alt=\"\" width=\"1248\" height=\"936\" \/><figcaption id=\"caption-attachment-192016\" class=\"wp-caption-text\"><em>Premiaci\u00f3n Concurso \u201cDe cara al sol\u201d, una de las actividades desarrolladas en 2025. \/Foto: Tay Toscano<\/em><\/figcaption><\/figure><p>\u00a0<\/p><p>No menos importante ha sido la participaci\u00f3n como jurados en el Concurso \u201cLeer a Mart\u00ed\u201d de la Biblioteca Nacional, provincial y municipales y en los Seminarios Juveniles de Estudios Martianos en municipios y provincia, todos con resultados positivos a nivel nacional.<\/p><p>El Taller Provincial \u201cBatalla de Mal Tiempo\u201d, el Coloquio \u201cIsmaelillo\u201d y la jornada en homenaje al Adulto Mayor, desarrollada del 1ro de septiembre al 1ro de octubre, adem\u00e1s de la convocatoria al concurso \u201cTestigos del tiempo\u201d, en el que todas las personas pueden participar escribiendo historias de vida de personas adultas mayores destacadas, forman parte de las actividades concretadas.<\/p><p>Completan el quehacer de la filiial cienfueguera de la SCJM las actividades previstas en las Jornadas Martianas \u201cDe cara al sol\u201d, \u201cCentenario del Comandante\u201d y \u201c95 aniversario del natalicio de Armando Hart\u201d; tambi\u00e9n exposiciones, encuentros con la historia, conversatorios con estudiantes de primaria, secundaria y preuniversitario, visitas a monumentos y tarjas y la siembra del primer Caguair\u00e1n en el Museo Naval, en homenaje al Comandante en Jefe y al levantamiento popular armando del 5 de septiembre de 1957.<\/p><p>Y no queda ah\u00ed la conmemoraci\u00f3n, porque en la sede del Parque de La Aduana, se prepara una sala especializada sobre la vida y obra de Armando Hart, con el objetivo de que sea visitada por el p\u00fablico en general. Se aspira a atesorar libros, documentos, fotos y audiovisuales relacionados con Hart, desde su ra\u00edz martiana, fidelista y su pasi\u00f3n por Cuba.<\/p><p>Continuar ascendiendo en la calidad del trabajo, para sembrar a Mart\u00ed en el coraz\u00f3n de cada ni\u00f1o, ni\u00f1a, adolescente, joven y en todas las personas de buena voluntad es prop\u00f3sito de la Junta directiva e integrantes de la Sociedad cultural Jos\u00e9 Mart\u00ed, en Cienfuegos, quienes desde su quehacer siguen reafirmando su condici\u00f3n de destacados.<\/p><p><em><strong>Tomado de:\u00a0 Portal Digital Peri\u00f3dico P\u00e1gina 5 de Septiembre\u00a0<\/strong><\/em><\/p>\t\t\t\t\t\t\t\t<\/div>\n\t\t\t\t<\/div>\n\t\t\t\t\t<\/div>\n\t\t<\/div>\n\t\t\t\t\t<\/div>\n\t\t<\/section>\n\t\t\t\t<\/div>\n\t\t","protected":false},"excerpt":{"rendered":"<p>Los integrantes de la filial cienfueguera\u00a0\u00a0\u00a0de la Sociedad Cultural Jos\u00e9 Mart\u00ed (SCJM) se unen al aporte solidario de todos los cubanos para contribuir as\u00ed con los hermanos afectados en las provincias orientales<a class=\"moretag\" href=\"https:\/\/www.ucf.edu.cu\/?p=24290\">Leer m\u00e1s&#8230;<\/a><\/p>\n","protected":false},"author":6,"featured_media":24291,"comment_status":"open","ping_status":"open","sticky":false,"template":"","format":"standard","meta":{"footnotes":""},"categories":[6],"tags":[],"class_list":["post-24290","post","type-post","status-publish","format-standard","has-post-thumbnail","hentry","category-noticias"],"yoast_head":"<!-- This site is optimized with the Yoast SEO plugin v27.4 - https:\/\/yoast.com\/product\/yoast-seo-wordpress\/ -->\n<title>Quehacer destacado de la Sociedad Cultural Jos\u00e9 Mart\u00ed en Cienfuegos - Universidad de Cienfuegos<\/title>\n<meta name=\"description\" content=\"Noticias del \u00e1mbito universitario de la casa de altos estudios de Cienfuegos. Adem\u00e1s se muestran noticias del acontecer nacional e internacional de mayor relevancia.\" \/>\n<meta name=\"robots\" content=\"index, follow, max-snippet:-1, max-image-preview:large, max-video-preview:-1\" \/>\n<link rel=\"canonical\" href=\"https:\/\/www.ucf.edu.cu\/?p=24290\" \/>\n<meta property=\"og:locale\" content=\"es_ES\" \/>\n<meta property=\"og:type\" content=\"article\" \/>\n<meta property=\"og:title\" content=\"Quehacer destacado de la Sociedad Cultural Jos\u00e9 Mart\u00ed en Cienfuegos - Universidad de Cienfuegos\" \/>\n<meta property=\"og:description\" content=\"Noticias del \u00e1mbito universitario de la casa de altos estudios de Cienfuegos. Adem\u00e1s se muestran noticias del acontecer nacional e internacional de mayor relevancia.\" \/>\n<meta property=\"og:url\" content=\"https:\/\/www.ucf.edu.cu\/?p=24290\" \/>\n<meta property=\"og:site_name\" content=\"Universidad de Cienfuegos\" \/>\n<meta property=\"article:publisher\" content=\"https:\/\/www.facebook.com\/ucfgos\/\" \/>\n<meta property=\"article:published_time\" content=\"2025-11-13T14:58:47+00:00\" \/>\n<meta property=\"article:modified_time\" content=\"2025-11-13T15:08:08+00:00\" \/>\n<meta property=\"og:image\" content=\"https:\/\/www.ucf.edu.cu\/wp-content\/uploads\/2025\/11\/Sociedad-Cultural-Jose-Marti-.png\" \/>\n\t<meta property=\"og:image:width\" content=\"630\" \/>\n\t<meta property=\"og:image:height\" content=\"350\" \/>\n\t<meta property=\"og:image:type\" content=\"image\/png\" \/>\n<meta name=\"author\" content=\"Direcci\u00f3n de Comunicaci\u00f3n Institucional\" \/>\n<meta name=\"twitter:card\" content=\"summary_large_image\" \/>\n<meta name=\"twitter:creator\" content=\"@ucfgos\" \/>\n<meta name=\"twitter:site\" content=\"@ucfgos\" \/>\n<meta name=\"twitter:label1\" content=\"Escrito por\" \/>\n\t<meta name=\"twitter:data1\" content=\"Direcci\u00f3n de Comunicaci\u00f3n Institucional\" \/>\n\t<meta name=\"twitter:label2\" content=\"Tiempo de lectura\" \/>\n\t<meta name=\"twitter:data2\" content=\"3 minutos\" \/>\n<script type=\"application\/ld+json\" class=\"yoast-schema-graph\">{\"@context\":\"https:\\\/\\\/schema.org\",\"@graph\":[{\"@type\":\"Article\",\"@id\":\"https:\\\/\\\/www.ucf.edu.cu\\\/?p=24290#article\",\"isPartOf\":{\"@id\":\"https:\\\/\\\/www.ucf.edu.cu\\\/?p=24290\"},\"author\":{\"name\":\"Direcci\u00f3n de Comunicaci\u00f3n Institucional\",\"@id\":\"https:\\\/\\\/www.ucf.edu.cu\\\/#\\\/schema\\\/person\\\/1ab5c30ce7d7cff8d04e05d54e4467eb\"},\"headline\":\"Quehacer destacado de la Sociedad Cultural Jos\u00e9 Mart\u00ed en Cienfuegos\",\"datePublished\":\"2025-11-13T14:58:47+00:00\",\"dateModified\":\"2025-11-13T15:08:08+00:00\",\"mainEntityOfPage\":{\"@id\":\"https:\\\/\\\/www.ucf.edu.cu\\\/?p=24290\"},\"wordCount\":559,\"commentCount\":0,\"publisher\":{\"@id\":\"https:\\\/\\\/www.ucf.edu.cu\\\/#organization\"},\"image\":{\"@id\":\"https:\\\/\\\/www.ucf.edu.cu\\\/?p=24290#primaryimage\"},\"thumbnailUrl\":\"https:\\\/\\\/www.ucf.edu.cu\\\/wp-content\\\/uploads\\\/2025\\\/11\\\/Sociedad-Cultural-Jose-Marti-.png\",\"articleSection\":[\"Noticias\"],\"inLanguage\":\"es\",\"potentialAction\":[{\"@type\":\"CommentAction\",\"name\":\"Comment\",\"target\":[\"https:\\\/\\\/www.ucf.edu.cu\\\/?p=24290#respond\"]}]},{\"@type\":\"WebPage\",\"@id\":\"https:\\\/\\\/www.ucf.edu.cu\\\/?p=24290\",\"url\":\"https:\\\/\\\/www.ucf.edu.cu\\\/?p=24290\",\"name\":\"Quehacer destacado de la Sociedad Cultural Jos\u00e9 Mart\u00ed en Cienfuegos - Universidad de Cienfuegos\",\"isPartOf\":{\"@id\":\"https:\\\/\\\/www.ucf.edu.cu\\\/#website\"},\"primaryImageOfPage\":{\"@id\":\"https:\\\/\\\/www.ucf.edu.cu\\\/?p=24290#primaryimage\"},\"image\":{\"@id\":\"https:\\\/\\\/www.ucf.edu.cu\\\/?p=24290#primaryimage\"},\"thumbnailUrl\":\"https:\\\/\\\/www.ucf.edu.cu\\\/wp-content\\\/uploads\\\/2025\\\/11\\\/Sociedad-Cultural-Jose-Marti-.png\",\"datePublished\":\"2025-11-13T14:58:47+00:00\",\"dateModified\":\"2025-11-13T15:08:08+00:00\",\"description\":\"Noticias del \u00e1mbito universitario de la casa de altos estudios de Cienfuegos. Adem\u00e1s se muestran noticias del acontecer nacional e internacional de mayor relevancia.\",\"breadcrumb\":{\"@id\":\"https:\\\/\\\/www.ucf.edu.cu\\\/?p=24290#breadcrumb\"},\"inLanguage\":\"es\",\"potentialAction\":[{\"@type\":\"ReadAction\",\"target\":[\"https:\\\/\\\/www.ucf.edu.cu\\\/?p=24290\"]}]},{\"@type\":\"ImageObject\",\"inLanguage\":\"es\",\"@id\":\"https:\\\/\\\/www.ucf.edu.cu\\\/?p=24290#primaryimage\",\"url\":\"https:\\\/\\\/www.ucf.edu.cu\\\/wp-content\\\/uploads\\\/2025\\\/11\\\/Sociedad-Cultural-Jose-Marti-.png\",\"contentUrl\":\"https:\\\/\\\/www.ucf.edu.cu\\\/wp-content\\\/uploads\\\/2025\\\/11\\\/Sociedad-Cultural-Jose-Marti-.png\",\"width\":630,\"height\":350},{\"@type\":\"BreadcrumbList\",\"@id\":\"https:\\\/\\\/www.ucf.edu.cu\\\/?p=24290#breadcrumb\",\"itemListElement\":[{\"@type\":\"ListItem\",\"position\":1,\"name\":\"Portada\",\"item\":\"https:\\\/\\\/www.ucf.edu.cu\\\/\"},{\"@type\":\"ListItem\",\"position\":2,\"name\":\"Quehacer destacado de la Sociedad Cultural Jos\u00e9 Mart\u00ed en Cienfuegos\"}]},{\"@type\":\"WebSite\",\"@id\":\"https:\\\/\\\/www.ucf.edu.cu\\\/#website\",\"url\":\"https:\\\/\\\/www.ucf.edu.cu\\\/\",\"name\":\"Universidad de Cienfuegos\",\"description\":\"Portal Web Universidad de Cienfuegos\",\"publisher\":{\"@id\":\"https:\\\/\\\/www.ucf.edu.cu\\\/#organization\"},\"alternateName\":\"Portal institucional de la UCf\",\"potentialAction\":[{\"@type\":\"SearchAction\",\"target\":{\"@type\":\"EntryPoint\",\"urlTemplate\":\"https:\\\/\\\/www.ucf.edu.cu\\\/?s={search_term_string}\"},\"query-input\":{\"@type\":\"PropertyValueSpecification\",\"valueRequired\":true,\"valueName\":\"search_term_string\"}}],\"inLanguage\":\"es\"},{\"@type\":\"Organization\",\"@id\":\"https:\\\/\\\/www.ucf.edu.cu\\\/#organization\",\"name\":\"Universidad de Cienfuegos\",\"url\":\"https:\\\/\\\/www.ucf.edu.cu\\\/\",\"logo\":{\"@type\":\"ImageObject\",\"inLanguage\":\"es\",\"@id\":\"https:\\\/\\\/www.ucf.edu.cu\\\/#\\\/schema\\\/logo\\\/image\\\/\",\"url\":\"https:\\\/\\\/www.ucf.edu.cu\\\/wp-content\\\/uploads\\\/2020\\\/11\\\/fe77b047cf65bbf66915926fa3c00c93_L.jpg\",\"contentUrl\":\"https:\\\/\\\/www.ucf.edu.cu\\\/wp-content\\\/uploads\\\/2020\\\/11\\\/fe77b047cf65bbf66915926fa3c00c93_L.jpg\",\"width\":1000,\"height\":763,\"caption\":\"Universidad de Cienfuegos\"},\"image\":{\"@id\":\"https:\\\/\\\/www.ucf.edu.cu\\\/#\\\/schema\\\/logo\\\/image\\\/\"},\"sameAs\":[\"https:\\\/\\\/www.facebook.com\\\/ucfgos\\\/\",\"https:\\\/\\\/x.com\\\/ucfgos\",\"https:\\\/\\\/www.instagram.com\\\/ucfgos\",\"https:\\\/\\\/www.youtube.com\\\/channel\\\/UCymAZYZHmPzh48cHLG6Nx4A\"]},{\"@type\":\"Person\",\"@id\":\"https:\\\/\\\/www.ucf.edu.cu\\\/#\\\/schema\\\/person\\\/1ab5c30ce7d7cff8d04e05d54e4467eb\",\"name\":\"Direcci\u00f3n de Comunicaci\u00f3n Institucional\",\"image\":{\"@type\":\"ImageObject\",\"inLanguage\":\"es\",\"@id\":\"https:\\\/\\\/secure.gravatar.com\\\/avatar\\\/df7a6ffea67205b2cec0557fac1b1c99168521f981217db8876f424e9d334540?s=96&d=mm&r=g\",\"url\":\"https:\\\/\\\/secure.gravatar.com\\\/avatar\\\/df7a6ffea67205b2cec0557fac1b1c99168521f981217db8876f424e9d334540?s=96&d=mm&r=g\",\"contentUrl\":\"https:\\\/\\\/secure.gravatar.com\\\/avatar\\\/df7a6ffea67205b2cec0557fac1b1c99168521f981217db8876f424e9d334540?s=96&d=mm&r=g\",\"caption\":\"Direcci\u00f3n de Comunicaci\u00f3n Institucional\"}}]}<\/script>\n<!-- \/ Yoast SEO plugin. -->","yoast_head_json":{"title":"Quehacer destacado de la Sociedad Cultural Jos\u00e9 Mart\u00ed en Cienfuegos - Universidad de Cienfuegos","description":"Noticias del \u00e1mbito universitario de la casa de altos estudios de Cienfuegos. Adem\u00e1s se muestran noticias del acontecer nacional e internacional de mayor relevancia.","robots":{"index":"index","follow":"follow","max-snippet":"max-snippet:-1","max-image-preview":"max-image-preview:large","max-video-preview":"max-video-preview:-1"},"canonical":"https:\/\/www.ucf.edu.cu\/?p=24290","og_locale":"es_ES","og_type":"article","og_title":"Quehacer destacado de la Sociedad Cultural Jos\u00e9 Mart\u00ed en Cienfuegos - Universidad de Cienfuegos","og_description":"Noticias del \u00e1mbito universitario de la casa de altos estudios de Cienfuegos. Adem\u00e1s se muestran noticias del acontecer nacional e internacional de mayor relevancia.","og_url":"https:\/\/www.ucf.edu.cu\/?p=24290","og_site_name":"Universidad de Cienfuegos","article_publisher":"https:\/\/www.facebook.com\/ucfgos\/","article_published_time":"2025-11-13T14:58:47+00:00","article_modified_time":"2025-11-13T15:08:08+00:00","og_image":[{"width":630,"height":350,"url":"https:\/\/www.ucf.edu.cu\/wp-content\/uploads\/2025\/11\/Sociedad-Cultural-Jose-Marti-.png","type":"image\/png"}],"author":"Direcci\u00f3n de Comunicaci\u00f3n Institucional","twitter_card":"summary_large_image","twitter_creator":"@ucfgos","twitter_site":"@ucfgos","twitter_misc":{"Escrito por":"Direcci\u00f3n de Comunicaci\u00f3n Institucional","Tiempo de lectura":"3 minutos"},"schema":{"@context":"https:\/\/schema.org","@graph":[{"@type":"Article","@id":"https:\/\/www.ucf.edu.cu\/?p=24290#article","isPartOf":{"@id":"https:\/\/www.ucf.edu.cu\/?p=24290"},"author":{"name":"Direcci\u00f3n de Comunicaci\u00f3n Institucional","@id":"https:\/\/www.ucf.edu.cu\/#\/schema\/person\/1ab5c30ce7d7cff8d04e05d54e4467eb"},"headline":"Quehacer destacado de la Sociedad Cultural Jos\u00e9 Mart\u00ed en Cienfuegos","datePublished":"2025-11-13T14:58:47+00:00","dateModified":"2025-11-13T15:08:08+00:00","mainEntityOfPage":{"@id":"https:\/\/www.ucf.edu.cu\/?p=24290"},"wordCount":559,"commentCount":0,"publisher":{"@id":"https:\/\/www.ucf.edu.cu\/#organization"},"image":{"@id":"https:\/\/www.ucf.edu.cu\/?p=24290#primaryimage"},"thumbnailUrl":"https:\/\/www.ucf.edu.cu\/wp-content\/uploads\/2025\/11\/Sociedad-Cultural-Jose-Marti-.png","articleSection":["Noticias"],"inLanguage":"es","potentialAction":[{"@type":"CommentAction","name":"Comment","target":["https:\/\/www.ucf.edu.cu\/?p=24290#respond"]}]},{"@type":"WebPage","@id":"https:\/\/www.ucf.edu.cu\/?p=24290","url":"https:\/\/www.ucf.edu.cu\/?p=24290","name":"Quehacer destacado de la Sociedad Cultural Jos\u00e9 Mart\u00ed en Cienfuegos - Universidad de Cienfuegos","isPartOf":{"@id":"https:\/\/www.ucf.edu.cu\/#website"},"primaryImageOfPage":{"@id":"https:\/\/www.ucf.edu.cu\/?p=24290#primaryimage"},"image":{"@id":"https:\/\/www.ucf.edu.cu\/?p=24290#primaryimage"},"thumbnailUrl":"https:\/\/www.ucf.edu.cu\/wp-content\/uploads\/2025\/11\/Sociedad-Cultural-Jose-Marti-.png","datePublished":"2025-11-13T14:58:47+00:00","dateModified":"2025-11-13T15:08:08+00:00","description":"Noticias del \u00e1mbito universitario de la casa de altos estudios de Cienfuegos. Adem\u00e1s se muestran noticias del acontecer nacional e internacional de mayor relevancia.","breadcrumb":{"@id":"https:\/\/www.ucf.edu.cu\/?p=24290#breadcrumb"},"inLanguage":"es","potentialAction":[{"@type":"ReadAction","target":["https:\/\/www.ucf.edu.cu\/?p=24290"]}]},{"@type":"ImageObject","inLanguage":"es","@id":"https:\/\/www.ucf.edu.cu\/?p=24290#primaryimage","url":"https:\/\/www.ucf.edu.cu\/wp-content\/uploads\/2025\/11\/Sociedad-Cultural-Jose-Marti-.png","contentUrl":"https:\/\/www.ucf.edu.cu\/wp-content\/uploads\/2025\/11\/Sociedad-Cultural-Jose-Marti-.png","width":630,"height":350},{"@type":"BreadcrumbList","@id":"https:\/\/www.ucf.edu.cu\/?p=24290#breadcrumb","itemListElement":[{"@type":"ListItem","position":1,"name":"Portada","item":"https:\/\/www.ucf.edu.cu\/"},{"@type":"ListItem","position":2,"name":"Quehacer destacado de la Sociedad Cultural Jos\u00e9 Mart\u00ed en Cienfuegos"}]},{"@type":"WebSite","@id":"https:\/\/www.ucf.edu.cu\/#website","url":"https:\/\/www.ucf.edu.cu\/","name":"Universidad de Cienfuegos","description":"Portal Web Universidad de Cienfuegos","publisher":{"@id":"https:\/\/www.ucf.edu.cu\/#organization"},"alternateName":"Portal institucional de la UCf","potentialAction":[{"@type":"SearchAction","target":{"@type":"EntryPoint","urlTemplate":"https:\/\/www.ucf.edu.cu\/?s={search_term_string}"},"query-input":{"@type":"PropertyValueSpecification","valueRequired":true,"valueName":"search_term_string"}}],"inLanguage":"es"},{"@type":"Organization","@id":"https:\/\/www.ucf.edu.cu\/#organization","name":"Universidad de Cienfuegos","url":"https:\/\/www.ucf.edu.cu\/","logo":{"@type":"ImageObject","inLanguage":"es","@id":"https:\/\/www.ucf.edu.cu\/#\/schema\/logo\/image\/","url":"https:\/\/www.ucf.edu.cu\/wp-content\/uploads\/2020\/11\/fe77b047cf65bbf66915926fa3c00c93_L.jpg","contentUrl":"https:\/\/www.ucf.edu.cu\/wp-content\/uploads\/2020\/11\/fe77b047cf65bbf66915926fa3c00c93_L.jpg","width":1000,"height":763,"caption":"Universidad de Cienfuegos"},"image":{"@id":"https:\/\/www.ucf.edu.cu\/#\/schema\/logo\/image\/"},"sameAs":["https:\/\/www.facebook.com\/ucfgos\/","https:\/\/x.com\/ucfgos","https:\/\/www.instagram.com\/ucfgos","https:\/\/www.youtube.com\/channel\/UCymAZYZHmPzh48cHLG6Nx4A"]},{"@type":"Person","@id":"https:\/\/www.ucf.edu.cu\/#\/schema\/person\/1ab5c30ce7d7cff8d04e05d54e4467eb","name":"Direcci\u00f3n de Comunicaci\u00f3n Institucional","image":{"@type":"ImageObject","inLanguage":"es","@id":"https:\/\/secure.gravatar.com\/avatar\/df7a6ffea67205b2cec0557fac1b1c99168521f981217db8876f424e9d334540?s=96&d=mm&r=g","url":"https:\/\/secure.gravatar.com\/avatar\/df7a6ffea67205b2cec0557fac1b1c99168521f981217db8876f424e9d334540?s=96&d=mm&r=g","contentUrl":"https:\/\/secure.gravatar.com\/avatar\/df7a6ffea67205b2cec0557fac1b1c99168521f981217db8876f424e9d334540?s=96&d=mm&r=g","caption":"Direcci\u00f3n de Comunicaci\u00f3n Institucional"}}]}},"_links":{"self":[{"href":"https:\/\/www.ucf.edu.cu\/index.php?rest_route=\/wp\/v2\/posts\/24290","targetHints":{"allow":["GET"]}}],"collection":[{"href":"https:\/\/www.ucf.edu.cu\/index.php?rest_route=\/wp\/v2\/posts"}],"about":[{"href":"https:\/\/www.ucf.edu.cu\/index.php?rest_route=\/wp\/v2\/types\/post"}],"author":[{"embeddable":true,"href":"https:\/\/www.ucf.edu.cu\/index.php?rest_route=\/wp\/v2\/users\/6"}],"replies":[{"embeddable":true,"href":"https:\/\/www.ucf.edu.cu\/index.php?rest_route=%2Fwp%2Fv2%2Fcomments&post=24290"}],"version-history":[{"count":10,"href":"https:\/\/www.ucf.edu.cu\/index.php?rest_route=\/wp\/v2\/posts\/24290\/revisions"}],"predecessor-version":[{"id":24301,"href":"https:\/\/www.ucf.edu.cu\/index.php?rest_route=\/wp\/v2\/posts\/24290\/revisions\/24301"}],"wp:featuredmedia":[{"embeddable":true,"href":"https:\/\/www.ucf.edu.cu\/index.php?rest_route=\/wp\/v2\/media\/24291"}],"wp:attachment":[{"href":"https:\/\/www.ucf.edu.cu\/index.php?rest_route=%2Fwp%2Fv2%2Fmedia&parent=24290"}],"wp:term":[{"taxonomy":"category","embeddable":true,"href":"https:\/\/www.ucf.edu.cu\/index.php?rest_route=%2Fwp%2Fv2%2Fcategories&post=24290"},{"taxonomy":"post_tag","embeddable":true,"href":"https:\/\/www.ucf.edu.cu\/index.php?rest_route=%2Fwp%2Fv2%2Ftags&post=24290"}],"curies":[{"name":"wp","href":"https:\/\/api.w.org\/{rel}","templated":true}]}}