{"id":24542,"date":"2026-01-05T15:50:56","date_gmt":"2026-01-05T15:50:56","guid":{"rendered":"https:\/\/www.ucf.edu.cu\/?p=24542"},"modified":"2026-01-05T16:02:01","modified_gmt":"2026-01-05T16:02:01","slug":"cuba-2025-cierra-con-una-tasa-de-mortalidad-infantil-de-9-9-por-cada-mil-nacidos-vivos","status":"publish","type":"post","link":"https:\/\/www.ucf.edu.cu\/?p=24542","title":{"rendered":"Cuba: 2025 cierra con una tasa de mortalidad infantil de 9.9 por cada mil nacidos vivos"},"content":{"rendered":"\t\t<div data-elementor-type=\"wp-post\" data-elementor-id=\"24542\" class=\"elementor elementor-24542\">\n\t\t\t\t\t\t<section class=\"elementor-section elementor-top-section elementor-element elementor-element-73dfa97 elementor-section-boxed elementor-section-height-default elementor-section-height-default\" data-id=\"73dfa97\" data-element_type=\"section\" data-e-type=\"section\">\n\t\t\t\t\t\t<div class=\"elementor-container elementor-column-gap-default\">\n\t\t\t\t\t<div class=\"elementor-column elementor-col-100 elementor-top-column elementor-element elementor-element-f25ce6d\" data-id=\"f25ce6d\" data-element_type=\"column\" data-e-type=\"column\">\n\t\t\t<div class=\"elementor-widget-wrap elementor-element-populated\">\n\t\t\t\t\t\t<div class=\"elementor-element elementor-element-6133e1d elementor-widget elementor-widget-heading\" data-id=\"6133e1d\" data-element_type=\"widget\" data-e-type=\"widget\" data-widget_type=\"heading.default\">\n\t\t\t\t<div class=\"elementor-widget-container\">\n\t\t\t\t\t<h2 class=\"elementor-heading-title elementor-size-default\">A\u00f1ade aqu\u00ed tu texto de cabecera<\/h2>\t\t\t\t<\/div>\n\t\t\t\t<\/div>\n\t\t\t\t\t<\/div>\n\t\t<\/div>\n\t\t\t\t\t<\/div>\n\t\t<\/section>\n\t\t\t\t<section class=\"elementor-section elementor-top-section elementor-element elementor-element-e55f26d elementor-section-boxed elementor-section-height-default elementor-section-height-default\" data-id=\"e55f26d\" data-element_type=\"section\" data-e-type=\"section\">\n\t\t\t\t\t\t<div class=\"elementor-container elementor-column-gap-default\">\n\t\t\t\t\t<div class=\"elementor-column elementor-col-100 elementor-top-column elementor-element elementor-element-e7324d4\" data-id=\"e7324d4\" data-element_type=\"column\" data-e-type=\"column\">\n\t\t\t<div class=\"elementor-widget-wrap elementor-element-populated\">\n\t\t\t\t\t\t<div class=\"elementor-element elementor-element-69e64a0 elementor-widget elementor-widget-text-editor\" data-id=\"69e64a0\" data-element_type=\"widget\" data-e-type=\"widget\" data-widget_type=\"text-editor.default\">\n\t\t\t\t<div class=\"elementor-widget-container\">\n\t\t\t\t\t\t\t\t\t<p>En Cuba, donde el cuidado de cada ni\u00f1o se defiende como el m\u00e1s valioso tesoro, el Programa de Atenci\u00f3n Materno Infantil (PAMI) contin\u00faa siendo prioridad para el Sistema Nacional de Salud. Lo hecho con ese prop\u00f3sito durante el 2025, aun en medio de complejidades y desaf\u00edos constantes, evidencia que, proteger la vida, sigue siendo el eje esencial de una obra colectiva de inmenso amor.<\/p><p>De acuerdo con datos preliminares proporcionados por la Direcci\u00f3n de Registros M\u00e9dicos y Estad\u00edsticas del Ministerio de Salud P\u00fablica, al cierre del pasado a\u00f1o la tasa de mortalidad infantil en menores de un a\u00f1o fue de 9.9 por cada mil nacidos vivos, contra 7.1 en 2024.<\/p><p>Durante los \u00faltimos doce meses, en Cuba se reportaron 68 mil 51 nacimientos, lo cual significa 3 mil 108 nacidos menos que en el 2024. Esa reducci\u00f3n en la natalidad ha sido un comportamiento habitual en los \u00faltimos a\u00f1os y es consecuencia de la situaci\u00f3n demogr\u00e1fica que se manifiesta en todo el pa\u00eds.<\/p><p>En ese contexto y a pesar de las complejidades, 17 municipios no reportaron fallecidos menores de un a\u00f1o, lo cual constituye uno de los indicadores m\u00e1s favorables del periodo. Por otra parte, las provincias de Pinar del R\u00edo, Sancti Sp\u00edritus,\u00a0<a href=\"http:\/\/cienfuegospatrimonio.wordpress.com\/mi-ciudad\/\" target=\"_blank\" rel=\"nofollow noopener\" data-autolink-id=\"1\">Cienfuegos<\/a>\u00a0y Holgu\u00edn alcanzaron las mejores tasas de mortalidad infantil del pa\u00eds.<\/p><p>En cuanto a la mortalidad materna, la tasa result\u00f3 de 44.1 por 100 000 nacidos vivos, contra 40.6 en 2024. El incremento de un a\u00f1o respecto al otro fue de una muerte materna. No obstante esos resultados, en el 2025 se produjo el segundo menor n\u00famero total de fallecidas en la historia de la Salud P\u00fablica cubana.<\/p><p>Es importante reconocer el desempe\u00f1o de provincias como Artemisa y Camag\u00fcey, as\u00ed como el municipio especial Isla de la Juventud, donde no ocurrieron fallecimientos relacionados con el embarazo, parto o puerperio. De manera particular, m\u00e1s de un centenar de municipios alcanzaron ese mismo resultado.<\/p><p>Si habl\u00e1ramos de cifras, podemos decir que fueron 321 pacientes con morbilidad materna extremadamente grave, las que se salvaron de esa condici\u00f3n cr\u00edtica, gracias a la atenci\u00f3n oportuna de los profesionales sanitarios, lo cual constituye un logro que merece ser destacado.<\/p><p>Asimismo, la tasa de mortalidad preescolar fue de 3.7 por 10 000 habitantes, disminuyendo en comparaci\u00f3n con el a\u00f1o anterior en 24.3%. La tasa de mortalidad escolar fue de 2.2 por 10 000 habitantes, igual al a\u00f1o anterior, aunque en n\u00fameros absolutos fueron siete fallecidos menos.<\/p><p>Ante todos esos resultados, es imprescindible reconocer los efectos negativos que a lo largo y ancho del territorio nacional han tenido en muchos de nuestros servicios, y de manera particular en indicadores del PAMI, elementos que afectan de manera general al pa\u00eds. Entre ellos no podemos dejar de mencionar la dif\u00edcil situaci\u00f3n econ\u00f3mica; el recrudecimiento del bloqueo econ\u00f3mico, comercial y financiero del Gobierno de los Estados Unidos, que ocasiona limitaciones en medicamentos, insumos y equipamiento m\u00e9dicos; la circulaci\u00f3n de arbovirosis; el impacto de fen\u00f3menos naturales como huracanes e intensas lluvias, as\u00ed como el no completamiento de los recursos humanos en algunos servicios.<\/p><p>Es justo subrayar, adem\u00e1s, que los territorios con mejores resultados representan un ejemplo, y sus avances, m\u00e9todos y estilos de trabajo deben convertirse en inspiraci\u00f3n, en medio de las dificultades, para continuar defendiendo la vida de cada madre y ni\u00f1o en Cuba.<\/p><p>Acciones conjuntas y estrategias<br \/>Entre las acciones conjuntas desarrolladas por las instituciones de Salud y otros sectores, en el transcurso del pasado a\u00f1o, para el cuidado a madres e infantes, sobresalen el seguimiento a enfermedades preexistentes a la gestaci\u00f3n; el manejo integral de la enfermedad hipertensiva del embarazo; el chequeo sistem\u00e1tico a los casos de alto riesgo obst\u00e9trico; las medidas para disminuir el elevado comportamiento del bajo peso al nacer, y la incidencia del parto pret\u00e9rmino. A todas ellas se suma la atenci\u00f3n a las mujeres en edad f\u00e9rtil, embarazadas, pu\u00e9rperas y ni\u00f1os.<\/p><p>Resulta especialmente significativa la implementaci\u00f3n de una intervenci\u00f3n sanitaria, basada en la innovaci\u00f3n de procesos, y que Cuba aplic\u00f3 con el apoyo de un grupo de expertos nacionales y provinciales en pos de lograr una evaluaci\u00f3n integral de las gestantes y los lactantes del pa\u00eds.<\/p><p>Ese ejercicio permiti\u00f3, entre otras acciones, una mejor definici\u00f3n de los factores de riesgo; el dise\u00f1o de interconsultas ajustadas a las necesidades detectadas; el ingreso oportuno de quienes lo requer\u00edan, y la aplicaci\u00f3n de tratamientos para las principales afecciones diagnosticadas.<\/p><p>Unido a todo ello, desde el trabajo intersectorial se ofrecieron soluciones a familias en situaciones de riesgo social, demostrando que la Salud P\u00fablica cubana tiene sus bases tambi\u00e9n en la integralidad, el acompa\u00f1amiento, la asesor\u00eda constante y la b\u00fasqueda de alternativas en cada escenario, ajustando las acciones a las caracter\u00edsticas de cada uno.<\/p><p>La intensa labor desplegada en el periodo, que involucr\u00f3 a miles de trabajadores de la Salud y de otros m\u00faltiples sectores, constituye un ejemplo del compromiso colectivo y la voluntad que marcaron al a\u00f1o reci\u00e9n concluido, de continuar defendiendo la vida.<\/p><p>Tambi\u00e9n en el 2025 se actualizaron estrategias encaminadas a disminuir el embarazo en la adolescencia, indicador que mostr\u00f3 una mejor\u00eda respecto al 2024, a partir de una mayor responsabilidad intersectorial con la prevenci\u00f3n y la atenci\u00f3n a nuestras adolescentes.<\/p><p>Entre las acciones m\u00e1s relevantes llevadas a cabo con ese objetivo, resaltan el fortalecimiento de los programas educativos para adolescentes y j\u00f3venes, con \u00e9nfasis en la prevenci\u00f3n y la promoci\u00f3n de estilos de vida saludables; la ampliaci\u00f3n de los servicios de planificaci\u00f3n familiar; la capacitaci\u00f3n continua de profesionales; el acompa\u00f1amiento integral a las adolescentes y sus familias; la articulaci\u00f3n con organizaciones sociales y comunitarias para identificar y atender situaciones de riesgo, y la puesta en marcha de campa\u00f1as de comunicaci\u00f3n a todos los niveles.<\/p><p>El 2025 se distingui\u00f3, adem\u00e1s, por el desarrollo de una actualizaci\u00f3n integral del Programa de Atenci\u00f3n Materno Infantil, en correspondencia con el objetivo n\u00famero 3 de la Pol\u00edtica de Atenci\u00f3n Integral a la Ni\u00f1ez, Adolescencias y Juventudes. Asimismo, inici\u00f3 el proceso de reorganizaci\u00f3n de los recursos humanos en la Atenci\u00f3n Primaria de Salud, con el prop\u00f3sito de garantizar y dar sostenibilidad a la cobertura m\u00e9dica en el territorio nacional.<\/p><p>Sobresalen en el periodo la ampliaci\u00f3n de espacios de preparaci\u00f3n y capacitaci\u00f3n continua, que impactan positivamente en la calidad de la atenci\u00f3n, pues fortalecen las competencias del personal y aseguran que cada acci\u00f3n est\u00e9 respaldada por el conocimiento m\u00e1s actualizado.<\/p><p>De manera especial, se concret\u00f3 por primera vez en Cuba la vacunaci\u00f3n contra el neumococo, un paso trascendental y directo para la disminuci\u00f3n de la morbilidad y de los fallecimientos por infecciones respiratorias agudas, en los primeros a\u00f1os de vida. Tambi\u00e9n se introdujo la vacuna contra el Virus del Papiloma Humano para la prevenci\u00f3n del c\u00e1ncer cervicouterino desde edades tempranas.<\/p><p>Incansable ha sido la labor de los trabajadores del sector que tributan a la materializaci\u00f3n del PAMI, conscientes de que en sus manos est\u00e1 la felicidad de muchas familias y tambi\u00e9n el futuro del pa\u00eds.<\/p><p>Cada jornada del a\u00f1o amaneci\u00f3 con el mismo empe\u00f1o: perfeccionar estrategias, buscar alternativas para optimizar recursos y fortalecer la prevenci\u00f3n, como pilares fundamentales de nuestro modelo de salud. Ese esfuerzo colectivo sigue demostrando que la Salud P\u00fablica cubana no se limita a enfrentar las dificultades, sino que se prepara y se transforma constantemente.<\/p><p>La salud materno-infantil en Cuba no es solo un Programa, es un compromiso de amor y de entrega hacia nuestro pueblo. Nuestro prop\u00f3sito para el 2026 es el de continuar trabajando para consolidar los buenos resultados y multiplicar las experiencias positivas que ya distinguen a muchos territorios.<\/p><p>La prioridad seguir\u00e1 siendo la misma: garantizar que nacer y crecer en Cuba sean sin\u00f3nimos de cuidado, esperanza y futuro, porque no existe misi\u00f3n m\u00e1s noble que proteger siempre, a pesar de las adversidades, la vida.<\/p><p><em><strong>Tomado de: Portal Digital Telecentro Perlavisi\u00f3n\u00a0<\/strong><\/em><\/p>\t\t\t\t\t\t\t\t<\/div>\n\t\t\t\t<\/div>\n\t\t\t\t\t<\/div>\n\t\t<\/div>\n\t\t\t\t\t<\/div>\n\t\t<\/section>\n\t\t\t\t<\/div>\n\t\t","protected":false},"excerpt":{"rendered":"<p>A\u00f1ade aqu\u00ed tu texto de cabecera En Cuba, donde el cuidado de cada ni\u00f1o se defiende como el m\u00e1s valioso tesoro, el Programa de Atenci\u00f3n Materno Infantil (PAMI) contin\u00faa siendo prioridad para<a class=\"moretag\" href=\"https:\/\/www.ucf.edu.cu\/?p=24542\">Leer m\u00e1s&#8230;<\/a><\/p>\n","protected":false},"author":6,"featured_media":24543,"comment_status":"open","ping_status":"open","sticky":false,"template":"","format":"standard","meta":{"footnotes":""},"categories":[6],"tags":[],"class_list":["post-24542","post","type-post","status-publish","format-standard","has-post-thumbnail","hentry","category-noticias"],"yoast_head":"<!-- This site is optimized with the Yoast SEO plugin v27.4 - https:\/\/yoast.com\/product\/yoast-seo-wordpress\/ -->\n<title>Cuba: 2025 cierra con una tasa de mortalidad infantil de 9.9 por cada mil nacidos vivos - Universidad de Cienfuegos<\/title>\n<meta name=\"description\" content=\"Noticias del \u00e1mbito universitario de la casa de altos estudios de Cienfuegos. Adem\u00e1s se muestran noticias del acontecer nacional e internacional de mayor relevancia.\" \/>\n<meta name=\"robots\" content=\"index, follow, max-snippet:-1, max-image-preview:large, max-video-preview:-1\" \/>\n<link rel=\"canonical\" href=\"https:\/\/www.ucf.edu.cu\/?p=24542\" \/>\n<meta property=\"og:locale\" content=\"es_ES\" \/>\n<meta property=\"og:type\" content=\"article\" \/>\n<meta property=\"og:title\" content=\"Cuba: 2025 cierra con una tasa de mortalidad infantil de 9.9 por cada mil nacidos vivos - Universidad de Cienfuegos\" \/>\n<meta property=\"og:description\" content=\"Noticias del \u00e1mbito universitario de la casa de altos estudios de Cienfuegos. Adem\u00e1s se muestran noticias del acontecer nacional e internacional de mayor relevancia.\" \/>\n<meta property=\"og:url\" content=\"https:\/\/www.ucf.edu.cu\/?p=24542\" \/>\n<meta property=\"og:site_name\" content=\"Universidad de Cienfuegos\" \/>\n<meta property=\"article:publisher\" content=\"https:\/\/www.facebook.com\/ucfgos\/\" \/>\n<meta property=\"article:published_time\" content=\"2026-01-05T15:50:56+00:00\" \/>\n<meta property=\"article:modified_time\" content=\"2026-01-05T16:02:01+00:00\" \/>\n<meta property=\"og:image\" content=\"https:\/\/www.ucf.edu.cu\/wp-content\/uploads\/2026\/01\/bebe-europa.jpg\" \/>\n\t<meta property=\"og:image:width\" content=\"1000\" \/>\n\t<meta property=\"og:image:height\" content=\"562\" \/>\n\t<meta property=\"og:image:type\" content=\"image\/jpeg\" \/>\n<meta name=\"author\" content=\"Direcci\u00f3n de Comunicaci\u00f3n Institucional\" \/>\n<meta name=\"twitter:card\" content=\"summary_large_image\" \/>\n<meta name=\"twitter:creator\" content=\"@ucfgos\" \/>\n<meta name=\"twitter:site\" content=\"@ucfgos\" \/>\n<meta name=\"twitter:label1\" content=\"Escrito por\" \/>\n\t<meta name=\"twitter:data1\" content=\"Direcci\u00f3n de Comunicaci\u00f3n Institucional\" \/>\n\t<meta name=\"twitter:label2\" content=\"Tiempo de lectura\" \/>\n\t<meta name=\"twitter:data2\" content=\"7 minutos\" \/>\n<script type=\"application\/ld+json\" class=\"yoast-schema-graph\">{\"@context\":\"https:\\\/\\\/schema.org\",\"@graph\":[{\"@type\":\"Article\",\"@id\":\"https:\\\/\\\/www.ucf.edu.cu\\\/?p=24542#article\",\"isPartOf\":{\"@id\":\"https:\\\/\\\/www.ucf.edu.cu\\\/?p=24542\"},\"author\":{\"name\":\"Direcci\u00f3n de Comunicaci\u00f3n Institucional\",\"@id\":\"https:\\\/\\\/www.ucf.edu.cu\\\/#\\\/schema\\\/person\\\/1ab5c30ce7d7cff8d04e05d54e4467eb\"},\"headline\":\"Cuba: 2025 cierra con una tasa de mortalidad infantil de 9.9 por cada mil nacidos vivos\",\"datePublished\":\"2026-01-05T15:50:56+00:00\",\"dateModified\":\"2026-01-05T16:02:01+00:00\",\"mainEntityOfPage\":{\"@id\":\"https:\\\/\\\/www.ucf.edu.cu\\\/?p=24542\"},\"wordCount\":1405,\"commentCount\":0,\"publisher\":{\"@id\":\"https:\\\/\\\/www.ucf.edu.cu\\\/#organization\"},\"image\":{\"@id\":\"https:\\\/\\\/www.ucf.edu.cu\\\/?p=24542#primaryimage\"},\"thumbnailUrl\":\"https:\\\/\\\/www.ucf.edu.cu\\\/wp-content\\\/uploads\\\/2026\\\/01\\\/bebe-europa.jpg\",\"articleSection\":[\"Noticias\"],\"inLanguage\":\"es\",\"potentialAction\":[{\"@type\":\"CommentAction\",\"name\":\"Comment\",\"target\":[\"https:\\\/\\\/www.ucf.edu.cu\\\/?p=24542#respond\"]}]},{\"@type\":\"WebPage\",\"@id\":\"https:\\\/\\\/www.ucf.edu.cu\\\/?p=24542\",\"url\":\"https:\\\/\\\/www.ucf.edu.cu\\\/?p=24542\",\"name\":\"Cuba: 2025 cierra con una tasa de mortalidad infantil de 9.9 por cada mil nacidos vivos - Universidad de Cienfuegos\",\"isPartOf\":{\"@id\":\"https:\\\/\\\/www.ucf.edu.cu\\\/#website\"},\"primaryImageOfPage\":{\"@id\":\"https:\\\/\\\/www.ucf.edu.cu\\\/?p=24542#primaryimage\"},\"image\":{\"@id\":\"https:\\\/\\\/www.ucf.edu.cu\\\/?p=24542#primaryimage\"},\"thumbnailUrl\":\"https:\\\/\\\/www.ucf.edu.cu\\\/wp-content\\\/uploads\\\/2026\\\/01\\\/bebe-europa.jpg\",\"datePublished\":\"2026-01-05T15:50:56+00:00\",\"dateModified\":\"2026-01-05T16:02:01+00:00\",\"description\":\"Noticias del \u00e1mbito universitario de la casa de altos estudios de Cienfuegos. Adem\u00e1s se muestran noticias del acontecer nacional e internacional de mayor relevancia.\",\"breadcrumb\":{\"@id\":\"https:\\\/\\\/www.ucf.edu.cu\\\/?p=24542#breadcrumb\"},\"inLanguage\":\"es\",\"potentialAction\":[{\"@type\":\"ReadAction\",\"target\":[\"https:\\\/\\\/www.ucf.edu.cu\\\/?p=24542\"]}]},{\"@type\":\"ImageObject\",\"inLanguage\":\"es\",\"@id\":\"https:\\\/\\\/www.ucf.edu.cu\\\/?p=24542#primaryimage\",\"url\":\"https:\\\/\\\/www.ucf.edu.cu\\\/wp-content\\\/uploads\\\/2026\\\/01\\\/bebe-europa.jpg\",\"contentUrl\":\"https:\\\/\\\/www.ucf.edu.cu\\\/wp-content\\\/uploads\\\/2026\\\/01\\\/bebe-europa.jpg\",\"width\":1000,\"height\":562},{\"@type\":\"BreadcrumbList\",\"@id\":\"https:\\\/\\\/www.ucf.edu.cu\\\/?p=24542#breadcrumb\",\"itemListElement\":[{\"@type\":\"ListItem\",\"position\":1,\"name\":\"Portada\",\"item\":\"https:\\\/\\\/www.ucf.edu.cu\\\/\"},{\"@type\":\"ListItem\",\"position\":2,\"name\":\"Cuba: 2025 cierra con una tasa de mortalidad infantil de 9.9 por cada mil nacidos vivos\"}]},{\"@type\":\"WebSite\",\"@id\":\"https:\\\/\\\/www.ucf.edu.cu\\\/#website\",\"url\":\"https:\\\/\\\/www.ucf.edu.cu\\\/\",\"name\":\"Universidad de Cienfuegos\",\"description\":\"Portal Web Universidad de Cienfuegos\",\"publisher\":{\"@id\":\"https:\\\/\\\/www.ucf.edu.cu\\\/#organization\"},\"alternateName\":\"Portal institucional de la UCf\",\"potentialAction\":[{\"@type\":\"SearchAction\",\"target\":{\"@type\":\"EntryPoint\",\"urlTemplate\":\"https:\\\/\\\/www.ucf.edu.cu\\\/?s={search_term_string}\"},\"query-input\":{\"@type\":\"PropertyValueSpecification\",\"valueRequired\":true,\"valueName\":\"search_term_string\"}}],\"inLanguage\":\"es\"},{\"@type\":\"Organization\",\"@id\":\"https:\\\/\\\/www.ucf.edu.cu\\\/#organization\",\"name\":\"Universidad de Cienfuegos\",\"url\":\"https:\\\/\\\/www.ucf.edu.cu\\\/\",\"logo\":{\"@type\":\"ImageObject\",\"inLanguage\":\"es\",\"@id\":\"https:\\\/\\\/www.ucf.edu.cu\\\/#\\\/schema\\\/logo\\\/image\\\/\",\"url\":\"https:\\\/\\\/www.ucf.edu.cu\\\/wp-content\\\/uploads\\\/2020\\\/11\\\/fe77b047cf65bbf66915926fa3c00c93_L.jpg\",\"contentUrl\":\"https:\\\/\\\/www.ucf.edu.cu\\\/wp-content\\\/uploads\\\/2020\\\/11\\\/fe77b047cf65bbf66915926fa3c00c93_L.jpg\",\"width\":1000,\"height\":763,\"caption\":\"Universidad de Cienfuegos\"},\"image\":{\"@id\":\"https:\\\/\\\/www.ucf.edu.cu\\\/#\\\/schema\\\/logo\\\/image\\\/\"},\"sameAs\":[\"https:\\\/\\\/www.facebook.com\\\/ucfgos\\\/\",\"https:\\\/\\\/x.com\\\/ucfgos\",\"https:\\\/\\\/www.instagram.com\\\/ucfgos\",\"https:\\\/\\\/www.youtube.com\\\/channel\\\/UCymAZYZHmPzh48cHLG6Nx4A\"]},{\"@type\":\"Person\",\"@id\":\"https:\\\/\\\/www.ucf.edu.cu\\\/#\\\/schema\\\/person\\\/1ab5c30ce7d7cff8d04e05d54e4467eb\",\"name\":\"Direcci\u00f3n de Comunicaci\u00f3n Institucional\",\"image\":{\"@type\":\"ImageObject\",\"inLanguage\":\"es\",\"@id\":\"https:\\\/\\\/secure.gravatar.com\\\/avatar\\\/df7a6ffea67205b2cec0557fac1b1c99168521f981217db8876f424e9d334540?s=96&d=mm&r=g\",\"url\":\"https:\\\/\\\/secure.gravatar.com\\\/avatar\\\/df7a6ffea67205b2cec0557fac1b1c99168521f981217db8876f424e9d334540?s=96&d=mm&r=g\",\"contentUrl\":\"https:\\\/\\\/secure.gravatar.com\\\/avatar\\\/df7a6ffea67205b2cec0557fac1b1c99168521f981217db8876f424e9d334540?s=96&d=mm&r=g\",\"caption\":\"Direcci\u00f3n de Comunicaci\u00f3n Institucional\"}}]}<\/script>\n<!-- \/ Yoast SEO plugin. -->","yoast_head_json":{"title":"Cuba: 2025 cierra con una tasa de mortalidad infantil de 9.9 por cada mil nacidos vivos - Universidad de Cienfuegos","description":"Noticias del \u00e1mbito universitario de la casa de altos estudios de Cienfuegos. Adem\u00e1s se muestran noticias del acontecer nacional e internacional de mayor relevancia.","robots":{"index":"index","follow":"follow","max-snippet":"max-snippet:-1","max-image-preview":"max-image-preview:large","max-video-preview":"max-video-preview:-1"},"canonical":"https:\/\/www.ucf.edu.cu\/?p=24542","og_locale":"es_ES","og_type":"article","og_title":"Cuba: 2025 cierra con una tasa de mortalidad infantil de 9.9 por cada mil nacidos vivos - Universidad de Cienfuegos","og_description":"Noticias del \u00e1mbito universitario de la casa de altos estudios de Cienfuegos. Adem\u00e1s se muestran noticias del acontecer nacional e internacional de mayor relevancia.","og_url":"https:\/\/www.ucf.edu.cu\/?p=24542","og_site_name":"Universidad de Cienfuegos","article_publisher":"https:\/\/www.facebook.com\/ucfgos\/","article_published_time":"2026-01-05T15:50:56+00:00","article_modified_time":"2026-01-05T16:02:01+00:00","og_image":[{"width":1000,"height":562,"url":"https:\/\/www.ucf.edu.cu\/wp-content\/uploads\/2026\/01\/bebe-europa.jpg","type":"image\/jpeg"}],"author":"Direcci\u00f3n de Comunicaci\u00f3n Institucional","twitter_card":"summary_large_image","twitter_creator":"@ucfgos","twitter_site":"@ucfgos","twitter_misc":{"Escrito por":"Direcci\u00f3n de Comunicaci\u00f3n Institucional","Tiempo de lectura":"7 minutos"},"schema":{"@context":"https:\/\/schema.org","@graph":[{"@type":"Article","@id":"https:\/\/www.ucf.edu.cu\/?p=24542#article","isPartOf":{"@id":"https:\/\/www.ucf.edu.cu\/?p=24542"},"author":{"name":"Direcci\u00f3n de Comunicaci\u00f3n Institucional","@id":"https:\/\/www.ucf.edu.cu\/#\/schema\/person\/1ab5c30ce7d7cff8d04e05d54e4467eb"},"headline":"Cuba: 2025 cierra con una tasa de mortalidad infantil de 9.9 por cada mil nacidos vivos","datePublished":"2026-01-05T15:50:56+00:00","dateModified":"2026-01-05T16:02:01+00:00","mainEntityOfPage":{"@id":"https:\/\/www.ucf.edu.cu\/?p=24542"},"wordCount":1405,"commentCount":0,"publisher":{"@id":"https:\/\/www.ucf.edu.cu\/#organization"},"image":{"@id":"https:\/\/www.ucf.edu.cu\/?p=24542#primaryimage"},"thumbnailUrl":"https:\/\/www.ucf.edu.cu\/wp-content\/uploads\/2026\/01\/bebe-europa.jpg","articleSection":["Noticias"],"inLanguage":"es","potentialAction":[{"@type":"CommentAction","name":"Comment","target":["https:\/\/www.ucf.edu.cu\/?p=24542#respond"]}]},{"@type":"WebPage","@id":"https:\/\/www.ucf.edu.cu\/?p=24542","url":"https:\/\/www.ucf.edu.cu\/?p=24542","name":"Cuba: 2025 cierra con una tasa de mortalidad infantil de 9.9 por cada mil nacidos vivos - Universidad de Cienfuegos","isPartOf":{"@id":"https:\/\/www.ucf.edu.cu\/#website"},"primaryImageOfPage":{"@id":"https:\/\/www.ucf.edu.cu\/?p=24542#primaryimage"},"image":{"@id":"https:\/\/www.ucf.edu.cu\/?p=24542#primaryimage"},"thumbnailUrl":"https:\/\/www.ucf.edu.cu\/wp-content\/uploads\/2026\/01\/bebe-europa.jpg","datePublished":"2026-01-05T15:50:56+00:00","dateModified":"2026-01-05T16:02:01+00:00","description":"Noticias del \u00e1mbito universitario de la casa de altos estudios de Cienfuegos. Adem\u00e1s se muestran noticias del acontecer nacional e internacional de mayor relevancia.","breadcrumb":{"@id":"https:\/\/www.ucf.edu.cu\/?p=24542#breadcrumb"},"inLanguage":"es","potentialAction":[{"@type":"ReadAction","target":["https:\/\/www.ucf.edu.cu\/?p=24542"]}]},{"@type":"ImageObject","inLanguage":"es","@id":"https:\/\/www.ucf.edu.cu\/?p=24542#primaryimage","url":"https:\/\/www.ucf.edu.cu\/wp-content\/uploads\/2026\/01\/bebe-europa.jpg","contentUrl":"https:\/\/www.ucf.edu.cu\/wp-content\/uploads\/2026\/01\/bebe-europa.jpg","width":1000,"height":562},{"@type":"BreadcrumbList","@id":"https:\/\/www.ucf.edu.cu\/?p=24542#breadcrumb","itemListElement":[{"@type":"ListItem","position":1,"name":"Portada","item":"https:\/\/www.ucf.edu.cu\/"},{"@type":"ListItem","position":2,"name":"Cuba: 2025 cierra con una tasa de mortalidad infantil de 9.9 por cada mil nacidos vivos"}]},{"@type":"WebSite","@id":"https:\/\/www.ucf.edu.cu\/#website","url":"https:\/\/www.ucf.edu.cu\/","name":"Universidad de Cienfuegos","description":"Portal Web Universidad de Cienfuegos","publisher":{"@id":"https:\/\/www.ucf.edu.cu\/#organization"},"alternateName":"Portal institucional de la UCf","potentialAction":[{"@type":"SearchAction","target":{"@type":"EntryPoint","urlTemplate":"https:\/\/www.ucf.edu.cu\/?s={search_term_string}"},"query-input":{"@type":"PropertyValueSpecification","valueRequired":true,"valueName":"search_term_string"}}],"inLanguage":"es"},{"@type":"Organization","@id":"https:\/\/www.ucf.edu.cu\/#organization","name":"Universidad de Cienfuegos","url":"https:\/\/www.ucf.edu.cu\/","logo":{"@type":"ImageObject","inLanguage":"es","@id":"https:\/\/www.ucf.edu.cu\/#\/schema\/logo\/image\/","url":"https:\/\/www.ucf.edu.cu\/wp-content\/uploads\/2020\/11\/fe77b047cf65bbf66915926fa3c00c93_L.jpg","contentUrl":"https:\/\/www.ucf.edu.cu\/wp-content\/uploads\/2020\/11\/fe77b047cf65bbf66915926fa3c00c93_L.jpg","width":1000,"height":763,"caption":"Universidad de Cienfuegos"},"image":{"@id":"https:\/\/www.ucf.edu.cu\/#\/schema\/logo\/image\/"},"sameAs":["https:\/\/www.facebook.com\/ucfgos\/","https:\/\/x.com\/ucfgos","https:\/\/www.instagram.com\/ucfgos","https:\/\/www.youtube.com\/channel\/UCymAZYZHmPzh48cHLG6Nx4A"]},{"@type":"Person","@id":"https:\/\/www.ucf.edu.cu\/#\/schema\/person\/1ab5c30ce7d7cff8d04e05d54e4467eb","name":"Direcci\u00f3n de Comunicaci\u00f3n Institucional","image":{"@type":"ImageObject","inLanguage":"es","@id":"https:\/\/secure.gravatar.com\/avatar\/df7a6ffea67205b2cec0557fac1b1c99168521f981217db8876f424e9d334540?s=96&d=mm&r=g","url":"https:\/\/secure.gravatar.com\/avatar\/df7a6ffea67205b2cec0557fac1b1c99168521f981217db8876f424e9d334540?s=96&d=mm&r=g","contentUrl":"https:\/\/secure.gravatar.com\/avatar\/df7a6ffea67205b2cec0557fac1b1c99168521f981217db8876f424e9d334540?s=96&d=mm&r=g","caption":"Direcci\u00f3n de Comunicaci\u00f3n Institucional"}}]}},"_links":{"self":[{"href":"https:\/\/www.ucf.edu.cu\/index.php?rest_route=\/wp\/v2\/posts\/24542","targetHints":{"allow":["GET"]}}],"collection":[{"href":"https:\/\/www.ucf.edu.cu\/index.php?rest_route=\/wp\/v2\/posts"}],"about":[{"href":"https:\/\/www.ucf.edu.cu\/index.php?rest_route=\/wp\/v2\/types\/post"}],"author":[{"embeddable":true,"href":"https:\/\/www.ucf.edu.cu\/index.php?rest_route=\/wp\/v2\/users\/6"}],"replies":[{"embeddable":true,"href":"https:\/\/www.ucf.edu.cu\/index.php?rest_route=%2Fwp%2Fv2%2Fcomments&post=24542"}],"version-history":[{"count":4,"href":"https:\/\/www.ucf.edu.cu\/index.php?rest_route=\/wp\/v2\/posts\/24542\/revisions"}],"predecessor-version":[{"id":24548,"href":"https:\/\/www.ucf.edu.cu\/index.php?rest_route=\/wp\/v2\/posts\/24542\/revisions\/24548"}],"wp:featuredmedia":[{"embeddable":true,"href":"https:\/\/www.ucf.edu.cu\/index.php?rest_route=\/wp\/v2\/media\/24543"}],"wp:attachment":[{"href":"https:\/\/www.ucf.edu.cu\/index.php?rest_route=%2Fwp%2Fv2%2Fmedia&parent=24542"}],"wp:term":[{"taxonomy":"category","embeddable":true,"href":"https:\/\/www.ucf.edu.cu\/index.php?rest_route=%2Fwp%2Fv2%2Fcategories&post=24542"},{"taxonomy":"post_tag","embeddable":true,"href":"https:\/\/www.ucf.edu.cu\/index.php?rest_route=%2Fwp%2Fv2%2Ftags&post=24542"}],"curies":[{"name":"wp","href":"https:\/\/api.w.org\/{rel}","templated":true}]}}