{"id":24634,"date":"2026-01-13T17:20:08","date_gmt":"2026-01-13T17:20:08","guid":{"rendered":"https:\/\/www.ucf.edu.cu\/?p=24634"},"modified":"2026-01-13T17:24:16","modified_gmt":"2026-01-13T17:24:16","slug":"la-brujula-de-marti-de-nuestra-america-a-la-soberania-perenne","status":"publish","type":"post","link":"https:\/\/www.ucf.edu.cu\/?p=24634","title":{"rendered":"La br\u00fajula de Mart\u00ed: de\u00a0Nuestra Am\u00e9rica\u00a0a la soberan\u00eda perenne"},"content":{"rendered":"\t\t<div data-elementor-type=\"wp-post\" data-elementor-id=\"24634\" class=\"elementor elementor-24634\">\n\t\t\t\t\t\t<section class=\"elementor-section elementor-top-section elementor-element elementor-element-16fc4b0 elementor-section-boxed elementor-section-height-default elementor-section-height-default\" data-id=\"16fc4b0\" data-element_type=\"section\" data-e-type=\"section\">\n\t\t\t\t\t\t<div class=\"elementor-container elementor-column-gap-default\">\n\t\t\t\t\t<div class=\"elementor-column elementor-col-100 elementor-top-column elementor-element elementor-element-f0a2c2e\" data-id=\"f0a2c2e\" data-element_type=\"column\" data-e-type=\"column\">\n\t\t\t<div class=\"elementor-widget-wrap elementor-element-populated\">\n\t\t\t\t\t\t<div class=\"elementor-element elementor-element-12b9536 elementor-widget elementor-widget-text-editor\" data-id=\"12b9536\" data-element_type=\"widget\" data-e-type=\"widget\" data-widget_type=\"text-editor.default\">\n\t\t\t\t<div class=\"elementor-widget-container\">\n\t\t\t\t\t\t\t\t\t<p>Este enero no es un mes cualquiera. Conmemoramos el aniversario 135 de la publicaci\u00f3n de\u00a0<em>Nuestra Am\u00e9rica<\/em>, el ensayo luminoso de Jos\u00e9 Mart\u00ed.\u00a0Su escritura no fue un acto aislado de erudici\u00f3n, sino el n\u00facleo de una estrategia pol\u00edtica vital: asegurar la independencia verdadera de Cuba ante un doble y complejo desaf\u00edo. Por un lado, el colonialismo espa\u00f1ol, agotado pero a\u00fan feroz. Por otro, y este era el peligro mayor que Mart\u00ed identific\u00f3 con clarividente precisi\u00f3n, la amenaza expansionista de los Estados Unidos, una potencia que observaba la guerra en la isla no con solidaridad, sino con la calculadora ambici\u00f3n de un heredero.<span id=\"more-195696\"><\/span><\/p><p>Mart\u00ed, desde su exilio en Nueva York, comprendi\u00f3 que la lucha no era solo contra Espa\u00f1a. Era contra un eje imperial espa\u00f1ol-estadounidense, una convergencia de intereses donde el poder decadente y el emergente pod\u00edan, en un momento dado, coincidir en frustrar el nacimiento de una Cuba soberana. Para Madrid, evitar una derrota que cediera la perla antillana a un rival. Para Washington, impedir una revoluci\u00f3n triunfante, radical y mestiza que estableciera una rep\u00fablica libre de su tutela pol\u00edtica y econ\u00f3mica. La independencia, por tanto, corr\u00eda el riesgo de ser robada en el momento mismo de conquistarse.<\/p><p>Frente a este panorama,\u00a0<em>Nuestra Am\u00e9rica<\/em>\u00a0no era un simple art\u00edculo. Era el manifiesto de la alternativa martiana. Su respuesta no se agotaba en lo militar; era fundamentalmente cultural, social y moral. El primer pilar fue el autoconocimiento. \u201c\u00a1Los pueblos que no se conocen han de darse prisa para conocerse, como quienes van a pelear juntos!\u201d, advirti\u00f3.\u00a0\u00a0Rechaz\u00f3 la imitaci\u00f3n servil de modelos extranjeros, el traje ajeno estadounidense o el h\u00e1bito ajeno europeo. Abog\u00f3 por gobernar con \u201coriginalidad criolla\u201d, estudiando las ra\u00edces propias, el mestizaje y las realidades concretas. Una independencia basada en ideas importadas sin cr\u00edtica, ser\u00eda siempre vulnerable.<\/p><p>El segundo pilar fue la unidad. Pero no solo la interna de los cubanos (\u201ccon todos y para el bien de todos\u201d), sino la gran unidad continental. Su famosa met\u00e1fora lo dice todo:<\/p><p>\u00ab\u00a1Los \u00e1rboles se han de poner en fila para que no pase el gigante de las 7 leguas!\u00bb.<\/p><p>La fragmentaci\u00f3n de las rep\u00fablicas hermanas era la mayor ventaja para el \u201cgigante\u201d del Norte. La independencia de Cuba, para ser duradera, deb\u00eda ser un episodio de la emancipaci\u00f3n de \u201cNuestra Am\u00e9rica\u201d, una alianza espiritual y pol\u00edtica que hiciera de la patria grande un contrapeso frente a la hegemon\u00eda.<\/p><p>El tercer y m\u00e1s profundo pilar fue la justicia social como esencia de la rep\u00fablica. Mart\u00ed vio que una libertad meramente pol\u00edtica, que mantuviera abismos entre ricos y pobres, entre criollos y pueblo, ser\u00eda un disfraz y un enga\u00f1o. \u201cSi la rep\u00fablica no abre los brazos a todos, y adelanta con todos, muere la rep\u00fablica\u201d, sentenci\u00f3. Sin justicia, la naci\u00f3n ser\u00eda un cuerpo enfermo, presa f\u00e1cil del capital for\u00e1neo, la corrupci\u00f3n y la intervenci\u00f3n. La independencia econ\u00f3mica y la dignidad para todos eran el sustento de la soberan\u00eda real.<\/p><p>Hoy, a m\u00e1s de un siglo de distancia, la vigencia de este diagn\u00f3stico y de esta alternativa es asombrosa. La amenaza a la autodeterminaci\u00f3n cubana mut\u00f3 de forma, pero no de esencia. El bloqueo econ\u00f3mico, la guerra medi\u00e1tica, la financiaci\u00f3n de la subversi\u00f3n y la presi\u00f3n diplom\u00e1tica son las herramientas del siglo XXI de la misma pol\u00edtica que Mart\u00ed denunci\u00f3. El \u201ceje\u201d ya no es con Espa\u00f1a, pero se articula a trav\u00e9s de alianzas hemisf\u00e9ricas y un sistema financiero global usado como arma.<\/p><p>Por eso, la br\u00fajula martiana sigue se\u00f1alando el norte de la resistencia. Su llamado a la unidad nacional frente a campa\u00f1as que buscan dividir y desalentar. Su imperativo de construir una sociedad m\u00e1s justa y pr\u00f3spera, que es el mejor ant\u00eddoto contra la desesperanza. Y su visi\u00f3n integracionista, que hoy se reactualiza en la solidaridad latinoamericana y caribe\u00f1a. Leer\u00a0<em>Nuestra Am\u00e9rica<\/em>\u00a0en este enero de 2026 no es un ejercicio de arqueolog\u00eda literaria, es un acto de defensa civil. Nos recuerda que la soberan\u00eda no es un dato hist\u00f3rico consumado, sino una construcci\u00f3n diaria, hecha de coherencia, dignidad y un conocimiento profundo de nuestra historia y de los peligros que la acechan. En ese combate por la independencia verdadera, la palabra de Mart\u00ed sigue siendo, m\u00e1s que nunca, nuestro escudo y nuestra arma.<\/p><p><em><strong>Tomado de: Portal Digital de Peri\u00f3dico 5 de Septiembre\u00a0<\/strong><\/em><\/p>\t\t\t\t\t\t\t\t<\/div>\n\t\t\t\t<\/div>\n\t\t\t\t\t<\/div>\n\t\t<\/div>\n\t\t\t\t\t<\/div>\n\t\t<\/section>\n\t\t\t\t<\/div>\n\t\t","protected":false},"excerpt":{"rendered":"<p>Este enero no es un mes cualquiera. Conmemoramos el aniversario 135 de la publicaci\u00f3n de\u00a0Nuestra Am\u00e9rica, el ensayo luminoso de Jos\u00e9 Mart\u00ed.\u00a0Su escritura no fue un acto aislado de erudici\u00f3n, sino el<a class=\"moretag\" href=\"https:\/\/www.ucf.edu.cu\/?p=24634\">Leer m\u00e1s&#8230;<\/a><\/p>\n","protected":false},"author":6,"featured_media":24635,"comment_status":"open","ping_status":"open","sticky":false,"template":"","format":"standard","meta":{"footnotes":""},"categories":[6],"tags":[],"class_list":["post-24634","post","type-post","status-publish","format-standard","has-post-thumbnail","hentry","category-noticias"],"yoast_head":"<!-- This site is optimized with the Yoast SEO plugin v27.4 - https:\/\/yoast.com\/product\/yoast-seo-wordpress\/ -->\n<title>La br\u00fajula de Mart\u00ed: de\u00a0Nuestra Am\u00e9rica\u00a0a la soberan\u00eda perenne - Universidad de Cienfuegos<\/title>\n<meta name=\"description\" content=\"Noticias del \u00e1mbito universitario de la casa de altos estudios de Cienfuegos. Adem\u00e1s se muestran noticias del acontecer nacional e internacional de mayor relevancia.\" \/>\n<meta name=\"robots\" content=\"index, follow, max-snippet:-1, max-image-preview:large, max-video-preview:-1\" \/>\n<link rel=\"canonical\" href=\"https:\/\/www.ucf.edu.cu\/?p=24634\" \/>\n<meta property=\"og:locale\" content=\"es_ES\" \/>\n<meta property=\"og:type\" content=\"article\" \/>\n<meta property=\"og:title\" content=\"La br\u00fajula de Mart\u00ed: de\u00a0Nuestra Am\u00e9rica\u00a0a la soberan\u00eda perenne - Universidad de Cienfuegos\" \/>\n<meta property=\"og:description\" content=\"Noticias del \u00e1mbito universitario de la casa de altos estudios de Cienfuegos. Adem\u00e1s se muestran noticias del acontecer nacional e internacional de mayor relevancia.\" \/>\n<meta property=\"og:url\" content=\"https:\/\/www.ucf.edu.cu\/?p=24634\" \/>\n<meta property=\"og:site_name\" content=\"Universidad de Cienfuegos\" \/>\n<meta property=\"article:publisher\" content=\"https:\/\/www.facebook.com\/ucfgos\/\" \/>\n<meta property=\"article:published_time\" content=\"2026-01-13T17:20:08+00:00\" \/>\n<meta property=\"article:modified_time\" content=\"2026-01-13T17:24:16+00:00\" \/>\n<meta property=\"og:image\" content=\"https:\/\/www.ucf.edu.cu\/wp-content\/uploads\/2026\/01\/La-brujula-de-Marti-de-Nuestra-America-a-la-soberania-perenne.jpg\" \/>\n\t<meta property=\"og:image:width\" content=\"630\" \/>\n\t<meta property=\"og:image:height\" content=\"350\" \/>\n\t<meta property=\"og:image:type\" content=\"image\/jpeg\" \/>\n<meta name=\"author\" content=\"Direcci\u00f3n de Comunicaci\u00f3n Institucional\" \/>\n<meta name=\"twitter:card\" content=\"summary_large_image\" \/>\n<meta name=\"twitter:creator\" content=\"@ucfgos\" \/>\n<meta name=\"twitter:site\" content=\"@ucfgos\" \/>\n<meta name=\"twitter:label1\" content=\"Escrito por\" \/>\n\t<meta name=\"twitter:data1\" content=\"Direcci\u00f3n de Comunicaci\u00f3n Institucional\" \/>\n\t<meta name=\"twitter:label2\" content=\"Tiempo de lectura\" \/>\n\t<meta name=\"twitter:data2\" content=\"4 minutos\" \/>\n<script type=\"application\/ld+json\" class=\"yoast-schema-graph\">{\"@context\":\"https:\\\/\\\/schema.org\",\"@graph\":[{\"@type\":\"Article\",\"@id\":\"https:\\\/\\\/www.ucf.edu.cu\\\/?p=24634#article\",\"isPartOf\":{\"@id\":\"https:\\\/\\\/www.ucf.edu.cu\\\/?p=24634\"},\"author\":{\"name\":\"Direcci\u00f3n de Comunicaci\u00f3n Institucional\",\"@id\":\"https:\\\/\\\/www.ucf.edu.cu\\\/#\\\/schema\\\/person\\\/1ab5c30ce7d7cff8d04e05d54e4467eb\"},\"headline\":\"La br\u00fajula de Mart\u00ed: de\u00a0Nuestra Am\u00e9rica\u00a0a la soberan\u00eda perenne\",\"datePublished\":\"2026-01-13T17:20:08+00:00\",\"dateModified\":\"2026-01-13T17:24:16+00:00\",\"mainEntityOfPage\":{\"@id\":\"https:\\\/\\\/www.ucf.edu.cu\\\/?p=24634\"},\"wordCount\":799,\"commentCount\":0,\"publisher\":{\"@id\":\"https:\\\/\\\/www.ucf.edu.cu\\\/#organization\"},\"image\":{\"@id\":\"https:\\\/\\\/www.ucf.edu.cu\\\/?p=24634#primaryimage\"},\"thumbnailUrl\":\"https:\\\/\\\/www.ucf.edu.cu\\\/wp-content\\\/uploads\\\/2026\\\/01\\\/La-brujula-de-Marti-de-Nuestra-America-a-la-soberania-perenne.jpg\",\"articleSection\":[\"Noticias\"],\"inLanguage\":\"es\",\"potentialAction\":[{\"@type\":\"CommentAction\",\"name\":\"Comment\",\"target\":[\"https:\\\/\\\/www.ucf.edu.cu\\\/?p=24634#respond\"]}]},{\"@type\":\"WebPage\",\"@id\":\"https:\\\/\\\/www.ucf.edu.cu\\\/?p=24634\",\"url\":\"https:\\\/\\\/www.ucf.edu.cu\\\/?p=24634\",\"name\":\"La br\u00fajula de Mart\u00ed: de\u00a0Nuestra Am\u00e9rica\u00a0a la soberan\u00eda perenne - Universidad de Cienfuegos\",\"isPartOf\":{\"@id\":\"https:\\\/\\\/www.ucf.edu.cu\\\/#website\"},\"primaryImageOfPage\":{\"@id\":\"https:\\\/\\\/www.ucf.edu.cu\\\/?p=24634#primaryimage\"},\"image\":{\"@id\":\"https:\\\/\\\/www.ucf.edu.cu\\\/?p=24634#primaryimage\"},\"thumbnailUrl\":\"https:\\\/\\\/www.ucf.edu.cu\\\/wp-content\\\/uploads\\\/2026\\\/01\\\/La-brujula-de-Marti-de-Nuestra-America-a-la-soberania-perenne.jpg\",\"datePublished\":\"2026-01-13T17:20:08+00:00\",\"dateModified\":\"2026-01-13T17:24:16+00:00\",\"description\":\"Noticias del \u00e1mbito universitario de la casa de altos estudios de Cienfuegos. Adem\u00e1s se muestran noticias del acontecer nacional e internacional de mayor relevancia.\",\"breadcrumb\":{\"@id\":\"https:\\\/\\\/www.ucf.edu.cu\\\/?p=24634#breadcrumb\"},\"inLanguage\":\"es\",\"potentialAction\":[{\"@type\":\"ReadAction\",\"target\":[\"https:\\\/\\\/www.ucf.edu.cu\\\/?p=24634\"]}]},{\"@type\":\"ImageObject\",\"inLanguage\":\"es\",\"@id\":\"https:\\\/\\\/www.ucf.edu.cu\\\/?p=24634#primaryimage\",\"url\":\"https:\\\/\\\/www.ucf.edu.cu\\\/wp-content\\\/uploads\\\/2026\\\/01\\\/La-brujula-de-Marti-de-Nuestra-America-a-la-soberania-perenne.jpg\",\"contentUrl\":\"https:\\\/\\\/www.ucf.edu.cu\\\/wp-content\\\/uploads\\\/2026\\\/01\\\/La-brujula-de-Marti-de-Nuestra-America-a-la-soberania-perenne.jpg\",\"width\":630,\"height\":350},{\"@type\":\"BreadcrumbList\",\"@id\":\"https:\\\/\\\/www.ucf.edu.cu\\\/?p=24634#breadcrumb\",\"itemListElement\":[{\"@type\":\"ListItem\",\"position\":1,\"name\":\"Portada\",\"item\":\"https:\\\/\\\/www.ucf.edu.cu\\\/\"},{\"@type\":\"ListItem\",\"position\":2,\"name\":\"La br\u00fajula de Mart\u00ed: de\u00a0Nuestra Am\u00e9rica\u00a0a la soberan\u00eda perenne\"}]},{\"@type\":\"WebSite\",\"@id\":\"https:\\\/\\\/www.ucf.edu.cu\\\/#website\",\"url\":\"https:\\\/\\\/www.ucf.edu.cu\\\/\",\"name\":\"Universidad de Cienfuegos\",\"description\":\"Portal Web Universidad de Cienfuegos\",\"publisher\":{\"@id\":\"https:\\\/\\\/www.ucf.edu.cu\\\/#organization\"},\"alternateName\":\"Portal institucional de la UCf\",\"potentialAction\":[{\"@type\":\"SearchAction\",\"target\":{\"@type\":\"EntryPoint\",\"urlTemplate\":\"https:\\\/\\\/www.ucf.edu.cu\\\/?s={search_term_string}\"},\"query-input\":{\"@type\":\"PropertyValueSpecification\",\"valueRequired\":true,\"valueName\":\"search_term_string\"}}],\"inLanguage\":\"es\"},{\"@type\":\"Organization\",\"@id\":\"https:\\\/\\\/www.ucf.edu.cu\\\/#organization\",\"name\":\"Universidad de Cienfuegos\",\"url\":\"https:\\\/\\\/www.ucf.edu.cu\\\/\",\"logo\":{\"@type\":\"ImageObject\",\"inLanguage\":\"es\",\"@id\":\"https:\\\/\\\/www.ucf.edu.cu\\\/#\\\/schema\\\/logo\\\/image\\\/\",\"url\":\"https:\\\/\\\/www.ucf.edu.cu\\\/wp-content\\\/uploads\\\/2020\\\/11\\\/fe77b047cf65bbf66915926fa3c00c93_L.jpg\",\"contentUrl\":\"https:\\\/\\\/www.ucf.edu.cu\\\/wp-content\\\/uploads\\\/2020\\\/11\\\/fe77b047cf65bbf66915926fa3c00c93_L.jpg\",\"width\":1000,\"height\":763,\"caption\":\"Universidad de Cienfuegos\"},\"image\":{\"@id\":\"https:\\\/\\\/www.ucf.edu.cu\\\/#\\\/schema\\\/logo\\\/image\\\/\"},\"sameAs\":[\"https:\\\/\\\/www.facebook.com\\\/ucfgos\\\/\",\"https:\\\/\\\/x.com\\\/ucfgos\",\"https:\\\/\\\/www.instagram.com\\\/ucfgos\",\"https:\\\/\\\/www.youtube.com\\\/channel\\\/UCymAZYZHmPzh48cHLG6Nx4A\"]},{\"@type\":\"Person\",\"@id\":\"https:\\\/\\\/www.ucf.edu.cu\\\/#\\\/schema\\\/person\\\/1ab5c30ce7d7cff8d04e05d54e4467eb\",\"name\":\"Direcci\u00f3n de Comunicaci\u00f3n Institucional\",\"image\":{\"@type\":\"ImageObject\",\"inLanguage\":\"es\",\"@id\":\"https:\\\/\\\/secure.gravatar.com\\\/avatar\\\/df7a6ffea67205b2cec0557fac1b1c99168521f981217db8876f424e9d334540?s=96&d=mm&r=g\",\"url\":\"https:\\\/\\\/secure.gravatar.com\\\/avatar\\\/df7a6ffea67205b2cec0557fac1b1c99168521f981217db8876f424e9d334540?s=96&d=mm&r=g\",\"contentUrl\":\"https:\\\/\\\/secure.gravatar.com\\\/avatar\\\/df7a6ffea67205b2cec0557fac1b1c99168521f981217db8876f424e9d334540?s=96&d=mm&r=g\",\"caption\":\"Direcci\u00f3n de Comunicaci\u00f3n Institucional\"}}]}<\/script>\n<!-- \/ Yoast SEO plugin. -->","yoast_head_json":{"title":"La br\u00fajula de Mart\u00ed: de\u00a0Nuestra Am\u00e9rica\u00a0a la soberan\u00eda perenne - Universidad de Cienfuegos","description":"Noticias del \u00e1mbito universitario de la casa de altos estudios de Cienfuegos. Adem\u00e1s se muestran noticias del acontecer nacional e internacional de mayor relevancia.","robots":{"index":"index","follow":"follow","max-snippet":"max-snippet:-1","max-image-preview":"max-image-preview:large","max-video-preview":"max-video-preview:-1"},"canonical":"https:\/\/www.ucf.edu.cu\/?p=24634","og_locale":"es_ES","og_type":"article","og_title":"La br\u00fajula de Mart\u00ed: de\u00a0Nuestra Am\u00e9rica\u00a0a la soberan\u00eda perenne - Universidad de Cienfuegos","og_description":"Noticias del \u00e1mbito universitario de la casa de altos estudios de Cienfuegos. Adem\u00e1s se muestran noticias del acontecer nacional e internacional de mayor relevancia.","og_url":"https:\/\/www.ucf.edu.cu\/?p=24634","og_site_name":"Universidad de Cienfuegos","article_publisher":"https:\/\/www.facebook.com\/ucfgos\/","article_published_time":"2026-01-13T17:20:08+00:00","article_modified_time":"2026-01-13T17:24:16+00:00","og_image":[{"width":630,"height":350,"url":"https:\/\/www.ucf.edu.cu\/wp-content\/uploads\/2026\/01\/La-brujula-de-Marti-de-Nuestra-America-a-la-soberania-perenne.jpg","type":"image\/jpeg"}],"author":"Direcci\u00f3n de Comunicaci\u00f3n Institucional","twitter_card":"summary_large_image","twitter_creator":"@ucfgos","twitter_site":"@ucfgos","twitter_misc":{"Escrito por":"Direcci\u00f3n de Comunicaci\u00f3n Institucional","Tiempo de lectura":"4 minutos"},"schema":{"@context":"https:\/\/schema.org","@graph":[{"@type":"Article","@id":"https:\/\/www.ucf.edu.cu\/?p=24634#article","isPartOf":{"@id":"https:\/\/www.ucf.edu.cu\/?p=24634"},"author":{"name":"Direcci\u00f3n de Comunicaci\u00f3n Institucional","@id":"https:\/\/www.ucf.edu.cu\/#\/schema\/person\/1ab5c30ce7d7cff8d04e05d54e4467eb"},"headline":"La br\u00fajula de Mart\u00ed: de\u00a0Nuestra Am\u00e9rica\u00a0a la soberan\u00eda perenne","datePublished":"2026-01-13T17:20:08+00:00","dateModified":"2026-01-13T17:24:16+00:00","mainEntityOfPage":{"@id":"https:\/\/www.ucf.edu.cu\/?p=24634"},"wordCount":799,"commentCount":0,"publisher":{"@id":"https:\/\/www.ucf.edu.cu\/#organization"},"image":{"@id":"https:\/\/www.ucf.edu.cu\/?p=24634#primaryimage"},"thumbnailUrl":"https:\/\/www.ucf.edu.cu\/wp-content\/uploads\/2026\/01\/La-brujula-de-Marti-de-Nuestra-America-a-la-soberania-perenne.jpg","articleSection":["Noticias"],"inLanguage":"es","potentialAction":[{"@type":"CommentAction","name":"Comment","target":["https:\/\/www.ucf.edu.cu\/?p=24634#respond"]}]},{"@type":"WebPage","@id":"https:\/\/www.ucf.edu.cu\/?p=24634","url":"https:\/\/www.ucf.edu.cu\/?p=24634","name":"La br\u00fajula de Mart\u00ed: de\u00a0Nuestra Am\u00e9rica\u00a0a la soberan\u00eda perenne - Universidad de Cienfuegos","isPartOf":{"@id":"https:\/\/www.ucf.edu.cu\/#website"},"primaryImageOfPage":{"@id":"https:\/\/www.ucf.edu.cu\/?p=24634#primaryimage"},"image":{"@id":"https:\/\/www.ucf.edu.cu\/?p=24634#primaryimage"},"thumbnailUrl":"https:\/\/www.ucf.edu.cu\/wp-content\/uploads\/2026\/01\/La-brujula-de-Marti-de-Nuestra-America-a-la-soberania-perenne.jpg","datePublished":"2026-01-13T17:20:08+00:00","dateModified":"2026-01-13T17:24:16+00:00","description":"Noticias del \u00e1mbito universitario de la casa de altos estudios de Cienfuegos. Adem\u00e1s se muestran noticias del acontecer nacional e internacional de mayor relevancia.","breadcrumb":{"@id":"https:\/\/www.ucf.edu.cu\/?p=24634#breadcrumb"},"inLanguage":"es","potentialAction":[{"@type":"ReadAction","target":["https:\/\/www.ucf.edu.cu\/?p=24634"]}]},{"@type":"ImageObject","inLanguage":"es","@id":"https:\/\/www.ucf.edu.cu\/?p=24634#primaryimage","url":"https:\/\/www.ucf.edu.cu\/wp-content\/uploads\/2026\/01\/La-brujula-de-Marti-de-Nuestra-America-a-la-soberania-perenne.jpg","contentUrl":"https:\/\/www.ucf.edu.cu\/wp-content\/uploads\/2026\/01\/La-brujula-de-Marti-de-Nuestra-America-a-la-soberania-perenne.jpg","width":630,"height":350},{"@type":"BreadcrumbList","@id":"https:\/\/www.ucf.edu.cu\/?p=24634#breadcrumb","itemListElement":[{"@type":"ListItem","position":1,"name":"Portada","item":"https:\/\/www.ucf.edu.cu\/"},{"@type":"ListItem","position":2,"name":"La br\u00fajula de Mart\u00ed: de\u00a0Nuestra Am\u00e9rica\u00a0a la soberan\u00eda perenne"}]},{"@type":"WebSite","@id":"https:\/\/www.ucf.edu.cu\/#website","url":"https:\/\/www.ucf.edu.cu\/","name":"Universidad de Cienfuegos","description":"Portal Web Universidad de Cienfuegos","publisher":{"@id":"https:\/\/www.ucf.edu.cu\/#organization"},"alternateName":"Portal institucional de la UCf","potentialAction":[{"@type":"SearchAction","target":{"@type":"EntryPoint","urlTemplate":"https:\/\/www.ucf.edu.cu\/?s={search_term_string}"},"query-input":{"@type":"PropertyValueSpecification","valueRequired":true,"valueName":"search_term_string"}}],"inLanguage":"es"},{"@type":"Organization","@id":"https:\/\/www.ucf.edu.cu\/#organization","name":"Universidad de Cienfuegos","url":"https:\/\/www.ucf.edu.cu\/","logo":{"@type":"ImageObject","inLanguage":"es","@id":"https:\/\/www.ucf.edu.cu\/#\/schema\/logo\/image\/","url":"https:\/\/www.ucf.edu.cu\/wp-content\/uploads\/2020\/11\/fe77b047cf65bbf66915926fa3c00c93_L.jpg","contentUrl":"https:\/\/www.ucf.edu.cu\/wp-content\/uploads\/2020\/11\/fe77b047cf65bbf66915926fa3c00c93_L.jpg","width":1000,"height":763,"caption":"Universidad de Cienfuegos"},"image":{"@id":"https:\/\/www.ucf.edu.cu\/#\/schema\/logo\/image\/"},"sameAs":["https:\/\/www.facebook.com\/ucfgos\/","https:\/\/x.com\/ucfgos","https:\/\/www.instagram.com\/ucfgos","https:\/\/www.youtube.com\/channel\/UCymAZYZHmPzh48cHLG6Nx4A"]},{"@type":"Person","@id":"https:\/\/www.ucf.edu.cu\/#\/schema\/person\/1ab5c30ce7d7cff8d04e05d54e4467eb","name":"Direcci\u00f3n de Comunicaci\u00f3n Institucional","image":{"@type":"ImageObject","inLanguage":"es","@id":"https:\/\/secure.gravatar.com\/avatar\/df7a6ffea67205b2cec0557fac1b1c99168521f981217db8876f424e9d334540?s=96&d=mm&r=g","url":"https:\/\/secure.gravatar.com\/avatar\/df7a6ffea67205b2cec0557fac1b1c99168521f981217db8876f424e9d334540?s=96&d=mm&r=g","contentUrl":"https:\/\/secure.gravatar.com\/avatar\/df7a6ffea67205b2cec0557fac1b1c99168521f981217db8876f424e9d334540?s=96&d=mm&r=g","caption":"Direcci\u00f3n de Comunicaci\u00f3n Institucional"}}]}},"_links":{"self":[{"href":"https:\/\/www.ucf.edu.cu\/index.php?rest_route=\/wp\/v2\/posts\/24634","targetHints":{"allow":["GET"]}}],"collection":[{"href":"https:\/\/www.ucf.edu.cu\/index.php?rest_route=\/wp\/v2\/posts"}],"about":[{"href":"https:\/\/www.ucf.edu.cu\/index.php?rest_route=\/wp\/v2\/types\/post"}],"author":[{"embeddable":true,"href":"https:\/\/www.ucf.edu.cu\/index.php?rest_route=\/wp\/v2\/users\/6"}],"replies":[{"embeddable":true,"href":"https:\/\/www.ucf.edu.cu\/index.php?rest_route=%2Fwp%2Fv2%2Fcomments&post=24634"}],"version-history":[{"count":4,"href":"https:\/\/www.ucf.edu.cu\/index.php?rest_route=\/wp\/v2\/posts\/24634\/revisions"}],"predecessor-version":[{"id":24639,"href":"https:\/\/www.ucf.edu.cu\/index.php?rest_route=\/wp\/v2\/posts\/24634\/revisions\/24639"}],"wp:featuredmedia":[{"embeddable":true,"href":"https:\/\/www.ucf.edu.cu\/index.php?rest_route=\/wp\/v2\/media\/24635"}],"wp:attachment":[{"href":"https:\/\/www.ucf.edu.cu\/index.php?rest_route=%2Fwp%2Fv2%2Fmedia&parent=24634"}],"wp:term":[{"taxonomy":"category","embeddable":true,"href":"https:\/\/www.ucf.edu.cu\/index.php?rest_route=%2Fwp%2Fv2%2Fcategories&post=24634"},{"taxonomy":"post_tag","embeddable":true,"href":"https:\/\/www.ucf.edu.cu\/index.php?rest_route=%2Fwp%2Fv2%2Ftags&post=24634"}],"curies":[{"name":"wp","href":"https:\/\/api.w.org\/{rel}","templated":true}]}}