{"id":24777,"date":"2026-01-26T16:47:14","date_gmt":"2026-01-26T16:47:14","guid":{"rendered":"https:\/\/www.ucf.edu.cu\/?p=24777"},"modified":"2026-01-26T16:49:54","modified_gmt":"2026-01-26T16:49:54","slug":"cienfuegos-primer-lugar-de-cuba-en-programa-del-medico-y-la-enfermera-de-la-familia","status":"publish","type":"post","link":"https:\/\/www.ucf.edu.cu\/?p=24777","title":{"rendered":"Cienfuegos: primer lugar de Cuba en Programa del M\u00e9dico y la Enfermera de la Familia"},"content":{"rendered":"\t\t<div data-elementor-type=\"wp-post\" data-elementor-id=\"24777\" class=\"elementor elementor-24777\">\n\t\t\t\t\t\t<section class=\"elementor-section elementor-top-section elementor-element elementor-element-66dddb2 elementor-section-boxed elementor-section-height-default elementor-section-height-default\" data-id=\"66dddb2\" data-element_type=\"section\" data-e-type=\"section\">\n\t\t\t\t\t\t<div class=\"elementor-container elementor-column-gap-default\">\n\t\t\t\t\t<div class=\"elementor-column elementor-col-100 elementor-top-column elementor-element elementor-element-c421e7a\" data-id=\"c421e7a\" data-element_type=\"column\" data-e-type=\"column\">\n\t\t\t<div class=\"elementor-widget-wrap elementor-element-populated\">\n\t\t\t\t\t\t<div class=\"elementor-element elementor-element-8fbff70 elementor-widget elementor-widget-text-editor\" data-id=\"8fbff70\" data-element_type=\"widget\" data-e-type=\"widget\" data-widget_type=\"text-editor.default\">\n\t\t\t\t<div class=\"elementor-widget-container\">\n\t\t\t\t\t\t\t\t\t<p>Los resultados y la estabilidad lograda por Cienfuegos al cierre del 2025\u00a0\u00a0recibieron el reconocimiento\u00a0\u00a0de la Direcci\u00f3n Nacional de Atenci\u00f3n Primaria de Salud, colocando a la provincia en el primer lugar de Cuba en ocasi\u00f3n del Aniversario 42 de creado el Programa del M\u00e9dico y la Enfermera de la Familia, por el Comandante en Jefe, Fidel Castro Ruz.<span id=\"more-195494\"><\/span><\/p><p>Aqu\u00ed est\u00e1 la\u00a0\u00a0reorganizaci\u00f3n del Sistema de Atenci\u00f3n Primaria, con una cobertura m\u00e9dica por encima del 95 por ciento en los consultorios del M\u00e9dico y la Enfermera de la Familia y el completamiento de profesionales de la enfermer\u00eda en dichas instituciones, abriendo sus puertas en el centro y sur del pa\u00eds.<\/p><p>El Doctor Edel Barbieri Echevarr\u00eda, Jefe de Atenci\u00f3n Primaria de Salud en la provincia refiere que a pesar de un a\u00f1o dif\u00edcil, por el bloqueo de Estados Unidos, se ubicaron en el tercer lugar del Programa Materno Infantil, con la tasa de 5,2 por cada mil nacidos vivos, y la cobertura vacunal en la poblaci\u00f3n est\u00e1\u00a0\u00a0por encima del 97 por ciento, comparable con pa\u00edses del primer mundo.<\/p><p>\u201cHemos trabajado en el campo de la\u00a0\u00a0docencia y la investigaci\u00f3n, refiere, y hoy tenemos proyectos en la provincia, como es el del Neumococos, que ha continuado y\u00a0\u00a0nos llena de regocijo\u201d.<\/p><p>Al estudio de intervenci\u00f3n del Instituto\u00a0\u00a0de Medicina Tropical Pedro Kouri de Cuba, para combatir la enfermedad neumoc\u00f3ccica en beb\u00e9s menores de un a\u00f1o agregan el sobrecumplimiento del plan de consultas y en el terreno, as\u00ed como la permanencia del m\u00e9dico en cada uno de los consultorios.<\/p><figure id=\"attachment_195497\" class=\"wp-caption aligncenter\" style=\"width: 353px;\" aria-describedby=\"caption-attachment-195497\"><img fetchpriority=\"high\" decoding=\"async\" class=\"wp-image-195497 \" src=\"https:\/\/www.5septiembre.cu\/wp-content\/uploads\/2026\/01\/Doctor-Edel-Barbieri-Echevarria-Jefe-de-Atencion-Primaria-de-Salud-en-la-provincia.jpg\" sizes=\"(max-width: 910px) 100vw, 910px\" srcset=\"https:\/\/www.5septiembre.cu\/wp-content\/uploads\/2026\/01\/Doctor-Edel-Barbieri-Echevarria-Jefe-de-Atencion-Primaria-de-Salud-en-la-provincia.jpg 910w, https:\/\/www.5septiembre.cu\/wp-content\/uploads\/2026\/01\/Doctor-Edel-Barbieri-Echevarria-Jefe-de-Atencion-Primaria-de-Salud-en-la-provincia-300x169.jpg 300w, https:\/\/www.5septiembre.cu\/wp-content\/uploads\/2026\/01\/Doctor-Edel-Barbieri-Echevarria-Jefe-de-Atencion-Primaria-de-Salud-en-la-provincia-768x434.jpg 768w\" alt=\"\" width=\"353\" height=\"199\" \/><figcaption id=\"caption-attachment-195497\" class=\"wp-caption-text\"><em>Doctor Edel Barbieri Echevarr\u00eda, Jefe de Atenci\u00f3n Primaria de Salud.<\/em><\/figcaption><\/figure><p>Reconocimiento efectuado en Cumanayagua, por\u00a0\u00a0resultados del Programa en la\u00a0\u00a0comunidad monta\u00f1osa, con cero mortalidad infantil y materna por 38 a\u00f1os consecutivos, orgullo para\u00a0\u00a0los cienfuegueros, que contin\u00faan el proceso de transformaci\u00f3n mediante el ingreso de nuevos m\u00e9dicos graduados de la Universidad de Ciencias M\u00e9dicas, como primer objetivo, expresa el Doctor Edel.<\/p><p>\u201cOtro objetivo, agrega, es estar en el fortalecimiento de los grupos b\u00e1sicos de trabajo, el n\u00facleo central que gestiona\u00a0\u00a0y gerencia el Programa del M\u00e9dico y la Enfermera de la familia en cada uno de nuestros veinte policl\u00ednicos de la provincia\u201d<\/p><p><em><strong>Tomado de: Portal Digital Peri\u00f3dico 5 de Septiembre<\/strong><\/em><\/p>\t\t\t\t\t\t\t\t<\/div>\n\t\t\t\t<\/div>\n\t\t\t\t\t<\/div>\n\t\t<\/div>\n\t\t\t\t\t<\/div>\n\t\t<\/section>\n\t\t\t\t<\/div>\n\t\t","protected":false},"excerpt":{"rendered":"<p>Los resultados y la estabilidad lograda por Cienfuegos al cierre del 2025\u00a0\u00a0recibieron el reconocimiento\u00a0\u00a0de la Direcci\u00f3n Nacional de Atenci\u00f3n Primaria de Salud, colocando a la provincia en el primer lugar de Cuba<a class=\"moretag\" href=\"https:\/\/www.ucf.edu.cu\/?p=24777\">Leer m\u00e1s&#8230;<\/a><\/p>\n","protected":false},"author":6,"featured_media":24778,"comment_status":"open","ping_status":"open","sticky":false,"template":"","format":"standard","meta":{"footnotes":""},"categories":[6],"tags":[],"class_list":["post-24777","post","type-post","status-publish","format-standard","has-post-thumbnail","hentry","category-noticias"],"yoast_head":"<!-- This site is optimized with the Yoast SEO plugin v27.4 - https:\/\/yoast.com\/product\/yoast-seo-wordpress\/ -->\n<title>Cienfuegos: primer lugar de Cuba en Programa del M\u00e9dico y la Enfermera de la Familia - Universidad de Cienfuegos<\/title>\n<meta name=\"description\" content=\"Noticias del \u00e1mbito universitario de la casa de altos estudios de Cienfuegos. Adem\u00e1s se muestran noticias del acontecer nacional e internacional de mayor relevancia.\" \/>\n<meta name=\"robots\" content=\"index, follow, max-snippet:-1, max-image-preview:large, max-video-preview:-1\" \/>\n<link rel=\"canonical\" href=\"https:\/\/www.ucf.edu.cu\/?p=24777\" \/>\n<meta property=\"og:locale\" content=\"es_ES\" \/>\n<meta property=\"og:type\" content=\"article\" \/>\n<meta property=\"og:title\" content=\"Cienfuegos: primer lugar de Cuba en Programa del M\u00e9dico y la Enfermera de la Familia - Universidad de Cienfuegos\" \/>\n<meta property=\"og:description\" content=\"Noticias del \u00e1mbito universitario de la casa de altos estudios de Cienfuegos. Adem\u00e1s se muestran noticias del acontecer nacional e internacional de mayor relevancia.\" \/>\n<meta property=\"og:url\" content=\"https:\/\/www.ucf.edu.cu\/?p=24777\" \/>\n<meta property=\"og:site_name\" content=\"Universidad de Cienfuegos\" \/>\n<meta property=\"article:publisher\" content=\"https:\/\/www.facebook.com\/ucfgos\/\" \/>\n<meta property=\"article:published_time\" content=\"2026-01-26T16:47:14+00:00\" \/>\n<meta property=\"article:modified_time\" content=\"2026-01-26T16:49:54+00:00\" \/>\n<meta property=\"og:image\" content=\"https:\/\/www.ucf.edu.cu\/wp-content\/uploads\/2026\/01\/programa-medico-de-la-familia.png\" \/>\n\t<meta property=\"og:image:width\" content=\"630\" \/>\n\t<meta property=\"og:image:height\" content=\"350\" \/>\n\t<meta property=\"og:image:type\" content=\"image\/png\" \/>\n<meta name=\"author\" content=\"Direcci\u00f3n de Comunicaci\u00f3n Institucional\" \/>\n<meta name=\"twitter:card\" content=\"summary_large_image\" \/>\n<meta name=\"twitter:creator\" content=\"@ucfgos\" \/>\n<meta name=\"twitter:site\" content=\"@ucfgos\" \/>\n<meta name=\"twitter:label1\" content=\"Escrito por\" \/>\n\t<meta name=\"twitter:data1\" content=\"Direcci\u00f3n de Comunicaci\u00f3n Institucional\" \/>\n\t<meta name=\"twitter:label2\" content=\"Tiempo de lectura\" \/>\n\t<meta name=\"twitter:data2\" content=\"3 minutos\" \/>\n<script type=\"application\/ld+json\" class=\"yoast-schema-graph\">{\"@context\":\"https:\\\/\\\/schema.org\",\"@graph\":[{\"@type\":\"Article\",\"@id\":\"https:\\\/\\\/www.ucf.edu.cu\\\/?p=24777#article\",\"isPartOf\":{\"@id\":\"https:\\\/\\\/www.ucf.edu.cu\\\/?p=24777\"},\"author\":{\"name\":\"Direcci\u00f3n de Comunicaci\u00f3n Institucional\",\"@id\":\"https:\\\/\\\/www.ucf.edu.cu\\\/#\\\/schema\\\/person\\\/1ab5c30ce7d7cff8d04e05d54e4467eb\"},\"headline\":\"Cienfuegos: primer lugar de Cuba en Programa del M\u00e9dico y la Enfermera de la Familia\",\"datePublished\":\"2026-01-26T16:47:14+00:00\",\"dateModified\":\"2026-01-26T16:49:54+00:00\",\"mainEntityOfPage\":{\"@id\":\"https:\\\/\\\/www.ucf.edu.cu\\\/?p=24777\"},\"wordCount\":412,\"commentCount\":0,\"publisher\":{\"@id\":\"https:\\\/\\\/www.ucf.edu.cu\\\/#organization\"},\"image\":{\"@id\":\"https:\\\/\\\/www.ucf.edu.cu\\\/?p=24777#primaryimage\"},\"thumbnailUrl\":\"https:\\\/\\\/www.ucf.edu.cu\\\/wp-content\\\/uploads\\\/2026\\\/01\\\/programa-medico-de-la-familia.png\",\"articleSection\":[\"Noticias\"],\"inLanguage\":\"es\",\"potentialAction\":[{\"@type\":\"CommentAction\",\"name\":\"Comment\",\"target\":[\"https:\\\/\\\/www.ucf.edu.cu\\\/?p=24777#respond\"]}]},{\"@type\":\"WebPage\",\"@id\":\"https:\\\/\\\/www.ucf.edu.cu\\\/?p=24777\",\"url\":\"https:\\\/\\\/www.ucf.edu.cu\\\/?p=24777\",\"name\":\"Cienfuegos: primer lugar de Cuba en Programa del M\u00e9dico y la Enfermera de la Familia - Universidad de Cienfuegos\",\"isPartOf\":{\"@id\":\"https:\\\/\\\/www.ucf.edu.cu\\\/#website\"},\"primaryImageOfPage\":{\"@id\":\"https:\\\/\\\/www.ucf.edu.cu\\\/?p=24777#primaryimage\"},\"image\":{\"@id\":\"https:\\\/\\\/www.ucf.edu.cu\\\/?p=24777#primaryimage\"},\"thumbnailUrl\":\"https:\\\/\\\/www.ucf.edu.cu\\\/wp-content\\\/uploads\\\/2026\\\/01\\\/programa-medico-de-la-familia.png\",\"datePublished\":\"2026-01-26T16:47:14+00:00\",\"dateModified\":\"2026-01-26T16:49:54+00:00\",\"description\":\"Noticias del \u00e1mbito universitario de la casa de altos estudios de Cienfuegos. Adem\u00e1s se muestran noticias del acontecer nacional e internacional de mayor relevancia.\",\"breadcrumb\":{\"@id\":\"https:\\\/\\\/www.ucf.edu.cu\\\/?p=24777#breadcrumb\"},\"inLanguage\":\"es\",\"potentialAction\":[{\"@type\":\"ReadAction\",\"target\":[\"https:\\\/\\\/www.ucf.edu.cu\\\/?p=24777\"]}]},{\"@type\":\"ImageObject\",\"inLanguage\":\"es\",\"@id\":\"https:\\\/\\\/www.ucf.edu.cu\\\/?p=24777#primaryimage\",\"url\":\"https:\\\/\\\/www.ucf.edu.cu\\\/wp-content\\\/uploads\\\/2026\\\/01\\\/programa-medico-de-la-familia.png\",\"contentUrl\":\"https:\\\/\\\/www.ucf.edu.cu\\\/wp-content\\\/uploads\\\/2026\\\/01\\\/programa-medico-de-la-familia.png\",\"width\":630,\"height\":350},{\"@type\":\"BreadcrumbList\",\"@id\":\"https:\\\/\\\/www.ucf.edu.cu\\\/?p=24777#breadcrumb\",\"itemListElement\":[{\"@type\":\"ListItem\",\"position\":1,\"name\":\"Portada\",\"item\":\"https:\\\/\\\/www.ucf.edu.cu\\\/\"},{\"@type\":\"ListItem\",\"position\":2,\"name\":\"Cienfuegos: primer lugar de Cuba en Programa del M\u00e9dico y la Enfermera de la Familia\"}]},{\"@type\":\"WebSite\",\"@id\":\"https:\\\/\\\/www.ucf.edu.cu\\\/#website\",\"url\":\"https:\\\/\\\/www.ucf.edu.cu\\\/\",\"name\":\"Universidad de Cienfuegos\",\"description\":\"Portal Web Universidad de Cienfuegos\",\"publisher\":{\"@id\":\"https:\\\/\\\/www.ucf.edu.cu\\\/#organization\"},\"alternateName\":\"Portal institucional de la UCf\",\"potentialAction\":[{\"@type\":\"SearchAction\",\"target\":{\"@type\":\"EntryPoint\",\"urlTemplate\":\"https:\\\/\\\/www.ucf.edu.cu\\\/?s={search_term_string}\"},\"query-input\":{\"@type\":\"PropertyValueSpecification\",\"valueRequired\":true,\"valueName\":\"search_term_string\"}}],\"inLanguage\":\"es\"},{\"@type\":\"Organization\",\"@id\":\"https:\\\/\\\/www.ucf.edu.cu\\\/#organization\",\"name\":\"Universidad de Cienfuegos\",\"url\":\"https:\\\/\\\/www.ucf.edu.cu\\\/\",\"logo\":{\"@type\":\"ImageObject\",\"inLanguage\":\"es\",\"@id\":\"https:\\\/\\\/www.ucf.edu.cu\\\/#\\\/schema\\\/logo\\\/image\\\/\",\"url\":\"https:\\\/\\\/www.ucf.edu.cu\\\/wp-content\\\/uploads\\\/2020\\\/11\\\/fe77b047cf65bbf66915926fa3c00c93_L.jpg\",\"contentUrl\":\"https:\\\/\\\/www.ucf.edu.cu\\\/wp-content\\\/uploads\\\/2020\\\/11\\\/fe77b047cf65bbf66915926fa3c00c93_L.jpg\",\"width\":1000,\"height\":763,\"caption\":\"Universidad de Cienfuegos\"},\"image\":{\"@id\":\"https:\\\/\\\/www.ucf.edu.cu\\\/#\\\/schema\\\/logo\\\/image\\\/\"},\"sameAs\":[\"https:\\\/\\\/www.facebook.com\\\/ucfgos\\\/\",\"https:\\\/\\\/x.com\\\/ucfgos\",\"https:\\\/\\\/www.instagram.com\\\/ucfgos\",\"https:\\\/\\\/www.youtube.com\\\/channel\\\/UCymAZYZHmPzh48cHLG6Nx4A\"]},{\"@type\":\"Person\",\"@id\":\"https:\\\/\\\/www.ucf.edu.cu\\\/#\\\/schema\\\/person\\\/1ab5c30ce7d7cff8d04e05d54e4467eb\",\"name\":\"Direcci\u00f3n de Comunicaci\u00f3n Institucional\",\"image\":{\"@type\":\"ImageObject\",\"inLanguage\":\"es\",\"@id\":\"https:\\\/\\\/secure.gravatar.com\\\/avatar\\\/df7a6ffea67205b2cec0557fac1b1c99168521f981217db8876f424e9d334540?s=96&d=mm&r=g\",\"url\":\"https:\\\/\\\/secure.gravatar.com\\\/avatar\\\/df7a6ffea67205b2cec0557fac1b1c99168521f981217db8876f424e9d334540?s=96&d=mm&r=g\",\"contentUrl\":\"https:\\\/\\\/secure.gravatar.com\\\/avatar\\\/df7a6ffea67205b2cec0557fac1b1c99168521f981217db8876f424e9d334540?s=96&d=mm&r=g\",\"caption\":\"Direcci\u00f3n de Comunicaci\u00f3n Institucional\"}}]}<\/script>\n<!-- \/ Yoast SEO plugin. -->","yoast_head_json":{"title":"Cienfuegos: primer lugar de Cuba en Programa del M\u00e9dico y la Enfermera de la Familia - Universidad de Cienfuegos","description":"Noticias del \u00e1mbito universitario de la casa de altos estudios de Cienfuegos. Adem\u00e1s se muestran noticias del acontecer nacional e internacional de mayor relevancia.","robots":{"index":"index","follow":"follow","max-snippet":"max-snippet:-1","max-image-preview":"max-image-preview:large","max-video-preview":"max-video-preview:-1"},"canonical":"https:\/\/www.ucf.edu.cu\/?p=24777","og_locale":"es_ES","og_type":"article","og_title":"Cienfuegos: primer lugar de Cuba en Programa del M\u00e9dico y la Enfermera de la Familia - Universidad de Cienfuegos","og_description":"Noticias del \u00e1mbito universitario de la casa de altos estudios de Cienfuegos. Adem\u00e1s se muestran noticias del acontecer nacional e internacional de mayor relevancia.","og_url":"https:\/\/www.ucf.edu.cu\/?p=24777","og_site_name":"Universidad de Cienfuegos","article_publisher":"https:\/\/www.facebook.com\/ucfgos\/","article_published_time":"2026-01-26T16:47:14+00:00","article_modified_time":"2026-01-26T16:49:54+00:00","og_image":[{"width":630,"height":350,"url":"https:\/\/www.ucf.edu.cu\/wp-content\/uploads\/2026\/01\/programa-medico-de-la-familia.png","type":"image\/png"}],"author":"Direcci\u00f3n de Comunicaci\u00f3n Institucional","twitter_card":"summary_large_image","twitter_creator":"@ucfgos","twitter_site":"@ucfgos","twitter_misc":{"Escrito por":"Direcci\u00f3n de Comunicaci\u00f3n Institucional","Tiempo de lectura":"3 minutos"},"schema":{"@context":"https:\/\/schema.org","@graph":[{"@type":"Article","@id":"https:\/\/www.ucf.edu.cu\/?p=24777#article","isPartOf":{"@id":"https:\/\/www.ucf.edu.cu\/?p=24777"},"author":{"name":"Direcci\u00f3n de Comunicaci\u00f3n Institucional","@id":"https:\/\/www.ucf.edu.cu\/#\/schema\/person\/1ab5c30ce7d7cff8d04e05d54e4467eb"},"headline":"Cienfuegos: primer lugar de Cuba en Programa del M\u00e9dico y la Enfermera de la Familia","datePublished":"2026-01-26T16:47:14+00:00","dateModified":"2026-01-26T16:49:54+00:00","mainEntityOfPage":{"@id":"https:\/\/www.ucf.edu.cu\/?p=24777"},"wordCount":412,"commentCount":0,"publisher":{"@id":"https:\/\/www.ucf.edu.cu\/#organization"},"image":{"@id":"https:\/\/www.ucf.edu.cu\/?p=24777#primaryimage"},"thumbnailUrl":"https:\/\/www.ucf.edu.cu\/wp-content\/uploads\/2026\/01\/programa-medico-de-la-familia.png","articleSection":["Noticias"],"inLanguage":"es","potentialAction":[{"@type":"CommentAction","name":"Comment","target":["https:\/\/www.ucf.edu.cu\/?p=24777#respond"]}]},{"@type":"WebPage","@id":"https:\/\/www.ucf.edu.cu\/?p=24777","url":"https:\/\/www.ucf.edu.cu\/?p=24777","name":"Cienfuegos: primer lugar de Cuba en Programa del M\u00e9dico y la Enfermera de la Familia - Universidad de Cienfuegos","isPartOf":{"@id":"https:\/\/www.ucf.edu.cu\/#website"},"primaryImageOfPage":{"@id":"https:\/\/www.ucf.edu.cu\/?p=24777#primaryimage"},"image":{"@id":"https:\/\/www.ucf.edu.cu\/?p=24777#primaryimage"},"thumbnailUrl":"https:\/\/www.ucf.edu.cu\/wp-content\/uploads\/2026\/01\/programa-medico-de-la-familia.png","datePublished":"2026-01-26T16:47:14+00:00","dateModified":"2026-01-26T16:49:54+00:00","description":"Noticias del \u00e1mbito universitario de la casa de altos estudios de Cienfuegos. Adem\u00e1s se muestran noticias del acontecer nacional e internacional de mayor relevancia.","breadcrumb":{"@id":"https:\/\/www.ucf.edu.cu\/?p=24777#breadcrumb"},"inLanguage":"es","potentialAction":[{"@type":"ReadAction","target":["https:\/\/www.ucf.edu.cu\/?p=24777"]}]},{"@type":"ImageObject","inLanguage":"es","@id":"https:\/\/www.ucf.edu.cu\/?p=24777#primaryimage","url":"https:\/\/www.ucf.edu.cu\/wp-content\/uploads\/2026\/01\/programa-medico-de-la-familia.png","contentUrl":"https:\/\/www.ucf.edu.cu\/wp-content\/uploads\/2026\/01\/programa-medico-de-la-familia.png","width":630,"height":350},{"@type":"BreadcrumbList","@id":"https:\/\/www.ucf.edu.cu\/?p=24777#breadcrumb","itemListElement":[{"@type":"ListItem","position":1,"name":"Portada","item":"https:\/\/www.ucf.edu.cu\/"},{"@type":"ListItem","position":2,"name":"Cienfuegos: primer lugar de Cuba en Programa del M\u00e9dico y la Enfermera de la Familia"}]},{"@type":"WebSite","@id":"https:\/\/www.ucf.edu.cu\/#website","url":"https:\/\/www.ucf.edu.cu\/","name":"Universidad de Cienfuegos","description":"Portal Web Universidad de Cienfuegos","publisher":{"@id":"https:\/\/www.ucf.edu.cu\/#organization"},"alternateName":"Portal institucional de la UCf","potentialAction":[{"@type":"SearchAction","target":{"@type":"EntryPoint","urlTemplate":"https:\/\/www.ucf.edu.cu\/?s={search_term_string}"},"query-input":{"@type":"PropertyValueSpecification","valueRequired":true,"valueName":"search_term_string"}}],"inLanguage":"es"},{"@type":"Organization","@id":"https:\/\/www.ucf.edu.cu\/#organization","name":"Universidad de Cienfuegos","url":"https:\/\/www.ucf.edu.cu\/","logo":{"@type":"ImageObject","inLanguage":"es","@id":"https:\/\/www.ucf.edu.cu\/#\/schema\/logo\/image\/","url":"https:\/\/www.ucf.edu.cu\/wp-content\/uploads\/2020\/11\/fe77b047cf65bbf66915926fa3c00c93_L.jpg","contentUrl":"https:\/\/www.ucf.edu.cu\/wp-content\/uploads\/2020\/11\/fe77b047cf65bbf66915926fa3c00c93_L.jpg","width":1000,"height":763,"caption":"Universidad de Cienfuegos"},"image":{"@id":"https:\/\/www.ucf.edu.cu\/#\/schema\/logo\/image\/"},"sameAs":["https:\/\/www.facebook.com\/ucfgos\/","https:\/\/x.com\/ucfgos","https:\/\/www.instagram.com\/ucfgos","https:\/\/www.youtube.com\/channel\/UCymAZYZHmPzh48cHLG6Nx4A"]},{"@type":"Person","@id":"https:\/\/www.ucf.edu.cu\/#\/schema\/person\/1ab5c30ce7d7cff8d04e05d54e4467eb","name":"Direcci\u00f3n de Comunicaci\u00f3n Institucional","image":{"@type":"ImageObject","inLanguage":"es","@id":"https:\/\/secure.gravatar.com\/avatar\/df7a6ffea67205b2cec0557fac1b1c99168521f981217db8876f424e9d334540?s=96&d=mm&r=g","url":"https:\/\/secure.gravatar.com\/avatar\/df7a6ffea67205b2cec0557fac1b1c99168521f981217db8876f424e9d334540?s=96&d=mm&r=g","contentUrl":"https:\/\/secure.gravatar.com\/avatar\/df7a6ffea67205b2cec0557fac1b1c99168521f981217db8876f424e9d334540?s=96&d=mm&r=g","caption":"Direcci\u00f3n de Comunicaci\u00f3n Institucional"}}]}},"_links":{"self":[{"href":"https:\/\/www.ucf.edu.cu\/index.php?rest_route=\/wp\/v2\/posts\/24777","targetHints":{"allow":["GET"]}}],"collection":[{"href":"https:\/\/www.ucf.edu.cu\/index.php?rest_route=\/wp\/v2\/posts"}],"about":[{"href":"https:\/\/www.ucf.edu.cu\/index.php?rest_route=\/wp\/v2\/types\/post"}],"author":[{"embeddable":true,"href":"https:\/\/www.ucf.edu.cu\/index.php?rest_route=\/wp\/v2\/users\/6"}],"replies":[{"embeddable":true,"href":"https:\/\/www.ucf.edu.cu\/index.php?rest_route=%2Fwp%2Fv2%2Fcomments&post=24777"}],"version-history":[{"count":7,"href":"https:\/\/www.ucf.edu.cu\/index.php?rest_route=\/wp\/v2\/posts\/24777\/revisions"}],"predecessor-version":[{"id":24785,"href":"https:\/\/www.ucf.edu.cu\/index.php?rest_route=\/wp\/v2\/posts\/24777\/revisions\/24785"}],"wp:featuredmedia":[{"embeddable":true,"href":"https:\/\/www.ucf.edu.cu\/index.php?rest_route=\/wp\/v2\/media\/24778"}],"wp:attachment":[{"href":"https:\/\/www.ucf.edu.cu\/index.php?rest_route=%2Fwp%2Fv2%2Fmedia&parent=24777"}],"wp:term":[{"taxonomy":"category","embeddable":true,"href":"https:\/\/www.ucf.edu.cu\/index.php?rest_route=%2Fwp%2Fv2%2Fcategories&post=24777"},{"taxonomy":"post_tag","embeddable":true,"href":"https:\/\/www.ucf.edu.cu\/index.php?rest_route=%2Fwp%2Fv2%2Ftags&post=24777"}],"curies":[{"name":"wp","href":"https:\/\/api.w.org\/{rel}","templated":true}]}}