{"id":24854,"date":"2026-01-27T17:03:56","date_gmt":"2026-01-27T17:03:56","guid":{"rendered":"https:\/\/www.ucf.edu.cu\/?p=24854"},"modified":"2026-01-27T17:38:38","modified_gmt":"2026-01-27T17:38:38","slug":"resumen-semanal-ucf","status":"publish","type":"post","link":"https:\/\/www.ucf.edu.cu\/?p=24854","title":{"rendered":"Resumen Semanal UCf"},"content":{"rendered":"\t\t<div data-elementor-type=\"wp-post\" data-elementor-id=\"24854\" class=\"elementor elementor-24854\">\n\t\t\t\t\t\t<section class=\"elementor-section elementor-top-section elementor-element elementor-element-873f162 elementor-section-boxed elementor-section-height-default elementor-section-height-default\" data-id=\"873f162\" data-element_type=\"section\" data-e-type=\"section\">\n\t\t\t\t\t\t<div class=\"elementor-container elementor-column-gap-default\">\n\t\t\t\t\t<div class=\"elementor-column elementor-col-100 elementor-top-column elementor-element elementor-element-63c9ad1\" data-id=\"63c9ad1\" data-element_type=\"column\" data-e-type=\"column\">\n\t\t\t<div class=\"elementor-widget-wrap elementor-element-populated\">\n\t\t\t\t\t\t<div class=\"elementor-element elementor-element-9f965b1 elementor-widget elementor-widget-text-editor\" data-id=\"9f965b1\" data-element_type=\"widget\" data-e-type=\"widget\" data-widget_type=\"text-editor.default\">\n\t\t\t\t<div class=\"elementor-widget-container\">\n\t\t\t\t\t\t\t\t\t<p>Principales acontecimientos en MiCasaUCf del 19 al 23 de enero del 2026.<\/p><p>A continuaci\u00f3n, le informamos sobre lo que fue noticia en esta casa de altos estudios durante este per\u00edodo del nuevo curso acad\u00e9mico 2025-2026.<\/p><p>Desde una perspectiva general, le acercamos a lo m\u00e1s significativo y relevante para nuestra comunidad universitaria y los p\u00fablicos externos que visitan asiduamente nuestros sitios en las redes sociales, para conocer sobre lo \u00faltimo que acontece en torno a la vida universitaria cienfueguera.<\/p><p>Entre las efem\u00e9rides nacionales tenemos que el d\u00eda19 de enero de 1953, soldados batistianos asaltan la sede del sindicato azucarero del central Natividad, el 20 de enero de 1875, acampa M\u00e1ximo G\u00f3mez en La Reforma jurisdicci\u00f3n de Sancti Spiritus. Un fat\u00eddico d\u00eda 21 de enero de 1896, Valeriano Weyler, gobernador de Cuba, dicta la siniestra orden de la Reconcentraci\u00f3n, por otro lado un 22 de este mes pero en 1869, qued\u00f3 definido como el D\u00eda del Teatro Cubano en recordaci\u00f3n de los sucesos del Teatro Villanueva y un d\u00eda 23 de 1998, oficia misa en Camag\u00fcey el Papa Juan Pablo II.\u00a0<\/p><p>Por otra parte, en cuanto a las efem\u00e9rides internacionales,\u00a0 el d\u00eda 19 de enero\u00a0 se conmemeora como el D\u00eda de Martin Luther King, entre otras conmemoraciones, el <span class=\"diaPopular\">21 de enero es el <\/span>D\u00eda Internacional del Abrazo y el d\u00eda23 de enero se conmemora el surgimiento de la Radio, pues este d\u00eda del a\u00f1o 1901, el pionero radiof\u00f3nico italiano Guglielmo Marconi envi\u00f3 la primera transmisi\u00f3n inal\u00e1mbrica de larga distancia desde la isla de Wight hasta la regi\u00f3n brit\u00e1nica occidental de Cornualles.<\/p><p>El pasado lunes 19 la Maestr\u00eda en Administraci\u00f3n de Negocios, perteneciente a la Facultad de Ciencias Econ\u00f3micas, fue sometida al proceso de Evaluaci\u00f3n Externa. Este crucial momento, que se extendiera hasta el d\u00eda 23 del mes en curso, estuvo a cargo de expertos con reconocimiento de la Junta de Acreditaci\u00f3n Nacional, siendo un paso fundamental en nuestro compromiso con la excelencia acad\u00e9mica y la calidad educativa y la oportunidad de demostrar el rigor acad\u00e9mico, cient\u00edfico e innovador y la dedicaci\u00f3n de los docentes y maestrantes.<\/p><p>\u00a0 \u00a0 \u00a0 \u00a0 \u00a0 \u00a0 \u00a0 \u00a0 \u00a0 \u00a0 \u00a0 \u00a0 \u00a0 \u00a0 \u00a0 \u00a0 \u00a0 \u00a0 \u00a0 \u00a0 \u00a0 \u00a0 \u00a0 \u00a0 <img decoding=\"async\" class=\"alignnone  wp-image-24872\" src=\"https:\/\/www.ucf.edu.cu\/wp-content\/uploads\/2026\/01\/617066802_1545243067413174_2388612558606188485_n-2-300x175.jpg\" alt=\"\" width=\"259\" height=\"151\" srcset=\"https:\/\/www.ucf.edu.cu\/wp-content\/uploads\/2026\/01\/617066802_1545243067413174_2388612558606188485_n-2-300x175.jpg 300w, https:\/\/www.ucf.edu.cu\/wp-content\/uploads\/2026\/01\/617066802_1545243067413174_2388612558606188485_n-2-1024x598.jpg 1024w, https:\/\/www.ucf.edu.cu\/wp-content\/uploads\/2026\/01\/617066802_1545243067413174_2388612558606188485_n-2-768x449.jpg 768w, https:\/\/www.ucf.edu.cu\/wp-content\/uploads\/2026\/01\/617066802_1545243067413174_2388612558606188485_n-2-1536x897.jpg 1536w, https:\/\/www.ucf.edu.cu\/wp-content\/uploads\/2026\/01\/617066802_1545243067413174_2388612558606188485_n-2.jpg 2048w\" sizes=\"(max-width: 259px) 100vw, 259px\" \/> <img decoding=\"async\" class=\"alignnone  wp-image-24878\" src=\"https:\/\/www.ucf.edu.cu\/wp-content\/uploads\/2026\/01\/617083044_1545241577413323_193173819962269033_n-3-300x175.jpg\" alt=\"\" width=\"261\" height=\"152\" srcset=\"https:\/\/www.ucf.edu.cu\/wp-content\/uploads\/2026\/01\/617083044_1545241577413323_193173819962269033_n-3-300x175.jpg 300w, https:\/\/www.ucf.edu.cu\/wp-content\/uploads\/2026\/01\/617083044_1545241577413323_193173819962269033_n-3-1024x596.jpg 1024w, https:\/\/www.ucf.edu.cu\/wp-content\/uploads\/2026\/01\/617083044_1545241577413323_193173819962269033_n-3-768x447.jpg 768w, https:\/\/www.ucf.edu.cu\/wp-content\/uploads\/2026\/01\/617083044_1545241577413323_193173819962269033_n-3-1536x894.jpg 1536w, https:\/\/www.ucf.edu.cu\/wp-content\/uploads\/2026\/01\/617083044_1545241577413323_193173819962269033_n-3.jpg 2048w\" sizes=\"(max-width: 261px) 100vw, 261px\" \/> <img decoding=\"async\" class=\"alignnone  wp-image-24876\" src=\"https:\/\/www.ucf.edu.cu\/wp-content\/uploads\/2026\/01\/617876251_1545242630746551_5305868338556703432_n-2-300x180.jpg\" alt=\"\" width=\"254\" height=\"152\" srcset=\"https:\/\/www.ucf.edu.cu\/wp-content\/uploads\/2026\/01\/617876251_1545242630746551_5305868338556703432_n-2-300x180.jpg 300w, https:\/\/www.ucf.edu.cu\/wp-content\/uploads\/2026\/01\/617876251_1545242630746551_5305868338556703432_n-2-1024x615.jpg 1024w, https:\/\/www.ucf.edu.cu\/wp-content\/uploads\/2026\/01\/617876251_1545242630746551_5305868338556703432_n-2-768x461.jpg 768w, https:\/\/www.ucf.edu.cu\/wp-content\/uploads\/2026\/01\/617876251_1545242630746551_5305868338556703432_n-2-1536x922.jpg 1536w, https:\/\/www.ucf.edu.cu\/wp-content\/uploads\/2026\/01\/617876251_1545242630746551_5305868338556703432_n-2.jpg 2048w\" sizes=\"(max-width: 254px) 100vw, 254px\" \/>\u00a0<\/p><p>Tambi\u00e9n el lunes 19 dio comienzo la XVIII Edici\u00f3n del Festival Universitario del Libro y la Lectura FULL, un espacio que llega a nuestras universidades para fomentar el di\u00e1logo sobre la cuban\u00eda y la identidad nacional desde el h\u00e1bito de la lectura.\u00a0 Esta edici\u00f3n ha sido dedicada especialmente al Aniversario 20 del libro <em>100 Horas Con Fidel,<\/em> del escritor Ignacio Ramonet, siendo muy conveniente para quienes deseen acercarse a la figura del l\u00edder hist\u00f3rico de la Revoluci\u00f3n, desde la perspectiva de este reconocido intelectual.<\/p><p>\u00a0 \u00a0 \u00a0 \u00a0 \u00a0 \u00a0 \u00a0 \u00a0 \u00a0 \u00a0 \u00a0 \u00a0 \u00a0 \u00a0 \u00a0 \u00a0 \u00a0 \u00a0 \u00a0 \u00a0 \u00a0 \u00a0 \u00a0 \u00a0 \u00a0 \u00a0 \u00a0 \u00a0 \u00a0 \u00a0 \u00a0 \u00a0 \u00a0 \u00a0 \u00a0 \u00a0 \u00a0 \u00a0 \u00a0 \u00a0 \u00a0 \u00a0 \u00a0 \u00a0 \u00a0 \u00a0 \u00a0 \u00a0 \u00a0 \u00a0 \u00a0 \u00a0 \u00a0 \u00a0 \u00a0 \u00a0 \u00a0 \u00a0 \u00a0 \u00a0 \u00a0 \u00a0 \u00a0 \u00a0 \u00a0 \u00a0 \u00a0 \u00a0 \u00a0 \u00a0 \u00a0 \u00a0 \u00a0 \u00a0 \u00a0 \u00a0 \u00a0 \u00a0 \u00a0 \u00a0 \u00a0 \u00a0 \u00a0 \u00a0 \u00a0 \u00a0 \u00a0 \u00a0 \u00a0 \u00a0 \u00a0 \u00a0 \u00a0 \u00a0 \u00a0 \u00a0 \u00a0 \u00a0 <img loading=\"lazy\" decoding=\"async\" class=\"alignnone  wp-image-24886\" src=\"https:\/\/www.ucf.edu.cu\/wp-content\/uploads\/2026\/01\/618937120_1323270446505730_6101169553598546894_n-300x252.jpg\" alt=\"\" width=\"227\" height=\"190\" srcset=\"https:\/\/www.ucf.edu.cu\/wp-content\/uploads\/2026\/01\/618937120_1323270446505730_6101169553598546894_n-300x252.jpg 300w, https:\/\/www.ucf.edu.cu\/wp-content\/uploads\/2026\/01\/618937120_1323270446505730_6101169553598546894_n.jpg 600w\" sizes=\"(max-width: 227px) 100vw, 227px\" \/><\/p><p>El martes 20, como parte del proceso de evaluaci\u00f3n externa a la Maestr\u00eda en Administraci\u00f3n de Negocios de nuestra Universidad de Cienfuegos por expertos de la Junta de Acreditaci\u00f3n Nacional, se sostuvieron varios encuentros de trabajo con implicados en la misma.<\/p><p>Se dialog\u00f3 con representantes de MiCasaUCf, quienes, desde su rol de empleadores, aportaron perspectivas clave sobre la pertinencia y el impacto de los programas en el entorno institucional. Tambi\u00e9n se cont\u00f3 con la valiosa participaci\u00f3n de egresados de las ediciones evaluadas, ofreciendo sus experiencias, logros en un espacio de retroalimentaci\u00f3n que ayudan a medir a la postre, la calidad y los resultados de la formaci\u00f3n recibida.<\/p><p>20.2-<\/p><p>Nuestra Universidad de Cienfuegos recibi\u00f3 un reconocimiento por su entrega y dedicaci\u00f3n al servicio de la Ciencia Cubana y la Gesti\u00f3n Ambiental, en el Acto Provincial por el D\u00eda de la Ciencia, el cual fue recibido por nuestra Rectora, Dr. C. Orqu\u00eddea Urquiola S\u00e1nchez.<\/p><p>Este galard\u00f3n, es un tributo al esfuerzo colectivo de profesores, investigadores, estudiantes y trabajadores, que con profesionalismo y compromiso contribuyen d\u00eda a d\u00eda al desarrollo pr\u00f3spero y sostenible de la naci\u00f3n.<\/p><p>Muchas Felicidades a todos los homenajeados, y en especial, a los reconocidos de nuestra UCf.<\/p><p>21-<\/p><p>\u00a0El mi\u00e9rcoles 21, varios directivos de nuestra Universidad de Cienfuegos sostuvieron un importante encuentro de trabajo con representantes del Ministerio de Educaci\u00f3n (MINED) en la provincia.<\/p><p>Entre los puntos a tratar se destacaron:<\/p><ul><li>Preparaci\u00f3n para la Copa de Conocimientos de Ciencias Exactas<\/li><li>Coordinaci\u00f3n de acciones de formaci\u00f3n vocacional<\/li><li>Estrategia de trabajo para el Colegio Universitario<\/li><li>Proceso de otorgamiento de carreras directas<\/li><\/ul><p>Estos espacios de di\u00e1logo interinstitucional son vitales para consolidar un sistema educativo integrado, de calidad y al servicio del desarrollo de Cienfuegos y Cuba.<\/p><p>21.1- Adem\u00e1s, en la ma\u00f1ana del mi\u00e9rcoles 21, nuestra Alma Mater particip\u00f3 en la jornada de \u00abPuertas Abiertas\u00bb en la Escuela de Iniciaci\u00f3n Deportiva (EIDE) Provincial \u00abJorge Agostini Villazana\u00bb.<\/p><p>Los profesores de la Facultad de @, el Dr. C. \u00d3scar Mu\u00f1oz Hern\u00e1ndez (Dpto. Teor\u00eda y Pr\u00e1ctica del Deporte) y la MSc. Grisel Navarro Soto (Dpto. Did\u00e1ctica de la Educaci\u00f3n F\u00edsica), compartieron su experiencia y conocimientos con estudiantes de 12mo grado de esta prestigiosa instituci\u00f3n.<\/p><p>21.2<\/p><p>Ya en horas de la tarde, se sostuvo \u00a0una fruct\u00edfera reuni\u00f3n de trabajo entre el comit\u00e9 evaluador de la Maestr\u00eda en Administraci\u00f3n de Negocios y el claustro de profesores del programa.<\/p><p>Un espacio de di\u00e1logo, evaluaci\u00f3n y mejora continua, que refleja el compromiso de nuestra universidad con la calidad acad\u00e9mica y la excelencia educativa.<\/p><p>22-<\/p><p>El jueves 22, se desarroll\u00f3 la Asamblea de Ubicaci\u00f3n Laboral Anticipada en la Facultad de Humanidades UCf con la presencia de la secretaria general de la Universidad de Cienfuegos \u00abCarlos Rafael Rodr\u00edguez\u00bb, Dr. C. Gladys Elena Capote Le\u00f3n; la representante del Departamento de RR.HH. de la Direcci\u00f3n General de Educaci\u00f3n en Cienfuegos y una funcionaria del Ministerio de Trabajo y Seguridad Social en la provincia.<\/p><p>Tambi\u00e9n hicieron presencia los Profesores Principales de A\u00f1o Acad\u00e9mico, las coordinadoras de carrera y la Dr. C. Zaydelys Lucrecia Torres Calzadilla, vicedecana de dicha Facultad. Dicha ubicaci\u00f3n intenta cumplir con 2 demandas concretas: acercar a los egresados a su puesto de trabajo, seg\u00fan lugar de residencia y realizar el servicio social en las entidades laborales de base otrora unidades docentes.<\/p><p>Desde este prop\u00f3sito, nuestros estudiantes de las carreras: Espa\u00f1ol Literatura, Lenguas Extranjeras y Educaci\u00f3n Art\u00edstica quedaron satisfechos y, por ende, comprometidos con la responsabilidad para la que est\u00e1n siendo formados.<\/p><p>22.1- Instant\u00e1neas de la Asamblea de Ubicaci\u00f3n Laboral hoy en la Facultad de Ingenier\u00eda UCf<\/p><p>En el espacio estuvieron presentes estudiantes de las carreras de Ingenier\u00eda Industrial, Inform\u00e1tica, Qu\u00edmica y Mec\u00e1nica; adem\u00e1s de:<\/p><ul><li>C. Gladys Capote Le\u00f3n \u2013 Secretaria General de la UCf<\/li><li>C. Ariel G\u00f3mez Sarria \u2013 Decano de la Facultad<\/li><li>Elizabeth Aguila S\u00e1nchez \u2013 Subdirectora Provincial del Ministerio de Trabajo<\/li><\/ul><p>Por parte de los organismos y empresas participaron:<\/p><ul><li>Universidad de Cienfuegos<\/li><li>Oleohidr\u00e1ulica<\/li><li>Refiner\u00eda de Cienfuegos<\/li><li>Empresa El\u00e9ctrica<\/li><li>Empresa Av\u00edcola de Cienfuegos<\/li><li>ECOI-12<\/li><li>Azcuba<\/li><li>GAESA<\/li><\/ul><p>Fue este, un espacio clave para conectar el talento de nuestros estudiantes con las oportunidades del desarrollo local y nacional.<\/p><p>22.2-Hoy vivimos una jornada de excelencia cient\u00edfica en la Universidad de Cienfuegos. Ernesto L\u00f3pez Gonz\u00e1lez, investigador perteneciente al Programa de Doctorado en Desarrollo Local, defendi\u00f3 con \u00e9xito su tesis doctoral.<\/p><p>La investigaci\u00f3n representa una contribuci\u00f3n significativa al conocimiento y al desarrollo sostenible del territorio. Este logro es el fruto de la dedicaci\u00f3n y el esfuerzo, pero tambi\u00e9n es reflejo del compromiso de la UCf con la formaci\u00f3n de capital humano de alto nivel.<\/p><p>Extendemos las m\u00e1s sinceras felicitaciones al Dr. C. Ernesto L\u00f3pez Gonz\u00e1lez, as\u00ed como a sus tutores, tribunal y a todos los que acompa\u00f1aron este proceso.<\/p><p>22.3-Y ya en horas de la tarde del jueves 22, fue recibida, en nuestra Universidad de Cienfuegos, la visita de funcionarios de la Agencia Sueca Internacional para la Cooperaci\u00f3n y el Desarrollo (ASDI), junto a investigadores del Centro Agron\u00f3mico Tropical de Investigaci\u00f3n y Ense\u00f1anza (CATIE) de Costa Rica y directivos de la Estaci\u00f3n Experimental \u00abIndio Hatuey\u00bb.<\/p><p>El prop\u00f3sito del encuentro fue realizar la evaluaci\u00f3n de los resultados del Proyecto Internacional Cienpinos, en el que nuestra universidad participa activamente.<\/p><p>Durante el intercambio, el Dr. C. Yhosvanni P\u00e9rez Rodr\u00edguez, representante de Cienpinos Cienfuegos present\u00f3 los principales logros y avances del proyecto.<\/p><p>23-Y como era de esperar, el viernes 23 culmin\u00f3 con \u00e9xito el proceso de Evaluaci\u00f3n Externa de la Maestr\u00eda en Administraci\u00f3n de Negocios en la Universidad de Cienfuegos.<\/p><p>Dentro del mismo los expertos evaluadores han destacado:<\/p><ul><li>Proceso muy satisfactorio, con el cumplimiento de los objetivos y el programa dise\u00f1ado.<\/li><li>Reconocen la calidad de las entrevistas realizadas con profesores, estudiantes, directivos y empleadores.<\/li><li>Resultados muy favorables, que reflejan el trabajo constante y el compromiso institucional.<\/li><\/ul><p>Desde la UCf queremos reconocer p\u00fablicamente al Comit\u00e9 Acad\u00e9mico de la Maestr\u00eda y a toda la instituci\u00f3n por la excelente gesti\u00f3n y atenci\u00f3n brindada a los expertos.<\/p><p>Asimismo, extendemos un agradecimiento especial al Comit\u00e9 Evaluador externo por su entrega, dedicaci\u00f3n y esfuerzo durante todo el proceso.<\/p><p>Hasta aqu\u00ed, estos fueron los sucesos m\u00e1s relevantes que acontecieron durante la pasada semana, relacionados con nuestra Universidad de Cienfuegos \u00abCarlos Rafael Rodr\u00edguez\u00bb.<\/p><p>\u00a1Hasta la pr\u00f3xima entrega, les deseamos una feliz semana!<\/p><p>Direcci\u00f3n de Comunicaci\u00f3n Institucional UCf<\/p>\t\t\t\t\t\t\t\t<\/div>\n\t\t\t\t<\/div>\n\t\t\t\t\t<\/div>\n\t\t<\/div>\n\t\t\t\t\t<\/div>\n\t\t<\/section>\n\t\t\t\t<\/div>\n\t\t","protected":false},"excerpt":{"rendered":"<p>Principales acontecimientos en MiCasaUCf del 19 al 23 de enero del 2026. A continuaci\u00f3n, le informamos sobre lo que fue noticia en esta casa de altos estudios durante este per\u00edodo del nuevo<a class=\"moretag\" href=\"https:\/\/www.ucf.edu.cu\/?p=24854\">Leer m\u00e1s&#8230;<\/a><\/p>\n","protected":false},"author":6,"featured_media":24855,"comment_status":"open","ping_status":"open","sticky":false,"template":"","format":"standard","meta":{"footnotes":""},"categories":[126],"tags":[],"class_list":["post-24854","post","type-post","status-publish","format-standard","has-post-thumbnail","hentry","category-sin-categoria-es"],"yoast_head":"<!-- This site is optimized with the Yoast SEO plugin v27.4 - https:\/\/yoast.com\/product\/yoast-seo-wordpress\/ -->\n<title>Resumen Semanal UCf - Universidad de Cienfuegos<\/title>\n<meta name=\"description\" content=\"Noticias del \u00e1mbito universitario de la casa de altos estudios de Cienfuegos. Adem\u00e1s se muestran noticias del acontecer nacional e internacional de mayor relevancia.\" \/>\n<meta name=\"robots\" content=\"index, follow, max-snippet:-1, max-image-preview:large, max-video-preview:-1\" \/>\n<link rel=\"canonical\" href=\"https:\/\/www.ucf.edu.cu\/?p=24854\" \/>\n<meta property=\"og:locale\" content=\"es_ES\" \/>\n<meta property=\"og:type\" content=\"article\" \/>\n<meta property=\"og:title\" content=\"Resumen Semanal UCf - Universidad de Cienfuegos\" \/>\n<meta property=\"og:description\" content=\"Noticias del \u00e1mbito universitario de la casa de altos estudios de Cienfuegos. Adem\u00e1s se muestran noticias del acontecer nacional e internacional de mayor relevancia.\" \/>\n<meta property=\"og:url\" content=\"https:\/\/www.ucf.edu.cu\/?p=24854\" \/>\n<meta property=\"og:site_name\" content=\"Universidad de Cienfuegos\" \/>\n<meta property=\"article:publisher\" content=\"https:\/\/www.facebook.com\/ucfgos\/\" \/>\n<meta property=\"article:published_time\" content=\"2026-01-27T17:03:56+00:00\" \/>\n<meta property=\"article:modified_time\" content=\"2026-01-27T17:38:38+00:00\" \/>\n<meta property=\"og:image\" content=\"https:\/\/www.ucf.edu.cu\/wp-content\/uploads\/2026\/01\/Postales-Intranet7-604x270-1-420x300-1-300x214-1.jpg\" \/>\n\t<meta property=\"og:image:width\" content=\"300\" \/>\n\t<meta property=\"og:image:height\" content=\"214\" \/>\n\t<meta property=\"og:image:type\" content=\"image\/jpeg\" \/>\n<meta name=\"author\" content=\"Direcci\u00f3n de Comunicaci\u00f3n Institucional\" \/>\n<meta name=\"twitter:card\" content=\"summary_large_image\" \/>\n<meta name=\"twitter:creator\" content=\"@ucfgos\" \/>\n<meta name=\"twitter:site\" content=\"@ucfgos\" \/>\n<meta name=\"twitter:label1\" content=\"Escrito por\" \/>\n\t<meta name=\"twitter:data1\" content=\"Direcci\u00f3n de Comunicaci\u00f3n Institucional\" \/>\n\t<meta name=\"twitter:label2\" content=\"Tiempo de lectura\" \/>\n\t<meta name=\"twitter:data2\" content=\"8 minutos\" \/>\n<script type=\"application\/ld+json\" class=\"yoast-schema-graph\">{\"@context\":\"https:\\\/\\\/schema.org\",\"@graph\":[{\"@type\":\"Article\",\"@id\":\"https:\\\/\\\/www.ucf.edu.cu\\\/?p=24854#article\",\"isPartOf\":{\"@id\":\"https:\\\/\\\/www.ucf.edu.cu\\\/?p=24854\"},\"author\":{\"name\":\"Direcci\u00f3n de Comunicaci\u00f3n Institucional\",\"@id\":\"https:\\\/\\\/www.ucf.edu.cu\\\/#\\\/schema\\\/person\\\/1ab5c30ce7d7cff8d04e05d54e4467eb\"},\"headline\":\"Resumen Semanal UCf\",\"datePublished\":\"2026-01-27T17:03:56+00:00\",\"dateModified\":\"2026-01-27T17:38:38+00:00\",\"mainEntityOfPage\":{\"@id\":\"https:\\\/\\\/www.ucf.edu.cu\\\/?p=24854\"},\"wordCount\":1587,\"commentCount\":0,\"publisher\":{\"@id\":\"https:\\\/\\\/www.ucf.edu.cu\\\/#organization\"},\"image\":{\"@id\":\"https:\\\/\\\/www.ucf.edu.cu\\\/?p=24854#primaryimage\"},\"thumbnailUrl\":\"https:\\\/\\\/www.ucf.edu.cu\\\/wp-content\\\/uploads\\\/2026\\\/01\\\/Postales-Intranet7-604x270-1-420x300-1-300x214-1.jpg\",\"inLanguage\":\"es\",\"potentialAction\":[{\"@type\":\"CommentAction\",\"name\":\"Comment\",\"target\":[\"https:\\\/\\\/www.ucf.edu.cu\\\/?p=24854#respond\"]}]},{\"@type\":\"WebPage\",\"@id\":\"https:\\\/\\\/www.ucf.edu.cu\\\/?p=24854\",\"url\":\"https:\\\/\\\/www.ucf.edu.cu\\\/?p=24854\",\"name\":\"Resumen Semanal UCf - Universidad de Cienfuegos\",\"isPartOf\":{\"@id\":\"https:\\\/\\\/www.ucf.edu.cu\\\/#website\"},\"primaryImageOfPage\":{\"@id\":\"https:\\\/\\\/www.ucf.edu.cu\\\/?p=24854#primaryimage\"},\"image\":{\"@id\":\"https:\\\/\\\/www.ucf.edu.cu\\\/?p=24854#primaryimage\"},\"thumbnailUrl\":\"https:\\\/\\\/www.ucf.edu.cu\\\/wp-content\\\/uploads\\\/2026\\\/01\\\/Postales-Intranet7-604x270-1-420x300-1-300x214-1.jpg\",\"datePublished\":\"2026-01-27T17:03:56+00:00\",\"dateModified\":\"2026-01-27T17:38:38+00:00\",\"description\":\"Noticias del \u00e1mbito universitario de la casa de altos estudios de Cienfuegos. Adem\u00e1s se muestran noticias del acontecer nacional e internacional de mayor relevancia.\",\"breadcrumb\":{\"@id\":\"https:\\\/\\\/www.ucf.edu.cu\\\/?p=24854#breadcrumb\"},\"inLanguage\":\"es\",\"potentialAction\":[{\"@type\":\"ReadAction\",\"target\":[\"https:\\\/\\\/www.ucf.edu.cu\\\/?p=24854\"]}]},{\"@type\":\"ImageObject\",\"inLanguage\":\"es\",\"@id\":\"https:\\\/\\\/www.ucf.edu.cu\\\/?p=24854#primaryimage\",\"url\":\"https:\\\/\\\/www.ucf.edu.cu\\\/wp-content\\\/uploads\\\/2026\\\/01\\\/Postales-Intranet7-604x270-1-420x300-1-300x214-1.jpg\",\"contentUrl\":\"https:\\\/\\\/www.ucf.edu.cu\\\/wp-content\\\/uploads\\\/2026\\\/01\\\/Postales-Intranet7-604x270-1-420x300-1-300x214-1.jpg\",\"width\":300,\"height\":214},{\"@type\":\"BreadcrumbList\",\"@id\":\"https:\\\/\\\/www.ucf.edu.cu\\\/?p=24854#breadcrumb\",\"itemListElement\":[{\"@type\":\"ListItem\",\"position\":1,\"name\":\"Portada\",\"item\":\"https:\\\/\\\/www.ucf.edu.cu\\\/\"},{\"@type\":\"ListItem\",\"position\":2,\"name\":\"Resumen Semanal UCf\"}]},{\"@type\":\"WebSite\",\"@id\":\"https:\\\/\\\/www.ucf.edu.cu\\\/#website\",\"url\":\"https:\\\/\\\/www.ucf.edu.cu\\\/\",\"name\":\"Universidad de Cienfuegos\",\"description\":\"Portal Web Universidad de Cienfuegos\",\"publisher\":{\"@id\":\"https:\\\/\\\/www.ucf.edu.cu\\\/#organization\"},\"alternateName\":\"Portal institucional de la UCf\",\"potentialAction\":[{\"@type\":\"SearchAction\",\"target\":{\"@type\":\"EntryPoint\",\"urlTemplate\":\"https:\\\/\\\/www.ucf.edu.cu\\\/?s={search_term_string}\"},\"query-input\":{\"@type\":\"PropertyValueSpecification\",\"valueRequired\":true,\"valueName\":\"search_term_string\"}}],\"inLanguage\":\"es\"},{\"@type\":\"Organization\",\"@id\":\"https:\\\/\\\/www.ucf.edu.cu\\\/#organization\",\"name\":\"Universidad de Cienfuegos\",\"url\":\"https:\\\/\\\/www.ucf.edu.cu\\\/\",\"logo\":{\"@type\":\"ImageObject\",\"inLanguage\":\"es\",\"@id\":\"https:\\\/\\\/www.ucf.edu.cu\\\/#\\\/schema\\\/logo\\\/image\\\/\",\"url\":\"https:\\\/\\\/www.ucf.edu.cu\\\/wp-content\\\/uploads\\\/2020\\\/11\\\/fe77b047cf65bbf66915926fa3c00c93_L.jpg\",\"contentUrl\":\"https:\\\/\\\/www.ucf.edu.cu\\\/wp-content\\\/uploads\\\/2020\\\/11\\\/fe77b047cf65bbf66915926fa3c00c93_L.jpg\",\"width\":1000,\"height\":763,\"caption\":\"Universidad de Cienfuegos\"},\"image\":{\"@id\":\"https:\\\/\\\/www.ucf.edu.cu\\\/#\\\/schema\\\/logo\\\/image\\\/\"},\"sameAs\":[\"https:\\\/\\\/www.facebook.com\\\/ucfgos\\\/\",\"https:\\\/\\\/x.com\\\/ucfgos\",\"https:\\\/\\\/www.instagram.com\\\/ucfgos\",\"https:\\\/\\\/www.youtube.com\\\/channel\\\/UCymAZYZHmPzh48cHLG6Nx4A\"]},{\"@type\":\"Person\",\"@id\":\"https:\\\/\\\/www.ucf.edu.cu\\\/#\\\/schema\\\/person\\\/1ab5c30ce7d7cff8d04e05d54e4467eb\",\"name\":\"Direcci\u00f3n de Comunicaci\u00f3n Institucional\",\"image\":{\"@type\":\"ImageObject\",\"inLanguage\":\"es\",\"@id\":\"https:\\\/\\\/secure.gravatar.com\\\/avatar\\\/df7a6ffea67205b2cec0557fac1b1c99168521f981217db8876f424e9d334540?s=96&d=mm&r=g\",\"url\":\"https:\\\/\\\/secure.gravatar.com\\\/avatar\\\/df7a6ffea67205b2cec0557fac1b1c99168521f981217db8876f424e9d334540?s=96&d=mm&r=g\",\"contentUrl\":\"https:\\\/\\\/secure.gravatar.com\\\/avatar\\\/df7a6ffea67205b2cec0557fac1b1c99168521f981217db8876f424e9d334540?s=96&d=mm&r=g\",\"caption\":\"Direcci\u00f3n de Comunicaci\u00f3n Institucional\"}}]}<\/script>\n<!-- \/ Yoast SEO plugin. -->","yoast_head_json":{"title":"Resumen Semanal UCf - Universidad de Cienfuegos","description":"Noticias del \u00e1mbito universitario de la casa de altos estudios de Cienfuegos. Adem\u00e1s se muestran noticias del acontecer nacional e internacional de mayor relevancia.","robots":{"index":"index","follow":"follow","max-snippet":"max-snippet:-1","max-image-preview":"max-image-preview:large","max-video-preview":"max-video-preview:-1"},"canonical":"https:\/\/www.ucf.edu.cu\/?p=24854","og_locale":"es_ES","og_type":"article","og_title":"Resumen Semanal UCf - Universidad de Cienfuegos","og_description":"Noticias del \u00e1mbito universitario de la casa de altos estudios de Cienfuegos. Adem\u00e1s se muestran noticias del acontecer nacional e internacional de mayor relevancia.","og_url":"https:\/\/www.ucf.edu.cu\/?p=24854","og_site_name":"Universidad de Cienfuegos","article_publisher":"https:\/\/www.facebook.com\/ucfgos\/","article_published_time":"2026-01-27T17:03:56+00:00","article_modified_time":"2026-01-27T17:38:38+00:00","og_image":[{"width":300,"height":214,"url":"https:\/\/www.ucf.edu.cu\/wp-content\/uploads\/2026\/01\/Postales-Intranet7-604x270-1-420x300-1-300x214-1.jpg","type":"image\/jpeg"}],"author":"Direcci\u00f3n de Comunicaci\u00f3n Institucional","twitter_card":"summary_large_image","twitter_creator":"@ucfgos","twitter_site":"@ucfgos","twitter_misc":{"Escrito por":"Direcci\u00f3n de Comunicaci\u00f3n Institucional","Tiempo de lectura":"8 minutos"},"schema":{"@context":"https:\/\/schema.org","@graph":[{"@type":"Article","@id":"https:\/\/www.ucf.edu.cu\/?p=24854#article","isPartOf":{"@id":"https:\/\/www.ucf.edu.cu\/?p=24854"},"author":{"name":"Direcci\u00f3n de Comunicaci\u00f3n Institucional","@id":"https:\/\/www.ucf.edu.cu\/#\/schema\/person\/1ab5c30ce7d7cff8d04e05d54e4467eb"},"headline":"Resumen Semanal UCf","datePublished":"2026-01-27T17:03:56+00:00","dateModified":"2026-01-27T17:38:38+00:00","mainEntityOfPage":{"@id":"https:\/\/www.ucf.edu.cu\/?p=24854"},"wordCount":1587,"commentCount":0,"publisher":{"@id":"https:\/\/www.ucf.edu.cu\/#organization"},"image":{"@id":"https:\/\/www.ucf.edu.cu\/?p=24854#primaryimage"},"thumbnailUrl":"https:\/\/www.ucf.edu.cu\/wp-content\/uploads\/2026\/01\/Postales-Intranet7-604x270-1-420x300-1-300x214-1.jpg","inLanguage":"es","potentialAction":[{"@type":"CommentAction","name":"Comment","target":["https:\/\/www.ucf.edu.cu\/?p=24854#respond"]}]},{"@type":"WebPage","@id":"https:\/\/www.ucf.edu.cu\/?p=24854","url":"https:\/\/www.ucf.edu.cu\/?p=24854","name":"Resumen Semanal UCf - Universidad de Cienfuegos","isPartOf":{"@id":"https:\/\/www.ucf.edu.cu\/#website"},"primaryImageOfPage":{"@id":"https:\/\/www.ucf.edu.cu\/?p=24854#primaryimage"},"image":{"@id":"https:\/\/www.ucf.edu.cu\/?p=24854#primaryimage"},"thumbnailUrl":"https:\/\/www.ucf.edu.cu\/wp-content\/uploads\/2026\/01\/Postales-Intranet7-604x270-1-420x300-1-300x214-1.jpg","datePublished":"2026-01-27T17:03:56+00:00","dateModified":"2026-01-27T17:38:38+00:00","description":"Noticias del \u00e1mbito universitario de la casa de altos estudios de Cienfuegos. Adem\u00e1s se muestran noticias del acontecer nacional e internacional de mayor relevancia.","breadcrumb":{"@id":"https:\/\/www.ucf.edu.cu\/?p=24854#breadcrumb"},"inLanguage":"es","potentialAction":[{"@type":"ReadAction","target":["https:\/\/www.ucf.edu.cu\/?p=24854"]}]},{"@type":"ImageObject","inLanguage":"es","@id":"https:\/\/www.ucf.edu.cu\/?p=24854#primaryimage","url":"https:\/\/www.ucf.edu.cu\/wp-content\/uploads\/2026\/01\/Postales-Intranet7-604x270-1-420x300-1-300x214-1.jpg","contentUrl":"https:\/\/www.ucf.edu.cu\/wp-content\/uploads\/2026\/01\/Postales-Intranet7-604x270-1-420x300-1-300x214-1.jpg","width":300,"height":214},{"@type":"BreadcrumbList","@id":"https:\/\/www.ucf.edu.cu\/?p=24854#breadcrumb","itemListElement":[{"@type":"ListItem","position":1,"name":"Portada","item":"https:\/\/www.ucf.edu.cu\/"},{"@type":"ListItem","position":2,"name":"Resumen Semanal UCf"}]},{"@type":"WebSite","@id":"https:\/\/www.ucf.edu.cu\/#website","url":"https:\/\/www.ucf.edu.cu\/","name":"Universidad de Cienfuegos","description":"Portal Web Universidad de Cienfuegos","publisher":{"@id":"https:\/\/www.ucf.edu.cu\/#organization"},"alternateName":"Portal institucional de la UCf","potentialAction":[{"@type":"SearchAction","target":{"@type":"EntryPoint","urlTemplate":"https:\/\/www.ucf.edu.cu\/?s={search_term_string}"},"query-input":{"@type":"PropertyValueSpecification","valueRequired":true,"valueName":"search_term_string"}}],"inLanguage":"es"},{"@type":"Organization","@id":"https:\/\/www.ucf.edu.cu\/#organization","name":"Universidad de Cienfuegos","url":"https:\/\/www.ucf.edu.cu\/","logo":{"@type":"ImageObject","inLanguage":"es","@id":"https:\/\/www.ucf.edu.cu\/#\/schema\/logo\/image\/","url":"https:\/\/www.ucf.edu.cu\/wp-content\/uploads\/2020\/11\/fe77b047cf65bbf66915926fa3c00c93_L.jpg","contentUrl":"https:\/\/www.ucf.edu.cu\/wp-content\/uploads\/2020\/11\/fe77b047cf65bbf66915926fa3c00c93_L.jpg","width":1000,"height":763,"caption":"Universidad de Cienfuegos"},"image":{"@id":"https:\/\/www.ucf.edu.cu\/#\/schema\/logo\/image\/"},"sameAs":["https:\/\/www.facebook.com\/ucfgos\/","https:\/\/x.com\/ucfgos","https:\/\/www.instagram.com\/ucfgos","https:\/\/www.youtube.com\/channel\/UCymAZYZHmPzh48cHLG6Nx4A"]},{"@type":"Person","@id":"https:\/\/www.ucf.edu.cu\/#\/schema\/person\/1ab5c30ce7d7cff8d04e05d54e4467eb","name":"Direcci\u00f3n de Comunicaci\u00f3n Institucional","image":{"@type":"ImageObject","inLanguage":"es","@id":"https:\/\/secure.gravatar.com\/avatar\/df7a6ffea67205b2cec0557fac1b1c99168521f981217db8876f424e9d334540?s=96&d=mm&r=g","url":"https:\/\/secure.gravatar.com\/avatar\/df7a6ffea67205b2cec0557fac1b1c99168521f981217db8876f424e9d334540?s=96&d=mm&r=g","contentUrl":"https:\/\/secure.gravatar.com\/avatar\/df7a6ffea67205b2cec0557fac1b1c99168521f981217db8876f424e9d334540?s=96&d=mm&r=g","caption":"Direcci\u00f3n de Comunicaci\u00f3n Institucional"}}]}},"_links":{"self":[{"href":"https:\/\/www.ucf.edu.cu\/index.php?rest_route=\/wp\/v2\/posts\/24854","targetHints":{"allow":["GET"]}}],"collection":[{"href":"https:\/\/www.ucf.edu.cu\/index.php?rest_route=\/wp\/v2\/posts"}],"about":[{"href":"https:\/\/www.ucf.edu.cu\/index.php?rest_route=\/wp\/v2\/types\/post"}],"author":[{"embeddable":true,"href":"https:\/\/www.ucf.edu.cu\/index.php?rest_route=\/wp\/v2\/users\/6"}],"replies":[{"embeddable":true,"href":"https:\/\/www.ucf.edu.cu\/index.php?rest_route=%2Fwp%2Fv2%2Fcomments&post=24854"}],"version-history":[{"count":23,"href":"https:\/\/www.ucf.edu.cu\/index.php?rest_route=\/wp\/v2\/posts\/24854\/revisions"}],"predecessor-version":[{"id":24894,"href":"https:\/\/www.ucf.edu.cu\/index.php?rest_route=\/wp\/v2\/posts\/24854\/revisions\/24894"}],"wp:featuredmedia":[{"embeddable":true,"href":"https:\/\/www.ucf.edu.cu\/index.php?rest_route=\/wp\/v2\/media\/24855"}],"wp:attachment":[{"href":"https:\/\/www.ucf.edu.cu\/index.php?rest_route=%2Fwp%2Fv2%2Fmedia&parent=24854"}],"wp:term":[{"taxonomy":"category","embeddable":true,"href":"https:\/\/www.ucf.edu.cu\/index.php?rest_route=%2Fwp%2Fv2%2Fcategories&post=24854"},{"taxonomy":"post_tag","embeddable":true,"href":"https:\/\/www.ucf.edu.cu\/index.php?rest_route=%2Fwp%2Fv2%2Ftags&post=24854"}],"curies":[{"name":"wp","href":"https:\/\/api.w.org\/{rel}","templated":true}]}}