{"id":25254,"date":"2026-03-09T03:11:41","date_gmt":"2026-03-09T03:11:41","guid":{"rendered":"https:\/\/www.ucf.edu.cu\/?p=25254"},"modified":"2026-03-09T03:29:04","modified_gmt":"2026-03-09T03:29:04","slug":"convocatoria-a-la-iv-convencion-cientifica-internacional","status":"publish","type":"post","link":"https:\/\/www.ucf.edu.cu\/?p=25254","title":{"rendered":"Convocatoria a la IV Convenci\u00f3n Cient\u00edfica Internacional"},"content":{"rendered":"\t\t<div data-elementor-type=\"wp-post\" data-elementor-id=\"25254\" class=\"elementor elementor-25254\">\n\t\t\t\t\t\t<section class=\"elementor-section elementor-top-section elementor-element elementor-element-896bc8f elementor-section-boxed elementor-section-height-default elementor-section-height-default\" data-id=\"896bc8f\" data-element_type=\"section\" data-e-type=\"section\">\n\t\t\t\t\t\t<div class=\"elementor-container elementor-column-gap-default\">\n\t\t\t\t\t<div class=\"elementor-column elementor-col-100 elementor-top-column elementor-element elementor-element-4036d67\" data-id=\"4036d67\" data-element_type=\"column\" data-e-type=\"column\">\n\t\t\t<div class=\"elementor-widget-wrap elementor-element-populated\">\n\t\t\t\t\t\t<div class=\"elementor-element elementor-element-6dbb8ed elementor-widget elementor-widget-text-editor\" data-id=\"6dbb8ed\" data-element_type=\"widget\" data-e-type=\"widget\" data-widget_type=\"text-editor.default\">\n\t\t\t\t<div class=\"elementor-widget-container\">\n\t\t\t\t\t\t\t\t\t<p class=\"MsoNormal\" style=\"mso-margin-top-alt: auto; mso-margin-bottom-alt: auto; line-height: normal;\"><span style=\"font-size: 12.0pt; font-family: 'Times New Roman','serif'; mso-fareast-font-family: 'Times New Roman'; mso-fareast-language: ES;\">La Universidad de Cienfuegos <b>\u00ab<\/b>Carlos Rafael Rodr\u00edguez<b>\u00ab<\/b> tiene el honor de invitar a autoridades, acad\u00e9mico, investigadores, estudiantes, empresarios y especialistas de diversos campos a participar en su IV Convenci\u00f3n Cient\u00edfica Internacional, el evento m\u00e1s importante de nuestra casa de altos estudios. Con el lema <b>\u00ab<\/b>Por una universidad innovadora en el marco de la Agenda 2030<b>\u00ab<\/b>, esta convocatoria busca promover el intercambio de conocimientos, experiencias y buenas pr\u00e1cticas, as\u00ed como fomentar la proyecci\u00f3n de l\u00edneas se acci\u00f3n que contribuyan a la toma de decisiones y al avance de la investigaci\u00f3n cient\u00edfica. Sus ejes tem\u00e1ticos est\u00e1n vinculados con la Agenda 2030 y los Objetivos de Desarrollo Sostenible <b>(<\/b>ODS<b>)<\/b>, reafirmando nuestro compromiso con el desarrollo sostenible y la innovaci\u00f3n.\u00a0<\/span><\/p><p class=\"MsoNormal\" style=\"mso-margin-top-alt: auto; mso-margin-bottom-alt: auto; line-height: normal;\"><span style=\"font-size: 12.0pt; font-family: 'Times New Roman','serif'; mso-fareast-font-family: 'Times New Roman'; mso-fareast-language: ES;\">Para m\u00e1s informaci\u00f3n consulte: <a href=\"https:\/\/www.ucf.edu.cu\/wp-content\/uploads\/2026\/03\/espa-engli.pdf\"><b><i>Convocatoria<\/i><\/b>.<\/a><\/span><\/p>\t\t\t\t\t\t\t\t<\/div>\n\t\t\t\t<\/div>\n\t\t\t\t\t<\/div>\n\t\t<\/div>\n\t\t\t\t\t<\/div>\n\t\t<\/section>\n\t\t\t\t<\/div>\n\t\t","protected":false},"excerpt":{"rendered":"<p>La Universidad de Cienfuegos \u00abCarlos Rafael Rodr\u00edguez\u00ab tiene el honor de invitar a autoridades, acad\u00e9mico, investigadores, estudiantes, empresarios y especialistas de diversos campos a participar en su IV Convenci\u00f3n Cient\u00edfica Internacional, el<a class=\"moretag\" href=\"https:\/\/www.ucf.edu.cu\/?p=25254\">Leer m\u00e1s&#8230;<\/a><\/p>\n","protected":false},"author":6,"featured_media":25255,"comment_status":"open","ping_status":"open","sticky":false,"template":"","format":"standard","meta":{"footnotes":""},"categories":[1],"tags":[],"class_list":["post-25254","post","type-post","status-publish","format-standard","has-post-thumbnail","hentry","category-eventos"],"_links":{"self":[{"href":"https:\/\/www.ucf.edu.cu\/index.php?rest_route=\/wp\/v2\/posts\/25254","targetHints":{"allow":["GET"]}}],"collection":[{"href":"https:\/\/www.ucf.edu.cu\/index.php?rest_route=\/wp\/v2\/posts"}],"about":[{"href":"https:\/\/www.ucf.edu.cu\/index.php?rest_route=\/wp\/v2\/types\/post"}],"author":[{"embeddable":true,"href":"https:\/\/www.ucf.edu.cu\/index.php?rest_route=\/wp\/v2\/users\/6"}],"replies":[{"embeddable":true,"href":"https:\/\/www.ucf.edu.cu\/index.php?rest_route=%2Fwp%2Fv2%2Fcomments&post=25254"}],"version-history":[{"count":7,"href":"https:\/\/www.ucf.edu.cu\/index.php?rest_route=\/wp\/v2\/posts\/25254\/revisions"}],"predecessor-version":[{"id":25265,"href":"https:\/\/www.ucf.edu.cu\/index.php?rest_route=\/wp\/v2\/posts\/25254\/revisions\/25265"}],"wp:featuredmedia":[{"embeddable":true,"href":"https:\/\/www.ucf.edu.cu\/index.php?rest_route=\/wp\/v2\/media\/25255"}],"wp:attachment":[{"href":"https:\/\/www.ucf.edu.cu\/index.php?rest_route=%2Fwp%2Fv2%2Fmedia&parent=25254"}],"wp:term":[{"taxonomy":"category","embeddable":true,"href":"https:\/\/www.ucf.edu.cu\/index.php?rest_route=%2Fwp%2Fv2%2Fcategories&post=25254"},{"taxonomy":"post_tag","embeddable":true,"href":"https:\/\/www.ucf.edu.cu\/index.php?rest_route=%2Fwp%2Fv2%2Ftags&post=25254"}],"curies":[{"name":"wp","href":"https:\/\/api.w.org\/{rel}","templated":true}]}}