{"id":25288,"date":"2026-03-10T15:05:46","date_gmt":"2026-03-10T15:05:46","guid":{"rendered":"https:\/\/www.ucf.edu.cu\/?p=25288"},"modified":"2026-03-10T15:13:37","modified_gmt":"2026-03-10T15:13:37","slug":"yulianela-bermudez-pascual-de-las-aulas-universitarias-al-estrado-judicial","status":"publish","type":"post","link":"https:\/\/www.ucf.edu.cu\/?p=25288","title":{"rendered":"Yulianela Berm\u00fadez Pascual: De las aulas universitarias al estrado judicial"},"content":{"rendered":"\t\t<div data-elementor-type=\"wp-post\" data-elementor-id=\"25288\" class=\"elementor elementor-25288\">\n\t\t\t\t\t\t<section class=\"elementor-section elementor-top-section elementor-element elementor-element-d4987f4 elementor-section-boxed elementor-section-height-default elementor-section-height-default\" data-id=\"d4987f4\" data-element_type=\"section\" data-e-type=\"section\">\n\t\t\t\t\t\t<div class=\"elementor-container elementor-column-gap-default\">\n\t\t\t\t\t<div class=\"elementor-column elementor-col-100 elementor-top-column elementor-element elementor-element-9f854e8\" data-id=\"9f854e8\" data-element_type=\"column\" data-e-type=\"column\">\n\t\t\t<div class=\"elementor-widget-wrap elementor-element-populated\">\n\t\t\t\t\t\t<div class=\"elementor-element elementor-element-633333b elementor-widget elementor-widget-text-editor\" data-id=\"633333b\" data-element_type=\"widget\" data-e-type=\"widget\" data-widget_type=\"text-editor.default\">\n\t\t\t\t<div class=\"elementor-widget-container\">\n\t\t\t\t\t\t\t\t\t<p>\u00abSer jueza es un sue\u00f1o hecho realidad\u00bb<\/p>\n<p>En el marco del D\u00eda Internacional de las Juezas, la Universidad de Cienfuegos convers\u00f3 con Yulianela Berm\u00fadez Pascual, graduada de la Licenciatura en Derecho el 31 de octubre de 2024, quien actualmente se desempe\u00f1a como Presidenta de la Secci\u00f3n del Trabajo y de la Seguridad Social del Tribunal Municipal Popular de Cienfuegos. Su historia es un ejemplo de vocaci\u00f3n temprana, esfuerzo continuo y pasi\u00f3n por la justicia.<\/p>\n<p>Un v\u00ednculo que comenz\u00f3 en las aulas<\/p>\n<p>\u00abEn el segundo a\u00f1o de la licenciatura en Derecho, el Tribunal Provincial Popular de Cienfuegos lanz\u00f3 una convocatoria para los estudiantes interesados en vincularnos a esta instituci\u00f3n. La propuesta llam\u00f3 mi atenci\u00f3n enseguida y r\u00e1pidamente di mi nombre. Me ubicaron primeramente en la Sala Penal Segunda del Tribunal Provincial y finalmente fui elegida para quedarme all\u00ed.<\/p>\n<p>Cuando me dieron la noticia me sent\u00ed muy contenta. Este v\u00ednculo se formaliz\u00f3 a trav\u00e9s de una plaza laboral como secretaria auxiliar. As\u00ed, en las ma\u00f1anas acud\u00eda a la Universidad y en la tarde me presentaba a trabajar. Fue mi primer empleo, solo ten\u00eda 20 a\u00f1os.<\/p>\n<p>Estuve all\u00ed 5 meses de aprendizaje profundo, en los que me familiaric\u00e9 con la profesi\u00f3n. Luego ped\u00ed traslado para la Secci\u00f3n Civil del Tribunal Municipal de Cienfuegos, donde mis conocimientos aumentaron: aprend\u00ed cuestiones procesales inherentes a la profesi\u00f3n, entr\u00e9 a audiencias judiciales, ayud\u00e9 a confeccionar sentencias. Para ese momento ya me hab\u00eda decidido: mi camino era ser jueza y amaba el Tribunal.<\/p>\n<p>Mantuve el v\u00ednculo hasta el \u00faltimo momento y cuando lleg\u00f3 la repartici\u00f3n de plazas se me otorg\u00f3 el Tribunal. Un sue\u00f1o hecho realidad. Actualmente soy la Presidenta de la Secci\u00f3n del Trabajo y de la Seguridad Social del Tribunal Municipal Popular de Cienfuegos.<\/p>\n<p>Valores forjados en las aulas universitarias<\/p>\n<p>\u00abLa responsabilidad es uno de los valores que debe primar en la judicatura, y nuestros profesores siempre nos lo recalcaron en las aulas, indistintamente cada uno. La verdad es que no imagino a un jurista que no sea responsable. Asimismo, nos ense\u00f1aron la importancia de la superaci\u00f3n constante, a no quedarnos estancados y, por lo tanto, a ser cautelosos en cada paso que damos\u00bb.<\/p>\n<p>La mirada femenina en la justicia<\/p>\n<p>\u00abIndependientemente de la opini\u00f3n que se pueda tener al respecto y la respeto igualmente, las mujeres juezas aportamos mucho a la actividad judicial. Somos bien proactivas y aportamos sensibilidad hacia el impacto real de las decisiones en la vida cotidiana de las personas, sin perder el rigor jur\u00eddico.<\/p>\n<p>Adem\u00e1s, la diversidad en los tribunales evita que la justicia se vea desde un solo \u00e1ngulo cultural o social. No es solo un tema de representaci\u00f3n; es un aporte para lograr una justicia m\u00e1s inclusiva, equitativa y cercana a la realidad social\u00bb.<\/p>\n<p>El desaf\u00edo de vencer el temor inicial<\/p>\n<p>\u00abEl reto m\u00e1s significativo que enfrent\u00e9 al comenzar mi trayectoria fue vencer el temor a equivocarme en las decisiones judiciales. Al inicio, la gran responsabilidad me abrumaba un poco no porque no sea responsable, sino porque el cambio de estudiante a jueza es sustancial, adem\u00e1s, me caracterizo por ser muy exigente conmigo misma.<\/p>\n<p>Sin embargo, con el tiempo comprend\u00ed que la justicia exige serenidad, rigor y confianza en el conocimiento jur\u00eddico. Me adapt\u00e9, fortalec\u00ed mi preparaci\u00f3n y aprend\u00ed a transformar la inseguridad en disciplina y compromiso. Hoy, ese proceso me recuerda que siempre debemos creer en nosotros mismos\u00bb.<\/p>\n<p>Un mensaje para las futuras juezas<\/p>\n<p>\u00abA las estudiantes de Derecho que hoy tengan el sue\u00f1o de ocupar un puesto en el estrado les aconsejo que, si tienen la posibilidad de vincularse al Tribunal, lo hagan. As\u00ed se familiarizan con la profesi\u00f3n y llevan la teor\u00eda de la mano con la pr\u00e1ctica, que esta \u00faltima resulta de vital importancia.<\/p>\n<p>Estudien siempre, sean muy responsables y amen la profesi\u00f3n. El d\u00eda que comiencen a querer profundamente lo que hacen, el camino se les har\u00e1 m\u00e1s f\u00e1cil\u00bb.<\/p>\n<p><em><strong>Elaborado por la Direcci\u00f3n de Comunicaci\u00f3n Institucional. UCf.<\/strong><\/em><\/p>\t\t\t\t\t\t\t\t<\/div>\n\t\t\t\t<\/div>\n\t\t\t\t\t<\/div>\n\t\t<\/div>\n\t\t\t\t\t<\/div>\n\t\t<\/section>\n\t\t\t\t<\/div>\n\t\t","protected":false},"excerpt":{"rendered":"<p>\u00abSer jueza es un sue\u00f1o hecho realidad\u00bb En el marco del D\u00eda Internacional de las Juezas, la Universidad de Cienfuegos convers\u00f3 con Yulianela Berm\u00fadez Pascual, graduada de la Licenciatura en Derecho el<a class=\"moretag\" href=\"https:\/\/www.ucf.edu.cu\/?p=25288\">Leer m\u00e1s&#8230;<\/a><\/p>\n","protected":false},"author":6,"featured_media":25296,"comment_status":"open","ping_status":"open","sticky":false,"template":"","format":"standard","meta":{"footnotes":""},"categories":[6],"tags":[],"class_list":["post-25288","post","type-post","status-publish","format-standard","has-post-thumbnail","hentry","category-noticias"],"_links":{"self":[{"href":"https:\/\/www.ucf.edu.cu\/index.php?rest_route=\/wp\/v2\/posts\/25288","targetHints":{"allow":["GET"]}}],"collection":[{"href":"https:\/\/www.ucf.edu.cu\/index.php?rest_route=\/wp\/v2\/posts"}],"about":[{"href":"https:\/\/www.ucf.edu.cu\/index.php?rest_route=\/wp\/v2\/types\/post"}],"author":[{"embeddable":true,"href":"https:\/\/www.ucf.edu.cu\/index.php?rest_route=\/wp\/v2\/users\/6"}],"replies":[{"embeddable":true,"href":"https:\/\/www.ucf.edu.cu\/index.php?rest_route=%2Fwp%2Fv2%2Fcomments&post=25288"}],"version-history":[{"count":6,"href":"https:\/\/www.ucf.edu.cu\/index.php?rest_route=\/wp\/v2\/posts\/25288\/revisions"}],"predecessor-version":[{"id":25295,"href":"https:\/\/www.ucf.edu.cu\/index.php?rest_route=\/wp\/v2\/posts\/25288\/revisions\/25295"}],"wp:featuredmedia":[{"embeddable":true,"href":"https:\/\/www.ucf.edu.cu\/index.php?rest_route=\/wp\/v2\/media\/25296"}],"wp:attachment":[{"href":"https:\/\/www.ucf.edu.cu\/index.php?rest_route=%2Fwp%2Fv2%2Fmedia&parent=25288"}],"wp:term":[{"taxonomy":"category","embeddable":true,"href":"https:\/\/www.ucf.edu.cu\/index.php?rest_route=%2Fwp%2Fv2%2Fcategories&post=25288"},{"taxonomy":"post_tag","embeddable":true,"href":"https:\/\/www.ucf.edu.cu\/index.php?rest_route=%2Fwp%2Fv2%2Ftags&post=25288"}],"curies":[{"name":"wp","href":"https:\/\/api.w.org\/{rel}","templated":true}]}}