{"id":25302,"date":"2026-03-16T09:14:34","date_gmt":"2026-03-16T09:14:34","guid":{"rendered":"https:\/\/www.ucf.edu.cu\/?p=25302"},"modified":"2026-03-16T09:16:52","modified_gmt":"2026-03-16T09:16:52","slug":"palacio-presidencial-fuerza-joven-enloquece-a-un-rey-en-la-habana","status":"publish","type":"post","link":"https:\/\/www.ucf.edu.cu\/?p=25302","title":{"rendered":"\u00a0Palacio Presidencial: fuerza joven enloquece a un Rey en La Habana"},"content":{"rendered":"\t\t<div data-elementor-type=\"wp-post\" data-elementor-id=\"25302\" class=\"elementor elementor-25302\">\n\t\t\t\t\t\t<section class=\"elementor-section elementor-top-section elementor-element elementor-element-caf2974 elementor-section-boxed elementor-section-height-default elementor-section-height-default\" data-id=\"caf2974\" data-element_type=\"section\" data-e-type=\"section\">\n\t\t\t\t\t\t<div class=\"elementor-container elementor-column-gap-default\">\n\t\t\t\t\t<div class=\"elementor-column elementor-col-100 elementor-top-column elementor-element elementor-element-67b6e40\" data-id=\"67b6e40\" data-element_type=\"column\" data-e-type=\"column\">\n\t\t\t<div class=\"elementor-widget-wrap elementor-element-populated\">\n\t\t\t\t\t\t<div class=\"elementor-element elementor-element-3b58f0c elementor-widget elementor-widget-text-editor\" data-id=\"3b58f0c\" data-element_type=\"widget\" data-e-type=\"widget\" data-widget_type=\"text-editor.default\">\n\t\t\t\t<div class=\"elementor-widget-container\">\n\t\t\t\t\t\t\t\t\t<p>El objetivo no se cumpli\u00f3; pero vale reconocer la heroicidad de j\u00f3venes que avanzaron sobre el peligro. Entrar en Palacio, asaltar al Rey en su propia madriguera no es acci\u00f3n de fuerza menor. El valor y la desesperaci\u00f3n por la libertad escriben en la historia actos como el sucedido en La Habana el 13 de marzo de 1957.<\/p><p>Batista da\u00f1aba a la Isla como una cuchilla lo hace sobre la piel. Perturbar al r\u00e9gimen con su ajusticiamiento hubiera sido un punto de inflexi\u00f3n gratificante, pero solo el intento provoc\u00f3 mucho m\u00e1s apoyo y arenga para quienes, en ese entonces, luchaban en la Sierra y en la clandestinidad.<\/p><p>El Directorio Revolucionario (DR) se puso al frente del plan. Jos\u00e9 Antonio Echeverr\u00eda, secretario general de la organizaci\u00f3n, comandar\u00eda los ataques directos, uno al Palacio Presidencial y otro a Radio Reloj, desde donde se incitar\u00eda al pueblo a que apoyara la reyerta. Otras acciones contempladas eran: la toma de la Universidad de La Habana, irrupci\u00f3n en cuarteles y cierre de las comunicaciones.<\/p><p>Un total de 50 j\u00f3venes descendieron desde dos autom\u00f3viles y una furgoneta aquel 13 de marzo e invadieron el Palacio batistiano. Desesperados, un grupo de ellos subi\u00f3 hasta la planta superior con el prop\u00f3sito de ajusticiar por fin al presidente cubano, pero la sorpresa fue mayor. Batista hab\u00eda logrado escapar por una escalera interna.<\/p><p>A partir de ese momento la consternaci\u00f3n se apoder\u00f3 de la mayor\u00eda. Las acciones fueron infructuosas y a\u00fan estaban dentro, con posibilidades enormes que los encerraran y acabaron con sus vidas. Los combates fueron violentos y pronto la resistencia batistiana aument\u00f3. Se decidi\u00f3 retroceder, cuando ya muchos miembros del DR hab\u00edan muerto. Quisieron pedir refuerzos y continuar el enfrentamiento, pero la estrategia tampoco funcion\u00f3.<\/p><p>Al tiempo que ocurr\u00eda tal desmorone en el Palacio Presidencial, Jos\u00e9 Antonio, a\u00fan sin conocerlo, se apoder\u00f3 de Radio Reloj. All\u00ed logr\u00f3 que los locutores sacaran al aire la noticia del asalto. M\u00e1s adelante Echeverr\u00eda lleg\u00f3 a numerosas casas cubanas cuando su voz y su arenga salieron por las ondas radiales. La transmisi\u00f3n fue cortada, pero ya una gran parte de los oyentes hab\u00eda conocido de los sucesos.<\/p><p>Poco a poco el fuego de estos j\u00f3venes fue apagado con sangre. Las acciones fracasaron finalmente teniendo en cuenta los resultados tangibles, pero el hecho en s\u00ed result\u00f3 muy efectivo para esas alturas de la lucha.<\/p><p>Horas m\u00e1s tarde, una bala alcanz\u00f3 el cuerpo de Jos\u00e9 Antonio Echeverr\u00eda en plena calle. Ca\u00eda otro l\u00edder del movimiento clandestino en el pa\u00eds, que represent\u00f3 una p\u00e9rdida sensible para la futura revoluci\u00f3n. M\u00e1s: morir por la patria es vivir, dijo el Ap\u00f3stol a\u00f1os antes. Eso lo supieron todos los j\u00f3venes cuya llama se apag\u00f3 por la Patria el 13 de marzo de 1957.<\/p><p>Elaborado por la Direcci\u00f3n de Comunicaci\u00f3n Institucional. UCf.<\/p>\t\t\t\t\t\t\t\t<\/div>\n\t\t\t\t<\/div>\n\t\t\t\t\t<\/div>\n\t\t<\/div>\n\t\t\t\t\t<\/div>\n\t\t<\/section>\n\t\t\t\t<\/div>\n\t\t","protected":false},"excerpt":{"rendered":"<p>El objetivo no se cumpli\u00f3; pero vale reconocer la heroicidad de j\u00f3venes que avanzaron sobre el peligro. Entrar en Palacio, asaltar al Rey en su propia madriguera no es acci\u00f3n de fuerza<a class=\"moretag\" href=\"https:\/\/www.ucf.edu.cu\/?p=25302\">Leer m\u00e1s&#8230;<\/a><\/p>\n","protected":false},"author":6,"featured_media":25303,"comment_status":"open","ping_status":"open","sticky":false,"template":"","format":"standard","meta":{"footnotes":""},"categories":[6],"tags":[],"class_list":["post-25302","post","type-post","status-publish","format-standard","has-post-thumbnail","hentry","category-noticias"],"_links":{"self":[{"href":"https:\/\/www.ucf.edu.cu\/index.php?rest_route=\/wp\/v2\/posts\/25302","targetHints":{"allow":["GET"]}}],"collection":[{"href":"https:\/\/www.ucf.edu.cu\/index.php?rest_route=\/wp\/v2\/posts"}],"about":[{"href":"https:\/\/www.ucf.edu.cu\/index.php?rest_route=\/wp\/v2\/types\/post"}],"author":[{"embeddable":true,"href":"https:\/\/www.ucf.edu.cu\/index.php?rest_route=\/wp\/v2\/users\/6"}],"replies":[{"embeddable":true,"href":"https:\/\/www.ucf.edu.cu\/index.php?rest_route=%2Fwp%2Fv2%2Fcomments&post=25302"}],"version-history":[{"count":4,"href":"https:\/\/www.ucf.edu.cu\/index.php?rest_route=\/wp\/v2\/posts\/25302\/revisions"}],"predecessor-version":[{"id":25307,"href":"https:\/\/www.ucf.edu.cu\/index.php?rest_route=\/wp\/v2\/posts\/25302\/revisions\/25307"}],"wp:featuredmedia":[{"embeddable":true,"href":"https:\/\/www.ucf.edu.cu\/index.php?rest_route=\/wp\/v2\/media\/25303"}],"wp:attachment":[{"href":"https:\/\/www.ucf.edu.cu\/index.php?rest_route=%2Fwp%2Fv2%2Fmedia&parent=25302"}],"wp:term":[{"taxonomy":"category","embeddable":true,"href":"https:\/\/www.ucf.edu.cu\/index.php?rest_route=%2Fwp%2Fv2%2Fcategories&post=25302"},{"taxonomy":"post_tag","embeddable":true,"href":"https:\/\/www.ucf.edu.cu\/index.php?rest_route=%2Fwp%2Fv2%2Ftags&post=25302"}],"curies":[{"name":"wp","href":"https:\/\/api.w.org\/{rel}","templated":true}]}}