{"id":25308,"date":"2026-03-16T09:28:18","date_gmt":"2026-03-16T09:28:18","guid":{"rendered":"https:\/\/www.ucf.edu.cu\/?p=25308"},"modified":"2026-03-16T09:31:57","modified_gmt":"2026-03-16T09:31:57","slug":"periodico-patria-mambi-de-papel","status":"publish","type":"post","link":"https:\/\/www.ucf.edu.cu\/?p=25308","title":{"rendered":"Peri\u00f3dico Patria: Mamb\u00ed de papel"},"content":{"rendered":"\t\t<div data-elementor-type=\"wp-post\" data-elementor-id=\"25308\" class=\"elementor elementor-25308\">\n\t\t\t\t\t\t<section class=\"elementor-section elementor-top-section elementor-element elementor-element-29aa03d elementor-section-boxed elementor-section-height-default elementor-section-height-default\" data-id=\"29aa03d\" data-element_type=\"section\" data-e-type=\"section\">\n\t\t\t\t\t\t<div class=\"elementor-container elementor-column-gap-default\">\n\t\t\t\t\t<div class=\"elementor-column elementor-col-100 elementor-top-column elementor-element elementor-element-8389860\" data-id=\"8389860\" data-element_type=\"column\" data-e-type=\"column\">\n\t\t\t<div class=\"elementor-widget-wrap elementor-element-populated\">\n\t\t\t\t\t\t<div class=\"elementor-element elementor-element-d071d2f elementor-widget elementor-widget-text-editor\" data-id=\"d071d2f\" data-element_type=\"widget\" data-e-type=\"widget\" data-widget_type=\"text-editor.default\">\n\t\t\t\t<div class=\"elementor-widget-container\">\n\t\t\t\t\t\t\t\t\t<p>El aire se hace m\u00e1s denso lejos de casa, y las distancias crecen y el mar se lleva todos los suspiros hacia el otro lado, all\u00ed los suelta; por eso, en las noches, a finales del siglo XIX, los campos cubanos se llenaron de sonidos extra\u00f1os que pocos entend\u00edan. Las palmas se doblaban por la mitad y del suelo resurg\u00edan los fantasmas de tantos h\u00e9roes que alimentaron con sangre los campos. Y en punta aparec\u00edan machetes, decenas de machetes, con an\u00e9cdotas de victorias y prestos a volver para desgarrar tropas espa\u00f1olas.<\/p><p>Mart\u00ed lo sabe bien. \u00c9l tambi\u00e9n se sienta, en la soledad de alguna, o de todas las madrugadas, a pensar en Cuba. Viste de negro y alza la pluma que cae como bendita premonici\u00f3n sobre el papel: \u201cla guerra es, all\u00e1 en el fondo de los corazones, all\u00e1 en las horas en que la vida pesa menos que la ignominia en que se arrastra, la forma m\u00e1s bella y respetable del sacrificio humano.<\/p><p>En la tregua vive sin descansos, pensando siempre en la inevitable revoluci\u00f3n, y de a ratos, una sensaci\u00f3n rara en el pie le recuerda las canteras, el grillete, y un sabor a cal le sube por los labios. Aprieta el pu\u00f1o y entonces nacen, a borbotones, m\u00e1s clubes revolucionarios en el exilio, se recauda mucho m\u00e1s de lo pensado para la guerra y surge la idea de un soldado de papel, un peri\u00f3dico de y para la independencia. Patria se llamar\u00e1. Patria.<\/p><p>Nace sin dificultades, el 14 de marzo de 1892, en la quietud de la imprenta, con algunos dolores, los normales durante un parto, y le corre, en vez de tinta, sangre, sangre que moldea las palabras. La prensa es otra cosa cuando se tiene enfrente el enemigo. () Lo que el enemigo ha de o\u00edr, no es m\u00e1s que la voz de ataque, sentencia el Ap\u00f3stol en el acta de nacimiento.<\/p><p>Cada s\u00e1bado, a partir de entonces, cuatro p\u00e1ginas divididas en igual n\u00famero de columnas se armaron hasta los dientes para remediar el desorden, con prudencia de estadistas y fuego apost\u00f3lico, para reventar la gloria madura en el continente donde se calcina la piel\u201d, para que se levantara en la tierra revuelta que nos lega un gobierno incapaz, un pueblo real y m\u00e9todos nuevos, pero sobre todas las cosas: para juntar y amar.<\/p><p>\u00a0No existe obra que triunfe, ramifique o transforme si no se concibe con amor. Y Mart\u00ed am\u00f3 tanto a Nubia, a Cuba, a su Patria, a su peri\u00f3dico, a los cubanos dignos, que hubo de robarle horas a los d\u00edas para cumplir con su deber, porque el patriotismo es un deber santo. \u00c9l mismo correg\u00eda las pruebas del diario, y sin importar las curvas de los tiempos, ayud\u00f3 a conformar los paquetes salidos de la imprenta y a transportarlos hasta el correo para su distribuci\u00f3n.<\/p><p>Patria fue el m\u00e1s peligroso y eficaz de los soldados, un mamb\u00ed que dispar\u00f3 adjetivos y atac\u00f3, con verbos precisos, a la brutal Metr\u00f3poli. Un guerrero de ideolog\u00edas, una hueste viril de sintagmas, como pocas.<\/p><p>\u00a0Leyendo sus p\u00e1ginas hoy, 134 a\u00f1os despu\u00e9s, he sentido una sensaci\u00f3n de combate entre los poros, una verdadera, y el esp\u00edritu pleno de aquel se\u00f1or que vest\u00eda de negro me abord\u00f3 en el pecho. Y me he arrodillado ante esa prosa, ante ese periodismo al que debi\u00e9ramos acudir todos los d\u00edas, con el cual debi\u00e9ramos dormir todos los d\u00edas y vestirnos y alimentarnos, todos los d\u00edas. No existen excusas l\u00f3gicas para no hacerlo, y s\u00ed punici\u00f3n severa para los que olviden, como publicara Jos\u00e9 Mart\u00ed en Patria que el vicio tiene tantos c\u00f3mplices en el mundo, que es necesario que tenga algunos c\u00f3mplices la virtud y que a puerta sorda hay que dar martillazo mayor, y en el mundo hay a\u00fan puertas sordas.<\/p><p>Elaborado por la Direcci\u00f3n de Comunicaci\u00f3n Institucional. UCf.<\/p>\t\t\t\t\t\t\t\t<\/div>\n\t\t\t\t<\/div>\n\t\t\t\t\t<\/div>\n\t\t<\/div>\n\t\t\t\t\t<\/div>\n\t\t<\/section>\n\t\t\t\t<\/div>\n\t\t","protected":false},"excerpt":{"rendered":"<p>El aire se hace m\u00e1s denso lejos de casa, y las distancias crecen y el mar se lleva todos los suspiros hacia el otro lado, all\u00ed los suelta; por eso, en las<a class=\"moretag\" href=\"https:\/\/www.ucf.edu.cu\/?p=25308\">Leer m\u00e1s&#8230;<\/a><\/p>\n","protected":false},"author":6,"featured_media":25309,"comment_status":"open","ping_status":"open","sticky":false,"template":"","format":"standard","meta":{"footnotes":""},"categories":[6],"tags":[],"class_list":["post-25308","post","type-post","status-publish","format-standard","has-post-thumbnail","hentry","category-noticias"],"_links":{"self":[{"href":"https:\/\/www.ucf.edu.cu\/index.php?rest_route=\/wp\/v2\/posts\/25308","targetHints":{"allow":["GET"]}}],"collection":[{"href":"https:\/\/www.ucf.edu.cu\/index.php?rest_route=\/wp\/v2\/posts"}],"about":[{"href":"https:\/\/www.ucf.edu.cu\/index.php?rest_route=\/wp\/v2\/types\/post"}],"author":[{"embeddable":true,"href":"https:\/\/www.ucf.edu.cu\/index.php?rest_route=\/wp\/v2\/users\/6"}],"replies":[{"embeddable":true,"href":"https:\/\/www.ucf.edu.cu\/index.php?rest_route=%2Fwp%2Fv2%2Fcomments&post=25308"}],"version-history":[{"count":7,"href":"https:\/\/www.ucf.edu.cu\/index.php?rest_route=\/wp\/v2\/posts\/25308\/revisions"}],"predecessor-version":[{"id":25316,"href":"https:\/\/www.ucf.edu.cu\/index.php?rest_route=\/wp\/v2\/posts\/25308\/revisions\/25316"}],"wp:featuredmedia":[{"embeddable":true,"href":"https:\/\/www.ucf.edu.cu\/index.php?rest_route=\/wp\/v2\/media\/25309"}],"wp:attachment":[{"href":"https:\/\/www.ucf.edu.cu\/index.php?rest_route=%2Fwp%2Fv2%2Fmedia&parent=25308"}],"wp:term":[{"taxonomy":"category","embeddable":true,"href":"https:\/\/www.ucf.edu.cu\/index.php?rest_route=%2Fwp%2Fv2%2Fcategories&post=25308"},{"taxonomy":"post_tag","embeddable":true,"href":"https:\/\/www.ucf.edu.cu\/index.php?rest_route=%2Fwp%2Fv2%2Ftags&post=25308"}],"curies":[{"name":"wp","href":"https:\/\/api.w.org\/{rel}","templated":true}]}}