{"id":25317,"date":"2026-03-16T09:45:45","date_gmt":"2026-03-16T09:45:45","guid":{"rendered":"https:\/\/www.ucf.edu.cu\/?p=25317"},"modified":"2026-03-16T10:03:39","modified_gmt":"2026-03-16T10:03:39","slug":"convocatoria-para-financiar-intervenciones-en-cuba-durante-el-ano-2026-en-el-marco-del-proyecto-habana","status":"publish","type":"post","link":"https:\/\/www.ucf.edu.cu\/?p=25317","title":{"rendered":"Convocatoria para financiar intervenciones en Cuba durante el a\u00f1o 2026 en el marco del Proyecto Habana"},"content":{"rendered":"\t\t<div data-elementor-type=\"wp-post\" data-elementor-id=\"25317\" class=\"elementor elementor-25317\">\n\t\t\t\t\t\t<section class=\"elementor-section elementor-top-section elementor-element elementor-element-ae01145 elementor-section-boxed elementor-section-height-default elementor-section-height-default\" data-id=\"ae01145\" data-element_type=\"section\" data-e-type=\"section\">\n\t\t\t\t\t\t<div class=\"elementor-container elementor-column-gap-default\">\n\t\t\t\t\t<div class=\"elementor-column elementor-col-100 elementor-top-column elementor-element elementor-element-5764c5a\" data-id=\"5764c5a\" data-element_type=\"column\" data-e-type=\"column\">\n\t\t\t<div class=\"elementor-widget-wrap elementor-element-populated\">\n\t\t\t\t\t\t<div class=\"elementor-element elementor-element-025511f elementor-widget elementor-widget-text-editor\" data-id=\"025511f\" data-element_type=\"widget\" data-e-type=\"widget\" data-widget_type=\"text-editor.default\">\n\t\t\t\t<div class=\"elementor-widget-container\">\n\t\t\t\t\t\t\t\t\t<p>La Universidad de Alicante, con la cual nuestra Universidad de Cienfuegos mantiene acciones de colaboraci\u00f3n interinstitucional mediante convenio firmado para tales efectos, ha socializado la convocatoria 26\/2026 para financiar intervenciones en Cuba durante el a\u00f1o 2026 en el marco del \u00abProyecto Habana\u00bb. Esta convocatoria tiene como objetivo potenciar el desarrollo en Cuba en distintos \u00e1mbitos, destacando el impulso de la formaci\u00f3n doctoral y de la transferencia de conocimiento con universidades e instituciones de investigaci\u00f3n cubanas, as\u00ed como los proyectos de voluntariado solidario.<\/p><p>Como ya es tradici\u00f3n, nuestra Universidad se ha beneficiado de estas convocatorias desde el a\u00f1o 2023, con notables resultados en la formaci\u00f3n doctoral durante los \u00faltimos dos a\u00f1os. En aras de organizar y gestionar el proceso de aplicaci\u00f3n, los aspirantes deber\u00e1n entregar:<\/p><ul><li>Planilla de aprobaci\u00f3n del \u00e1rea debidamente firmada (entregar en la Direcci\u00f3n de Internacionalizaci\u00f3n del 19-26 de marzo de 2026)<\/li><\/ul><ul><li>Fundamentaci\u00f3n de su solicitud al Coordinador del comit\u00e9 de doctorado del programa en el que est\u00e1 inscrito (19-26 de marzo de 2026)<\/li><\/ul><p>Consulte aqu\u00ed la<a href=\"https:\/\/www.ucf.edu.cu\/wp-content\/uploads\/2026\/03\/web.pdf\"> <u>convocatoria<\/u><\/a><\/p><p>Para cualquier interrogante, puede comunicarse con la Direcci\u00f3n de Internacionalizaci\u00f3n de la Universidad de Cienfuegos. Tel\u00e9fono: 43 556124. Correo:\u00a0<a href=\"mailto:rrii@ucf.cu.\">rrii@ucf.cu<\/a><\/p>\t\t\t\t\t\t\t\t<\/div>\n\t\t\t\t<\/div>\n\t\t\t\t\t<\/div>\n\t\t<\/div>\n\t\t\t\t\t<\/div>\n\t\t<\/section>\n\t\t\t\t<\/div>\n\t\t","protected":false},"excerpt":{"rendered":"<p>La Universidad de Alicante, con la cual nuestra Universidad de Cienfuegos mantiene acciones de colaboraci\u00f3n interinstitucional mediante convenio firmado para tales efectos, ha socializado la convocatoria 26\/2026 para financiar intervenciones en Cuba<a class=\"moretag\" href=\"https:\/\/www.ucf.edu.cu\/?p=25317\">Leer m\u00e1s&#8230;<\/a><\/p>\n","protected":false},"author":6,"featured_media":25318,"comment_status":"open","ping_status":"open","sticky":false,"template":"","format":"standard","meta":{"footnotes":""},"categories":[1],"tags":[],"class_list":["post-25317","post","type-post","status-publish","format-standard","has-post-thumbnail","hentry","category-eventos"],"_links":{"self":[{"href":"https:\/\/www.ucf.edu.cu\/index.php?rest_route=\/wp\/v2\/posts\/25317","targetHints":{"allow":["GET"]}}],"collection":[{"href":"https:\/\/www.ucf.edu.cu\/index.php?rest_route=\/wp\/v2\/posts"}],"about":[{"href":"https:\/\/www.ucf.edu.cu\/index.php?rest_route=\/wp\/v2\/types\/post"}],"author":[{"embeddable":true,"href":"https:\/\/www.ucf.edu.cu\/index.php?rest_route=\/wp\/v2\/users\/6"}],"replies":[{"embeddable":true,"href":"https:\/\/www.ucf.edu.cu\/index.php?rest_route=%2Fwp%2Fv2%2Fcomments&post=25317"}],"version-history":[{"count":8,"href":"https:\/\/www.ucf.edu.cu\/index.php?rest_route=\/wp\/v2\/posts\/25317\/revisions"}],"predecessor-version":[{"id":25327,"href":"https:\/\/www.ucf.edu.cu\/index.php?rest_route=\/wp\/v2\/posts\/25317\/revisions\/25327"}],"wp:featuredmedia":[{"embeddable":true,"href":"https:\/\/www.ucf.edu.cu\/index.php?rest_route=\/wp\/v2\/media\/25318"}],"wp:attachment":[{"href":"https:\/\/www.ucf.edu.cu\/index.php?rest_route=%2Fwp%2Fv2%2Fmedia&parent=25317"}],"wp:term":[{"taxonomy":"category","embeddable":true,"href":"https:\/\/www.ucf.edu.cu\/index.php?rest_route=%2Fwp%2Fv2%2Fcategories&post=25317"},{"taxonomy":"post_tag","embeddable":true,"href":"https:\/\/www.ucf.edu.cu\/index.php?rest_route=%2Fwp%2Fv2%2Ftags&post=25317"}],"curies":[{"name":"wp","href":"https:\/\/api.w.org\/{rel}","templated":true}]}}