{"id":26466,"date":"2026-09-02T14:11:09","date_gmt":"2026-09-02T14:11:09","guid":{"rendered":"https:\/\/www.ucf.edu.cu\/?p=26466"},"modified":"2026-09-02T14:17:38","modified_gmt":"2026-09-02T14:17:38","slug":"la-generacion-baja-friccion-la-ia-o-los-humanos","status":"publish","type":"post","link":"https:\/\/www.ucf.edu.cu\/?p=26466","title":{"rendered":"La Generaci\u00f3n \u201cBaja Fricci\u00f3n\u201d: La IA o los humanos"},"content":{"rendered":"\t\t<div data-elementor-type=\"wp-post\" data-elementor-id=\"26466\" class=\"elementor elementor-26466\">\n\t\t\t\t\t\t<section class=\"elementor-section elementor-top-section elementor-element elementor-element-fa55f2f elementor-section-boxed elementor-section-height-default elementor-section-height-default\" data-id=\"fa55f2f\" data-element_type=\"section\" data-e-type=\"section\">\n\t\t\t\t\t\t<div class=\"elementor-container elementor-column-gap-default\">\n\t\t\t\t\t<div class=\"elementor-column elementor-col-100 elementor-top-column elementor-element elementor-element-d089f68\" data-id=\"d089f68\" data-element_type=\"column\" data-e-type=\"column\">\n\t\t\t<div class=\"elementor-widget-wrap elementor-element-populated\">\n\t\t\t\t\t\t<div class=\"elementor-element elementor-element-49d2d8b elementor-widget elementor-widget-text-editor\" data-id=\"49d2d8b\" data-element_type=\"widget\" data-e-type=\"widget\" data-widget_type=\"text-editor.default\">\n\t\t\t\t<div class=\"elementor-widget-container\">\n\t\t\t\t\t\t\t\t\t<p style=\"border: 0px; font-variant-numeric: inherit; font-variant-east-asian: inherit; font-variant-alternates: inherit; font-variant-position: inherit; font-variant-emoji: inherit; font-stretch: inherit; line-height: 1.6; font-family: 'Open Sans', serif; font-optical-sizing: inherit; font-size-adjust: inherit; font-kerning: inherit; font-feature-settings: inherit; font-variation-settings: inherit; font-language-override: inherit; font-size: 15px; margin: 0px 0px 15px; outline: 0px; padding: 0px; vertical-align: baseline; color: #444444;\">No hablemos hoy de si la IA <em style=\"border: 0px; font-variant: inherit; font-stretch: inherit; line-height: inherit; font-family: inherit; font-optical-sizing: inherit; font-size-adjust: inherit; font-kerning: inherit; font-feature-settings: inherit; font-variation-settings: inherit; font-language-override: inherit; font-weight: inherit; margin: 0px; outline: 0px; padding: 0px; vertical-align: baseline;\"><i>puede<\/i><\/em> hacer nuestro trabajo (eso ya est\u00e1 trillado). Hablemos de si la IA <em style=\"border: 0px; font-variant: inherit; font-stretch: inherit; line-height: inherit; font-family: inherit; font-optical-sizing: inherit; font-size-adjust: inherit; font-kerning: inherit; font-feature-settings: inherit; font-variation-settings: inherit; font-language-override: inherit; font-weight: inherit; margin: 0px; outline: 0px; padding: 0px; vertical-align: baseline;\"><i>nos est\u00e1 educando<\/i><\/em> para no soportar la imperfecci\u00f3n humana.<span id=\"more-210202\" style=\"border: 0px; font-variant: inherit; font-stretch: inherit; line-height: inherit; font-family: inherit; font-optical-sizing: inherit; font-size-adjust: inherit; font-kerning: inherit; font-feature-settings: inherit; font-variation-settings: inherit; font-language-override: inherit; font-style: inherit; font-weight: inherit; margin: 0px; outline: 0px; padding: 0px; vertical-align: baseline;\"><\/span><\/p><p style=\"border: 0px; font-variant-numeric: inherit; font-variant-east-asian: inherit; font-variant-alternates: inherit; font-variant-position: inherit; font-variant-emoji: inherit; font-stretch: inherit; line-height: 1.6; font-family: 'Open Sans', serif; font-optical-sizing: inherit; font-size-adjust: inherit; font-kerning: inherit; font-feature-settings: inherit; font-variation-settings: inherit; font-language-override: inherit; font-size: 15px; margin: 0px 0px 15px; outline: 0px; padding: 0px; vertical-align: baseline; color: #444444;\">Con la llegada de asistentes avanzados como ChatGPT con memoria, clones de voz hiperrealistas y apps de compa\u00f1\u00eda (como Replika o <a style=\"border: 0px; font-variant: inherit; font-stretch: inherit; line-height: inherit; font-family: inherit; font-optical-sizing: inherit; font-size-adjust: inherit; font-kerning: inherit; font-feature-settings: inherit; font-variation-settings: inherit; font-language-override: inherit; font-style: inherit; font-weight: inherit; margin: 0px; outline: 0px; padding: 0px; vertical-align: baseline; color: #289dcc;\" href=\"https:\/\/character.ai\/\"><u>Character.AI<\/u><\/a>, estamos pasando de la \u201cherramienta\u201d al \u201cv\u00ednculo\u201d.<\/p><p style=\"border: 0px; font-variant-numeric: inherit; font-variant-east-asian: inherit; font-variant-alternates: inherit; font-variant-position: inherit; font-variant-emoji: inherit; font-stretch: inherit; line-height: 1.6; font-family: 'Open Sans', serif; font-optical-sizing: inherit; font-size-adjust: inherit; font-kerning: inherit; font-feature-settings: inherit; font-variation-settings: inherit; font-language-override: inherit; font-size: 15px; margin: 0px 0px 15px; outline: 0px; padding: 0px; vertical-align: baseline; color: #444444;\">La pregunta que deber\u00eda preocuparnos en las redacciones, en las universidades y en las mesas de las casas no es si la inteligencia artificial terminar\u00e1 reemplazando nuestros puestos de trabajo, porque esa discusi\u00f3n, aunque leg\u00edtima, ya huele a combustible viejo. El verdadero debate, el que tiene el potencial de redefinir nuestra especie, es mucho m\u00e1s \u00edntimo y perturbador: \u00bfestamos criando, sin quererlo, a la primera generaci\u00f3n de humanos que preferir\u00e1 sistem\u00e1ticamente la compa\u00f1\u00eda de una m\u00e1quina antes que la de otro ser de carne y hueso?<\/p><p style=\"border: 0px; font-variant-numeric: inherit; font-variant-east-asian: inherit; font-variant-alternates: inherit; font-variant-position: inherit; font-variant-emoji: inherit; font-stretch: inherit; line-height: 1.6; font-family: 'Open Sans', serif; font-optical-sizing: inherit; font-size-adjust: inherit; font-kerning: inherit; font-feature-settings: inherit; font-variation-settings: inherit; font-language-override: inherit; font-size: 15px; margin: 0px 0px 15px; outline: 0px; padding: 0px; vertical-align: baseline; color: #444444;\">Para abordar esta cuesti\u00f3n debemos acu\u00f1ar un t\u00e9rmino que funciona como una navaja conceptual, el de la generaci\u00f3n de la \u201cbaja fricci\u00f3n\u201d. La fricci\u00f3n, en la f\u00edsica social y emocional, es esa resistencia natural que aparece cuando dos voluntades, dos tiempos y dos estados de \u00e1nimo distintos intentan coordinarse. Las relaciones humanas aut\u00e9nticas est\u00e1n plagadas de esa fricci\u00f3n: est\u00e1n hechas de silencios inc\u00f3modos, de respuestas que tardan horas en llegar, de malentendidos que duelen y de la imperiosa necesidad de esperar el turno para hablar.<\/p><p style=\"border: 0px; font-variant-numeric: inherit; font-variant-east-asian: inherit; font-variant-alternates: inherit; font-variant-position: inherit; font-variant-emoji: inherit; font-stretch: inherit; line-height: 1.6; font-family: 'Open Sans', serif; font-optical-sizing: inherit; font-size-adjust: inherit; font-kerning: inherit; font-feature-settings: inherit; font-variation-settings: inherit; font-language-override: inherit; font-size: 15px; margin: 0px 0px 15px; outline: 0px; padding: 0px; vertical-align: baseline; color: #444444;\">La inteligencia artificial, en cambio, nos ha regalado un universo de ausencia de fricci\u00f3n. Los asistentes conversacionales actuales no dudan, no se distraen mirando el m\u00f3vil mientras hablamos, no llegan cansados del trabajo y, sobre todo, nunca tienen un mal d\u00eda que nuble su juicio. Su respuesta es asertiva, milim\u00e9trica y est\u00e1 disponible en el lapso que transcurre entre un parpadeo y otro.<\/p><p><img fetchpriority=\"high\" decoding=\"async\" class=\" wp-image-26472 aligncenter\" src=\"https:\/\/www.ucf.edu.cu\/wp-content\/uploads\/2026\/09\/foto-2-comentario-28.8.26-300x171.jpg\" alt=\"\" width=\"507\" height=\"289\" srcset=\"https:\/\/www.ucf.edu.cu\/wp-content\/uploads\/2026\/09\/foto-2-comentario-28.8.26-300x171.jpg 300w, https:\/\/www.ucf.edu.cu\/wp-content\/uploads\/2026\/09\/foto-2-comentario-28.8.26.jpg 630w\" sizes=\"(max-width: 507px) 100vw, 507px\" \/><\/p><p style=\"border: 0px; font-variant-numeric: inherit; font-variant-east-asian: inherit; font-variant-alternates: inherit; font-variant-position: inherit; font-variant-emoji: inherit; font-stretch: inherit; line-height: 1.6; font-family: 'Open Sans', serif; font-optical-sizing: inherit; font-size-adjust: inherit; font-kerning: inherit; font-feature-settings: inherit; font-variation-settings: inherit; font-language-override: inherit; font-size: 15px; margin: 0px 0px 15px; outline: 0px; padding: 0px; vertical-align: baseline; color: #444444;\">El problema, sin embargo, no es la eficiencia de la herramienta, sino el profundo y silencioso adiestramiento cognitivo que ejerce sobre nosotros. Si entrenamos a nuestro cerebro, d\u00eda tras d\u00eda, a recibir respuestas perfectas, concisas y emocionalmente planas en menos de dos segundos, \u00bfqu\u00e9 suceder\u00e1 con nuestra ya de por s\u00ed fr\u00e1gil tolerancia a la imperfecci\u00f3n?<\/p><p style=\"border: 0px; font-variant-numeric: inherit; font-variant-east-asian: inherit; font-variant-alternates: inherit; font-variant-position: inherit; font-variant-emoji: inherit; font-stretch: inherit; line-height: 1.6; font-family: 'Open Sans', serif; font-optical-sizing: inherit; font-size-adjust: inherit; font-kerning: inherit; font-feature-settings: inherit; font-variation-settings: inherit; font-language-override: inherit; font-size: 15px; margin: 0px 0px 15px; outline: 0px; padding: 0px; vertical-align: baseline; color: #444444;\">La paciencia para escuchar un argumento torpe, la disposici\u00f3n a esperar una respuesta evasiva o la capacidad de perdonar un exabrupto son habilidades que se atrofian por falta de uso. La tecnolog\u00eda, en su af\u00e1n por eliminar el rozamiento, nos est\u00e1 robando la oportunidad de rozarnos los unos con los otros, y esa erosi\u00f3n silenciosa es quiz\u00e1s la mutaci\u00f3n cultural m\u00e1s grave que estamos a punto de consumar.<\/p><p style=\"border: 0px; font-variant-numeric: inherit; font-variant-east-asian: inherit; font-variant-alternates: inherit; font-variant-position: inherit; font-variant-emoji: inherit; font-stretch: inherit; line-height: 1.6; font-family: 'Open Sans', serif; font-optical-sizing: inherit; font-size-adjust: inherit; font-kerning: inherit; font-feature-settings: inherit; font-variation-settings: inherit; font-language-override: inherit; font-size: 15px; margin: 0px 0px 15px; outline: 0px; padding: 0px; vertical-align: baseline; color: #444444;\">Pero este fen\u00f3meno de la baja fricci\u00f3n no se detiene en la mera inmediatez de la respuesta; posee una segunda capa mucho m\u00e1s insidiosa que tiene que ver con el espejismo de la validaci\u00f3n infinita. Quien ha interactuado con los grandes modelos de lenguaje sabe que su arquitectura interna est\u00e1 dise\u00f1ada para un fin primordial: agradar, alinearse y complacer al usuario.<\/p><p style=\"border: 0px; font-variant-numeric: inherit; font-variant-east-asian: inherit; font-variant-alternates: inherit; font-variant-position: inherit; font-variant-emoji: inherit; font-stretch: inherit; line-height: 1.6; font-family: 'Open Sans', serif; font-optical-sizing: inherit; font-size-adjust: inherit; font-kerning: inherit; font-feature-settings: inherit; font-variation-settings: inherit; font-language-override: inherit; font-size: 15px; margin: 0px 0px 15px; outline: 0px; padding: 0px; vertical-align: baseline; color: #444444;\">Esta m\u00e1quina nunca te juzgar\u00e1 por tus malos h\u00e1bitos alimenticios, nunca pondr\u00e1 los ojos en blanco ante tu en\u00e9sima duda existencial de madrugada y, lo que es peor, jam\u00e1s tendr\u00e1 el valor de decirte que tu chiste es malo o que tu idea es descabellada. Nos encontramos, por tanto, ante un espejo digital que nos devuelve siempre la imagen distorsionada de nuestra propia genialidad, una burbuja de validaci\u00f3n que resulta tan adictiva como un estimulante qu\u00edmico.<\/p><figure id=\"attachment_210203\" class=\"wp-caption aligncenter\" style=\"margin: 0px auto 1.5rem; text-align: center; clear: both; border: 1px solid #cccccc; color: #444444; font-family: 'Open Sans', serif; font-size: 16px; width: 630px;\" aria-describedby=\"caption-attachment-210203\"><img decoding=\"async\" class=\"size-full wp-image-210203\" style=\"max-width: 98%; vertical-align: top; margin: 7.53125px auto 0px; display: block;\" src=\"https:\/\/www.5septiembre.cu\/wp-content\/uploads\/2026\/08\/Foto-3-fuente_-Internet.jpg\" sizes=\"(max-width: 630px) 100vw, 630px\" srcset=\"https:\/\/www.5septiembre.cu\/wp-content\/uploads\/2026\/08\/Foto-3-fuente_-Internet.jpg 630w, https:\/\/www.5septiembre.cu\/wp-content\/uploads\/2026\/08\/Foto-3-fuente_-Internet-300x150.jpg 300w\" alt=\"Foto: Tomada de Internet\" width=\"630\" height=\"315\" \/><\/figure><p style=\"border: 0px; font-variant-numeric: inherit; font-variant-east-asian: inherit; font-variant-alternates: inherit; font-variant-position: inherit; font-variant-emoji: inherit; font-stretch: inherit; line-height: 1.6; font-family: 'Open Sans', serif; font-optical-sizing: inherit; font-size-adjust: inherit; font-kerning: inherit; font-feature-settings: inherit; font-variation-settings: inherit; font-language-override: inherit; font-size: 15px; margin: 0px 0px 15px; outline: 0px; padding: 0px; vertical-align: baseline; color: #444444;\">El \u00e1ngulo cr\u00edtico que debemos subrayar es el de la erosi\u00f3n de la resiliencia social, especialmente alarmante cuando observamos a los adolescentes, quienes ya est\u00e1n utilizando estos bots como principales confidentes emocionales.<\/p><p style=\"border: 0px; font-variant-numeric: inherit; font-variant-east-asian: inherit; font-variant-alternates: inherit; font-variant-position: inherit; font-variant-emoji: inherit; font-stretch: inherit; line-height: 1.6; font-family: 'Open Sans', serif; font-optical-sizing: inherit; font-size-adjust: inherit; font-kerning: inherit; font-feature-settings: inherit; font-variation-settings: inherit; font-language-override: inherit; font-size: 15px; margin: 0px 0px 15px; outline: 0px; padding: 0px; vertical-align: baseline; color: #444444;\">Si un joven construye su autoestima frente a un espejo que nunca le contradice y que siempre le ofrece consuelo inmediato, \u00bfD\u00f3nde quedan las oportunidades para desarrollar el m\u00fasculo psicol\u00f3gico que solo se forja en el conflicto, en la discusi\u00f3n y en el posterior abrazo reparador? La alteridad, que es aquello que nos constituye como humanos, requiere del choque con la diferencia, con el rechazo y con la incomprensi\u00f3n para poder crecer.<\/p><p style=\"border: 0px; font-variant-numeric: inherit; font-variant-east-asian: inherit; font-variant-alternates: inherit; font-variant-position: inherit; font-variant-emoji: inherit; font-stretch: inherit; line-height: 1.6; font-family: 'Open Sans', serif; font-optical-sizing: inherit; font-size-adjust: inherit; font-kerning: inherit; font-feature-settings: inherit; font-variation-settings: inherit; font-language-override: inherit; font-size: 15px; margin: 0px 0px 15px; outline: 0px; padding: 0px; vertical-align: baseline; color: #444444;\">Al sustituir ese choque por una corriente continua de aceptaci\u00f3n sint\u00e9tica, estamos fabricando una psique colectiva fr\u00e1gil, incapaz de gestionar la frustraci\u00f3n de un jefe que no sonr\u00ede o de una pareja que pide espacio. La tecnolog\u00eda, que promet\u00eda ser un puente hacia el entendimiento universal, se est\u00e1 convirtiendo en un refugio donde el otro, con su carga molesta de libertad, sobra absolutamente.<\/p><p style=\"border: 0px; font-variant-numeric: inherit; font-variant-east-asian: inherit; font-variant-alternates: inherit; font-variant-position: inherit; font-variant-emoji: inherit; font-stretch: inherit; line-height: 1.6; font-family: 'Open Sans', serif; font-optical-sizing: inherit; font-size-adjust: inherit; font-kerning: inherit; font-feature-settings: inherit; font-variation-settings: inherit; font-language-override: inherit; font-size: 15px; margin: 0px 0px 15px; outline: 0px; padding: 0px; vertical-align: baseline; color: #444444;\">Y es precisamente aqu\u00ed donde emerge la paradoja final, la que ata todos estos cabos sueltos en un nudo gordiano: el dilema del derecho a la desconexi\u00f3n. Si la baja fricci\u00f3n nos a\u00edsla y la validaci\u00f3n infinita nos enerva, la disponibilidad perpetua de estas inteligencias nos esclaviza.<\/p><p style=\"border: 0px; font-variant-numeric: inherit; font-variant-east-asian: inherit; font-variant-alternates: inherit; font-variant-position: inherit; font-variant-emoji: inherit; font-stretch: inherit; line-height: 1.6; font-family: 'Open Sans', serif; font-optical-sizing: inherit; font-size-adjust: inherit; font-kerning: inherit; font-feature-settings: inherit; font-variation-settings: inherit; font-language-override: inherit; font-size: 15px; margin: 0px 0px 15px; outline: 0px; padding: 0px; vertical-align: baseline; color: #444444;\">A diferencia de un amigo, que duerme, o de un familiar, que tiene sus propias obligaciones, el asistente virtual est\u00e1 acechando en la palma de nuestra mano las 24 horas del d\u00eda, los siete d\u00edas de la semana. Esta caracter\u00edstica genera una presi\u00f3n subrepticia pero brutal: la exigencia de estar siempre en modo gesti\u00f3n, de resolver, de optimizar y de producir, porque el bot siempre responde y nunca se cansa.<\/p><p style=\"border: 0px; font-variant-numeric: inherit; font-variant-east-asian: inherit; font-variant-alternates: inherit; font-variant-position: inherit; font-variant-emoji: inherit; font-stretch: inherit; line-height: 1.6; font-family: 'Open Sans', serif; font-optical-sizing: inherit; font-size-adjust: inherit; font-kerning: inherit; font-feature-settings: inherit; font-variation-settings: inherit; font-language-override: inherit; font-size: 15px; margin: 0px 0px 15px; outline: 0px; padding: 0px; vertical-align: baseline; color: #444444;\">La iron\u00eda m\u00e1s amarga de nuestro tiempo es que la tecnolog\u00eda, dise\u00f1ada supuestamente para liberarnos de las tareas tediosas y regalarnos tiempo de ocio, ha terminado por colonizar hasta los resquicios de nuestra mente con la obligaci\u00f3n de seguir interactuando, mejorando y preguntando.<\/p><p style=\"border: 0px; font-variant-numeric: inherit; font-variant-east-asian: inherit; font-variant-alternates: inherit; font-variant-position: inherit; font-variant-emoji: inherit; font-stretch: inherit; line-height: 1.6; font-family: 'Open Sans', serif; font-optical-sizing: inherit; font-size-adjust: inherit; font-kerning: inherit; font-feature-settings: inherit; font-variation-settings: inherit; font-language-override: inherit; font-size: 15px; margin: 0px 0px 15px; outline: 0px; padding: 0px; vertical-align: baseline; color: #444444;\">\u00bfD\u00f3nde queda el descanso cognitivo cuando sabemos que al otro lado de la pantalla hay un or\u00e1culo esperando nuestra siguiente pregunta? Nos hemos convertido en una civilizaci\u00f3n que teme al silencio tanto como teme a la imperfecci\u00f3n, y por eso llenamos cada segundo de voz artificial. Llegados a este punto, toca formular el remate que debe cerrar esta reflexi\u00f3n. Quiz\u00e1s el pr\u00f3ximo gran filtro de la humanidad, ese que determinar\u00e1 nuestra viabilidad como especie social, no sea el cambio clim\u00e1tico, la escasez de recursos o una guerra nuclear, sino algo mucho m\u00e1s sutil y terriblemente humano: aprender a aburrirnos, a equivocarnos y a sentir verg\u00fcenza en compa\u00f1\u00eda de otro ser de carne y hueso, sin tener un algoritmo al lado dici\u00e9ndonos c\u00f3mo debemos interpretar lo que estamos sintiendo en cada instante.<\/p><figure id=\"attachment_210206\" class=\"wp-caption aligncenter\" style=\"margin: 0px auto 1.5rem; text-align: center; clear: both; border: 1px solid #cccccc; color: #444444; font-family: 'Open Sans', serif; font-size: 16px; width: 630px;\" aria-describedby=\"caption-attachment-210206\"><img decoding=\"async\" class=\"size-full wp-image-210206\" style=\"max-width: 98%; vertical-align: top; margin: 7.53125px auto 0px; display: block;\" src=\"https:\/\/www.5septiembre.cu\/wp-content\/uploads\/2026\/08\/Foto-4-comentario-28.08.26-.jpg\" sizes=\"(max-width: 630px) 100vw, 630px\" srcset=\"https:\/\/www.5septiembre.cu\/wp-content\/uploads\/2026\/08\/Foto-4-comentario-28.08.26-.jpg 630w, https:\/\/www.5septiembre.cu\/wp-content\/uploads\/2026\/08\/Foto-4-comentario-28.08.26--300x171.jpg 300w\" alt=\"Imagen: Creada por el autor con IA\" width=\"630\" height=\"360\" \/><\/figure><p style=\"border: 0px; font-variant-numeric: inherit; font-variant-east-asian: inherit; font-variant-alternates: inherit; font-variant-position: inherit; font-variant-emoji: inherit; font-stretch: inherit; line-height: 1.6; font-family: 'Open Sans', serif; font-optical-sizing: inherit; font-size-adjust: inherit; font-kerning: inherit; font-feature-settings: inherit; font-variation-settings: inherit; font-language-override: inherit; font-size: 15px; margin: 0px 0px 15px; outline: 0px; padding: 0px; vertical-align: baseline; color: #444444;\">La tecnolog\u00eda nos ha concedido el privilegio de saltar el anuncio de la vida, de eludir la espera y de esquivar el dolor del roce con lo diferente. El problema profundo, aquel que deber\u00eda helarnos la sangre a los que observamos este cambio de \u00e9poca, es que ese anuncio que nos saltamos, esa pausa \u00a0y ese roce \u00e1spero, no eran ruido de fondo; eran, sin que quisi\u00e9ramos reconocerlo, la parte m\u00e1s interesante y formativa del viaje. Estamos construyendo un mundo a nuestra medida, pero corremos el riesgo de que esa medida, al estar calibrada solo por la comodidad, nos quede demasiado peque\u00f1a para albergar la grandeza ca\u00f3tica y maravillosa de la condici\u00f3n humana.<\/p><p><em><strong>Tomado de Peri\u00f3dico 5 de Septiembre.<\/strong><\/em><\/p>\t\t\t\t\t\t\t\t<\/div>\n\t\t\t\t<\/div>\n\t\t\t\t\t<\/div>\n\t\t<\/div>\n\t\t\t\t\t<\/div>\n\t\t<\/section>\n\t\t\t\t<\/div>\n\t\t","protected":false},"excerpt":{"rendered":"<p>No hablemos hoy de si la IA puede hacer nuestro trabajo (eso ya est\u00e1 trillado). Hablemos de si la IA nos est\u00e1 educando para no soportar la imperfecci\u00f3n humana. Con la llegada<a class=\"moretag\" href=\"https:\/\/www.ucf.edu.cu\/?p=26466\">Leer m\u00e1s&#8230;<\/a><\/p>\n","protected":false},"author":6,"featured_media":26467,"comment_status":"open","ping_status":"open","sticky":false,"template":"","format":"standard","meta":{"footnotes":"","_members_access_role":[],"_members_access_error":""},"categories":[6],"tags":[],"class_list":["post-26466","post","type-post","status-publish","format-standard","has-post-thumbnail","hentry","category-noticias"],"yoast_head":"<!-- This site is optimized with the Yoast SEO plugin v28.3 - https:\/\/yoast.com\/product\/yoast-seo-wordpress\/ -->\n<title>La Generaci\u00f3n \u201cBaja Fricci\u00f3n\u201d: La IA o los humanos - Universidad de Cienfuegos<\/title>\n<meta name=\"description\" content=\"Noticias del \u00e1mbito universitario de la casa de altos estudios de Cienfuegos. Adem\u00e1s se muestran noticias del acontecer nacional e internacional de mayor relevancia.\" \/>\n<meta name=\"robots\" content=\"index, follow, max-snippet:-1, max-image-preview:large, max-video-preview:-1\" \/>\n<link rel=\"canonical\" href=\"https:\/\/www.ucf.edu.cu\/?p=26466\" \/>\n<meta property=\"og:locale\" content=\"es_ES\" \/>\n<meta property=\"og:type\" content=\"article\" \/>\n<meta property=\"og:title\" content=\"La Generaci\u00f3n \u201cBaja Fricci\u00f3n\u201d: La IA o los humanos - Universidad de Cienfuegos\" \/>\n<meta property=\"og:description\" content=\"Noticias del \u00e1mbito universitario de la casa de altos estudios de Cienfuegos. Adem\u00e1s se muestran noticias del acontecer nacional e internacional de mayor relevancia.\" \/>\n<meta property=\"og:url\" content=\"https:\/\/www.ucf.edu.cu\/?p=26466\" \/>\n<meta property=\"og:site_name\" content=\"Universidad de Cienfuegos\" \/>\n<meta property=\"article:publisher\" content=\"https:\/\/www.facebook.com\/ucfgos\/\" \/>\n<meta property=\"article:published_time\" content=\"2026-09-02T14:11:09+00:00\" \/>\n<meta property=\"article:modified_time\" content=\"2026-09-02T14:17:38+00:00\" \/>\n<meta property=\"og:image\" content=\"https:\/\/www.ucf.edu.cu\/wp-content\/uploads\/2026\/09\/Foto-1-portada-28.08.26.jpg\" \/>\n\t<meta property=\"og:image:width\" content=\"630\" \/>\n\t<meta property=\"og:image:height\" content=\"350\" \/>\n\t<meta property=\"og:image:type\" content=\"image\/jpeg\" \/>\n<meta name=\"author\" content=\"Direcci\u00f3n de Comunicaci\u00f3n Institucional\" \/>\n<meta name=\"twitter:card\" content=\"summary_large_image\" \/>\n<meta name=\"twitter:creator\" content=\"@ucfgos\" \/>\n<meta name=\"twitter:site\" content=\"@ucfgos\" \/>\n<meta name=\"twitter:label1\" content=\"Escrito por\" \/>\n\t<meta name=\"twitter:data1\" content=\"Direcci\u00f3n de Comunicaci\u00f3n Institucional\" \/>\n\t<meta name=\"twitter:label2\" content=\"Tiempo de lectura\" \/>\n\t<meta name=\"twitter:data2\" content=\"6 minutos\" \/>\n<script type=\"application\/ld+json\" class=\"yoast-schema-graph\">{\"@context\":\"https:\\\/\\\/schema.org\",\"@graph\":[{\"@type\":\"Article\",\"@id\":\"https:\\\/\\\/www.ucf.edu.cu\\\/?p=26466#article\",\"isPartOf\":{\"@id\":\"https:\\\/\\\/www.ucf.edu.cu\\\/?p=26466\"},\"author\":{\"name\":\"Direcci\u00f3n de Comunicaci\u00f3n Institucional\",\"@id\":\"https:\\\/\\\/www.ucf.edu.cu\\\/#\\\/schema\\\/person\\\/1ab5c30ce7d7cff8d04e05d54e4467eb\"},\"headline\":\"La Generaci\u00f3n \u201cBaja Fricci\u00f3n\u201d: La IA o los humanos\",\"datePublished\":\"2026-09-02T14:11:09+00:00\",\"dateModified\":\"2026-09-02T14:17:38+00:00\",\"mainEntityOfPage\":{\"@id\":\"https:\\\/\\\/www.ucf.edu.cu\\\/?p=26466\"},\"wordCount\":1239,\"commentCount\":0,\"publisher\":{\"@id\":\"https:\\\/\\\/www.ucf.edu.cu\\\/#organization\"},\"image\":{\"@id\":\"https:\\\/\\\/www.ucf.edu.cu\\\/?p=26466#primaryimage\"},\"thumbnailUrl\":\"https:\\\/\\\/www.ucf.edu.cu\\\/wp-content\\\/uploads\\\/2026\\\/09\\\/Foto-1-portada-28.08.26.jpg\",\"articleSection\":[\"Noticias\"],\"inLanguage\":\"es\",\"potentialAction\":[{\"@type\":\"CommentAction\",\"name\":\"Comment\",\"target\":[\"https:\\\/\\\/www.ucf.edu.cu\\\/?p=26466#respond\"]}]},{\"@type\":\"WebPage\",\"@id\":\"https:\\\/\\\/www.ucf.edu.cu\\\/?p=26466\",\"url\":\"https:\\\/\\\/www.ucf.edu.cu\\\/?p=26466\",\"name\":\"La Generaci\u00f3n \u201cBaja Fricci\u00f3n\u201d: La IA o los humanos - Universidad de Cienfuegos\",\"isPartOf\":{\"@id\":\"https:\\\/\\\/www.ucf.edu.cu\\\/#website\"},\"primaryImageOfPage\":{\"@id\":\"https:\\\/\\\/www.ucf.edu.cu\\\/?p=26466#primaryimage\"},\"image\":{\"@id\":\"https:\\\/\\\/www.ucf.edu.cu\\\/?p=26466#primaryimage\"},\"thumbnailUrl\":\"https:\\\/\\\/www.ucf.edu.cu\\\/wp-content\\\/uploads\\\/2026\\\/09\\\/Foto-1-portada-28.08.26.jpg\",\"datePublished\":\"2026-09-02T14:11:09+00:00\",\"dateModified\":\"2026-09-02T14:17:38+00:00\",\"description\":\"Noticias del \u00e1mbito universitario de la casa de altos estudios de Cienfuegos. Adem\u00e1s se muestran noticias del acontecer nacional e internacional de mayor relevancia.\",\"breadcrumb\":{\"@id\":\"https:\\\/\\\/www.ucf.edu.cu\\\/?p=26466#breadcrumb\"},\"inLanguage\":\"es\",\"potentialAction\":[{\"@type\":\"ReadAction\",\"target\":[\"https:\\\/\\\/www.ucf.edu.cu\\\/?p=26466\"]}]},{\"@type\":\"ImageObject\",\"inLanguage\":\"es\",\"@id\":\"https:\\\/\\\/www.ucf.edu.cu\\\/?p=26466#primaryimage\",\"url\":\"https:\\\/\\\/www.ucf.edu.cu\\\/wp-content\\\/uploads\\\/2026\\\/09\\\/Foto-1-portada-28.08.26.jpg\",\"contentUrl\":\"https:\\\/\\\/www.ucf.edu.cu\\\/wp-content\\\/uploads\\\/2026\\\/09\\\/Foto-1-portada-28.08.26.jpg\",\"width\":630,\"height\":350},{\"@type\":\"BreadcrumbList\",\"@id\":\"https:\\\/\\\/www.ucf.edu.cu\\\/?p=26466#breadcrumb\",\"itemListElement\":[{\"@type\":\"ListItem\",\"position\":1,\"name\":\"Portada\",\"item\":\"https:\\\/\\\/www.ucf.edu.cu\\\/\"},{\"@type\":\"ListItem\",\"position\":2,\"name\":\"La Generaci\u00f3n \u201cBaja Fricci\u00f3n\u201d: La IA o los humanos\"}]},{\"@type\":\"WebSite\",\"@id\":\"https:\\\/\\\/www.ucf.edu.cu\\\/#website\",\"url\":\"https:\\\/\\\/www.ucf.edu.cu\\\/\",\"name\":\"Universidad de Cienfuegos\",\"description\":\"Portal Web Universidad de Cienfuegos\",\"publisher\":{\"@id\":\"https:\\\/\\\/www.ucf.edu.cu\\\/#organization\"},\"alternateName\":\"Portal institucional de la UCf\",\"potentialAction\":[{\"@type\":\"SearchAction\",\"target\":{\"@type\":\"EntryPoint\",\"urlTemplate\":\"https:\\\/\\\/www.ucf.edu.cu\\\/?s={search_term_string}\"},\"query-input\":{\"@type\":\"PropertyValueSpecification\",\"valueRequired\":true,\"valueName\":\"search_term_string\"}}],\"inLanguage\":\"es\"},{\"@type\":\"Organization\",\"@id\":\"https:\\\/\\\/www.ucf.edu.cu\\\/#organization\",\"name\":\"Universidad de Cienfuegos\",\"url\":\"https:\\\/\\\/www.ucf.edu.cu\\\/\",\"logo\":{\"@type\":\"ImageObject\",\"inLanguage\":\"es\",\"@id\":\"https:\\\/\\\/www.ucf.edu.cu\\\/#\\\/schema\\\/logo\\\/image\\\/\",\"url\":\"https:\\\/\\\/www.ucf.edu.cu\\\/wp-content\\\/uploads\\\/2020\\\/11\\\/fe77b047cf65bbf66915926fa3c00c93_L.jpg\",\"contentUrl\":\"https:\\\/\\\/www.ucf.edu.cu\\\/wp-content\\\/uploads\\\/2020\\\/11\\\/fe77b047cf65bbf66915926fa3c00c93_L.jpg\",\"width\":1000,\"height\":763,\"caption\":\"Universidad de Cienfuegos\"},\"image\":{\"@id\":\"https:\\\/\\\/www.ucf.edu.cu\\\/#\\\/schema\\\/logo\\\/image\\\/\"},\"sameAs\":[\"https:\\\/\\\/www.facebook.com\\\/ucfgos\\\/\",\"https:\\\/\\\/x.com\\\/ucfgos\",\"https:\\\/\\\/www.instagram.com\\\/ucfgos\",\"https:\\\/\\\/www.youtube.com\\\/channel\\\/UCymAZYZHmPzh48cHLG6Nx4A\"]},{\"@type\":\"Person\",\"@id\":\"https:\\\/\\\/www.ucf.edu.cu\\\/#\\\/schema\\\/person\\\/1ab5c30ce7d7cff8d04e05d54e4467eb\",\"name\":\"Direcci\u00f3n de Comunicaci\u00f3n Institucional\",\"image\":{\"@type\":\"ImageObject\",\"inLanguage\":\"es\",\"@id\":\"https:\\\/\\\/secure.gravatar.com\\\/avatar\\\/df7a6ffea67205b2cec0557fac1b1c99168521f981217db8876f424e9d334540?s=96&d=mm&r=g\",\"url\":\"https:\\\/\\\/secure.gravatar.com\\\/avatar\\\/df7a6ffea67205b2cec0557fac1b1c99168521f981217db8876f424e9d334540?s=96&d=mm&r=g\",\"contentUrl\":\"https:\\\/\\\/secure.gravatar.com\\\/avatar\\\/df7a6ffea67205b2cec0557fac1b1c99168521f981217db8876f424e9d334540?s=96&d=mm&r=g\",\"caption\":\"Direcci\u00f3n de Comunicaci\u00f3n Institucional\"}}]}<\/script>\n<!-- \/ Yoast SEO plugin. -->","yoast_head_json":{"title":"La Generaci\u00f3n \u201cBaja Fricci\u00f3n\u201d: La IA o los humanos - Universidad de Cienfuegos","description":"Noticias del \u00e1mbito universitario de la casa de altos estudios de Cienfuegos. Adem\u00e1s se muestran noticias del acontecer nacional e internacional de mayor relevancia.","robots":{"index":"index","follow":"follow","max-snippet":"max-snippet:-1","max-image-preview":"max-image-preview:large","max-video-preview":"max-video-preview:-1"},"canonical":"https:\/\/www.ucf.edu.cu\/?p=26466","og_locale":"es_ES","og_type":"article","og_title":"La Generaci\u00f3n \u201cBaja Fricci\u00f3n\u201d: La IA o los humanos - Universidad de Cienfuegos","og_description":"Noticias del \u00e1mbito universitario de la casa de altos estudios de Cienfuegos. Adem\u00e1s se muestran noticias del acontecer nacional e internacional de mayor relevancia.","og_url":"https:\/\/www.ucf.edu.cu\/?p=26466","og_site_name":"Universidad de Cienfuegos","article_publisher":"https:\/\/www.facebook.com\/ucfgos\/","article_published_time":"2026-09-02T14:11:09+00:00","article_modified_time":"2026-09-02T14:17:38+00:00","og_image":[{"width":630,"height":350,"url":"https:\/\/www.ucf.edu.cu\/wp-content\/uploads\/2026\/09\/Foto-1-portada-28.08.26.jpg","type":"image\/jpeg"}],"author":"Direcci\u00f3n de Comunicaci\u00f3n Institucional","twitter_card":"summary_large_image","twitter_creator":"@ucfgos","twitter_site":"@ucfgos","twitter_misc":{"Escrito por":"Direcci\u00f3n de Comunicaci\u00f3n Institucional","Tiempo de lectura":"6 minutos"},"schema":{"@context":"https:\/\/schema.org","@graph":[{"@type":"Article","@id":"https:\/\/www.ucf.edu.cu\/?p=26466#article","isPartOf":{"@id":"https:\/\/www.ucf.edu.cu\/?p=26466"},"author":{"name":"Direcci\u00f3n de Comunicaci\u00f3n Institucional","@id":"https:\/\/www.ucf.edu.cu\/#\/schema\/person\/1ab5c30ce7d7cff8d04e05d54e4467eb"},"headline":"La Generaci\u00f3n \u201cBaja Fricci\u00f3n\u201d: La IA o los humanos","datePublished":"2026-09-02T14:11:09+00:00","dateModified":"2026-09-02T14:17:38+00:00","mainEntityOfPage":{"@id":"https:\/\/www.ucf.edu.cu\/?p=26466"},"wordCount":1239,"commentCount":0,"publisher":{"@id":"https:\/\/www.ucf.edu.cu\/#organization"},"image":{"@id":"https:\/\/www.ucf.edu.cu\/?p=26466#primaryimage"},"thumbnailUrl":"https:\/\/www.ucf.edu.cu\/wp-content\/uploads\/2026\/09\/Foto-1-portada-28.08.26.jpg","articleSection":["Noticias"],"inLanguage":"es","potentialAction":[{"@type":"CommentAction","name":"Comment","target":["https:\/\/www.ucf.edu.cu\/?p=26466#respond"]}]},{"@type":"WebPage","@id":"https:\/\/www.ucf.edu.cu\/?p=26466","url":"https:\/\/www.ucf.edu.cu\/?p=26466","name":"La Generaci\u00f3n \u201cBaja Fricci\u00f3n\u201d: La IA o los humanos - Universidad de Cienfuegos","isPartOf":{"@id":"https:\/\/www.ucf.edu.cu\/#website"},"primaryImageOfPage":{"@id":"https:\/\/www.ucf.edu.cu\/?p=26466#primaryimage"},"image":{"@id":"https:\/\/www.ucf.edu.cu\/?p=26466#primaryimage"},"thumbnailUrl":"https:\/\/www.ucf.edu.cu\/wp-content\/uploads\/2026\/09\/Foto-1-portada-28.08.26.jpg","datePublished":"2026-09-02T14:11:09+00:00","dateModified":"2026-09-02T14:17:38+00:00","description":"Noticias del \u00e1mbito universitario de la casa de altos estudios de Cienfuegos. Adem\u00e1s se muestran noticias del acontecer nacional e internacional de mayor relevancia.","breadcrumb":{"@id":"https:\/\/www.ucf.edu.cu\/?p=26466#breadcrumb"},"inLanguage":"es","potentialAction":[{"@type":"ReadAction","target":["https:\/\/www.ucf.edu.cu\/?p=26466"]}]},{"@type":"ImageObject","inLanguage":"es","@id":"https:\/\/www.ucf.edu.cu\/?p=26466#primaryimage","url":"https:\/\/www.ucf.edu.cu\/wp-content\/uploads\/2026\/09\/Foto-1-portada-28.08.26.jpg","contentUrl":"https:\/\/www.ucf.edu.cu\/wp-content\/uploads\/2026\/09\/Foto-1-portada-28.08.26.jpg","width":630,"height":350},{"@type":"BreadcrumbList","@id":"https:\/\/www.ucf.edu.cu\/?p=26466#breadcrumb","itemListElement":[{"@type":"ListItem","position":1,"name":"Portada","item":"https:\/\/www.ucf.edu.cu\/"},{"@type":"ListItem","position":2,"name":"La Generaci\u00f3n \u201cBaja Fricci\u00f3n\u201d: La IA o los humanos"}]},{"@type":"WebSite","@id":"https:\/\/www.ucf.edu.cu\/#website","url":"https:\/\/www.ucf.edu.cu\/","name":"Universidad de Cienfuegos","description":"Portal Web Universidad de Cienfuegos","publisher":{"@id":"https:\/\/www.ucf.edu.cu\/#organization"},"alternateName":"Portal institucional de la UCf","potentialAction":[{"@type":"SearchAction","target":{"@type":"EntryPoint","urlTemplate":"https:\/\/www.ucf.edu.cu\/?s={search_term_string}"},"query-input":{"@type":"PropertyValueSpecification","valueRequired":true,"valueName":"search_term_string"}}],"inLanguage":"es"},{"@type":"Organization","@id":"https:\/\/www.ucf.edu.cu\/#organization","name":"Universidad de Cienfuegos","url":"https:\/\/www.ucf.edu.cu\/","logo":{"@type":"ImageObject","inLanguage":"es","@id":"https:\/\/www.ucf.edu.cu\/#\/schema\/logo\/image\/","url":"https:\/\/www.ucf.edu.cu\/wp-content\/uploads\/2020\/11\/fe77b047cf65bbf66915926fa3c00c93_L.jpg","contentUrl":"https:\/\/www.ucf.edu.cu\/wp-content\/uploads\/2020\/11\/fe77b047cf65bbf66915926fa3c00c93_L.jpg","width":1000,"height":763,"caption":"Universidad de Cienfuegos"},"image":{"@id":"https:\/\/www.ucf.edu.cu\/#\/schema\/logo\/image\/"},"sameAs":["https:\/\/www.facebook.com\/ucfgos\/","https:\/\/x.com\/ucfgos","https:\/\/www.instagram.com\/ucfgos","https:\/\/www.youtube.com\/channel\/UCymAZYZHmPzh48cHLG6Nx4A"]},{"@type":"Person","@id":"https:\/\/www.ucf.edu.cu\/#\/schema\/person\/1ab5c30ce7d7cff8d04e05d54e4467eb","name":"Direcci\u00f3n de Comunicaci\u00f3n Institucional","image":{"@type":"ImageObject","inLanguage":"es","@id":"https:\/\/secure.gravatar.com\/avatar\/df7a6ffea67205b2cec0557fac1b1c99168521f981217db8876f424e9d334540?s=96&d=mm&r=g","url":"https:\/\/secure.gravatar.com\/avatar\/df7a6ffea67205b2cec0557fac1b1c99168521f981217db8876f424e9d334540?s=96&d=mm&r=g","contentUrl":"https:\/\/secure.gravatar.com\/avatar\/df7a6ffea67205b2cec0557fac1b1c99168521f981217db8876f424e9d334540?s=96&d=mm&r=g","caption":"Direcci\u00f3n de Comunicaci\u00f3n Institucional"}}]}},"_links":{"self":[{"href":"https:\/\/www.ucf.edu.cu\/index.php?rest_route=\/wp\/v2\/posts\/26466","targetHints":{"allow":["GET"]}}],"collection":[{"href":"https:\/\/www.ucf.edu.cu\/index.php?rest_route=\/wp\/v2\/posts"}],"about":[{"href":"https:\/\/www.ucf.edu.cu\/index.php?rest_route=\/wp\/v2\/types\/post"}],"author":[{"embeddable":true,"href":"https:\/\/www.ucf.edu.cu\/index.php?rest_route=\/wp\/v2\/users\/6"}],"replies":[{"embeddable":true,"href":"https:\/\/www.ucf.edu.cu\/index.php?rest_route=%2Fwp%2Fv2%2Fcomments&post=26466"}],"version-history":[{"count":7,"href":"https:\/\/www.ucf.edu.cu\/index.php?rest_route=\/wp\/v2\/posts\/26466\/revisions"}],"predecessor-version":[{"id":26476,"href":"https:\/\/www.ucf.edu.cu\/index.php?rest_route=\/wp\/v2\/posts\/26466\/revisions\/26476"}],"wp:featuredmedia":[{"embeddable":true,"href":"https:\/\/www.ucf.edu.cu\/index.php?rest_route=\/wp\/v2\/media\/26467"}],"wp:attachment":[{"href":"https:\/\/www.ucf.edu.cu\/index.php?rest_route=%2Fwp%2Fv2%2Fmedia&parent=26466"}],"wp:term":[{"taxonomy":"category","embeddable":true,"href":"https:\/\/www.ucf.edu.cu\/index.php?rest_route=%2Fwp%2Fv2%2Fcategories&post=26466"},{"taxonomy":"post_tag","embeddable":true,"href":"https:\/\/www.ucf.edu.cu\/index.php?rest_route=%2Fwp%2Fv2%2Ftags&post=26466"}],"curies":[{"name":"wp","href":"https:\/\/api.w.org\/{rel}","templated":true}]}}