{"id":6322,"date":"2020-10-14T16:26:12","date_gmt":"2020-10-14T16:26:12","guid":{"rendered":"https:\/\/wwwa.ucf.edu.cu\/?p=6322"},"modified":"2020-10-14T16:29:57","modified_gmt":"2020-10-14T16:29:57","slug":"nuevo-centro-de-capacitacion-de-azcuba-regalo-por-el-dia-del-azucarero","status":"publish","type":"post","link":"https:\/\/www.ucf.edu.cu\/?p=6322","title":{"rendered":"Nuevo centro de capacitaci\u00f3n de AzCuba, regalo por el D\u00eda del Azucarero"},"content":{"rendered":"\t\t<div data-elementor-type=\"wp-post\" data-elementor-id=\"6322\" class=\"elementor elementor-6322\">\n\t\t\t\t\t\t<section class=\"elementor-section elementor-top-section elementor-element elementor-element-5305509 elementor-section-boxed elementor-section-height-default elementor-section-height-default\" data-id=\"5305509\" data-element_type=\"section\" data-e-type=\"section\">\n\t\t\t\t\t\t<div class=\"elementor-container elementor-column-gap-default\">\n\t\t\t\t\t<div class=\"elementor-column elementor-col-100 elementor-top-column elementor-element elementor-element-2edde15\" data-id=\"2edde15\" data-element_type=\"column\" data-e-type=\"column\">\n\t\t\t<div class=\"elementor-widget-wrap elementor-element-populated\">\n\t\t\t\t\t\t<div class=\"elementor-element elementor-element-0c484f1 elementor-widget elementor-widget-text-editor\" data-id=\"0c484f1\" data-element_type=\"widget\" data-e-type=\"widget\" data-widget_type=\"text-editor.default\">\n\t\t\t\t<div class=\"elementor-widget-container\">\n\t\t\t\t\t\t\t\t\t<div class=\"entry-content\"><div class=\"elementor elementor-6371\" data-elementor-type=\"wp-post\" data-elementor-id=\"6371\" data-elementor-settings=\"[]\"><div class=\"elementor-inner\"><div class=\"elementor-section-wrap\"><section class=\"elementor-section elementor-top-section elementor-element elementor-element-1cf997c elementor-section-boxed elementor-section-height-default elementor-section-height-default\" data-id=\"1cf997c\" data-element_type=\"section\"><div class=\"elementor-container elementor-column-gap-default\"><div class=\"elementor-row\"><div class=\"elementor-column elementor-col-100 elementor-top-column elementor-element elementor-element-b973588\" data-id=\"b973588\" data-element_type=\"column\"><div class=\"elementor-column-wrap elementor-element-populated\"><div class=\"elementor-widget-wrap\"><div class=\"elementor-element elementor-element-a928cd5 elementor-widget elementor-widget-text-editor\" data-id=\"a928cd5\" data-element_type=\"widget\" data-widget_type=\"text-editor.default\"><div class=\"elementor-widget-container\"><div class=\"elementor-text-editor elementor-clearfix\"><p>A prop\u00f3sito de las actividades centrales por el D\u00eda del Trabajador Azucarero qued\u00f3 inaugurado el Centro de capacitaci\u00f3n ramal y superaci\u00f3n t\u00e9cnica de productores agropecuarios, incluida la unidad docente de la Universidad de Cienfuegos, en ceremonia presidida por el miembro del Comit\u00e9 Central y primer secretario del Partido en la provincia, F\u00e9lix Duartes Ortega.<\/p><p>Al intervenir en el acto, Julio Andr\u00e9s Garc\u00eda P\u00e9rez, presidente del Grupo Empresarial AzCuba, dijo que esta escuela se inserta en la estrategia de desarrollo del sector, con m\u00e9todos de estudio interactivos que contribuyan a la preparaci\u00f3n y actualizaci\u00f3n de los conocimientos, a trav\u00e9s del v\u00ednculo entre la teor\u00eda y la pr\u00e1ctica.<\/p><p>A todas luces, el principal objetivo a alcanzar por el claustro, integrado por profesores \u00a0propios del centro y de otras filiales de AzCuba, consiste en lograr la compentencia laboral necesaria para un impacto de sostenibilidad en todos los procesos cambiantes de la infraestructura productiva agropecuaria.<\/p><p>En poco m\u00e1s de un a\u00f1o brigadas de constructores de diferentes entidades del Grupo Empresarial azucarero reconstruyeron las instalaciones de lo que otrora fuera la escuela de capacitaci\u00f3n del Minaz, enclavada en \u00e1reas del central rodense 5 de Septiembre.<\/p><p>La obra es un buen ejemplo de la voluntad pol\u00edtica del Estado cubano y una demostraci\u00f3n del \u201cS\u00ed se puede\u201d, en medio de la situaci\u00f3n econ\u00f3mica provocada por la pandemia del coronavirus y el recrudecimiento del bloqueo impuesto por el gobierno de los Estados Unidos, hoy se entrega un plantel con todas las condiciones de vida y la base de estudio id\u00f3nea, signada, adem\u00e1s, por el buen gusto est\u00e9tico y la cultura del detalle.<\/p><p>En las palabras de conclusiones, Jos\u00e9 Antonio P\u00e9rez P\u00e9rez, secretario general del Sindicato Nacional de Trabajadores Azucareros, record\u00f3 que un 13 de octubre, hace 60 a\u00f1os, el l\u00edder de la Revoluci\u00f3n cubana, Comandante en Jefe Fidel Castro Ruz, anunci\u00f3 en una presentaci\u00f3n televisiva, la nacionalizaci\u00f3n de 195 centrales azucareros en todo el pa\u00eds. Desde entontes se escogi\u00f3 la fecha para conmemorar cada a\u00f1o el D\u00eda de los obreros de ese sector.<\/p><p>El tambi\u00e9n miembro del Secretariado de la Central de Trabajadores de Cuba resalt\u00f3 que en el presente a\u00f1o la Empresa Azucarera Cienfuegos (EAC) \u2013mejor integralmente en la zafra\u2014 sobrecumpli\u00f3 el plan de producci\u00f3n de crudo, con indicadores favorables de eficiencia y productividad de trabajo. En la propia etapa sobresalieron a nivel de pa\u00eds los centrales 14 de Julio, Ciudad Caracas y Antonio S\u00e1nchez; en tanto la entidad alcanza\u00f3 la meta del plan de siembra de ca\u00f1a de primavera, al tiempo de avanzar en las reparaciones de la maquinaria agr\u00edcola e industrial de cara a la pr\u00f3xima contienda.<\/p><p>Acompa\u00f1ado por Alexandre Corona Quintero, gobernador de la provincia, Wilmer Gonz\u00e1lez Soto, primer secretario del Partido en Rodas, Arnaldo Costa Delgado, director de la EAC, y la Dra. C. Orqu\u00eddea Urquiola S\u00e1nchez, rectora de la Universidad de Cienfuegos; Duartes Ortega recorri\u00f3 \u00e1reas docentes y deportivas, locales de servicio y sala de conferencia, sitios en los que elogi\u00f3 la terminaci\u00f3n constructiva y el confort del mobiliario escolar.<\/p><p>En intercambio con los primeros cursistas \u2013presidentes y reservas de unidades productoras de Villa Clara, Matanzas y Cienfuegos\u2014 , profesores y estudiantes universitarios, el primer secretario del Partido en el territorio reflexion\u00f3 sobre la necesaria integralidad a lograrse con el v\u00ednculo entre los diferentes perfiles del centro de altos estudios, incluyendo por supuesto las carreras afines de Agronom\u00eda, Econom\u00eda, Derecho y Geograf\u00eda, entre otras.<\/p><p>Durante el ecuentro le fueron impuestas, indistintamente, la Orden Jes\u00fas Men\u00e9ndez y la distinci\u00f3n Jes\u00fas Su\u00e1rez Gayol a un grupo de azucareros, as\u00ed como el sello 8 de Octubre a innovadores destacados. Tambi\u00e9n se entregaron reconocimientos a las entidades que intervinieron en la remodelaci\u00f3n del centro.<\/p><p><em><strong>Por: Armando S\u00e1ez Ch\u00e1vez<\/strong><\/em><\/p><\/div><\/div><\/div><\/div><\/div><\/div><\/div><\/div><\/section><\/div><\/div><\/div><\/div>\t\t\t\t\t\t\t\t<\/div>\n\t\t\t\t<\/div>\n\t\t\t\t\t<\/div>\n\t\t<\/div>\n\t\t\t\t\t<\/div>\n\t\t<\/section>\n\t\t\t\t<\/div>\n\t\t","protected":false},"excerpt":{"rendered":"<p>A prop\u00f3sito de las actividades centrales por el D\u00eda del Trabajador Azucarero qued\u00f3 inaugurado el Centro de capacitaci\u00f3n ramal y superaci\u00f3n t\u00e9cnica de productores agropecuarios, incluida la unidad docente de la Universidad<a class=\"moretag\" href=\"https:\/\/www.ucf.edu.cu\/?p=6322\">Leer m\u00e1s&#8230;<\/a><\/p>\n","protected":false},"author":6,"featured_media":6323,"comment_status":"open","ping_status":"open","sticky":false,"template":"page-post-intra.php","format":"standard","meta":{"footnotes":""},"categories":[6],"tags":[],"class_list":["post-6322","post","type-post","status-publish","format-standard","has-post-thumbnail","hentry","category-noticias"],"yoast_head":"<!-- This site is optimized with the Yoast SEO plugin v27.4 - https:\/\/yoast.com\/product\/yoast-seo-wordpress\/ -->\n<title>Nuevo centro de capacitaci\u00f3n de AzCuba, regalo por el D\u00eda del Azucarero - Universidad de Cienfuegos<\/title>\n<meta name=\"description\" content=\"Noticias del \u00e1mbito universitario de la casa de altos estudios de Cienfuegos. Adem\u00e1s se muestran noticias del acontecer nacional e internacional de mayor relevancia.\" \/>\n<meta name=\"robots\" content=\"index, follow, max-snippet:-1, max-image-preview:large, max-video-preview:-1\" \/>\n<link rel=\"canonical\" href=\"https:\/\/www.ucf.edu.cu\/?p=6322\" \/>\n<meta property=\"og:locale\" content=\"es_ES\" \/>\n<meta property=\"og:type\" content=\"article\" \/>\n<meta property=\"og:title\" content=\"Nuevo centro de capacitaci\u00f3n de AzCuba, regalo por el D\u00eda del Azucarero - Universidad de Cienfuegos\" \/>\n<meta property=\"og:description\" content=\"Noticias del \u00e1mbito universitario de la casa de altos estudios de Cienfuegos. Adem\u00e1s se muestran noticias del acontecer nacional e internacional de mayor relevancia.\" \/>\n<meta property=\"og:url\" content=\"https:\/\/www.ucf.edu.cu\/?p=6322\" \/>\n<meta property=\"og:site_name\" content=\"Universidad de Cienfuegos\" \/>\n<meta property=\"article:publisher\" content=\"https:\/\/www.facebook.com\/ucfgos\/\" \/>\n<meta property=\"article:published_time\" content=\"2020-10-14T16:26:12+00:00\" \/>\n<meta property=\"article:modified_time\" content=\"2020-10-14T16:29:57+00:00\" \/>\n<meta property=\"og:image\" content=\"https:\/\/www.ucf.edu.cu\/wp-content\/uploads\/2020\/10\/Felix-Duarte-y-sus-acompanantes-recorren-areas-del-Centro.jpg\" \/>\n\t<meta property=\"og:image:width\" content=\"602\" \/>\n\t<meta property=\"og:image:height\" content=\"400\" \/>\n\t<meta property=\"og:image:type\" content=\"image\/jpeg\" \/>\n<meta name=\"author\" content=\"Direcci\u00f3n de Comunicaci\u00f3n Institucional\" \/>\n<meta name=\"twitter:card\" content=\"summary_large_image\" \/>\n<meta name=\"twitter:creator\" content=\"@ucfgos\" \/>\n<meta name=\"twitter:site\" content=\"@ucfgos\" \/>\n<meta name=\"twitter:label1\" content=\"Escrito por\" \/>\n\t<meta name=\"twitter:data1\" content=\"Direcci\u00f3n de Comunicaci\u00f3n Institucional\" \/>\n\t<meta name=\"twitter:label2\" content=\"Tiempo de lectura\" \/>\n\t<meta name=\"twitter:data2\" content=\"3 minutos\" \/>\n<script type=\"application\/ld+json\" class=\"yoast-schema-graph\">{\"@context\":\"https:\\\/\\\/schema.org\",\"@graph\":[{\"@type\":\"Article\",\"@id\":\"https:\\\/\\\/www.ucf.edu.cu\\\/?p=6322#article\",\"isPartOf\":{\"@id\":\"https:\\\/\\\/www.ucf.edu.cu\\\/?p=6322\"},\"author\":{\"name\":\"Direcci\u00f3n de Comunicaci\u00f3n Institucional\",\"@id\":\"https:\\\/\\\/www.ucf.edu.cu\\\/#\\\/schema\\\/person\\\/1ab5c30ce7d7cff8d04e05d54e4467eb\"},\"headline\":\"Nuevo centro de capacitaci\u00f3n de AzCuba, regalo por el D\u00eda del Azucarero\",\"datePublished\":\"2020-10-14T16:26:12+00:00\",\"dateModified\":\"2020-10-14T16:29:57+00:00\",\"mainEntityOfPage\":{\"@id\":\"https:\\\/\\\/www.ucf.edu.cu\\\/?p=6322\"},\"wordCount\":682,\"commentCount\":0,\"publisher\":{\"@id\":\"https:\\\/\\\/www.ucf.edu.cu\\\/#organization\"},\"image\":{\"@id\":\"https:\\\/\\\/www.ucf.edu.cu\\\/?p=6322#primaryimage\"},\"thumbnailUrl\":\"https:\\\/\\\/www.ucf.edu.cu\\\/wp-content\\\/uploads\\\/2020\\\/10\\\/Felix-Duarte-y-sus-acompanantes-recorren-areas-del-Centro.jpg\",\"articleSection\":[\"Noticias\"],\"inLanguage\":\"es\",\"potentialAction\":[{\"@type\":\"CommentAction\",\"name\":\"Comment\",\"target\":[\"https:\\\/\\\/www.ucf.edu.cu\\\/?p=6322#respond\"]}]},{\"@type\":\"WebPage\",\"@id\":\"https:\\\/\\\/www.ucf.edu.cu\\\/?p=6322\",\"url\":\"https:\\\/\\\/www.ucf.edu.cu\\\/?p=6322\",\"name\":\"Nuevo centro de capacitaci\u00f3n de AzCuba, regalo por el D\u00eda del Azucarero - Universidad de Cienfuegos\",\"isPartOf\":{\"@id\":\"https:\\\/\\\/www.ucf.edu.cu\\\/#website\"},\"primaryImageOfPage\":{\"@id\":\"https:\\\/\\\/www.ucf.edu.cu\\\/?p=6322#primaryimage\"},\"image\":{\"@id\":\"https:\\\/\\\/www.ucf.edu.cu\\\/?p=6322#primaryimage\"},\"thumbnailUrl\":\"https:\\\/\\\/www.ucf.edu.cu\\\/wp-content\\\/uploads\\\/2020\\\/10\\\/Felix-Duarte-y-sus-acompanantes-recorren-areas-del-Centro.jpg\",\"datePublished\":\"2020-10-14T16:26:12+00:00\",\"dateModified\":\"2020-10-14T16:29:57+00:00\",\"description\":\"Noticias del \u00e1mbito universitario de la casa de altos estudios de Cienfuegos. Adem\u00e1s se muestran noticias del acontecer nacional e internacional de mayor relevancia.\",\"breadcrumb\":{\"@id\":\"https:\\\/\\\/www.ucf.edu.cu\\\/?p=6322#breadcrumb\"},\"inLanguage\":\"es\",\"potentialAction\":[{\"@type\":\"ReadAction\",\"target\":[\"https:\\\/\\\/www.ucf.edu.cu\\\/?p=6322\"]}]},{\"@type\":\"ImageObject\",\"inLanguage\":\"es\",\"@id\":\"https:\\\/\\\/www.ucf.edu.cu\\\/?p=6322#primaryimage\",\"url\":\"https:\\\/\\\/www.ucf.edu.cu\\\/wp-content\\\/uploads\\\/2020\\\/10\\\/Felix-Duarte-y-sus-acompanantes-recorren-areas-del-Centro.jpg\",\"contentUrl\":\"https:\\\/\\\/www.ucf.edu.cu\\\/wp-content\\\/uploads\\\/2020\\\/10\\\/Felix-Duarte-y-sus-acompanantes-recorren-areas-del-Centro.jpg\",\"width\":602,\"height\":400,\"caption\":\"????????????????????????????????????\"},{\"@type\":\"BreadcrumbList\",\"@id\":\"https:\\\/\\\/www.ucf.edu.cu\\\/?p=6322#breadcrumb\",\"itemListElement\":[{\"@type\":\"ListItem\",\"position\":1,\"name\":\"Portada\",\"item\":\"https:\\\/\\\/www.ucf.edu.cu\\\/\"},{\"@type\":\"ListItem\",\"position\":2,\"name\":\"Nuevo centro de capacitaci\u00f3n de AzCuba, regalo por el D\u00eda del Azucarero\"}]},{\"@type\":\"WebSite\",\"@id\":\"https:\\\/\\\/www.ucf.edu.cu\\\/#website\",\"url\":\"https:\\\/\\\/www.ucf.edu.cu\\\/\",\"name\":\"Universidad de Cienfuegos\",\"description\":\"Portal Web Universidad de Cienfuegos\",\"publisher\":{\"@id\":\"https:\\\/\\\/www.ucf.edu.cu\\\/#organization\"},\"alternateName\":\"Portal institucional de la UCf\",\"potentialAction\":[{\"@type\":\"SearchAction\",\"target\":{\"@type\":\"EntryPoint\",\"urlTemplate\":\"https:\\\/\\\/www.ucf.edu.cu\\\/?s={search_term_string}\"},\"query-input\":{\"@type\":\"PropertyValueSpecification\",\"valueRequired\":true,\"valueName\":\"search_term_string\"}}],\"inLanguage\":\"es\"},{\"@type\":\"Organization\",\"@id\":\"https:\\\/\\\/www.ucf.edu.cu\\\/#organization\",\"name\":\"Universidad de Cienfuegos\",\"url\":\"https:\\\/\\\/www.ucf.edu.cu\\\/\",\"logo\":{\"@type\":\"ImageObject\",\"inLanguage\":\"es\",\"@id\":\"https:\\\/\\\/www.ucf.edu.cu\\\/#\\\/schema\\\/logo\\\/image\\\/\",\"url\":\"https:\\\/\\\/www.ucf.edu.cu\\\/wp-content\\\/uploads\\\/2020\\\/11\\\/fe77b047cf65bbf66915926fa3c00c93_L.jpg\",\"contentUrl\":\"https:\\\/\\\/www.ucf.edu.cu\\\/wp-content\\\/uploads\\\/2020\\\/11\\\/fe77b047cf65bbf66915926fa3c00c93_L.jpg\",\"width\":1000,\"height\":763,\"caption\":\"Universidad de Cienfuegos\"},\"image\":{\"@id\":\"https:\\\/\\\/www.ucf.edu.cu\\\/#\\\/schema\\\/logo\\\/image\\\/\"},\"sameAs\":[\"https:\\\/\\\/www.facebook.com\\\/ucfgos\\\/\",\"https:\\\/\\\/x.com\\\/ucfgos\",\"https:\\\/\\\/www.instagram.com\\\/ucfgos\",\"https:\\\/\\\/www.youtube.com\\\/channel\\\/UCymAZYZHmPzh48cHLG6Nx4A\"]},{\"@type\":\"Person\",\"@id\":\"https:\\\/\\\/www.ucf.edu.cu\\\/#\\\/schema\\\/person\\\/1ab5c30ce7d7cff8d04e05d54e4467eb\",\"name\":\"Direcci\u00f3n de Comunicaci\u00f3n Institucional\",\"image\":{\"@type\":\"ImageObject\",\"inLanguage\":\"es\",\"@id\":\"https:\\\/\\\/secure.gravatar.com\\\/avatar\\\/df7a6ffea67205b2cec0557fac1b1c99168521f981217db8876f424e9d334540?s=96&d=mm&r=g\",\"url\":\"https:\\\/\\\/secure.gravatar.com\\\/avatar\\\/df7a6ffea67205b2cec0557fac1b1c99168521f981217db8876f424e9d334540?s=96&d=mm&r=g\",\"contentUrl\":\"https:\\\/\\\/secure.gravatar.com\\\/avatar\\\/df7a6ffea67205b2cec0557fac1b1c99168521f981217db8876f424e9d334540?s=96&d=mm&r=g\",\"caption\":\"Direcci\u00f3n de Comunicaci\u00f3n Institucional\"}}]}<\/script>\n<!-- \/ Yoast SEO plugin. -->","yoast_head_json":{"title":"Nuevo centro de capacitaci\u00f3n de AzCuba, regalo por el D\u00eda del Azucarero - Universidad de Cienfuegos","description":"Noticias del \u00e1mbito universitario de la casa de altos estudios de Cienfuegos. Adem\u00e1s se muestran noticias del acontecer nacional e internacional de mayor relevancia.","robots":{"index":"index","follow":"follow","max-snippet":"max-snippet:-1","max-image-preview":"max-image-preview:large","max-video-preview":"max-video-preview:-1"},"canonical":"https:\/\/www.ucf.edu.cu\/?p=6322","og_locale":"es_ES","og_type":"article","og_title":"Nuevo centro de capacitaci\u00f3n de AzCuba, regalo por el D\u00eda del Azucarero - Universidad de Cienfuegos","og_description":"Noticias del \u00e1mbito universitario de la casa de altos estudios de Cienfuegos. Adem\u00e1s se muestran noticias del acontecer nacional e internacional de mayor relevancia.","og_url":"https:\/\/www.ucf.edu.cu\/?p=6322","og_site_name":"Universidad de Cienfuegos","article_publisher":"https:\/\/www.facebook.com\/ucfgos\/","article_published_time":"2020-10-14T16:26:12+00:00","article_modified_time":"2020-10-14T16:29:57+00:00","og_image":[{"width":602,"height":400,"url":"https:\/\/www.ucf.edu.cu\/wp-content\/uploads\/2020\/10\/Felix-Duarte-y-sus-acompanantes-recorren-areas-del-Centro.jpg","type":"image\/jpeg"}],"author":"Direcci\u00f3n de Comunicaci\u00f3n Institucional","twitter_card":"summary_large_image","twitter_creator":"@ucfgos","twitter_site":"@ucfgos","twitter_misc":{"Escrito por":"Direcci\u00f3n de Comunicaci\u00f3n Institucional","Tiempo de lectura":"3 minutos"},"schema":{"@context":"https:\/\/schema.org","@graph":[{"@type":"Article","@id":"https:\/\/www.ucf.edu.cu\/?p=6322#article","isPartOf":{"@id":"https:\/\/www.ucf.edu.cu\/?p=6322"},"author":{"name":"Direcci\u00f3n de Comunicaci\u00f3n Institucional","@id":"https:\/\/www.ucf.edu.cu\/#\/schema\/person\/1ab5c30ce7d7cff8d04e05d54e4467eb"},"headline":"Nuevo centro de capacitaci\u00f3n de AzCuba, regalo por el D\u00eda del Azucarero","datePublished":"2020-10-14T16:26:12+00:00","dateModified":"2020-10-14T16:29:57+00:00","mainEntityOfPage":{"@id":"https:\/\/www.ucf.edu.cu\/?p=6322"},"wordCount":682,"commentCount":0,"publisher":{"@id":"https:\/\/www.ucf.edu.cu\/#organization"},"image":{"@id":"https:\/\/www.ucf.edu.cu\/?p=6322#primaryimage"},"thumbnailUrl":"https:\/\/www.ucf.edu.cu\/wp-content\/uploads\/2020\/10\/Felix-Duarte-y-sus-acompanantes-recorren-areas-del-Centro.jpg","articleSection":["Noticias"],"inLanguage":"es","potentialAction":[{"@type":"CommentAction","name":"Comment","target":["https:\/\/www.ucf.edu.cu\/?p=6322#respond"]}]},{"@type":"WebPage","@id":"https:\/\/www.ucf.edu.cu\/?p=6322","url":"https:\/\/www.ucf.edu.cu\/?p=6322","name":"Nuevo centro de capacitaci\u00f3n de AzCuba, regalo por el D\u00eda del Azucarero - Universidad de Cienfuegos","isPartOf":{"@id":"https:\/\/www.ucf.edu.cu\/#website"},"primaryImageOfPage":{"@id":"https:\/\/www.ucf.edu.cu\/?p=6322#primaryimage"},"image":{"@id":"https:\/\/www.ucf.edu.cu\/?p=6322#primaryimage"},"thumbnailUrl":"https:\/\/www.ucf.edu.cu\/wp-content\/uploads\/2020\/10\/Felix-Duarte-y-sus-acompanantes-recorren-areas-del-Centro.jpg","datePublished":"2020-10-14T16:26:12+00:00","dateModified":"2020-10-14T16:29:57+00:00","description":"Noticias del \u00e1mbito universitario de la casa de altos estudios de Cienfuegos. Adem\u00e1s se muestran noticias del acontecer nacional e internacional de mayor relevancia.","breadcrumb":{"@id":"https:\/\/www.ucf.edu.cu\/?p=6322#breadcrumb"},"inLanguage":"es","potentialAction":[{"@type":"ReadAction","target":["https:\/\/www.ucf.edu.cu\/?p=6322"]}]},{"@type":"ImageObject","inLanguage":"es","@id":"https:\/\/www.ucf.edu.cu\/?p=6322#primaryimage","url":"https:\/\/www.ucf.edu.cu\/wp-content\/uploads\/2020\/10\/Felix-Duarte-y-sus-acompanantes-recorren-areas-del-Centro.jpg","contentUrl":"https:\/\/www.ucf.edu.cu\/wp-content\/uploads\/2020\/10\/Felix-Duarte-y-sus-acompanantes-recorren-areas-del-Centro.jpg","width":602,"height":400,"caption":"????????????????????????????????????"},{"@type":"BreadcrumbList","@id":"https:\/\/www.ucf.edu.cu\/?p=6322#breadcrumb","itemListElement":[{"@type":"ListItem","position":1,"name":"Portada","item":"https:\/\/www.ucf.edu.cu\/"},{"@type":"ListItem","position":2,"name":"Nuevo centro de capacitaci\u00f3n de AzCuba, regalo por el D\u00eda del Azucarero"}]},{"@type":"WebSite","@id":"https:\/\/www.ucf.edu.cu\/#website","url":"https:\/\/www.ucf.edu.cu\/","name":"Universidad de Cienfuegos","description":"Portal Web Universidad de Cienfuegos","publisher":{"@id":"https:\/\/www.ucf.edu.cu\/#organization"},"alternateName":"Portal institucional de la UCf","potentialAction":[{"@type":"SearchAction","target":{"@type":"EntryPoint","urlTemplate":"https:\/\/www.ucf.edu.cu\/?s={search_term_string}"},"query-input":{"@type":"PropertyValueSpecification","valueRequired":true,"valueName":"search_term_string"}}],"inLanguage":"es"},{"@type":"Organization","@id":"https:\/\/www.ucf.edu.cu\/#organization","name":"Universidad de Cienfuegos","url":"https:\/\/www.ucf.edu.cu\/","logo":{"@type":"ImageObject","inLanguage":"es","@id":"https:\/\/www.ucf.edu.cu\/#\/schema\/logo\/image\/","url":"https:\/\/www.ucf.edu.cu\/wp-content\/uploads\/2020\/11\/fe77b047cf65bbf66915926fa3c00c93_L.jpg","contentUrl":"https:\/\/www.ucf.edu.cu\/wp-content\/uploads\/2020\/11\/fe77b047cf65bbf66915926fa3c00c93_L.jpg","width":1000,"height":763,"caption":"Universidad de Cienfuegos"},"image":{"@id":"https:\/\/www.ucf.edu.cu\/#\/schema\/logo\/image\/"},"sameAs":["https:\/\/www.facebook.com\/ucfgos\/","https:\/\/x.com\/ucfgos","https:\/\/www.instagram.com\/ucfgos","https:\/\/www.youtube.com\/channel\/UCymAZYZHmPzh48cHLG6Nx4A"]},{"@type":"Person","@id":"https:\/\/www.ucf.edu.cu\/#\/schema\/person\/1ab5c30ce7d7cff8d04e05d54e4467eb","name":"Direcci\u00f3n de Comunicaci\u00f3n Institucional","image":{"@type":"ImageObject","inLanguage":"es","@id":"https:\/\/secure.gravatar.com\/avatar\/df7a6ffea67205b2cec0557fac1b1c99168521f981217db8876f424e9d334540?s=96&d=mm&r=g","url":"https:\/\/secure.gravatar.com\/avatar\/df7a6ffea67205b2cec0557fac1b1c99168521f981217db8876f424e9d334540?s=96&d=mm&r=g","contentUrl":"https:\/\/secure.gravatar.com\/avatar\/df7a6ffea67205b2cec0557fac1b1c99168521f981217db8876f424e9d334540?s=96&d=mm&r=g","caption":"Direcci\u00f3n de Comunicaci\u00f3n Institucional"}}]}},"_links":{"self":[{"href":"https:\/\/www.ucf.edu.cu\/index.php?rest_route=\/wp\/v2\/posts\/6322","targetHints":{"allow":["GET"]}}],"collection":[{"href":"https:\/\/www.ucf.edu.cu\/index.php?rest_route=\/wp\/v2\/posts"}],"about":[{"href":"https:\/\/www.ucf.edu.cu\/index.php?rest_route=\/wp\/v2\/types\/post"}],"author":[{"embeddable":true,"href":"https:\/\/www.ucf.edu.cu\/index.php?rest_route=\/wp\/v2\/users\/6"}],"replies":[{"embeddable":true,"href":"https:\/\/www.ucf.edu.cu\/index.php?rest_route=%2Fwp%2Fv2%2Fcomments&post=6322"}],"version-history":[{"count":3,"href":"https:\/\/www.ucf.edu.cu\/index.php?rest_route=\/wp\/v2\/posts\/6322\/revisions"}],"predecessor-version":[{"id":6326,"href":"https:\/\/www.ucf.edu.cu\/index.php?rest_route=\/wp\/v2\/posts\/6322\/revisions\/6326"}],"wp:featuredmedia":[{"embeddable":true,"href":"https:\/\/www.ucf.edu.cu\/index.php?rest_route=\/wp\/v2\/media\/6323"}],"wp:attachment":[{"href":"https:\/\/www.ucf.edu.cu\/index.php?rest_route=%2Fwp%2Fv2%2Fmedia&parent=6322"}],"wp:term":[{"taxonomy":"category","embeddable":true,"href":"https:\/\/www.ucf.edu.cu\/index.php?rest_route=%2Fwp%2Fv2%2Fcategories&post=6322"},{"taxonomy":"post_tag","embeddable":true,"href":"https:\/\/www.ucf.edu.cu\/index.php?rest_route=%2Fwp%2Fv2%2Ftags&post=6322"}],"curies":[{"name":"wp","href":"https:\/\/api.w.org\/{rel}","templated":true}]}}