{"id":6327,"date":"2020-10-14T16:43:04","date_gmt":"2020-10-14T16:43:04","guid":{"rendered":"https:\/\/wwwa.ucf.edu.cu\/?p=6327"},"modified":"2020-10-14T16:45:07","modified_gmt":"2020-10-14T16:45:07","slug":"convocatoria-primera-edicion-doctorado-en-desarrollo-local-y-territorial","status":"publish","type":"post","link":"https:\/\/www.ucf.edu.cu\/?p=6327","title":{"rendered":"CONVOCATORIA PRIMERA EDICI\u00d3N DOCTORADO EN DESARROLLO LOCAL Y TERRITORIAL"},"content":{"rendered":"\t\t<div data-elementor-type=\"wp-post\" data-elementor-id=\"6327\" class=\"elementor elementor-6327\">\n\t\t\t\t\t\t<section class=\"elementor-section elementor-top-section elementor-element elementor-element-eb075bc elementor-section-boxed elementor-section-height-default elementor-section-height-default\" data-id=\"eb075bc\" data-element_type=\"section\" data-e-type=\"section\">\n\t\t\t\t\t\t<div class=\"elementor-container elementor-column-gap-default\">\n\t\t\t\t\t<div class=\"elementor-column elementor-col-100 elementor-top-column elementor-element elementor-element-1b338be\" data-id=\"1b338be\" data-element_type=\"column\" data-e-type=\"column\">\n\t\t\t<div class=\"elementor-widget-wrap elementor-element-populated\">\n\t\t\t\t\t\t<div class=\"elementor-element elementor-element-56d90cf elementor-widget elementor-widget-text-editor\" data-id=\"56d90cf\" data-element_type=\"widget\" data-e-type=\"widget\" data-widget_type=\"text-editor.default\">\n\t\t\t\t<div class=\"elementor-widget-container\">\n\t\t\t\t\t\t\t\t\t<div class=\"entry-content\"><div class=\"elementor elementor-6359\" data-elementor-type=\"wp-post\" data-elementor-id=\"6359\" data-elementor-settings=\"[]\"><div class=\"elementor-inner\"><div class=\"elementor-section-wrap\"><section class=\"elementor-section elementor-top-section elementor-element elementor-element-a5d82ac elementor-section-boxed elementor-section-height-default elementor-section-height-default\" data-id=\"a5d82ac\" data-element_type=\"section\"><div class=\"elementor-container elementor-column-gap-default\"><div class=\"elementor-row\"><div class=\"elementor-column elementor-col-100 elementor-top-column elementor-element elementor-element-f2d04c3\" data-id=\"f2d04c3\" data-element_type=\"column\"><div class=\"elementor-column-wrap elementor-element-populated\"><div class=\"elementor-widget-wrap\"><div class=\"elementor-element elementor-element-d29a095 elementor-widget elementor-widget-text-editor\" data-id=\"d29a095\" data-element_type=\"widget\" data-widget_type=\"text-editor.default\"><div class=\"elementor-widget-container\"><div class=\"elementor-text-editor elementor-clearfix\"><p>La Facultad de Ciencias Econ\u00f3micas de la Universidad de Cienfuegos \u201cCarlos Rafael Rodr\u00edguez\u201d convoca a la<strong> primera edici\u00f3n<\/strong> del <strong>Programa de Doctorado en Desarrollo Local y Territorial<\/strong>, con el objetivo de formar doctores en <strong>Ciencias Econ\u00f3micas y en Ciencias T\u00e9cnicas<\/strong> orientados a la investigaci\u00f3n y la innovaci\u00f3n para contribuir al desarrollo territorial.<\/p><p>Dicho programa propone dos <strong>l\u00edneas b\u00e1sicas de investigaci\u00f3n<\/strong>:<\/p><p>1-Econom\u00eda regional y desarrollo local.<\/p><p>2-Gesti\u00f3n organizacional e innovaci\u00f3n.<\/p><p><strong>El per\u00edodo de duraci\u00f3n del doctorado<\/strong> para el avance de las etapas de formaci\u00f3n previstas oscila entre 3 y 4 a\u00f1os.<\/p><p><strong>Requisitos para solicitar la admisi\u00f3n al programa de doctorado.<\/strong><\/p><ul><li>Ser graduado universitario en cualquiera de las \u00e1reas del conocimiento cient\u00edfico y de todas las profesiones en cuyo perfil se vincule a los procesos de gesti\u00f3n.<\/li><li>Tener v\u00ednculos profesionales y\/o laborales con actividades relacionadas con la gesti\u00f3n del desarrollo local y empresarial.<\/li><li>Demostrar con documentaci\u00f3n curricular, que posee la pr\u00e1ctica profesional y los antecedentes acad\u00e9micos y culturales requeridos para cumplir los objetivos del programa de doctorado.<\/li><li>El tema presentado, debe ajustarse a alguna de las tem\u00e1ticas correspondientes a las l\u00edneas b\u00e1sicas del doctorado. (Ver<a href=\"https:\/\/intranet.ucf.edu.cu\/wp-content\/uploads\/2020\/10\/SINTESIS-DEL-PROGRAMA-DL-Y-T-para-convocatoria.doc.pdf\"> S\u00edntesis del Programa de doctorado<\/a>)<\/li><li>Aval que acredite la pertenencia a un proyecto de investigaci\u00f3n.<\/li><li>Curr\u00edculum vitae (Ver<a href=\"https:\/\/intranet.ucf.edu.cu\/wp-content\/uploads\/2020\/10\/Modelo-Curriculum-Solicitantes-doctorado-DL-y-T.doc.pdf\"> Modelo Curr\u00edculum<\/a>)<\/li><\/ul><p>El programa est\u00e1 abierto a la matr\u00edcula de estudiantes extranjeros, los que deben cumplir los requisitos generales establecidos para todos los doctorandos y a la vez satisfacer las exigencias de legalizaci\u00f3n de los documentos establecidos.<\/p><p><strong>Sobre el proceso de Admisi\u00f3n:<\/strong> Para esta primera edici\u00f3n se realizar\u00e1 la admisi\u00f3n en dos momentos. Podr\u00e1n presentarse a Admisi\u00f3n todos los que soliciten y cumplan los requisitos necesarios. El Comit\u00e9 de doctorado elaborar\u00e1 un calendario para la presentaci\u00f3n de los interesados y comunicar\u00e1 oportunamente.<\/p><p>El solicitante har\u00e1 la presentaci\u00f3n en forma de proyecto de investigaci\u00f3n que incluya, la fundamentaci\u00f3n del tema y su relaci\u00f3n con el desarrollo local y territorial, un esbozo del marco te\u00f3rico y la estructura metodol\u00f3gica de la investigaci\u00f3n propuesta. Dicho proyecto ser\u00e1 expuesto de forma oral (10 minutos) ante un tribunal integrado por miembros del Comit\u00e9 de doctorado. Adem\u00e1s deber\u00e1 entregarse en formato duro.<\/p><p>El Comit\u00e9 de Doctorado, toda vez concluido el proceso de Admisi\u00f3n, selecciona los solicitantes que ingresar\u00e1n al programa previa valoraci\u00f3n del cumplimiento de los requisitos, as\u00ed como de la calidad de la presentaci\u00f3n, pertinencia y novedad del tema abordado.<\/p><p><strong>Documentaci\u00f3n para el ingreso y formalizaci\u00f3n de matr\u00edcula.<\/strong><\/p><p>La documentaci\u00f3n ser\u00e1 recepcionada en la Secretar\u00eda de postgrado de la Facultad de Ciencias Econ\u00f3micas. Deber\u00e1n presentarse los siguientes documentos:<\/p><ul><li>Carta de solicitud personal de ingreso al programa de doctorado, donde se fundamente la l\u00ednea de investigaci\u00f3n en la cual se desarrollar\u00e1 la investigaci\u00f3n.<\/li><li>Carta de aprobaci\u00f3n del jefe de la instituci\u00f3n donde labore el solicitante en la que se manifieste el compromiso a facilitar el cumplimiento de las actividades del plan de formaci\u00f3n.<\/li><li>Fotocopia legalizada del t\u00edtulo de graduado y de master (si lo fuera) en las instituciones e instancias que se establezcan.<\/li><li>Fotocopia de documentos solicitados por el Comit\u00e9 de Doctorado que demuestren contenidos vencidos en los \u00faltimos cinco a\u00f1os u otras actividades que puedan ser objeto de cr\u00e9ditos.<\/li><li>Dos fotos tipo carnet<\/li><\/ul><p><strong>Liberaci\u00f3n de convocatorias:<\/strong><\/p><p>El programa doctoral prev\u00e9 el comienzo de una edici\u00f3n al a\u00f1o. La documentaci\u00f3n correspondiente a cada edici\u00f3n ser\u00e1 socializada al momento del lanzamiento de la convocatoria de la edici\u00f3n correspondiente.<\/p><p><strong>Fechas importantes:<\/strong><\/p><ul><li>Socializaci\u00f3n de la Convocatoria: 12 de Octubre de 2020.<\/li><li>Entrega de solicitudes para matr\u00edcula: Hasta el 16 de noviembre de 2020.<\/li><li>Primera Admisi\u00f3n: 24 de Noviembre de 2020.<\/li><li>Segunda Admisi\u00f3n: 1 de Diciembre de 2020.<\/li><li>Comunicaci\u00f3n del listado oficial para matr\u00edcula: 18 de Diciembre de 2020.<\/li><li>Proceso de formalizaci\u00f3n de matr\u00edcula en secretar\u00eda: Del 1 al 28 Enero de 2021.<\/li><li>Apertura del Programa doctoral: 1 al 5 FEBRERO 2021.<\/li><\/ul><p><strong>Comit\u00e9 de Doctorado. Programa Desarrollo Local y Territorial<\/strong><\/p><p><strong>Correo de contacto:<\/strong> elita@ucf.edu.cu<\/p><\/div><\/div><\/div><\/div><\/div><\/div><\/div><\/div><\/section><\/div><\/div><\/div><\/div>\t\t\t\t\t\t\t\t<\/div>\n\t\t\t\t<\/div>\n\t\t\t\t\t<\/div>\n\t\t<\/div>\n\t\t\t\t\t<\/div>\n\t\t<\/section>\n\t\t\t\t<\/div>\n\t\t","protected":false},"excerpt":{"rendered":"<p>La Facultad de Ciencias Econ\u00f3micas de la Universidad de Cienfuegos \u201cCarlos Rafael Rodr\u00edguez\u201d convoca a la primera edici\u00f3n del Programa de Doctorado en Desarrollo Local y Territorial, con el objetivo de formar<a class=\"moretag\" href=\"https:\/\/www.ucf.edu.cu\/?p=6327\">Leer m\u00e1s&#8230;<\/a><\/p>\n","protected":false},"author":6,"featured_media":6328,"comment_status":"open","ping_status":"open","sticky":false,"template":"page-post-intra.php","format":"standard","meta":{"footnotes":""},"categories":[1],"tags":[],"class_list":["post-6327","post","type-post","status-publish","format-standard","has-post-thumbnail","hentry","category-eventos"],"yoast_head":"<!-- This site is optimized with the Yoast SEO plugin v27.4 - https:\/\/yoast.com\/product\/yoast-seo-wordpress\/ -->\n<title>CONVOCATORIA PRIMERA EDICI\u00d3N DOCTORADO EN DESARROLLO LOCAL Y TERRITORIAL - Universidad de Cienfuegos<\/title>\n<meta name=\"description\" content=\"Noticias del \u00e1mbito universitario de la casa de altos estudios de Cienfuegos. Adem\u00e1s se muestran noticias del acontecer nacional e internacional de mayor relevancia.\" \/>\n<meta name=\"robots\" content=\"index, follow, max-snippet:-1, max-image-preview:large, max-video-preview:-1\" \/>\n<link rel=\"canonical\" href=\"https:\/\/www.ucf.edu.cu\/?p=6327\" \/>\n<meta property=\"og:locale\" content=\"es_ES\" \/>\n<meta property=\"og:type\" content=\"article\" \/>\n<meta property=\"og:title\" content=\"CONVOCATORIA PRIMERA EDICI\u00d3N DOCTORADO EN DESARROLLO LOCAL Y TERRITORIAL - Universidad de Cienfuegos\" \/>\n<meta property=\"og:description\" content=\"Noticias del \u00e1mbito universitario de la casa de altos estudios de Cienfuegos. Adem\u00e1s se muestran noticias del acontecer nacional e internacional de mayor relevancia.\" \/>\n<meta property=\"og:url\" content=\"https:\/\/www.ucf.edu.cu\/?p=6327\" \/>\n<meta property=\"og:site_name\" content=\"Universidad de Cienfuegos\" \/>\n<meta property=\"article:publisher\" content=\"https:\/\/www.facebook.com\/ucfgos\/\" \/>\n<meta property=\"article:published_time\" content=\"2020-10-14T16:43:04+00:00\" \/>\n<meta property=\"article:modified_time\" content=\"2020-10-14T16:45:07+00:00\" \/>\n<meta property=\"og:image\" content=\"https:\/\/www.ucf.edu.cu\/wp-content\/uploads\/2020\/10\/ecoimaiss.jpg\" \/>\n\t<meta property=\"og:image:width\" content=\"680\" \/>\n\t<meta property=\"og:image:height\" content=\"477\" \/>\n\t<meta property=\"og:image:type\" content=\"image\/jpeg\" \/>\n<meta name=\"author\" content=\"Direcci\u00f3n de Comunicaci\u00f3n Institucional\" \/>\n<meta name=\"twitter:card\" content=\"summary_large_image\" \/>\n<meta name=\"twitter:creator\" content=\"@ucfgos\" \/>\n<meta name=\"twitter:site\" content=\"@ucfgos\" \/>\n<meta name=\"twitter:label1\" content=\"Escrito por\" \/>\n\t<meta name=\"twitter:data1\" content=\"Direcci\u00f3n de Comunicaci\u00f3n Institucional\" \/>\n\t<meta name=\"twitter:label2\" content=\"Tiempo de lectura\" \/>\n\t<meta name=\"twitter:data2\" content=\"4 minutos\" \/>\n<script type=\"application\/ld+json\" class=\"yoast-schema-graph\">{\"@context\":\"https:\\\/\\\/schema.org\",\"@graph\":[{\"@type\":\"Article\",\"@id\":\"https:\\\/\\\/www.ucf.edu.cu\\\/?p=6327#article\",\"isPartOf\":{\"@id\":\"https:\\\/\\\/www.ucf.edu.cu\\\/?p=6327\"},\"author\":{\"name\":\"Direcci\u00f3n de Comunicaci\u00f3n Institucional\",\"@id\":\"https:\\\/\\\/www.ucf.edu.cu\\\/#\\\/schema\\\/person\\\/1ab5c30ce7d7cff8d04e05d54e4467eb\"},\"headline\":\"CONVOCATORIA PRIMERA EDICI\u00d3N DOCTORADO EN DESARROLLO LOCAL Y TERRITORIAL\",\"datePublished\":\"2020-10-14T16:43:04+00:00\",\"dateModified\":\"2020-10-14T16:45:07+00:00\",\"mainEntityOfPage\":{\"@id\":\"https:\\\/\\\/www.ucf.edu.cu\\\/?p=6327\"},\"wordCount\":713,\"commentCount\":1,\"publisher\":{\"@id\":\"https:\\\/\\\/www.ucf.edu.cu\\\/#organization\"},\"image\":{\"@id\":\"https:\\\/\\\/www.ucf.edu.cu\\\/?p=6327#primaryimage\"},\"thumbnailUrl\":\"https:\\\/\\\/www.ucf.edu.cu\\\/wp-content\\\/uploads\\\/2020\\\/10\\\/ecoimaiss.jpg\",\"articleSection\":[\"Eventos\"],\"inLanguage\":\"es\",\"potentialAction\":[{\"@type\":\"CommentAction\",\"name\":\"Comment\",\"target\":[\"https:\\\/\\\/www.ucf.edu.cu\\\/?p=6327#respond\"]}]},{\"@type\":\"WebPage\",\"@id\":\"https:\\\/\\\/www.ucf.edu.cu\\\/?p=6327\",\"url\":\"https:\\\/\\\/www.ucf.edu.cu\\\/?p=6327\",\"name\":\"CONVOCATORIA PRIMERA EDICI\u00d3N DOCTORADO EN DESARROLLO LOCAL Y TERRITORIAL - Universidad de Cienfuegos\",\"isPartOf\":{\"@id\":\"https:\\\/\\\/www.ucf.edu.cu\\\/#website\"},\"primaryImageOfPage\":{\"@id\":\"https:\\\/\\\/www.ucf.edu.cu\\\/?p=6327#primaryimage\"},\"image\":{\"@id\":\"https:\\\/\\\/www.ucf.edu.cu\\\/?p=6327#primaryimage\"},\"thumbnailUrl\":\"https:\\\/\\\/www.ucf.edu.cu\\\/wp-content\\\/uploads\\\/2020\\\/10\\\/ecoimaiss.jpg\",\"datePublished\":\"2020-10-14T16:43:04+00:00\",\"dateModified\":\"2020-10-14T16:45:07+00:00\",\"description\":\"Noticias del \u00e1mbito universitario de la casa de altos estudios de Cienfuegos. Adem\u00e1s se muestran noticias del acontecer nacional e internacional de mayor relevancia.\",\"breadcrumb\":{\"@id\":\"https:\\\/\\\/www.ucf.edu.cu\\\/?p=6327#breadcrumb\"},\"inLanguage\":\"es\",\"potentialAction\":[{\"@type\":\"ReadAction\",\"target\":[\"https:\\\/\\\/www.ucf.edu.cu\\\/?p=6327\"]}]},{\"@type\":\"ImageObject\",\"inLanguage\":\"es\",\"@id\":\"https:\\\/\\\/www.ucf.edu.cu\\\/?p=6327#primaryimage\",\"url\":\"https:\\\/\\\/www.ucf.edu.cu\\\/wp-content\\\/uploads\\\/2020\\\/10\\\/ecoimaiss.jpg\",\"contentUrl\":\"https:\\\/\\\/www.ucf.edu.cu\\\/wp-content\\\/uploads\\\/2020\\\/10\\\/ecoimaiss.jpg\",\"width\":680,\"height\":477},{\"@type\":\"BreadcrumbList\",\"@id\":\"https:\\\/\\\/www.ucf.edu.cu\\\/?p=6327#breadcrumb\",\"itemListElement\":[{\"@type\":\"ListItem\",\"position\":1,\"name\":\"Portada\",\"item\":\"https:\\\/\\\/www.ucf.edu.cu\\\/\"},{\"@type\":\"ListItem\",\"position\":2,\"name\":\"CONVOCATORIA PRIMERA EDICI\u00d3N DOCTORADO EN DESARROLLO LOCAL Y TERRITORIAL\"}]},{\"@type\":\"WebSite\",\"@id\":\"https:\\\/\\\/www.ucf.edu.cu\\\/#website\",\"url\":\"https:\\\/\\\/www.ucf.edu.cu\\\/\",\"name\":\"Universidad de Cienfuegos\",\"description\":\"Portal Web Universidad de Cienfuegos\",\"publisher\":{\"@id\":\"https:\\\/\\\/www.ucf.edu.cu\\\/#organization\"},\"alternateName\":\"Portal institucional de la UCf\",\"potentialAction\":[{\"@type\":\"SearchAction\",\"target\":{\"@type\":\"EntryPoint\",\"urlTemplate\":\"https:\\\/\\\/www.ucf.edu.cu\\\/?s={search_term_string}\"},\"query-input\":{\"@type\":\"PropertyValueSpecification\",\"valueRequired\":true,\"valueName\":\"search_term_string\"}}],\"inLanguage\":\"es\"},{\"@type\":\"Organization\",\"@id\":\"https:\\\/\\\/www.ucf.edu.cu\\\/#organization\",\"name\":\"Universidad de Cienfuegos\",\"url\":\"https:\\\/\\\/www.ucf.edu.cu\\\/\",\"logo\":{\"@type\":\"ImageObject\",\"inLanguage\":\"es\",\"@id\":\"https:\\\/\\\/www.ucf.edu.cu\\\/#\\\/schema\\\/logo\\\/image\\\/\",\"url\":\"https:\\\/\\\/www.ucf.edu.cu\\\/wp-content\\\/uploads\\\/2020\\\/11\\\/fe77b047cf65bbf66915926fa3c00c93_L.jpg\",\"contentUrl\":\"https:\\\/\\\/www.ucf.edu.cu\\\/wp-content\\\/uploads\\\/2020\\\/11\\\/fe77b047cf65bbf66915926fa3c00c93_L.jpg\",\"width\":1000,\"height\":763,\"caption\":\"Universidad de Cienfuegos\"},\"image\":{\"@id\":\"https:\\\/\\\/www.ucf.edu.cu\\\/#\\\/schema\\\/logo\\\/image\\\/\"},\"sameAs\":[\"https:\\\/\\\/www.facebook.com\\\/ucfgos\\\/\",\"https:\\\/\\\/x.com\\\/ucfgos\",\"https:\\\/\\\/www.instagram.com\\\/ucfgos\",\"https:\\\/\\\/www.youtube.com\\\/channel\\\/UCymAZYZHmPzh48cHLG6Nx4A\"]},{\"@type\":\"Person\",\"@id\":\"https:\\\/\\\/www.ucf.edu.cu\\\/#\\\/schema\\\/person\\\/1ab5c30ce7d7cff8d04e05d54e4467eb\",\"name\":\"Direcci\u00f3n de Comunicaci\u00f3n Institucional\",\"image\":{\"@type\":\"ImageObject\",\"inLanguage\":\"es\",\"@id\":\"https:\\\/\\\/secure.gravatar.com\\\/avatar\\\/df7a6ffea67205b2cec0557fac1b1c99168521f981217db8876f424e9d334540?s=96&d=mm&r=g\",\"url\":\"https:\\\/\\\/secure.gravatar.com\\\/avatar\\\/df7a6ffea67205b2cec0557fac1b1c99168521f981217db8876f424e9d334540?s=96&d=mm&r=g\",\"contentUrl\":\"https:\\\/\\\/secure.gravatar.com\\\/avatar\\\/df7a6ffea67205b2cec0557fac1b1c99168521f981217db8876f424e9d334540?s=96&d=mm&r=g\",\"caption\":\"Direcci\u00f3n de Comunicaci\u00f3n Institucional\"}}]}<\/script>\n<!-- \/ Yoast SEO plugin. -->","yoast_head_json":{"title":"CONVOCATORIA PRIMERA EDICI\u00d3N DOCTORADO EN DESARROLLO LOCAL Y TERRITORIAL - Universidad de Cienfuegos","description":"Noticias del \u00e1mbito universitario de la casa de altos estudios de Cienfuegos. Adem\u00e1s se muestran noticias del acontecer nacional e internacional de mayor relevancia.","robots":{"index":"index","follow":"follow","max-snippet":"max-snippet:-1","max-image-preview":"max-image-preview:large","max-video-preview":"max-video-preview:-1"},"canonical":"https:\/\/www.ucf.edu.cu\/?p=6327","og_locale":"es_ES","og_type":"article","og_title":"CONVOCATORIA PRIMERA EDICI\u00d3N DOCTORADO EN DESARROLLO LOCAL Y TERRITORIAL - Universidad de Cienfuegos","og_description":"Noticias del \u00e1mbito universitario de la casa de altos estudios de Cienfuegos. Adem\u00e1s se muestran noticias del acontecer nacional e internacional de mayor relevancia.","og_url":"https:\/\/www.ucf.edu.cu\/?p=6327","og_site_name":"Universidad de Cienfuegos","article_publisher":"https:\/\/www.facebook.com\/ucfgos\/","article_published_time":"2020-10-14T16:43:04+00:00","article_modified_time":"2020-10-14T16:45:07+00:00","og_image":[{"width":680,"height":477,"url":"https:\/\/www.ucf.edu.cu\/wp-content\/uploads\/2020\/10\/ecoimaiss.jpg","type":"image\/jpeg"}],"author":"Direcci\u00f3n de Comunicaci\u00f3n Institucional","twitter_card":"summary_large_image","twitter_creator":"@ucfgos","twitter_site":"@ucfgos","twitter_misc":{"Escrito por":"Direcci\u00f3n de Comunicaci\u00f3n Institucional","Tiempo de lectura":"4 minutos"},"schema":{"@context":"https:\/\/schema.org","@graph":[{"@type":"Article","@id":"https:\/\/www.ucf.edu.cu\/?p=6327#article","isPartOf":{"@id":"https:\/\/www.ucf.edu.cu\/?p=6327"},"author":{"name":"Direcci\u00f3n de Comunicaci\u00f3n Institucional","@id":"https:\/\/www.ucf.edu.cu\/#\/schema\/person\/1ab5c30ce7d7cff8d04e05d54e4467eb"},"headline":"CONVOCATORIA PRIMERA EDICI\u00d3N DOCTORADO EN DESARROLLO LOCAL Y TERRITORIAL","datePublished":"2020-10-14T16:43:04+00:00","dateModified":"2020-10-14T16:45:07+00:00","mainEntityOfPage":{"@id":"https:\/\/www.ucf.edu.cu\/?p=6327"},"wordCount":713,"commentCount":1,"publisher":{"@id":"https:\/\/www.ucf.edu.cu\/#organization"},"image":{"@id":"https:\/\/www.ucf.edu.cu\/?p=6327#primaryimage"},"thumbnailUrl":"https:\/\/www.ucf.edu.cu\/wp-content\/uploads\/2020\/10\/ecoimaiss.jpg","articleSection":["Eventos"],"inLanguage":"es","potentialAction":[{"@type":"CommentAction","name":"Comment","target":["https:\/\/www.ucf.edu.cu\/?p=6327#respond"]}]},{"@type":"WebPage","@id":"https:\/\/www.ucf.edu.cu\/?p=6327","url":"https:\/\/www.ucf.edu.cu\/?p=6327","name":"CONVOCATORIA PRIMERA EDICI\u00d3N DOCTORADO EN DESARROLLO LOCAL Y TERRITORIAL - Universidad de Cienfuegos","isPartOf":{"@id":"https:\/\/www.ucf.edu.cu\/#website"},"primaryImageOfPage":{"@id":"https:\/\/www.ucf.edu.cu\/?p=6327#primaryimage"},"image":{"@id":"https:\/\/www.ucf.edu.cu\/?p=6327#primaryimage"},"thumbnailUrl":"https:\/\/www.ucf.edu.cu\/wp-content\/uploads\/2020\/10\/ecoimaiss.jpg","datePublished":"2020-10-14T16:43:04+00:00","dateModified":"2020-10-14T16:45:07+00:00","description":"Noticias del \u00e1mbito universitario de la casa de altos estudios de Cienfuegos. Adem\u00e1s se muestran noticias del acontecer nacional e internacional de mayor relevancia.","breadcrumb":{"@id":"https:\/\/www.ucf.edu.cu\/?p=6327#breadcrumb"},"inLanguage":"es","potentialAction":[{"@type":"ReadAction","target":["https:\/\/www.ucf.edu.cu\/?p=6327"]}]},{"@type":"ImageObject","inLanguage":"es","@id":"https:\/\/www.ucf.edu.cu\/?p=6327#primaryimage","url":"https:\/\/www.ucf.edu.cu\/wp-content\/uploads\/2020\/10\/ecoimaiss.jpg","contentUrl":"https:\/\/www.ucf.edu.cu\/wp-content\/uploads\/2020\/10\/ecoimaiss.jpg","width":680,"height":477},{"@type":"BreadcrumbList","@id":"https:\/\/www.ucf.edu.cu\/?p=6327#breadcrumb","itemListElement":[{"@type":"ListItem","position":1,"name":"Portada","item":"https:\/\/www.ucf.edu.cu\/"},{"@type":"ListItem","position":2,"name":"CONVOCATORIA PRIMERA EDICI\u00d3N DOCTORADO EN DESARROLLO LOCAL Y TERRITORIAL"}]},{"@type":"WebSite","@id":"https:\/\/www.ucf.edu.cu\/#website","url":"https:\/\/www.ucf.edu.cu\/","name":"Universidad de Cienfuegos","description":"Portal Web Universidad de Cienfuegos","publisher":{"@id":"https:\/\/www.ucf.edu.cu\/#organization"},"alternateName":"Portal institucional de la UCf","potentialAction":[{"@type":"SearchAction","target":{"@type":"EntryPoint","urlTemplate":"https:\/\/www.ucf.edu.cu\/?s={search_term_string}"},"query-input":{"@type":"PropertyValueSpecification","valueRequired":true,"valueName":"search_term_string"}}],"inLanguage":"es"},{"@type":"Organization","@id":"https:\/\/www.ucf.edu.cu\/#organization","name":"Universidad de Cienfuegos","url":"https:\/\/www.ucf.edu.cu\/","logo":{"@type":"ImageObject","inLanguage":"es","@id":"https:\/\/www.ucf.edu.cu\/#\/schema\/logo\/image\/","url":"https:\/\/www.ucf.edu.cu\/wp-content\/uploads\/2020\/11\/fe77b047cf65bbf66915926fa3c00c93_L.jpg","contentUrl":"https:\/\/www.ucf.edu.cu\/wp-content\/uploads\/2020\/11\/fe77b047cf65bbf66915926fa3c00c93_L.jpg","width":1000,"height":763,"caption":"Universidad de Cienfuegos"},"image":{"@id":"https:\/\/www.ucf.edu.cu\/#\/schema\/logo\/image\/"},"sameAs":["https:\/\/www.facebook.com\/ucfgos\/","https:\/\/x.com\/ucfgos","https:\/\/www.instagram.com\/ucfgos","https:\/\/www.youtube.com\/channel\/UCymAZYZHmPzh48cHLG6Nx4A"]},{"@type":"Person","@id":"https:\/\/www.ucf.edu.cu\/#\/schema\/person\/1ab5c30ce7d7cff8d04e05d54e4467eb","name":"Direcci\u00f3n de Comunicaci\u00f3n Institucional","image":{"@type":"ImageObject","inLanguage":"es","@id":"https:\/\/secure.gravatar.com\/avatar\/df7a6ffea67205b2cec0557fac1b1c99168521f981217db8876f424e9d334540?s=96&d=mm&r=g","url":"https:\/\/secure.gravatar.com\/avatar\/df7a6ffea67205b2cec0557fac1b1c99168521f981217db8876f424e9d334540?s=96&d=mm&r=g","contentUrl":"https:\/\/secure.gravatar.com\/avatar\/df7a6ffea67205b2cec0557fac1b1c99168521f981217db8876f424e9d334540?s=96&d=mm&r=g","caption":"Direcci\u00f3n de Comunicaci\u00f3n Institucional"}}]}},"_links":{"self":[{"href":"https:\/\/www.ucf.edu.cu\/index.php?rest_route=\/wp\/v2\/posts\/6327","targetHints":{"allow":["GET"]}}],"collection":[{"href":"https:\/\/www.ucf.edu.cu\/index.php?rest_route=\/wp\/v2\/posts"}],"about":[{"href":"https:\/\/www.ucf.edu.cu\/index.php?rest_route=\/wp\/v2\/types\/post"}],"author":[{"embeddable":true,"href":"https:\/\/www.ucf.edu.cu\/index.php?rest_route=\/wp\/v2\/users\/6"}],"replies":[{"embeddable":true,"href":"https:\/\/www.ucf.edu.cu\/index.php?rest_route=%2Fwp%2Fv2%2Fcomments&post=6327"}],"version-history":[{"count":2,"href":"https:\/\/www.ucf.edu.cu\/index.php?rest_route=\/wp\/v2\/posts\/6327\/revisions"}],"predecessor-version":[{"id":6330,"href":"https:\/\/www.ucf.edu.cu\/index.php?rest_route=\/wp\/v2\/posts\/6327\/revisions\/6330"}],"wp:featuredmedia":[{"embeddable":true,"href":"https:\/\/www.ucf.edu.cu\/index.php?rest_route=\/wp\/v2\/media\/6328"}],"wp:attachment":[{"href":"https:\/\/www.ucf.edu.cu\/index.php?rest_route=%2Fwp%2Fv2%2Fmedia&parent=6327"}],"wp:term":[{"taxonomy":"category","embeddable":true,"href":"https:\/\/www.ucf.edu.cu\/index.php?rest_route=%2Fwp%2Fv2%2Fcategories&post=6327"},{"taxonomy":"post_tag","embeddable":true,"href":"https:\/\/www.ucf.edu.cu\/index.php?rest_route=%2Fwp%2Fv2%2Ftags&post=6327"}],"curies":[{"name":"wp","href":"https:\/\/api.w.org\/{rel}","templated":true}]}}