{"id":6386,"date":"2020-10-16T17:01:40","date_gmt":"2020-10-16T17:01:40","guid":{"rendered":"https:\/\/www.ucf.edu.cu\/?p=6386"},"modified":"2020-10-16T17:02:14","modified_gmt":"2020-10-16T17:02:14","slug":"programa-posdoctoral-direccion-de-la-investigacion-cientifica-y-de-la-innovacion-como-vias-de-profesionalizacion","status":"publish","type":"post","link":"https:\/\/www.ucf.edu.cu\/?p=6386","title":{"rendered":"Programa Posdoctoral \u201cDirecci\u00f3n de la investigaci\u00f3n cient\u00edfica y de la innovaci\u00f3n como v\u00edas de profesionalizaci\u00f3n\u201d"},"content":{"rendered":"\t\t<div data-elementor-type=\"wp-post\" data-elementor-id=\"6386\" class=\"elementor elementor-6386\">\n\t\t\t\t\t\t<section class=\"elementor-section elementor-top-section elementor-element elementor-element-5e1170b elementor-section-boxed elementor-section-height-default elementor-section-height-default\" data-id=\"5e1170b\" data-element_type=\"section\" data-e-type=\"section\">\n\t\t\t\t\t\t<div class=\"elementor-container elementor-column-gap-default\">\n\t\t\t\t\t<div class=\"elementor-column elementor-col-100 elementor-top-column elementor-element elementor-element-20b0111\" data-id=\"20b0111\" data-element_type=\"column\" data-e-type=\"column\">\n\t\t\t<div class=\"elementor-widget-wrap elementor-element-populated\">\n\t\t\t\t\t\t<div class=\"elementor-element elementor-element-a3a081c elementor-widget elementor-widget-text-editor\" data-id=\"a3a081c\" data-element_type=\"widget\" data-e-type=\"widget\" data-widget_type=\"text-editor.default\">\n\t\t\t\t<div class=\"elementor-widget-container\">\n\t\t\t\t\t\t\t\t\t<p>El Centro de Estudios de la Did\u00e1ctica y Direcci\u00f3n de la Educaci\u00f3n Superior (CEDDES), que pertenece a la Facultad de Educaci\u00f3n (FE) de la Universidad Cienfuegos \u201cCarlos Rafael Rodr\u00edguez\u201d, <strong>convoca<\/strong> a los interesados a cursar el Programa de Posgrado Posdoctoral \u201cDirecci\u00f3n de la investigaci\u00f3n cient\u00edfica y de la innovaci\u00f3n como v\u00edas de profesionalizaci\u00f3n\u201d.<\/p><p>El programa tiene como <strong>objetivo general<\/strong>: actualizar a los doctores en la direcci\u00f3n de la investigaci\u00f3n cient\u00edfica y la innovaci\u00f3n como v\u00eda de profesionalizaci\u00f3n, de manera que favorezca su desempe\u00f1o en las actividades sustantivas de la Universidad. Su duraci\u00f3n es de 8 meses y comenzar\u00e1 el 10 de noviembre del 2021<strong> \u00a0<\/strong><\/p><p>Los contenidos del programa se han determinado de acuerdo con las necesidades de actualizaci\u00f3n enmarcadas en el objetivo y est\u00e1n en correspondencia con las <strong>l\u00edneas<\/strong> siguientes:<\/p><ul><li>La profesionalizaci\u00f3n en la direcci\u00f3n cient\u00edfica y la innovaci\u00f3n.<\/li><li>La tutor\u00eda en la formaci\u00f3n doctoral.<\/li><li>La gesti\u00f3n de proyectos de investigaci\u00f3n cient\u00edfica y de innovaci\u00f3n.<\/li><li>Metodolog\u00eda de la investigaci\u00f3n cient\u00edfica.<\/li><\/ul><p>El programa culmina con la <strong>presentaci\u00f3n de un<\/strong> <strong>resultado<\/strong> que puede ser:<\/p><ul><li>Un art\u00edculo cient\u00edfico.<\/li><li>Una tesina.<\/li><li>Un proyecto de investigaci\u00f3n.<\/li><\/ul><p>Los <strong>requisitos generales de admisi\u00f3n <\/strong>son<strong>:<\/strong><\/p><ul><li>Ser egresado de un programa de formaci\u00f3n doctoral de cualquier universidad del pa\u00eds y<\/li><li>Tener disponibilidad de tiempo para asistir a las actividades docentes y para la realizaci\u00f3n del trabajo final.<\/li><\/ul><p>Los interesados deben enviar un correo electr\u00f3nico antes del 30 de octubre del 2020 a <a href=\"mailto:asarria@ucf.edu.cu\"><strong>asarria@ucf.edu.cu<\/strong><\/a><\/p><p>El comit\u00e9 acad\u00e9mico tiene la responsabilidad de evaluar al candidato y emitir su dictamen. Mediante un correo electr\u00f3nico, se informar\u00e1 al interesado el resultado de dicha evaluaci\u00f3n.<\/p><p>Para hacer firme la matr\u00edcula, se debe presentar:<\/p><ul><li>Carta de solicitud personal (en ella debe aparecer el nombre (s) y apellidos, la firma y la fecha de solicitud. La firma solo con tinta negra o azul). Adem\u00e1s la l\u00ednea o tema de investigaci\u00f3n en el que se propone trabajar.<\/li><li>Foto 1\u00d71.<\/li><li>Fotocopia del t\u00edtulo universitario y del t\u00edtulo de doctor debidamente cotejadas (tama\u00f1o carta). Se debe registrar el nombre de la persona que efectu\u00f3 la revisi\u00f3n del t\u00edtulo y la fecha en que se realiz\u00f3.<\/li><li>Fotocopia de carn\u00e9 de identidad (tama\u00f1o carta).<\/li><li>Curr\u00edculo vitae, firmado en cada hoja por el solicitante. En la \u00faltima hoja, la firma debe aparecer encima del nombre y apellidos.<\/li><li>Documento que contenga, seg\u00fan el caso:<\/li><\/ul><ol><li>a) Autorizaci\u00f3n del jefe inmediato o del nivel de direcci\u00f3n que est\u00e9 facultado en los organismos, empresas o unidad del trabajador del sector estatal (tiene que aparecer el nombre y apellidos de la persona que autoriza, firmada y acu\u00f1ada, as\u00ed como la fecha de emisi\u00f3n).<\/li><li>b) Aprobaci\u00f3n por el decano o director de la instituci\u00f3n autorizada donde radica el programa, para los jubilados y personas sin v\u00ednculo laboral, teniendo en cuenta las capacidades disponibles (tiene que aparecer el nombre y apellidos de la persona que autoriza, firmada y acu\u00f1ada, as\u00ed como la fecha de emisi\u00f3n).<\/li><li>c) Si es cuadro, autorizaci\u00f3n de la comisi\u00f3n de cuadros de su nivel de direcci\u00f3n (tiene que aparecer el nombre y apellidos de la persona que autoriza, firmada y acu\u00f1ada, as\u00ed como la fecha de emisi\u00f3n).<\/li><li>d) Acreditaci\u00f3n de trabajador del sector no estatal.<\/li><\/ol><ul><li>Aval firmado por la administraci\u00f3n y el secretario general de la secci\u00f3n sindical, en correspondencia con el formulario que se anexa.<\/li><\/ul><p>La documentaci\u00f3n deber ser entregada en la secretar\u00eda de la Facultad de Educaci\u00f3n del 2 al 6 de noviembre del 2020, en el horario de 9:00am a 12:00pm.\u00a0\u00a0\u00a0\u00a0\u00a0\u00a0\u00a0\u00a0\u00a0\u00a0\u00a0\u00a0\u00a0\u00a0\u00a0\u00a0\u00a0\u00a0\u00a0\u00a0\u00a0\u00a0\u00a0\u00a0\u00a0\u00a0\u00a0\u00a0\u00a0\u00a0\u00a0\u00a0\u00a0\u00a0\u00a0\u00a0\u00a0\u00a0\u00a0\u00a0\u00a0\u00a0\u00a0\u00a0\u00a0\u00a0\u00a0\u00a0\u00a0\u00a0\u00a0\u00a0\u00a0\u00a0\u00a0\u00a0\u00a0\u00a0\u00a0\u00a0\u00a0\u00a0\u00a0\u00a0\u00a0\u00a0\u00a0\u00a0\u00a0\u00a0\u00a0\u00a0\u00a0\u00a0\u00a0\u00a0\u00a0\u00a0\u00a0\u00a0\u00a0\u00a0\u00a0\u00a0\u00a0\u00a0\u00a0\u00a0\u00a0\u00a0\u00a0\u00a0\u00a0\u00a0\u00a0\u00a0\u00a0\u00a0\u00a0 \u00a0\u00a0\u00a0\u00a0\u00a0\u00a0\u00a0\u00a0\u00a0\u00a0\u00a0\u00a0\u00a0\u00a0\u00a0\u00a0\u00a0\u00a0\u00a0\u00a0\u00a0\u00a0\u00a0\u00a0\u00a0\u00a0\u00a0\u00a0<\/p><p><strong>Dr. C. \u00c1ngela Sarr\u00eda Stuart. Coordinadora del Programa.<\/strong><\/p>\t\t\t\t\t\t\t\t<\/div>\n\t\t\t\t<\/div>\n\t\t\t\t\t<\/div>\n\t\t<\/div>\n\t\t\t\t\t<\/div>\n\t\t<\/section>\n\t\t\t\t<\/div>\n\t\t","protected":false},"excerpt":{"rendered":"<p>El Centro de Estudios de la Did\u00e1ctica y Direcci\u00f3n de la Educaci\u00f3n Superior (CEDDES), que pertenece a la Facultad de Educaci\u00f3n (FE) de la Universidad Cienfuegos \u201cCarlos Rafael Rodr\u00edguez\u201d, convoca a los<a class=\"moretag\" href=\"https:\/\/www.ucf.edu.cu\/?p=6386\">Leer m\u00e1s&#8230;<\/a><\/p>\n","protected":false},"author":6,"featured_media":6387,"comment_status":"open","ping_status":"open","sticky":false,"template":"page-post-intra.php","format":"standard","meta":{"footnotes":""},"categories":[1],"tags":[],"class_list":["post-6386","post","type-post","status-publish","format-standard","has-post-thumbnail","hentry","category-eventos"],"yoast_head":"<!-- This site is optimized with the Yoast SEO plugin v27.4 - https:\/\/yoast.com\/product\/yoast-seo-wordpress\/ -->\n<title>Programa Posdoctoral \u201cDirecci\u00f3n de la investigaci\u00f3n cient\u00edfica y de la innovaci\u00f3n como v\u00edas de profesionalizaci\u00f3n\u201d - Universidad de Cienfuegos<\/title>\n<meta name=\"description\" content=\"Noticias del \u00e1mbito universitario de la casa de altos estudios de Cienfuegos. Adem\u00e1s se muestran noticias del acontecer nacional e internacional de mayor relevancia.\" \/>\n<meta name=\"robots\" content=\"index, follow, max-snippet:-1, max-image-preview:large, max-video-preview:-1\" \/>\n<link rel=\"canonical\" href=\"https:\/\/www.ucf.edu.cu\/?p=6386\" \/>\n<meta property=\"og:locale\" content=\"es_ES\" \/>\n<meta property=\"og:type\" content=\"article\" \/>\n<meta property=\"og:title\" content=\"Programa Posdoctoral \u201cDirecci\u00f3n de la investigaci\u00f3n cient\u00edfica y de la innovaci\u00f3n como v\u00edas de profesionalizaci\u00f3n\u201d - Universidad de Cienfuegos\" \/>\n<meta property=\"og:description\" content=\"Noticias del \u00e1mbito universitario de la casa de altos estudios de Cienfuegos. Adem\u00e1s se muestran noticias del acontecer nacional e internacional de mayor relevancia.\" \/>\n<meta property=\"og:url\" content=\"https:\/\/www.ucf.edu.cu\/?p=6386\" \/>\n<meta property=\"og:site_name\" content=\"Universidad de Cienfuegos\" \/>\n<meta property=\"article:publisher\" content=\"https:\/\/www.facebook.com\/ucfgos\/\" \/>\n<meta property=\"article:published_time\" content=\"2020-10-16T17:01:40+00:00\" \/>\n<meta property=\"article:modified_time\" content=\"2020-10-16T17:02:14+00:00\" \/>\n<meta property=\"og:image\" content=\"https:\/\/www.ucf.edu.cu\/wp-content\/uploads\/2020\/10\/premio-a-la-investigacion-e-innovacion-educativa-publicacion-de-finalistas.jpg\" \/>\n\t<meta property=\"og:image:width\" content=\"600\" \/>\n\t<meta property=\"og:image:height\" content=\"320\" \/>\n\t<meta property=\"og:image:type\" content=\"image\/jpeg\" \/>\n<meta name=\"author\" content=\"Direcci\u00f3n de Comunicaci\u00f3n Institucional\" \/>\n<meta name=\"twitter:card\" content=\"summary_large_image\" \/>\n<meta name=\"twitter:creator\" content=\"@ucfgos\" \/>\n<meta name=\"twitter:site\" content=\"@ucfgos\" \/>\n<meta name=\"twitter:label1\" content=\"Escrito por\" \/>\n\t<meta name=\"twitter:data1\" content=\"Direcci\u00f3n de Comunicaci\u00f3n Institucional\" \/>\n\t<meta name=\"twitter:label2\" content=\"Tiempo de lectura\" \/>\n\t<meta name=\"twitter:data2\" content=\"3 minutos\" \/>\n<script type=\"application\/ld+json\" class=\"yoast-schema-graph\">{\"@context\":\"https:\\\/\\\/schema.org\",\"@graph\":[{\"@type\":\"Article\",\"@id\":\"https:\\\/\\\/www.ucf.edu.cu\\\/?p=6386#article\",\"isPartOf\":{\"@id\":\"https:\\\/\\\/www.ucf.edu.cu\\\/?p=6386\"},\"author\":{\"name\":\"Direcci\u00f3n de Comunicaci\u00f3n Institucional\",\"@id\":\"https:\\\/\\\/www.ucf.edu.cu\\\/#\\\/schema\\\/person\\\/1ab5c30ce7d7cff8d04e05d54e4467eb\"},\"headline\":\"Programa Posdoctoral \u201cDirecci\u00f3n de la investigaci\u00f3n cient\u00edfica y de la innovaci\u00f3n como v\u00edas de profesionalizaci\u00f3n\u201d\",\"datePublished\":\"2020-10-16T17:01:40+00:00\",\"dateModified\":\"2020-10-16T17:02:14+00:00\",\"mainEntityOfPage\":{\"@id\":\"https:\\\/\\\/www.ucf.edu.cu\\\/?p=6386\"},\"wordCount\":672,\"commentCount\":0,\"publisher\":{\"@id\":\"https:\\\/\\\/www.ucf.edu.cu\\\/#organization\"},\"image\":{\"@id\":\"https:\\\/\\\/www.ucf.edu.cu\\\/?p=6386#primaryimage\"},\"thumbnailUrl\":\"https:\\\/\\\/www.ucf.edu.cu\\\/wp-content\\\/uploads\\\/2020\\\/10\\\/premio-a-la-investigacion-e-innovacion-educativa-publicacion-de-finalistas.jpg\",\"articleSection\":[\"Eventos\"],\"inLanguage\":\"es\",\"potentialAction\":[{\"@type\":\"CommentAction\",\"name\":\"Comment\",\"target\":[\"https:\\\/\\\/www.ucf.edu.cu\\\/?p=6386#respond\"]}]},{\"@type\":\"WebPage\",\"@id\":\"https:\\\/\\\/www.ucf.edu.cu\\\/?p=6386\",\"url\":\"https:\\\/\\\/www.ucf.edu.cu\\\/?p=6386\",\"name\":\"Programa Posdoctoral \u201cDirecci\u00f3n de la investigaci\u00f3n cient\u00edfica y de la innovaci\u00f3n como v\u00edas de profesionalizaci\u00f3n\u201d - Universidad de Cienfuegos\",\"isPartOf\":{\"@id\":\"https:\\\/\\\/www.ucf.edu.cu\\\/#website\"},\"primaryImageOfPage\":{\"@id\":\"https:\\\/\\\/www.ucf.edu.cu\\\/?p=6386#primaryimage\"},\"image\":{\"@id\":\"https:\\\/\\\/www.ucf.edu.cu\\\/?p=6386#primaryimage\"},\"thumbnailUrl\":\"https:\\\/\\\/www.ucf.edu.cu\\\/wp-content\\\/uploads\\\/2020\\\/10\\\/premio-a-la-investigacion-e-innovacion-educativa-publicacion-de-finalistas.jpg\",\"datePublished\":\"2020-10-16T17:01:40+00:00\",\"dateModified\":\"2020-10-16T17:02:14+00:00\",\"description\":\"Noticias del \u00e1mbito universitario de la casa de altos estudios de Cienfuegos. Adem\u00e1s se muestran noticias del acontecer nacional e internacional de mayor relevancia.\",\"breadcrumb\":{\"@id\":\"https:\\\/\\\/www.ucf.edu.cu\\\/?p=6386#breadcrumb\"},\"inLanguage\":\"es\",\"potentialAction\":[{\"@type\":\"ReadAction\",\"target\":[\"https:\\\/\\\/www.ucf.edu.cu\\\/?p=6386\"]}]},{\"@type\":\"ImageObject\",\"inLanguage\":\"es\",\"@id\":\"https:\\\/\\\/www.ucf.edu.cu\\\/?p=6386#primaryimage\",\"url\":\"https:\\\/\\\/www.ucf.edu.cu\\\/wp-content\\\/uploads\\\/2020\\\/10\\\/premio-a-la-investigacion-e-innovacion-educativa-publicacion-de-finalistas.jpg\",\"contentUrl\":\"https:\\\/\\\/www.ucf.edu.cu\\\/wp-content\\\/uploads\\\/2020\\\/10\\\/premio-a-la-investigacion-e-innovacion-educativa-publicacion-de-finalistas.jpg\",\"width\":600,\"height\":320},{\"@type\":\"BreadcrumbList\",\"@id\":\"https:\\\/\\\/www.ucf.edu.cu\\\/?p=6386#breadcrumb\",\"itemListElement\":[{\"@type\":\"ListItem\",\"position\":1,\"name\":\"Portada\",\"item\":\"https:\\\/\\\/www.ucf.edu.cu\\\/\"},{\"@type\":\"ListItem\",\"position\":2,\"name\":\"Programa Posdoctoral \u201cDirecci\u00f3n de la investigaci\u00f3n cient\u00edfica y de la innovaci\u00f3n como v\u00edas de profesionalizaci\u00f3n\u201d\"}]},{\"@type\":\"WebSite\",\"@id\":\"https:\\\/\\\/www.ucf.edu.cu\\\/#website\",\"url\":\"https:\\\/\\\/www.ucf.edu.cu\\\/\",\"name\":\"Universidad de Cienfuegos\",\"description\":\"Portal Web Universidad de Cienfuegos\",\"publisher\":{\"@id\":\"https:\\\/\\\/www.ucf.edu.cu\\\/#organization\"},\"alternateName\":\"Portal institucional de la UCf\",\"potentialAction\":[{\"@type\":\"SearchAction\",\"target\":{\"@type\":\"EntryPoint\",\"urlTemplate\":\"https:\\\/\\\/www.ucf.edu.cu\\\/?s={search_term_string}\"},\"query-input\":{\"@type\":\"PropertyValueSpecification\",\"valueRequired\":true,\"valueName\":\"search_term_string\"}}],\"inLanguage\":\"es\"},{\"@type\":\"Organization\",\"@id\":\"https:\\\/\\\/www.ucf.edu.cu\\\/#organization\",\"name\":\"Universidad de Cienfuegos\",\"url\":\"https:\\\/\\\/www.ucf.edu.cu\\\/\",\"logo\":{\"@type\":\"ImageObject\",\"inLanguage\":\"es\",\"@id\":\"https:\\\/\\\/www.ucf.edu.cu\\\/#\\\/schema\\\/logo\\\/image\\\/\",\"url\":\"https:\\\/\\\/www.ucf.edu.cu\\\/wp-content\\\/uploads\\\/2020\\\/11\\\/fe77b047cf65bbf66915926fa3c00c93_L.jpg\",\"contentUrl\":\"https:\\\/\\\/www.ucf.edu.cu\\\/wp-content\\\/uploads\\\/2020\\\/11\\\/fe77b047cf65bbf66915926fa3c00c93_L.jpg\",\"width\":1000,\"height\":763,\"caption\":\"Universidad de Cienfuegos\"},\"image\":{\"@id\":\"https:\\\/\\\/www.ucf.edu.cu\\\/#\\\/schema\\\/logo\\\/image\\\/\"},\"sameAs\":[\"https:\\\/\\\/www.facebook.com\\\/ucfgos\\\/\",\"https:\\\/\\\/x.com\\\/ucfgos\",\"https:\\\/\\\/www.instagram.com\\\/ucfgos\",\"https:\\\/\\\/www.youtube.com\\\/channel\\\/UCymAZYZHmPzh48cHLG6Nx4A\"]},{\"@type\":\"Person\",\"@id\":\"https:\\\/\\\/www.ucf.edu.cu\\\/#\\\/schema\\\/person\\\/1ab5c30ce7d7cff8d04e05d54e4467eb\",\"name\":\"Direcci\u00f3n de Comunicaci\u00f3n Institucional\",\"image\":{\"@type\":\"ImageObject\",\"inLanguage\":\"es\",\"@id\":\"https:\\\/\\\/secure.gravatar.com\\\/avatar\\\/df7a6ffea67205b2cec0557fac1b1c99168521f981217db8876f424e9d334540?s=96&d=mm&r=g\",\"url\":\"https:\\\/\\\/secure.gravatar.com\\\/avatar\\\/df7a6ffea67205b2cec0557fac1b1c99168521f981217db8876f424e9d334540?s=96&d=mm&r=g\",\"contentUrl\":\"https:\\\/\\\/secure.gravatar.com\\\/avatar\\\/df7a6ffea67205b2cec0557fac1b1c99168521f981217db8876f424e9d334540?s=96&d=mm&r=g\",\"caption\":\"Direcci\u00f3n de Comunicaci\u00f3n Institucional\"}}]}<\/script>\n<!-- \/ Yoast SEO plugin. -->","yoast_head_json":{"title":"Programa Posdoctoral \u201cDirecci\u00f3n de la investigaci\u00f3n cient\u00edfica y de la innovaci\u00f3n como v\u00edas de profesionalizaci\u00f3n\u201d - Universidad de Cienfuegos","description":"Noticias del \u00e1mbito universitario de la casa de altos estudios de Cienfuegos. Adem\u00e1s se muestran noticias del acontecer nacional e internacional de mayor relevancia.","robots":{"index":"index","follow":"follow","max-snippet":"max-snippet:-1","max-image-preview":"max-image-preview:large","max-video-preview":"max-video-preview:-1"},"canonical":"https:\/\/www.ucf.edu.cu\/?p=6386","og_locale":"es_ES","og_type":"article","og_title":"Programa Posdoctoral \u201cDirecci\u00f3n de la investigaci\u00f3n cient\u00edfica y de la innovaci\u00f3n como v\u00edas de profesionalizaci\u00f3n\u201d - Universidad de Cienfuegos","og_description":"Noticias del \u00e1mbito universitario de la casa de altos estudios de Cienfuegos. Adem\u00e1s se muestran noticias del acontecer nacional e internacional de mayor relevancia.","og_url":"https:\/\/www.ucf.edu.cu\/?p=6386","og_site_name":"Universidad de Cienfuegos","article_publisher":"https:\/\/www.facebook.com\/ucfgos\/","article_published_time":"2020-10-16T17:01:40+00:00","article_modified_time":"2020-10-16T17:02:14+00:00","og_image":[{"width":600,"height":320,"url":"https:\/\/www.ucf.edu.cu\/wp-content\/uploads\/2020\/10\/premio-a-la-investigacion-e-innovacion-educativa-publicacion-de-finalistas.jpg","type":"image\/jpeg"}],"author":"Direcci\u00f3n de Comunicaci\u00f3n Institucional","twitter_card":"summary_large_image","twitter_creator":"@ucfgos","twitter_site":"@ucfgos","twitter_misc":{"Escrito por":"Direcci\u00f3n de Comunicaci\u00f3n Institucional","Tiempo de lectura":"3 minutos"},"schema":{"@context":"https:\/\/schema.org","@graph":[{"@type":"Article","@id":"https:\/\/www.ucf.edu.cu\/?p=6386#article","isPartOf":{"@id":"https:\/\/www.ucf.edu.cu\/?p=6386"},"author":{"name":"Direcci\u00f3n de Comunicaci\u00f3n Institucional","@id":"https:\/\/www.ucf.edu.cu\/#\/schema\/person\/1ab5c30ce7d7cff8d04e05d54e4467eb"},"headline":"Programa Posdoctoral \u201cDirecci\u00f3n de la investigaci\u00f3n cient\u00edfica y de la innovaci\u00f3n como v\u00edas de profesionalizaci\u00f3n\u201d","datePublished":"2020-10-16T17:01:40+00:00","dateModified":"2020-10-16T17:02:14+00:00","mainEntityOfPage":{"@id":"https:\/\/www.ucf.edu.cu\/?p=6386"},"wordCount":672,"commentCount":0,"publisher":{"@id":"https:\/\/www.ucf.edu.cu\/#organization"},"image":{"@id":"https:\/\/www.ucf.edu.cu\/?p=6386#primaryimage"},"thumbnailUrl":"https:\/\/www.ucf.edu.cu\/wp-content\/uploads\/2020\/10\/premio-a-la-investigacion-e-innovacion-educativa-publicacion-de-finalistas.jpg","articleSection":["Eventos"],"inLanguage":"es","potentialAction":[{"@type":"CommentAction","name":"Comment","target":["https:\/\/www.ucf.edu.cu\/?p=6386#respond"]}]},{"@type":"WebPage","@id":"https:\/\/www.ucf.edu.cu\/?p=6386","url":"https:\/\/www.ucf.edu.cu\/?p=6386","name":"Programa Posdoctoral \u201cDirecci\u00f3n de la investigaci\u00f3n cient\u00edfica y de la innovaci\u00f3n como v\u00edas de profesionalizaci\u00f3n\u201d - Universidad de Cienfuegos","isPartOf":{"@id":"https:\/\/www.ucf.edu.cu\/#website"},"primaryImageOfPage":{"@id":"https:\/\/www.ucf.edu.cu\/?p=6386#primaryimage"},"image":{"@id":"https:\/\/www.ucf.edu.cu\/?p=6386#primaryimage"},"thumbnailUrl":"https:\/\/www.ucf.edu.cu\/wp-content\/uploads\/2020\/10\/premio-a-la-investigacion-e-innovacion-educativa-publicacion-de-finalistas.jpg","datePublished":"2020-10-16T17:01:40+00:00","dateModified":"2020-10-16T17:02:14+00:00","description":"Noticias del \u00e1mbito universitario de la casa de altos estudios de Cienfuegos. Adem\u00e1s se muestran noticias del acontecer nacional e internacional de mayor relevancia.","breadcrumb":{"@id":"https:\/\/www.ucf.edu.cu\/?p=6386#breadcrumb"},"inLanguage":"es","potentialAction":[{"@type":"ReadAction","target":["https:\/\/www.ucf.edu.cu\/?p=6386"]}]},{"@type":"ImageObject","inLanguage":"es","@id":"https:\/\/www.ucf.edu.cu\/?p=6386#primaryimage","url":"https:\/\/www.ucf.edu.cu\/wp-content\/uploads\/2020\/10\/premio-a-la-investigacion-e-innovacion-educativa-publicacion-de-finalistas.jpg","contentUrl":"https:\/\/www.ucf.edu.cu\/wp-content\/uploads\/2020\/10\/premio-a-la-investigacion-e-innovacion-educativa-publicacion-de-finalistas.jpg","width":600,"height":320},{"@type":"BreadcrumbList","@id":"https:\/\/www.ucf.edu.cu\/?p=6386#breadcrumb","itemListElement":[{"@type":"ListItem","position":1,"name":"Portada","item":"https:\/\/www.ucf.edu.cu\/"},{"@type":"ListItem","position":2,"name":"Programa Posdoctoral \u201cDirecci\u00f3n de la investigaci\u00f3n cient\u00edfica y de la innovaci\u00f3n como v\u00edas de profesionalizaci\u00f3n\u201d"}]},{"@type":"WebSite","@id":"https:\/\/www.ucf.edu.cu\/#website","url":"https:\/\/www.ucf.edu.cu\/","name":"Universidad de Cienfuegos","description":"Portal Web Universidad de Cienfuegos","publisher":{"@id":"https:\/\/www.ucf.edu.cu\/#organization"},"alternateName":"Portal institucional de la UCf","potentialAction":[{"@type":"SearchAction","target":{"@type":"EntryPoint","urlTemplate":"https:\/\/www.ucf.edu.cu\/?s={search_term_string}"},"query-input":{"@type":"PropertyValueSpecification","valueRequired":true,"valueName":"search_term_string"}}],"inLanguage":"es"},{"@type":"Organization","@id":"https:\/\/www.ucf.edu.cu\/#organization","name":"Universidad de Cienfuegos","url":"https:\/\/www.ucf.edu.cu\/","logo":{"@type":"ImageObject","inLanguage":"es","@id":"https:\/\/www.ucf.edu.cu\/#\/schema\/logo\/image\/","url":"https:\/\/www.ucf.edu.cu\/wp-content\/uploads\/2020\/11\/fe77b047cf65bbf66915926fa3c00c93_L.jpg","contentUrl":"https:\/\/www.ucf.edu.cu\/wp-content\/uploads\/2020\/11\/fe77b047cf65bbf66915926fa3c00c93_L.jpg","width":1000,"height":763,"caption":"Universidad de Cienfuegos"},"image":{"@id":"https:\/\/www.ucf.edu.cu\/#\/schema\/logo\/image\/"},"sameAs":["https:\/\/www.facebook.com\/ucfgos\/","https:\/\/x.com\/ucfgos","https:\/\/www.instagram.com\/ucfgos","https:\/\/www.youtube.com\/channel\/UCymAZYZHmPzh48cHLG6Nx4A"]},{"@type":"Person","@id":"https:\/\/www.ucf.edu.cu\/#\/schema\/person\/1ab5c30ce7d7cff8d04e05d54e4467eb","name":"Direcci\u00f3n de Comunicaci\u00f3n Institucional","image":{"@type":"ImageObject","inLanguage":"es","@id":"https:\/\/secure.gravatar.com\/avatar\/df7a6ffea67205b2cec0557fac1b1c99168521f981217db8876f424e9d334540?s=96&d=mm&r=g","url":"https:\/\/secure.gravatar.com\/avatar\/df7a6ffea67205b2cec0557fac1b1c99168521f981217db8876f424e9d334540?s=96&d=mm&r=g","contentUrl":"https:\/\/secure.gravatar.com\/avatar\/df7a6ffea67205b2cec0557fac1b1c99168521f981217db8876f424e9d334540?s=96&d=mm&r=g","caption":"Direcci\u00f3n de Comunicaci\u00f3n Institucional"}}]}},"_links":{"self":[{"href":"https:\/\/www.ucf.edu.cu\/index.php?rest_route=\/wp\/v2\/posts\/6386","targetHints":{"allow":["GET"]}}],"collection":[{"href":"https:\/\/www.ucf.edu.cu\/index.php?rest_route=\/wp\/v2\/posts"}],"about":[{"href":"https:\/\/www.ucf.edu.cu\/index.php?rest_route=\/wp\/v2\/types\/post"}],"author":[{"embeddable":true,"href":"https:\/\/www.ucf.edu.cu\/index.php?rest_route=\/wp\/v2\/users\/6"}],"replies":[{"embeddable":true,"href":"https:\/\/www.ucf.edu.cu\/index.php?rest_route=%2Fwp%2Fv2%2Fcomments&post=6386"}],"version-history":[{"count":2,"href":"https:\/\/www.ucf.edu.cu\/index.php?rest_route=\/wp\/v2\/posts\/6386\/revisions"}],"predecessor-version":[{"id":6389,"href":"https:\/\/www.ucf.edu.cu\/index.php?rest_route=\/wp\/v2\/posts\/6386\/revisions\/6389"}],"wp:featuredmedia":[{"embeddable":true,"href":"https:\/\/www.ucf.edu.cu\/index.php?rest_route=\/wp\/v2\/media\/6387"}],"wp:attachment":[{"href":"https:\/\/www.ucf.edu.cu\/index.php?rest_route=%2Fwp%2Fv2%2Fmedia&parent=6386"}],"wp:term":[{"taxonomy":"category","embeddable":true,"href":"https:\/\/www.ucf.edu.cu\/index.php?rest_route=%2Fwp%2Fv2%2Fcategories&post=6386"},{"taxonomy":"post_tag","embeddable":true,"href":"https:\/\/www.ucf.edu.cu\/index.php?rest_route=%2Fwp%2Fv2%2Ftags&post=6386"}],"curies":[{"name":"wp","href":"https:\/\/api.w.org\/{rel}","templated":true}]}}