{"id":6685,"date":"2020-12-11T14:30:26","date_gmt":"2020-12-11T14:30:26","guid":{"rendered":"https:\/\/www.ucf.edu.cu\/?p=6685"},"modified":"2020-12-11T14:55:30","modified_gmt":"2020-12-11T14:55:30","slug":"inicia-el-1ro-de-enero-ordenamiento-monetario-y-cambiario-en-cuba","status":"publish","type":"post","link":"https:\/\/www.ucf.edu.cu\/?p=6685","title":{"rendered":"Inicia el 1ro de enero ordenamiento monetario y cambiario en Cuba"},"content":{"rendered":"\t\t<div data-elementor-type=\"wp-post\" data-elementor-id=\"6685\" class=\"elementor elementor-6685\">\n\t\t\t\t\t\t<section class=\"elementor-section elementor-top-section elementor-element elementor-element-2afe606 elementor-section-boxed elementor-section-height-default elementor-section-height-default\" data-id=\"2afe606\" data-element_type=\"section\" data-e-type=\"section\">\n\t\t\t\t\t\t<div class=\"elementor-container elementor-column-gap-default\">\n\t\t\t\t\t<div class=\"elementor-column elementor-col-100 elementor-top-column elementor-element elementor-element-3d6a6d2\" data-id=\"3d6a6d2\" data-element_type=\"column\" data-e-type=\"column\">\n\t\t\t<div class=\"elementor-widget-wrap elementor-element-populated\">\n\t\t\t\t\t\t<div class=\"elementor-element elementor-element-5347415 elementor-widget elementor-widget-text-editor\" data-id=\"5347415\" data-element_type=\"widget\" data-e-type=\"widget\" data-widget_type=\"text-editor.default\">\n\t\t\t\t<div class=\"elementor-widget-container\">\n\t\t\t\t\t\t\t\t\t<ul><li>Con la presencia del General de Ej\u00e9rcito Ra\u00fal Castro Ruz, primer secretario del Comit\u00e9 Central del Partido Comunista de Cuba, <strong>el presidente Miguel D\u00edaz-Canel Berm\u00fadez inform\u00f3 que el proceso de <a href=\"http:\/\/www.cubadebate.cu\/etiqueta\/unificacion-monetaria-y-cambiaria\/\">ordenamiento monetario y cambiario<\/a> iniciar\u00e1 a partir del 1ro de enero, con una tasa de cambio \u00fanica de 24 pesos cubanos por un d\u00f3lar.\u00a0<\/strong><\/li><\/ul><blockquote><p>\u201cSe han concluido las elaboraciones y an\u00e1lisis correspondientes as\u00ed todas las normas jur\u00eddicas necesarias, por lo que se considera que est\u00e1n creadas las condiciones que permiten anunciar el inicio de la tarea ordenamiento a partir del 1ro de enero\u201d, dijo el mandatario en comparecencia radiotelevisiva.\u00a0<\/p><\/blockquote><p><strong>Como se hab\u00eda anunciado, este <a href=\"http:\/\/www.cubadebate.cu\/noticias\/2020\/10\/13\/ordenamiento-monetario-clave-en-la-nueva-estrategia-socioeconomica-de-cuba\/\">proceso de ordenamiento monetario y cambiario<\/a> implica un nuevo tipo de cambio, el cese de la circulaci\u00f3n del CUC, la eliminaci\u00f3n de subsidios excesivos y gratuidades indebidas, y una modificaci\u00f3n en la distribuci\u00f3n de los ingresos.<\/strong><\/p><p>D\u00edaz-Canel record\u00f3 que en los dos \u00faltimos congresos del Partido <strong>se precisaron los conceptos fundamentales que deben guiar el trabajo en este sentido, en particular en el VII Congreso.\u00a0<\/strong><\/p><blockquote><p>\u201cEn la <a href=\"http:\/\/www.cubadebate.cu\/especiales\/2017\/07\/13\/lea-los-textos-definitivos-de-la-conceptualizacion-del-modelo-cubano-y-la-actualizacion-de-los-lineamientos\/\">conceptualizaci\u00f3n del modelo de desarrollo econ\u00f3mico y social<\/a> cubano del modelo socialista en su cap\u00edtulo I se establece, entre otros aspectos, el redise\u00f1o del sistema monetario, cambiario, tributario, de precios, de salarios y dem\u00e1s ingresos de los ciudadanos\u201d, dijo.\u00a0<\/p><\/blockquote><p>Por su parte, el Lineamiento n\u00famero 40 plantea: Concluir la unificaci\u00f3n monetaria y cambiaria, como proceso decisivo en el ordenamiento monetario del pa\u00eds.\u00a0<\/p><p>El presidente argument\u00f3 que en la <a href=\"http:\/\/www.cubadebate.cu\/noticias\/2020\/12\/03\/como-marcha-la-implementacion-de-la-estrategia-economica-y-social-de-cuba\/\">nueva estrategia econ\u00f3mica y social para el impulso de la econom\u00eda<\/a> aprobada este a\u00f1o, se ratifica <strong>\u201cel ordenamiento monetario como uno de los componentes fundamentales que resulta de trascendental importancia y tiene un impacto transversal en toda la econom\u00eda\u201d.<\/strong>\u00a0<\/p><p>Desde octubre pasado se ha ofrecido informaci\u00f3n sobre aspectos de la llamada tarea ordenamiento en la <i>Mesa Redonda<\/i> y en la \u00faltima sesi\u00f3n de la Asamblea Nacional del Poder Popular. Al propio tiempo, se ha desarrollado una amplia divulgaci\u00f3n sobre el tema en medios de prensa.\u00a0<\/p><p>A su vez, abund\u00f3, <strong>se ha realizado una amplia capacitaci\u00f3n a quienes deben participar en esta tarea, \u201cque ha sido muy \u00fatil como elemento de retroalimentaci\u00f3n en su fase final de elaboraci\u00f3n\u201d.<\/strong><\/p><blockquote><p>D\u00edaz-Canel reiter\u00f3 la trascendencia e importancia de esta tarea, \u201cque pondr\u00e1 al pa\u00eds en mejores condiciones para llevar a cabo las transformaciones que demanda la actualizaci\u00f3n de nuestro modelo econ\u00f3mico y social sobre la base de garantizar a todos los cubanos mayor igualdad de oportunidades, derechos y justicia social, la cual ser\u00e1 posible no mediante el igualitarismo, sino promoviendo el inter\u00e9s y la motivaci\u00f3n por el trabajo\u201d.\u00a0<\/p><\/blockquote><p>\u201cYa se ha expresado que <strong>la tarea ordenamiento no constituye por s\u00ed misma la soluci\u00f3n m\u00e1gica a todos los problemas presentes en nuestra econom\u00eda.<\/strong> Sin embargo, favorecer\u00e1 la creaci\u00f3n de las condiciones necesarias para avanzar de manera m\u00e1s s\u00f3lida\u201d, subray\u00f3.<\/p><p>Por sus caracter\u00edsticas abarcadoras, prosigui\u00f3, <strong>es una de las tareas m\u00e1s complejas que en el orden econ\u00f3mico ha enfrentado el pa\u00eds<\/strong>, complejidad que se acrecienta por <a href=\"http:\/\/www.cubadebate.cu\/noticias\/2020\/12\/07\/denuncia-cuba-en-la-onu-recrudecimiento-del-bloqueo-de-estados-unidos\/\">los efectos del bloqueo recrudecido<\/a>, la situaci\u00f3n de la pandemia de COVID-19, la crisis econ\u00f3mica internacional y los impactos que han ocasionado a la econom\u00eda nacional.\u00a0<\/p><blockquote><p>\u201cLa tarea no est\u00e1 exenta de riesgos, uno de los principales es que se produzca una inflaci\u00f3n superior a la dise\u00f1ada, agudizada por el actual d\u00e9ficit de oferta\u201d, coment\u00f3 el presidente y\u00a0 asegur\u00f3 que los precios abusivos y especulativos no se permitir\u00e1n, pues se enfrentar\u00e1n socialmente con medidas de contenci\u00f3n y severas sanciones a los incumplidores.\u00a0<\/p><\/blockquote><p>Para el exitoso desarrollo de esta tarea, el mandatario dijo que <strong>se requiere del esfuerzo y cooperaci\u00f3n de todos con vistas a lograr que los resultados sean los esperados.<\/strong> \u201cComo siempre seremos receptivos a los criterios de la poblaci\u00f3n para atender cualquier problema que pueda surgir en su ejecuci\u00f3n\u201d.\u00a0<\/p><p><strong>Reiter\u00f3 que est\u00e1n creadas las condiciones que permiten asegurar que nadie quedar\u00e1 desamparado.<\/strong> \u201cEn Cuba socialista jam\u00e1s se emplear\u00e1n terapias de choque contra el pueblo y que las transformaciones que debamos acometer en el modelo econ\u00f3mico y social se realizar\u00e1n forjando previamente el consenso a favor de la unidad de la naci\u00f3n\u201d.\u00a0<\/p><p>D\u00edaz-Canel destac\u00f3 que <strong>el ordenamiento monetario tambi\u00e9n crea las condiciones para que el sistema empresarial pueda tomar las decisiones adecuadas y ejercer plenamente la facultades que se le han ido otorgando<\/strong>, lo que le permitir\u00e1 reaccionar positivamente incrementando los beneficios para sus trabajadores y para toda la sociedad.\u00a0<\/p><blockquote><p>\u201cTenemos la seguridad de que con el esfuerzo de todo nuestro pueblo, la dedicaci\u00f3n y el control oportuno, lograremos los objetivos propuestos con estas medidas en cuanto a propiciar el crecimiento y la eficiencia econ\u00f3mica\u201d.\u00a0<\/p><\/blockquote><p>El presidente anunci\u00f3 que <strong>a partir de este momento se realizar\u00e1 un proceso de informaci\u00f3n detallada al pueblo sobre el contenido de cada una de las medidas incluidas en la tarea ordenamiento.<\/strong><\/p><p>Como explic\u00f3 en la <i>Mesa Redonda<\/i> Marino Murillo Jorge, jefe de la Comisi\u00f3n Permanente para la Implementaci\u00f3n y el Desarrollo de los Lineamientos, <strong>una vez ocurrida la eliminaci\u00f3n del CUC de la circulaci\u00f3n en el pa\u00eds, la poblaci\u00f3n tendr\u00e1 tendr\u00e1 tiempo suficiente (se prev\u00e9 que sea un periodo no menor de seis meses) para cambiar los montos por pesos, o podr\u00e1 agotarlos mediante compras en el mercado.<\/strong> Por ejemplo, las tiendas recoger\u00e1n ese efectivo en las compras y devolver\u00e1n los cambios en CUP, una medida que ya se implementa.<\/p><blockquote><p>\u201cEsos CUC, lo mismo si est\u00e1n en su poder o en los bancos mantendr\u00e1n el valor de cambio actual (1&#215;24)\u201d, mientras que las cuentas que permanecen en los bancos y que est\u00e1n en CUC ser\u00e1n convertidas a pesos cubanos, siempre respetando la actual tasa de cambio, especific\u00f3 Murillo Jorge.<\/p><p><em><strong>Tomado de Cubadebate<\/strong><\/em><\/p><p>\u00a0<\/p><\/blockquote>\t\t\t\t\t\t\t\t<\/div>\n\t\t\t\t<\/div>\n\t\t\t\t\t<\/div>\n\t\t<\/div>\n\t\t\t\t\t<\/div>\n\t\t<\/section>\n\t\t\t\t<\/div>\n\t\t","protected":false},"excerpt":{"rendered":"<p>Con la presencia del General de Ej\u00e9rcito Ra\u00fal Castro Ruz, primer secretario del Comit\u00e9 Central del Partido Comunista de Cuba, el presidente Miguel D\u00edaz-Canel Berm\u00fadez inform\u00f3 que el proceso de ordenamiento monetario<a class=\"moretag\" href=\"https:\/\/www.ucf.edu.cu\/?p=6685\">Leer m\u00e1s&#8230;<\/a><\/p>\n","protected":false},"author":6,"featured_media":6686,"comment_status":"open","ping_status":"open","sticky":false,"template":"page-post-intra.php","format":"standard","meta":{"footnotes":""},"categories":[6],"tags":[],"class_list":["post-6685","post","type-post","status-publish","format-standard","has-post-thumbnail","hentry","category-noticias"],"yoast_head":"<!-- This site is optimized with the Yoast SEO plugin v27.4 - https:\/\/yoast.com\/product\/yoast-seo-wordpress\/ -->\n<title>Inicia el 1ro de enero ordenamiento monetario y cambiario en Cuba - Universidad de Cienfuegos<\/title>\n<meta name=\"description\" content=\"Noticias del \u00e1mbito universitario de la casa de altos estudios de Cienfuegos. Adem\u00e1s se muestran noticias del acontecer nacional e internacional de mayor relevancia.\" \/>\n<meta name=\"robots\" content=\"index, follow, max-snippet:-1, max-image-preview:large, max-video-preview:-1\" \/>\n<link rel=\"canonical\" href=\"https:\/\/www.ucf.edu.cu\/?p=6685\" \/>\n<meta property=\"og:locale\" content=\"es_ES\" \/>\n<meta property=\"og:type\" content=\"article\" \/>\n<meta property=\"og:title\" content=\"Inicia el 1ro de enero ordenamiento monetario y cambiario en Cuba - Universidad de Cienfuegos\" \/>\n<meta property=\"og:description\" content=\"Noticias del \u00e1mbito universitario de la casa de altos estudios de Cienfuegos. Adem\u00e1s se muestran noticias del acontecer nacional e internacional de mayor relevancia.\" \/>\n<meta property=\"og:url\" content=\"https:\/\/www.ucf.edu.cu\/?p=6685\" \/>\n<meta property=\"og:site_name\" content=\"Universidad de Cienfuegos\" \/>\n<meta property=\"article:publisher\" content=\"https:\/\/www.facebook.com\/ucfgos\/\" \/>\n<meta property=\"article:published_time\" content=\"2020-12-11T14:30:26+00:00\" \/>\n<meta property=\"article:modified_time\" content=\"2020-12-11T14:55:30+00:00\" \/>\n<meta property=\"og:image\" content=\"https:\/\/www.ucf.edu.cu\/wp-content\/uploads\/2020\/12\/1.png\" \/>\n\t<meta property=\"og:image:width\" content=\"512\" \/>\n\t<meta property=\"og:image:height\" content=\"291\" \/>\n\t<meta property=\"og:image:type\" content=\"image\/png\" \/>\n<meta name=\"author\" content=\"Direcci\u00f3n de Comunicaci\u00f3n Institucional\" \/>\n<meta name=\"twitter:card\" content=\"summary_large_image\" \/>\n<meta name=\"twitter:creator\" content=\"@ucfgos\" \/>\n<meta name=\"twitter:site\" content=\"@ucfgos\" \/>\n<meta name=\"twitter:label1\" content=\"Escrito por\" \/>\n\t<meta name=\"twitter:data1\" content=\"Direcci\u00f3n de Comunicaci\u00f3n Institucional\" \/>\n\t<meta name=\"twitter:label2\" content=\"Tiempo de lectura\" \/>\n\t<meta name=\"twitter:data2\" content=\"5 minutos\" \/>\n<script type=\"application\/ld+json\" class=\"yoast-schema-graph\">{\"@context\":\"https:\\\/\\\/schema.org\",\"@graph\":[{\"@type\":\"Article\",\"@id\":\"https:\\\/\\\/www.ucf.edu.cu\\\/?p=6685#article\",\"isPartOf\":{\"@id\":\"https:\\\/\\\/www.ucf.edu.cu\\\/?p=6685\"},\"author\":{\"name\":\"Direcci\u00f3n de Comunicaci\u00f3n Institucional\",\"@id\":\"https:\\\/\\\/www.ucf.edu.cu\\\/#\\\/schema\\\/person\\\/1ab5c30ce7d7cff8d04e05d54e4467eb\"},\"headline\":\"Inicia el 1ro de enero ordenamiento monetario y cambiario en Cuba\",\"datePublished\":\"2020-12-11T14:30:26+00:00\",\"dateModified\":\"2020-12-11T14:55:30+00:00\",\"mainEntityOfPage\":{\"@id\":\"https:\\\/\\\/www.ucf.edu.cu\\\/?p=6685\"},\"wordCount\":1035,\"commentCount\":0,\"publisher\":{\"@id\":\"https:\\\/\\\/www.ucf.edu.cu\\\/#organization\"},\"image\":{\"@id\":\"https:\\\/\\\/www.ucf.edu.cu\\\/?p=6685#primaryimage\"},\"thumbnailUrl\":\"https:\\\/\\\/www.ucf.edu.cu\\\/wp-content\\\/uploads\\\/2020\\\/12\\\/1.png\",\"articleSection\":[\"Noticias\"],\"inLanguage\":\"es\",\"potentialAction\":[{\"@type\":\"CommentAction\",\"name\":\"Comment\",\"target\":[\"https:\\\/\\\/www.ucf.edu.cu\\\/?p=6685#respond\"]}]},{\"@type\":\"WebPage\",\"@id\":\"https:\\\/\\\/www.ucf.edu.cu\\\/?p=6685\",\"url\":\"https:\\\/\\\/www.ucf.edu.cu\\\/?p=6685\",\"name\":\"Inicia el 1ro de enero ordenamiento monetario y cambiario en Cuba - Universidad de Cienfuegos\",\"isPartOf\":{\"@id\":\"https:\\\/\\\/www.ucf.edu.cu\\\/#website\"},\"primaryImageOfPage\":{\"@id\":\"https:\\\/\\\/www.ucf.edu.cu\\\/?p=6685#primaryimage\"},\"image\":{\"@id\":\"https:\\\/\\\/www.ucf.edu.cu\\\/?p=6685#primaryimage\"},\"thumbnailUrl\":\"https:\\\/\\\/www.ucf.edu.cu\\\/wp-content\\\/uploads\\\/2020\\\/12\\\/1.png\",\"datePublished\":\"2020-12-11T14:30:26+00:00\",\"dateModified\":\"2020-12-11T14:55:30+00:00\",\"description\":\"Noticias del \u00e1mbito universitario de la casa de altos estudios de Cienfuegos. Adem\u00e1s se muestran noticias del acontecer nacional e internacional de mayor relevancia.\",\"breadcrumb\":{\"@id\":\"https:\\\/\\\/www.ucf.edu.cu\\\/?p=6685#breadcrumb\"},\"inLanguage\":\"es\",\"potentialAction\":[{\"@type\":\"ReadAction\",\"target\":[\"https:\\\/\\\/www.ucf.edu.cu\\\/?p=6685\"]}]},{\"@type\":\"ImageObject\",\"inLanguage\":\"es\",\"@id\":\"https:\\\/\\\/www.ucf.edu.cu\\\/?p=6685#primaryimage\",\"url\":\"https:\\\/\\\/www.ucf.edu.cu\\\/wp-content\\\/uploads\\\/2020\\\/12\\\/1.png\",\"contentUrl\":\"https:\\\/\\\/www.ucf.edu.cu\\\/wp-content\\\/uploads\\\/2020\\\/12\\\/1.png\",\"width\":512,\"height\":291},{\"@type\":\"BreadcrumbList\",\"@id\":\"https:\\\/\\\/www.ucf.edu.cu\\\/?p=6685#breadcrumb\",\"itemListElement\":[{\"@type\":\"ListItem\",\"position\":1,\"name\":\"Portada\",\"item\":\"https:\\\/\\\/www.ucf.edu.cu\\\/\"},{\"@type\":\"ListItem\",\"position\":2,\"name\":\"Inicia el 1ro de enero ordenamiento monetario y cambiario en Cuba\"}]},{\"@type\":\"WebSite\",\"@id\":\"https:\\\/\\\/www.ucf.edu.cu\\\/#website\",\"url\":\"https:\\\/\\\/www.ucf.edu.cu\\\/\",\"name\":\"Universidad de Cienfuegos\",\"description\":\"Portal Web Universidad de Cienfuegos\",\"publisher\":{\"@id\":\"https:\\\/\\\/www.ucf.edu.cu\\\/#organization\"},\"alternateName\":\"Portal institucional de la UCf\",\"potentialAction\":[{\"@type\":\"SearchAction\",\"target\":{\"@type\":\"EntryPoint\",\"urlTemplate\":\"https:\\\/\\\/www.ucf.edu.cu\\\/?s={search_term_string}\"},\"query-input\":{\"@type\":\"PropertyValueSpecification\",\"valueRequired\":true,\"valueName\":\"search_term_string\"}}],\"inLanguage\":\"es\"},{\"@type\":\"Organization\",\"@id\":\"https:\\\/\\\/www.ucf.edu.cu\\\/#organization\",\"name\":\"Universidad de Cienfuegos\",\"url\":\"https:\\\/\\\/www.ucf.edu.cu\\\/\",\"logo\":{\"@type\":\"ImageObject\",\"inLanguage\":\"es\",\"@id\":\"https:\\\/\\\/www.ucf.edu.cu\\\/#\\\/schema\\\/logo\\\/image\\\/\",\"url\":\"https:\\\/\\\/www.ucf.edu.cu\\\/wp-content\\\/uploads\\\/2020\\\/11\\\/fe77b047cf65bbf66915926fa3c00c93_L.jpg\",\"contentUrl\":\"https:\\\/\\\/www.ucf.edu.cu\\\/wp-content\\\/uploads\\\/2020\\\/11\\\/fe77b047cf65bbf66915926fa3c00c93_L.jpg\",\"width\":1000,\"height\":763,\"caption\":\"Universidad de Cienfuegos\"},\"image\":{\"@id\":\"https:\\\/\\\/www.ucf.edu.cu\\\/#\\\/schema\\\/logo\\\/image\\\/\"},\"sameAs\":[\"https:\\\/\\\/www.facebook.com\\\/ucfgos\\\/\",\"https:\\\/\\\/x.com\\\/ucfgos\",\"https:\\\/\\\/www.instagram.com\\\/ucfgos\",\"https:\\\/\\\/www.youtube.com\\\/channel\\\/UCymAZYZHmPzh48cHLG6Nx4A\"]},{\"@type\":\"Person\",\"@id\":\"https:\\\/\\\/www.ucf.edu.cu\\\/#\\\/schema\\\/person\\\/1ab5c30ce7d7cff8d04e05d54e4467eb\",\"name\":\"Direcci\u00f3n de Comunicaci\u00f3n Institucional\",\"image\":{\"@type\":\"ImageObject\",\"inLanguage\":\"es\",\"@id\":\"https:\\\/\\\/secure.gravatar.com\\\/avatar\\\/df7a6ffea67205b2cec0557fac1b1c99168521f981217db8876f424e9d334540?s=96&d=mm&r=g\",\"url\":\"https:\\\/\\\/secure.gravatar.com\\\/avatar\\\/df7a6ffea67205b2cec0557fac1b1c99168521f981217db8876f424e9d334540?s=96&d=mm&r=g\",\"contentUrl\":\"https:\\\/\\\/secure.gravatar.com\\\/avatar\\\/df7a6ffea67205b2cec0557fac1b1c99168521f981217db8876f424e9d334540?s=96&d=mm&r=g\",\"caption\":\"Direcci\u00f3n de Comunicaci\u00f3n Institucional\"}}]}<\/script>\n<!-- \/ Yoast SEO plugin. -->","yoast_head_json":{"title":"Inicia el 1ro de enero ordenamiento monetario y cambiario en Cuba - Universidad de Cienfuegos","description":"Noticias del \u00e1mbito universitario de la casa de altos estudios de Cienfuegos. Adem\u00e1s se muestran noticias del acontecer nacional e internacional de mayor relevancia.","robots":{"index":"index","follow":"follow","max-snippet":"max-snippet:-1","max-image-preview":"max-image-preview:large","max-video-preview":"max-video-preview:-1"},"canonical":"https:\/\/www.ucf.edu.cu\/?p=6685","og_locale":"es_ES","og_type":"article","og_title":"Inicia el 1ro de enero ordenamiento monetario y cambiario en Cuba - Universidad de Cienfuegos","og_description":"Noticias del \u00e1mbito universitario de la casa de altos estudios de Cienfuegos. Adem\u00e1s se muestran noticias del acontecer nacional e internacional de mayor relevancia.","og_url":"https:\/\/www.ucf.edu.cu\/?p=6685","og_site_name":"Universidad de Cienfuegos","article_publisher":"https:\/\/www.facebook.com\/ucfgos\/","article_published_time":"2020-12-11T14:30:26+00:00","article_modified_time":"2020-12-11T14:55:30+00:00","og_image":[{"width":512,"height":291,"url":"https:\/\/www.ucf.edu.cu\/wp-content\/uploads\/2020\/12\/1.png","type":"image\/png"}],"author":"Direcci\u00f3n de Comunicaci\u00f3n Institucional","twitter_card":"summary_large_image","twitter_creator":"@ucfgos","twitter_site":"@ucfgos","twitter_misc":{"Escrito por":"Direcci\u00f3n de Comunicaci\u00f3n Institucional","Tiempo de lectura":"5 minutos"},"schema":{"@context":"https:\/\/schema.org","@graph":[{"@type":"Article","@id":"https:\/\/www.ucf.edu.cu\/?p=6685#article","isPartOf":{"@id":"https:\/\/www.ucf.edu.cu\/?p=6685"},"author":{"name":"Direcci\u00f3n de Comunicaci\u00f3n Institucional","@id":"https:\/\/www.ucf.edu.cu\/#\/schema\/person\/1ab5c30ce7d7cff8d04e05d54e4467eb"},"headline":"Inicia el 1ro de enero ordenamiento monetario y cambiario en Cuba","datePublished":"2020-12-11T14:30:26+00:00","dateModified":"2020-12-11T14:55:30+00:00","mainEntityOfPage":{"@id":"https:\/\/www.ucf.edu.cu\/?p=6685"},"wordCount":1035,"commentCount":0,"publisher":{"@id":"https:\/\/www.ucf.edu.cu\/#organization"},"image":{"@id":"https:\/\/www.ucf.edu.cu\/?p=6685#primaryimage"},"thumbnailUrl":"https:\/\/www.ucf.edu.cu\/wp-content\/uploads\/2020\/12\/1.png","articleSection":["Noticias"],"inLanguage":"es","potentialAction":[{"@type":"CommentAction","name":"Comment","target":["https:\/\/www.ucf.edu.cu\/?p=6685#respond"]}]},{"@type":"WebPage","@id":"https:\/\/www.ucf.edu.cu\/?p=6685","url":"https:\/\/www.ucf.edu.cu\/?p=6685","name":"Inicia el 1ro de enero ordenamiento monetario y cambiario en Cuba - Universidad de Cienfuegos","isPartOf":{"@id":"https:\/\/www.ucf.edu.cu\/#website"},"primaryImageOfPage":{"@id":"https:\/\/www.ucf.edu.cu\/?p=6685#primaryimage"},"image":{"@id":"https:\/\/www.ucf.edu.cu\/?p=6685#primaryimage"},"thumbnailUrl":"https:\/\/www.ucf.edu.cu\/wp-content\/uploads\/2020\/12\/1.png","datePublished":"2020-12-11T14:30:26+00:00","dateModified":"2020-12-11T14:55:30+00:00","description":"Noticias del \u00e1mbito universitario de la casa de altos estudios de Cienfuegos. Adem\u00e1s se muestran noticias del acontecer nacional e internacional de mayor relevancia.","breadcrumb":{"@id":"https:\/\/www.ucf.edu.cu\/?p=6685#breadcrumb"},"inLanguage":"es","potentialAction":[{"@type":"ReadAction","target":["https:\/\/www.ucf.edu.cu\/?p=6685"]}]},{"@type":"ImageObject","inLanguage":"es","@id":"https:\/\/www.ucf.edu.cu\/?p=6685#primaryimage","url":"https:\/\/www.ucf.edu.cu\/wp-content\/uploads\/2020\/12\/1.png","contentUrl":"https:\/\/www.ucf.edu.cu\/wp-content\/uploads\/2020\/12\/1.png","width":512,"height":291},{"@type":"BreadcrumbList","@id":"https:\/\/www.ucf.edu.cu\/?p=6685#breadcrumb","itemListElement":[{"@type":"ListItem","position":1,"name":"Portada","item":"https:\/\/www.ucf.edu.cu\/"},{"@type":"ListItem","position":2,"name":"Inicia el 1ro de enero ordenamiento monetario y cambiario en Cuba"}]},{"@type":"WebSite","@id":"https:\/\/www.ucf.edu.cu\/#website","url":"https:\/\/www.ucf.edu.cu\/","name":"Universidad de Cienfuegos","description":"Portal Web Universidad de Cienfuegos","publisher":{"@id":"https:\/\/www.ucf.edu.cu\/#organization"},"alternateName":"Portal institucional de la UCf","potentialAction":[{"@type":"SearchAction","target":{"@type":"EntryPoint","urlTemplate":"https:\/\/www.ucf.edu.cu\/?s={search_term_string}"},"query-input":{"@type":"PropertyValueSpecification","valueRequired":true,"valueName":"search_term_string"}}],"inLanguage":"es"},{"@type":"Organization","@id":"https:\/\/www.ucf.edu.cu\/#organization","name":"Universidad de Cienfuegos","url":"https:\/\/www.ucf.edu.cu\/","logo":{"@type":"ImageObject","inLanguage":"es","@id":"https:\/\/www.ucf.edu.cu\/#\/schema\/logo\/image\/","url":"https:\/\/www.ucf.edu.cu\/wp-content\/uploads\/2020\/11\/fe77b047cf65bbf66915926fa3c00c93_L.jpg","contentUrl":"https:\/\/www.ucf.edu.cu\/wp-content\/uploads\/2020\/11\/fe77b047cf65bbf66915926fa3c00c93_L.jpg","width":1000,"height":763,"caption":"Universidad de Cienfuegos"},"image":{"@id":"https:\/\/www.ucf.edu.cu\/#\/schema\/logo\/image\/"},"sameAs":["https:\/\/www.facebook.com\/ucfgos\/","https:\/\/x.com\/ucfgos","https:\/\/www.instagram.com\/ucfgos","https:\/\/www.youtube.com\/channel\/UCymAZYZHmPzh48cHLG6Nx4A"]},{"@type":"Person","@id":"https:\/\/www.ucf.edu.cu\/#\/schema\/person\/1ab5c30ce7d7cff8d04e05d54e4467eb","name":"Direcci\u00f3n de Comunicaci\u00f3n Institucional","image":{"@type":"ImageObject","inLanguage":"es","@id":"https:\/\/secure.gravatar.com\/avatar\/df7a6ffea67205b2cec0557fac1b1c99168521f981217db8876f424e9d334540?s=96&d=mm&r=g","url":"https:\/\/secure.gravatar.com\/avatar\/df7a6ffea67205b2cec0557fac1b1c99168521f981217db8876f424e9d334540?s=96&d=mm&r=g","contentUrl":"https:\/\/secure.gravatar.com\/avatar\/df7a6ffea67205b2cec0557fac1b1c99168521f981217db8876f424e9d334540?s=96&d=mm&r=g","caption":"Direcci\u00f3n de Comunicaci\u00f3n Institucional"}}]}},"_links":{"self":[{"href":"https:\/\/www.ucf.edu.cu\/index.php?rest_route=\/wp\/v2\/posts\/6685","targetHints":{"allow":["GET"]}}],"collection":[{"href":"https:\/\/www.ucf.edu.cu\/index.php?rest_route=\/wp\/v2\/posts"}],"about":[{"href":"https:\/\/www.ucf.edu.cu\/index.php?rest_route=\/wp\/v2\/types\/post"}],"author":[{"embeddable":true,"href":"https:\/\/www.ucf.edu.cu\/index.php?rest_route=\/wp\/v2\/users\/6"}],"replies":[{"embeddable":true,"href":"https:\/\/www.ucf.edu.cu\/index.php?rest_route=%2Fwp%2Fv2%2Fcomments&post=6685"}],"version-history":[{"count":5,"href":"https:\/\/www.ucf.edu.cu\/index.php?rest_route=\/wp\/v2\/posts\/6685\/revisions"}],"predecessor-version":[{"id":6699,"href":"https:\/\/www.ucf.edu.cu\/index.php?rest_route=\/wp\/v2\/posts\/6685\/revisions\/6699"}],"wp:featuredmedia":[{"embeddable":true,"href":"https:\/\/www.ucf.edu.cu\/index.php?rest_route=\/wp\/v2\/media\/6686"}],"wp:attachment":[{"href":"https:\/\/www.ucf.edu.cu\/index.php?rest_route=%2Fwp%2Fv2%2Fmedia&parent=6685"}],"wp:term":[{"taxonomy":"category","embeddable":true,"href":"https:\/\/www.ucf.edu.cu\/index.php?rest_route=%2Fwp%2Fv2%2Fcategories&post=6685"},{"taxonomy":"post_tag","embeddable":true,"href":"https:\/\/www.ucf.edu.cu\/index.php?rest_route=%2Fwp%2Fv2%2Ftags&post=6685"}],"curies":[{"name":"wp","href":"https:\/\/api.w.org\/{rel}","templated":true}]}}