{"id":6701,"date":"2020-12-11T16:01:51","date_gmt":"2020-12-11T16:01:51","guid":{"rendered":"https:\/\/www.ucf.edu.cu\/?p=6701"},"modified":"2020-12-11T16:03:22","modified_gmt":"2020-12-11T16:03:22","slug":"nuevos-salarios-pensiones-y-prestaciones-de-la-asistencia-social","status":"publish","type":"post","link":"https:\/\/www.ucf.edu.cu\/?p=6701","title":{"rendered":"Nuevos salarios, pensiones y prestaciones de la asistencia social"},"content":{"rendered":"\t\t<div data-elementor-type=\"wp-post\" data-elementor-id=\"6701\" class=\"elementor elementor-6701\">\n\t\t\t\t\t\t<section class=\"elementor-section elementor-top-section elementor-element elementor-element-c337caa elementor-section-boxed elementor-section-height-default elementor-section-height-default\" data-id=\"c337caa\" data-element_type=\"section\" data-e-type=\"section\">\n\t\t\t\t\t\t<div class=\"elementor-container elementor-column-gap-default\">\n\t\t\t\t\t<div class=\"elementor-column elementor-col-100 elementor-top-column elementor-element elementor-element-d31ae43\" data-id=\"d31ae43\" data-element_type=\"column\" data-e-type=\"column\">\n\t\t\t<div class=\"elementor-widget-wrap elementor-element-populated\">\n\t\t\t\t\t\t<div class=\"elementor-element elementor-element-3e27b90 elementor-widget elementor-widget-text-editor\" data-id=\"3e27b90\" data-element_type=\"widget\" data-e-type=\"widget\" data-widget_type=\"text-editor.default\">\n\t\t\t\t<div class=\"elementor-widget-container\">\n\t\t\t\t\t\t\t\t\t<p>La Gaceta Oficial Extraordinaria No.69 <strong>public\u00f3 este jueves 19 resoluciones del Ministerio de Trabajo y Seguridad Social (MTSS) que establecen los nuevos cambios en la distribuci\u00f3n de los ingresos de la poblaci\u00f3n en lo referido a los salarios, pensiones y prestaciones de la asistencia social, como parte del proceso de ordenamiento monetario que comenzar\u00e1 el pr\u00f3ximo 1ro de enero.<\/strong><\/p><p>A partir de ese d\u00eda se quedar\u00e1 el CUP como \u00fanica moneda y una tasa de cambio de 24 pesos cubanos por un d\u00f3lar, tanto para la poblaci\u00f3n como para el sector empresarial, seg\u00fan anunci\u00f3 el presidente Miguel D\u00edaz-Canel Berm\u00fadez.\u00a0\u00a0<\/p><p>Detalles de las normas del MTSS:<\/p><ul><li><strong>El salario m\u00ednimo del pa\u00eds se eleva a 2 100 pesos mensuales.<\/strong><\/li><\/ul><p>Divididos en 32 grupos de complejidad, se establecen los salarios escalas, seg\u00fan r\u00e9gimen de trabajo y descanso. Las escalas parten de 1 910 y 2 100 pesos para aquellos que laboran 40 y 44 horas semanales, respectivamente, y se fija en la \u00faltima escala 9 510 pesos para quienes trabajen 44 horas semanales.<\/p><p>La norma plantea que se mantendr\u00e1n los pagos adicionales mensuales:<\/p><ol><li>Por condiciones laborales anormales;<\/li><li>Por trabajar en turnos nocturnos y mixtos.<\/li><li>Por ostentar la categor\u00eda de M\u00e1ster o la Especialidad equivalente reconocida por el Ministerio de Educaci\u00f3n Superior, 440 pesos y por el grado cient\u00edfico de Doctor, 825 pesos, los que se reciben por una sola titulaci\u00f3n, siempre que los profesionales desempe\u00f1en un cargo con exigencias de nivel universitario.\u00a0<\/li><li>Coeficiente de inter\u00e9s econ\u00f3mico social del treinta por ciento (30%) del salario b\u00e1sico para los trabajadores que laboran en el municipio de Caimanera, provincia de Guant\u00e1namo.\u00a0<\/li><li>Para las profesiones que se certifican internacionalmente, 685 pesos.\u00a0<\/li><li>Por impartir docencia en Salud P\u00fablica, para m\u00e9dicos, estomat\u00f3logos y otros profesionales que no ocupan plazas docentes.<\/li><\/ol><p>A la vez, <strong>se dejan sin efecto para todos los trabajadores pagos adicionales mensuales como por ocupar cargos t\u00e9cnicos<\/strong>, por trabajar en los organismos globales y del perfeccionamiento empresarial en las entidades autorizadas a aplicarlo, entre otros.<\/p><ul><li>La pensi\u00f3n m\u00ednima por edad e invalidez total del R\u00e9gimen General de Seguridad Social, y de los reg\u00edmenes especiales de los ministerios de las Fuerzas Armadas Revolucionarias y del Interior, ser\u00e1 de <strong>1 528 pesos.<\/strong><\/li><\/ul><p>Las pensiones concedidas por el R\u00e9gimen General de Seguridad Social se incrementan en correspondencia con una escala, que va de <strong>1 528 pesos (para aquellos que cobren actualmente entre 280 y hasta 300 pesos) a 1 733 para quienes reciban de 446 a 500 pesos.<\/strong><\/p><blockquote><p>En la resoluci\u00f3n se precisa que las pensiones superiores a 501 pesos mensuales, reciben un incremento de 1 528 pesos cada una.<\/p><\/blockquote><p>Como parte del compendio legislativo est\u00e1 la Resoluci\u00f3n n\u00famero 33, que especifica sobre el r\u00e9gimen laboral en la inversi\u00f3n extranjera, y puntualiza que el pago del salario de los cubanos residentes en el territorio nacional y extranjeros residentes permanentes en Cuba que prestan servicios en las empresas, <strong>lo realiza en pesos cubanos la entidad empleadora, encargada de seleccionar y suministrar el personal que presta los servicios a las empresas.\u00a0<\/strong><\/p><ul><li>El salario se fija por acuerdo entre la entidad empleadora y la empresa con capital extranjero teniendo en cuenta la complejidad, las condiciones del trabajo y requisitos adicionales de los cargos.\u00a0<\/li><li>El salario acordado no puede ser inferior al que corresponde a cada cargo en la escala salarial vigente.<\/li><\/ul><p>Tambi\u00e9n hay otras resoluciones espec\u00edficas para los trabajadores que ocupan cargos de las categor\u00edas ocupacionales de cuadros, t\u00e9cnicos, operarios, administrativos y de servicios, que laboran en los \u00f3rganos locales del Poder Popular y sus unidades presupuestadas adscriptas y subordinadas.<\/p><p>Igualmente est\u00e1n las normas dedicadas al sistema salarial para los trabajadores que se desempe\u00f1an en cargos period\u00edsticos en los \u00f3rganos de prensa y en otras publicaciones no conceptuadas como tal; en el sistema de la educaci\u00f3n general y media y de la Educaci\u00f3n Superior, y en las instituciones asistenciales del Sistema Nacional de Salud.<\/p><p>A su vez se puntualiza el sistema salarial para los trabajadores de la actividad de ciencia, tecnolog\u00eda e innovaci\u00f3n y el pago de los ingresos b\u00e1sicos mensuales a los atletas de alto rendimiento de las preselecciones deportivas nacionales, miembros de los equipos participantes de la Serie Nacional de B\u00e9isbol y sus reservas, contratados, seg\u00fan la categor\u00eda deportiva establecida por el Instituto Nacional de Deportes, Educaci\u00f3n F\u00edsica y Recreaci\u00f3n.<\/p><ul><li>Las cuant\u00edas a pagar por el suministro de la fuerza de trabajo entre la entidad cubana designada y el concesionario o usuario extranjero de la Zona Especial de Desarrollo Mariel.<\/li><li>Los salarios mensuales de los artistas subvencionados de las manifestaciones de m\u00fasica, espect\u00e1culos, teatro, danza, circo, cine y animados, que tienen relaci\u00f3n de trabajo en los sistemas de Cultura, Radio y Televisi\u00f3n, Turismo, Salud P\u00fablica y otras entidades autorizadas.\u00a0<\/li><li>Para los cuadros de las instituciones culturales categorizadas por el Ministerio de Cultura y de los centros culturales pertenecientes a la Oficina del Historiador de la ciudad de La Habana.<\/li><li>Para el personal que forma parte de las dotaciones de los buques y embarcaciones de navegaci\u00f3n de traves\u00eda internacional, de cabotaje y las que realizan sus actividades pr\u00f3ximos a la costa y en las aguas interiores, pertenecientes u operadas por las empresas, unidades presupuestadas y dem\u00e1s entidades de los organismos de la Administraci\u00f3n Central del Estado y los \u00f3rganos locales del Poder Popular.<\/li><\/ul><p>Por \u00faltimo, la Resoluci\u00f3n 71 establece que <strong>el ingreso de los trabajadores se compone de una parte fija, que se corresponde con el salario escala seg\u00fan la complejidad del trabajo y los pagos adicionales aprobados y, una parte m\u00f3vil<\/strong> asociada a los resultados que comprende:\u00a0<\/p><p>a) Sistemas de pago a destajo;<\/p><p>b) distribuci\u00f3n de utilidades; y<\/p><p>c) forma de pago por rendimiento que se aplica en las inversiones constructivas de los programas de desarrollo tur\u00edstico y de la Zona Especial de Desarrollo Mariel.\u00a0<\/p><p>Los sistemas de pago a destajo se basan en la medici\u00f3n de los gastos de trabajo a trav\u00e9s de la cantidad de producci\u00f3n elaborada o servicios prestados; se prioriza su aplicaci\u00f3n en los procesos y actividades que la naturaleza del trabajo lo posibilite, a partir de normas de tiempo o rendimiento y el salario se condiciona a la calidad del trabajo realizado.<\/p><p>Puede Descargar la Norma aqu\u00ed. <a href=\"https:\/\/www.ucf.edu.cu\/wp-content\/uploads\/2020\/12\/goc-2020-ex69.pdf\">goc-2020-ex69<\/a><\/p>\t\t\t\t\t\t\t\t<\/div>\n\t\t\t\t<\/div>\n\t\t\t\t\t<\/div>\n\t\t<\/div>\n\t\t\t\t\t<\/div>\n\t\t<\/section>\n\t\t\t\t<\/div>\n\t\t","protected":false},"excerpt":{"rendered":"<p>La Gaceta Oficial Extraordinaria No.69 public\u00f3 este jueves 19 resoluciones del Ministerio de Trabajo y Seguridad Social (MTSS) que establecen los nuevos cambios en la distribuci\u00f3n de los ingresos de la poblaci\u00f3n<a class=\"moretag\" href=\"https:\/\/www.ucf.edu.cu\/?p=6701\">Leer m\u00e1s&#8230;<\/a><\/p>\n","protected":false},"author":6,"featured_media":6702,"comment_status":"open","ping_status":"open","sticky":false,"template":"page-post-intra.php","format":"standard","meta":{"footnotes":""},"categories":[6],"tags":[],"class_list":["post-6701","post","type-post","status-publish","format-standard","has-post-thumbnail","hentry","category-noticias"],"yoast_head":"<!-- This site is optimized with the Yoast SEO plugin v27.4 - https:\/\/yoast.com\/product\/yoast-seo-wordpress\/ -->\n<title>Nuevos salarios, pensiones y prestaciones de la asistencia social - Universidad de Cienfuegos<\/title>\n<meta name=\"description\" content=\"Noticias del \u00e1mbito universitario de la casa de altos estudios de Cienfuegos. Adem\u00e1s se muestran noticias del acontecer nacional e internacional de mayor relevancia.\" \/>\n<meta name=\"robots\" content=\"index, follow, max-snippet:-1, max-image-preview:large, max-video-preview:-1\" \/>\n<link rel=\"canonical\" href=\"https:\/\/www.ucf.edu.cu\/?p=6701\" \/>\n<meta property=\"og:locale\" content=\"es_ES\" \/>\n<meta property=\"og:type\" content=\"article\" \/>\n<meta property=\"og:title\" content=\"Nuevos salarios, pensiones y prestaciones de la asistencia social - Universidad de Cienfuegos\" \/>\n<meta property=\"og:description\" content=\"Noticias del \u00e1mbito universitario de la casa de altos estudios de Cienfuegos. Adem\u00e1s se muestran noticias del acontecer nacional e internacional de mayor relevancia.\" \/>\n<meta property=\"og:url\" content=\"https:\/\/www.ucf.edu.cu\/?p=6701\" \/>\n<meta property=\"og:site_name\" content=\"Universidad de Cienfuegos\" \/>\n<meta property=\"article:publisher\" content=\"https:\/\/www.facebook.com\/ucfgos\/\" \/>\n<meta property=\"article:published_time\" content=\"2020-12-11T16:01:51+00:00\" \/>\n<meta property=\"article:modified_time\" content=\"2020-12-11T16:03:22+00:00\" \/>\n<meta property=\"og:image\" content=\"https:\/\/www.ucf.edu.cu\/wp-content\/uploads\/2020\/12\/unificacion-monetaria-940x520-2-580x321-copia.jpg\" \/>\n\t<meta property=\"og:image:width\" content=\"580\" \/>\n\t<meta property=\"og:image:height\" content=\"321\" \/>\n\t<meta property=\"og:image:type\" content=\"image\/jpeg\" \/>\n<meta name=\"author\" content=\"Direcci\u00f3n de Comunicaci\u00f3n Institucional\" \/>\n<meta name=\"twitter:card\" content=\"summary_large_image\" \/>\n<meta name=\"twitter:creator\" content=\"@ucfgos\" \/>\n<meta name=\"twitter:site\" content=\"@ucfgos\" \/>\n<meta name=\"twitter:label1\" content=\"Escrito por\" \/>\n\t<meta name=\"twitter:data1\" content=\"Direcci\u00f3n de Comunicaci\u00f3n Institucional\" \/>\n\t<meta name=\"twitter:label2\" content=\"Tiempo de lectura\" \/>\n\t<meta name=\"twitter:data2\" content=\"5 minutos\" \/>\n<script type=\"application\/ld+json\" class=\"yoast-schema-graph\">{\"@context\":\"https:\\\/\\\/schema.org\",\"@graph\":[{\"@type\":\"Article\",\"@id\":\"https:\\\/\\\/www.ucf.edu.cu\\\/?p=6701#article\",\"isPartOf\":{\"@id\":\"https:\\\/\\\/www.ucf.edu.cu\\\/?p=6701\"},\"author\":{\"name\":\"Direcci\u00f3n de Comunicaci\u00f3n Institucional\",\"@id\":\"https:\\\/\\\/www.ucf.edu.cu\\\/#\\\/schema\\\/person\\\/1ab5c30ce7d7cff8d04e05d54e4467eb\"},\"headline\":\"Nuevos salarios, pensiones y prestaciones de la asistencia social\",\"datePublished\":\"2020-12-11T16:01:51+00:00\",\"dateModified\":\"2020-12-11T16:03:22+00:00\",\"mainEntityOfPage\":{\"@id\":\"https:\\\/\\\/www.ucf.edu.cu\\\/?p=6701\"},\"wordCount\":1075,\"commentCount\":1,\"publisher\":{\"@id\":\"https:\\\/\\\/www.ucf.edu.cu\\\/#organization\"},\"image\":{\"@id\":\"https:\\\/\\\/www.ucf.edu.cu\\\/?p=6701#primaryimage\"},\"thumbnailUrl\":\"https:\\\/\\\/www.ucf.edu.cu\\\/wp-content\\\/uploads\\\/2020\\\/12\\\/unificacion-monetaria-940x520-2-580x321-copia.jpg\",\"articleSection\":[\"Noticias\"],\"inLanguage\":\"es\",\"potentialAction\":[{\"@type\":\"CommentAction\",\"name\":\"Comment\",\"target\":[\"https:\\\/\\\/www.ucf.edu.cu\\\/?p=6701#respond\"]}]},{\"@type\":\"WebPage\",\"@id\":\"https:\\\/\\\/www.ucf.edu.cu\\\/?p=6701\",\"url\":\"https:\\\/\\\/www.ucf.edu.cu\\\/?p=6701\",\"name\":\"Nuevos salarios, pensiones y prestaciones de la asistencia social - Universidad de Cienfuegos\",\"isPartOf\":{\"@id\":\"https:\\\/\\\/www.ucf.edu.cu\\\/#website\"},\"primaryImageOfPage\":{\"@id\":\"https:\\\/\\\/www.ucf.edu.cu\\\/?p=6701#primaryimage\"},\"image\":{\"@id\":\"https:\\\/\\\/www.ucf.edu.cu\\\/?p=6701#primaryimage\"},\"thumbnailUrl\":\"https:\\\/\\\/www.ucf.edu.cu\\\/wp-content\\\/uploads\\\/2020\\\/12\\\/unificacion-monetaria-940x520-2-580x321-copia.jpg\",\"datePublished\":\"2020-12-11T16:01:51+00:00\",\"dateModified\":\"2020-12-11T16:03:22+00:00\",\"description\":\"Noticias del \u00e1mbito universitario de la casa de altos estudios de Cienfuegos. Adem\u00e1s se muestran noticias del acontecer nacional e internacional de mayor relevancia.\",\"breadcrumb\":{\"@id\":\"https:\\\/\\\/www.ucf.edu.cu\\\/?p=6701#breadcrumb\"},\"inLanguage\":\"es\",\"potentialAction\":[{\"@type\":\"ReadAction\",\"target\":[\"https:\\\/\\\/www.ucf.edu.cu\\\/?p=6701\"]}]},{\"@type\":\"ImageObject\",\"inLanguage\":\"es\",\"@id\":\"https:\\\/\\\/www.ucf.edu.cu\\\/?p=6701#primaryimage\",\"url\":\"https:\\\/\\\/www.ucf.edu.cu\\\/wp-content\\\/uploads\\\/2020\\\/12\\\/unificacion-monetaria-940x520-2-580x321-copia.jpg\",\"contentUrl\":\"https:\\\/\\\/www.ucf.edu.cu\\\/wp-content\\\/uploads\\\/2020\\\/12\\\/unificacion-monetaria-940x520-2-580x321-copia.jpg\",\"width\":580,\"height\":321},{\"@type\":\"BreadcrumbList\",\"@id\":\"https:\\\/\\\/www.ucf.edu.cu\\\/?p=6701#breadcrumb\",\"itemListElement\":[{\"@type\":\"ListItem\",\"position\":1,\"name\":\"Portada\",\"item\":\"https:\\\/\\\/www.ucf.edu.cu\\\/\"},{\"@type\":\"ListItem\",\"position\":2,\"name\":\"Nuevos salarios, pensiones y prestaciones de la asistencia social\"}]},{\"@type\":\"WebSite\",\"@id\":\"https:\\\/\\\/www.ucf.edu.cu\\\/#website\",\"url\":\"https:\\\/\\\/www.ucf.edu.cu\\\/\",\"name\":\"Universidad de Cienfuegos\",\"description\":\"Portal Web Universidad de Cienfuegos\",\"publisher\":{\"@id\":\"https:\\\/\\\/www.ucf.edu.cu\\\/#organization\"},\"alternateName\":\"Portal institucional de la UCf\",\"potentialAction\":[{\"@type\":\"SearchAction\",\"target\":{\"@type\":\"EntryPoint\",\"urlTemplate\":\"https:\\\/\\\/www.ucf.edu.cu\\\/?s={search_term_string}\"},\"query-input\":{\"@type\":\"PropertyValueSpecification\",\"valueRequired\":true,\"valueName\":\"search_term_string\"}}],\"inLanguage\":\"es\"},{\"@type\":\"Organization\",\"@id\":\"https:\\\/\\\/www.ucf.edu.cu\\\/#organization\",\"name\":\"Universidad de Cienfuegos\",\"url\":\"https:\\\/\\\/www.ucf.edu.cu\\\/\",\"logo\":{\"@type\":\"ImageObject\",\"inLanguage\":\"es\",\"@id\":\"https:\\\/\\\/www.ucf.edu.cu\\\/#\\\/schema\\\/logo\\\/image\\\/\",\"url\":\"https:\\\/\\\/www.ucf.edu.cu\\\/wp-content\\\/uploads\\\/2020\\\/11\\\/fe77b047cf65bbf66915926fa3c00c93_L.jpg\",\"contentUrl\":\"https:\\\/\\\/www.ucf.edu.cu\\\/wp-content\\\/uploads\\\/2020\\\/11\\\/fe77b047cf65bbf66915926fa3c00c93_L.jpg\",\"width\":1000,\"height\":763,\"caption\":\"Universidad de Cienfuegos\"},\"image\":{\"@id\":\"https:\\\/\\\/www.ucf.edu.cu\\\/#\\\/schema\\\/logo\\\/image\\\/\"},\"sameAs\":[\"https:\\\/\\\/www.facebook.com\\\/ucfgos\\\/\",\"https:\\\/\\\/x.com\\\/ucfgos\",\"https:\\\/\\\/www.instagram.com\\\/ucfgos\",\"https:\\\/\\\/www.youtube.com\\\/channel\\\/UCymAZYZHmPzh48cHLG6Nx4A\"]},{\"@type\":\"Person\",\"@id\":\"https:\\\/\\\/www.ucf.edu.cu\\\/#\\\/schema\\\/person\\\/1ab5c30ce7d7cff8d04e05d54e4467eb\",\"name\":\"Direcci\u00f3n de Comunicaci\u00f3n Institucional\",\"image\":{\"@type\":\"ImageObject\",\"inLanguage\":\"es\",\"@id\":\"https:\\\/\\\/secure.gravatar.com\\\/avatar\\\/df7a6ffea67205b2cec0557fac1b1c99168521f981217db8876f424e9d334540?s=96&d=mm&r=g\",\"url\":\"https:\\\/\\\/secure.gravatar.com\\\/avatar\\\/df7a6ffea67205b2cec0557fac1b1c99168521f981217db8876f424e9d334540?s=96&d=mm&r=g\",\"contentUrl\":\"https:\\\/\\\/secure.gravatar.com\\\/avatar\\\/df7a6ffea67205b2cec0557fac1b1c99168521f981217db8876f424e9d334540?s=96&d=mm&r=g\",\"caption\":\"Direcci\u00f3n de Comunicaci\u00f3n Institucional\"}}]}<\/script>\n<!-- \/ Yoast SEO plugin. -->","yoast_head_json":{"title":"Nuevos salarios, pensiones y prestaciones de la asistencia social - Universidad de Cienfuegos","description":"Noticias del \u00e1mbito universitario de la casa de altos estudios de Cienfuegos. Adem\u00e1s se muestran noticias del acontecer nacional e internacional de mayor relevancia.","robots":{"index":"index","follow":"follow","max-snippet":"max-snippet:-1","max-image-preview":"max-image-preview:large","max-video-preview":"max-video-preview:-1"},"canonical":"https:\/\/www.ucf.edu.cu\/?p=6701","og_locale":"es_ES","og_type":"article","og_title":"Nuevos salarios, pensiones y prestaciones de la asistencia social - Universidad de Cienfuegos","og_description":"Noticias del \u00e1mbito universitario de la casa de altos estudios de Cienfuegos. Adem\u00e1s se muestran noticias del acontecer nacional e internacional de mayor relevancia.","og_url":"https:\/\/www.ucf.edu.cu\/?p=6701","og_site_name":"Universidad de Cienfuegos","article_publisher":"https:\/\/www.facebook.com\/ucfgos\/","article_published_time":"2020-12-11T16:01:51+00:00","article_modified_time":"2020-12-11T16:03:22+00:00","og_image":[{"width":580,"height":321,"url":"https:\/\/www.ucf.edu.cu\/wp-content\/uploads\/2020\/12\/unificacion-monetaria-940x520-2-580x321-copia.jpg","type":"image\/jpeg"}],"author":"Direcci\u00f3n de Comunicaci\u00f3n Institucional","twitter_card":"summary_large_image","twitter_creator":"@ucfgos","twitter_site":"@ucfgos","twitter_misc":{"Escrito por":"Direcci\u00f3n de Comunicaci\u00f3n Institucional","Tiempo de lectura":"5 minutos"},"schema":{"@context":"https:\/\/schema.org","@graph":[{"@type":"Article","@id":"https:\/\/www.ucf.edu.cu\/?p=6701#article","isPartOf":{"@id":"https:\/\/www.ucf.edu.cu\/?p=6701"},"author":{"name":"Direcci\u00f3n de Comunicaci\u00f3n Institucional","@id":"https:\/\/www.ucf.edu.cu\/#\/schema\/person\/1ab5c30ce7d7cff8d04e05d54e4467eb"},"headline":"Nuevos salarios, pensiones y prestaciones de la asistencia social","datePublished":"2020-12-11T16:01:51+00:00","dateModified":"2020-12-11T16:03:22+00:00","mainEntityOfPage":{"@id":"https:\/\/www.ucf.edu.cu\/?p=6701"},"wordCount":1075,"commentCount":1,"publisher":{"@id":"https:\/\/www.ucf.edu.cu\/#organization"},"image":{"@id":"https:\/\/www.ucf.edu.cu\/?p=6701#primaryimage"},"thumbnailUrl":"https:\/\/www.ucf.edu.cu\/wp-content\/uploads\/2020\/12\/unificacion-monetaria-940x520-2-580x321-copia.jpg","articleSection":["Noticias"],"inLanguage":"es","potentialAction":[{"@type":"CommentAction","name":"Comment","target":["https:\/\/www.ucf.edu.cu\/?p=6701#respond"]}]},{"@type":"WebPage","@id":"https:\/\/www.ucf.edu.cu\/?p=6701","url":"https:\/\/www.ucf.edu.cu\/?p=6701","name":"Nuevos salarios, pensiones y prestaciones de la asistencia social - Universidad de Cienfuegos","isPartOf":{"@id":"https:\/\/www.ucf.edu.cu\/#website"},"primaryImageOfPage":{"@id":"https:\/\/www.ucf.edu.cu\/?p=6701#primaryimage"},"image":{"@id":"https:\/\/www.ucf.edu.cu\/?p=6701#primaryimage"},"thumbnailUrl":"https:\/\/www.ucf.edu.cu\/wp-content\/uploads\/2020\/12\/unificacion-monetaria-940x520-2-580x321-copia.jpg","datePublished":"2020-12-11T16:01:51+00:00","dateModified":"2020-12-11T16:03:22+00:00","description":"Noticias del \u00e1mbito universitario de la casa de altos estudios de Cienfuegos. Adem\u00e1s se muestran noticias del acontecer nacional e internacional de mayor relevancia.","breadcrumb":{"@id":"https:\/\/www.ucf.edu.cu\/?p=6701#breadcrumb"},"inLanguage":"es","potentialAction":[{"@type":"ReadAction","target":["https:\/\/www.ucf.edu.cu\/?p=6701"]}]},{"@type":"ImageObject","inLanguage":"es","@id":"https:\/\/www.ucf.edu.cu\/?p=6701#primaryimage","url":"https:\/\/www.ucf.edu.cu\/wp-content\/uploads\/2020\/12\/unificacion-monetaria-940x520-2-580x321-copia.jpg","contentUrl":"https:\/\/www.ucf.edu.cu\/wp-content\/uploads\/2020\/12\/unificacion-monetaria-940x520-2-580x321-copia.jpg","width":580,"height":321},{"@type":"BreadcrumbList","@id":"https:\/\/www.ucf.edu.cu\/?p=6701#breadcrumb","itemListElement":[{"@type":"ListItem","position":1,"name":"Portada","item":"https:\/\/www.ucf.edu.cu\/"},{"@type":"ListItem","position":2,"name":"Nuevos salarios, pensiones y prestaciones de la asistencia social"}]},{"@type":"WebSite","@id":"https:\/\/www.ucf.edu.cu\/#website","url":"https:\/\/www.ucf.edu.cu\/","name":"Universidad de Cienfuegos","description":"Portal Web Universidad de Cienfuegos","publisher":{"@id":"https:\/\/www.ucf.edu.cu\/#organization"},"alternateName":"Portal institucional de la UCf","potentialAction":[{"@type":"SearchAction","target":{"@type":"EntryPoint","urlTemplate":"https:\/\/www.ucf.edu.cu\/?s={search_term_string}"},"query-input":{"@type":"PropertyValueSpecification","valueRequired":true,"valueName":"search_term_string"}}],"inLanguage":"es"},{"@type":"Organization","@id":"https:\/\/www.ucf.edu.cu\/#organization","name":"Universidad de Cienfuegos","url":"https:\/\/www.ucf.edu.cu\/","logo":{"@type":"ImageObject","inLanguage":"es","@id":"https:\/\/www.ucf.edu.cu\/#\/schema\/logo\/image\/","url":"https:\/\/www.ucf.edu.cu\/wp-content\/uploads\/2020\/11\/fe77b047cf65bbf66915926fa3c00c93_L.jpg","contentUrl":"https:\/\/www.ucf.edu.cu\/wp-content\/uploads\/2020\/11\/fe77b047cf65bbf66915926fa3c00c93_L.jpg","width":1000,"height":763,"caption":"Universidad de Cienfuegos"},"image":{"@id":"https:\/\/www.ucf.edu.cu\/#\/schema\/logo\/image\/"},"sameAs":["https:\/\/www.facebook.com\/ucfgos\/","https:\/\/x.com\/ucfgos","https:\/\/www.instagram.com\/ucfgos","https:\/\/www.youtube.com\/channel\/UCymAZYZHmPzh48cHLG6Nx4A"]},{"@type":"Person","@id":"https:\/\/www.ucf.edu.cu\/#\/schema\/person\/1ab5c30ce7d7cff8d04e05d54e4467eb","name":"Direcci\u00f3n de Comunicaci\u00f3n Institucional","image":{"@type":"ImageObject","inLanguage":"es","@id":"https:\/\/secure.gravatar.com\/avatar\/df7a6ffea67205b2cec0557fac1b1c99168521f981217db8876f424e9d334540?s=96&d=mm&r=g","url":"https:\/\/secure.gravatar.com\/avatar\/df7a6ffea67205b2cec0557fac1b1c99168521f981217db8876f424e9d334540?s=96&d=mm&r=g","contentUrl":"https:\/\/secure.gravatar.com\/avatar\/df7a6ffea67205b2cec0557fac1b1c99168521f981217db8876f424e9d334540?s=96&d=mm&r=g","caption":"Direcci\u00f3n de Comunicaci\u00f3n Institucional"}}]}},"_links":{"self":[{"href":"https:\/\/www.ucf.edu.cu\/index.php?rest_route=\/wp\/v2\/posts\/6701","targetHints":{"allow":["GET"]}}],"collection":[{"href":"https:\/\/www.ucf.edu.cu\/index.php?rest_route=\/wp\/v2\/posts"}],"about":[{"href":"https:\/\/www.ucf.edu.cu\/index.php?rest_route=\/wp\/v2\/types\/post"}],"author":[{"embeddable":true,"href":"https:\/\/www.ucf.edu.cu\/index.php?rest_route=\/wp\/v2\/users\/6"}],"replies":[{"embeddable":true,"href":"https:\/\/www.ucf.edu.cu\/index.php?rest_route=%2Fwp%2Fv2%2Fcomments&post=6701"}],"version-history":[{"count":4,"href":"https:\/\/www.ucf.edu.cu\/index.php?rest_route=\/wp\/v2\/posts\/6701\/revisions"}],"predecessor-version":[{"id":6707,"href":"https:\/\/www.ucf.edu.cu\/index.php?rest_route=\/wp\/v2\/posts\/6701\/revisions\/6707"}],"wp:featuredmedia":[{"embeddable":true,"href":"https:\/\/www.ucf.edu.cu\/index.php?rest_route=\/wp\/v2\/media\/6702"}],"wp:attachment":[{"href":"https:\/\/www.ucf.edu.cu\/index.php?rest_route=%2Fwp%2Fv2%2Fmedia&parent=6701"}],"wp:term":[{"taxonomy":"category","embeddable":true,"href":"https:\/\/www.ucf.edu.cu\/index.php?rest_route=%2Fwp%2Fv2%2Fcategories&post=6701"},{"taxonomy":"post_tag","embeddable":true,"href":"https:\/\/www.ucf.edu.cu\/index.php?rest_route=%2Fwp%2Fv2%2Ftags&post=6701"}],"curies":[{"name":"wp","href":"https:\/\/api.w.org\/{rel}","templated":true}]}}