{"id":6708,"date":"2020-12-11T18:00:47","date_gmt":"2020-12-11T18:00:47","guid":{"rendered":"https:\/\/www.ucf.edu.cu\/?p=6708"},"modified":"2020-12-11T18:37:29","modified_gmt":"2020-12-11T18:37:29","slug":"felicita-ministro-de-educacion-superior-a-la-ucf-en-visperas-de-un-nuevo-periodo-academico","status":"publish","type":"post","link":"https:\/\/www.ucf.edu.cu\/?p=6708","title":{"rendered":"Felicita Ministro de Educaci\u00f3n Superior a la UCf en v\u00edsperas de un nuevo periodo acad\u00e9mico"},"content":{"rendered":"\t\t<div data-elementor-type=\"wp-post\" data-elementor-id=\"6708\" class=\"elementor elementor-6708\">\n\t\t\t\t\t\t<section class=\"elementor-section elementor-top-section elementor-element elementor-element-f737082 elementor-section-boxed elementor-section-height-default elementor-section-height-default\" data-id=\"f737082\" data-element_type=\"section\" data-e-type=\"section\">\n\t\t\t\t\t\t<div class=\"elementor-container elementor-column-gap-default\">\n\t\t\t\t\t<div class=\"elementor-column elementor-col-100 elementor-top-column elementor-element elementor-element-7d7c843\" data-id=\"7d7c843\" data-element_type=\"column\" data-e-type=\"column\">\n\t\t\t<div class=\"elementor-widget-wrap elementor-element-populated\">\n\t\t\t\t\t\t<div class=\"elementor-element elementor-element-709ccfa elementor-widget elementor-widget-text-editor\" data-id=\"709ccfa\" data-element_type=\"widget\" data-e-type=\"widget\" data-widget_type=\"text-editor.default\">\n\t\t\t\t<div class=\"elementor-widget-container\">\n\t\t\t\t\t\t\t\t\t<p><span class=\"d2edcug0 hpfvmrgz qv66sw1b c1et5uql rrkovp55 a8c37x1j keod5gw0 nxhoafnm aigsh9s9 d3f4x2em fe6kdd0r mau55g9w c8b282yb iv3no6db jq4qci2q a3bd9o3v knj5qynh oo9gr5id hzawbc8m\" dir=\"auto\">Este 11 de diciembre amaneci\u00f3 el alma mater cienfueguera con la visita del Ministro de Educaci\u00f3n Superior (MES) y Doctor Honoris Causa de esta casa de altos estudios, Dr.C. Jos\u00e9 Ram\u00f3n Saborido Loidi, quien, junto a un equipo de trabajo, dialog\u00f3 con directivos institucionales y trabajadores sobre procesos vitales en esta universidad cubana.<\/span><\/p><p><img fetchpriority=\"high\" decoding=\"async\" class=\"alignnone wp-image-6711 size-full\" src=\"https:\/\/www.ucf.edu.cu\/wp-content\/uploads\/2020\/12\/130881968_3740032202727956_8687170400448486647_n.jpg\" alt=\"\" width=\"960\" height=\"720\" srcset=\"https:\/\/www.ucf.edu.cu\/wp-content\/uploads\/2020\/12\/130881968_3740032202727956_8687170400448486647_n.jpg 960w, https:\/\/www.ucf.edu.cu\/wp-content\/uploads\/2020\/12\/130881968_3740032202727956_8687170400448486647_n-300x225.jpg 300w, https:\/\/www.ucf.edu.cu\/wp-content\/uploads\/2020\/12\/130881968_3740032202727956_8687170400448486647_n-768x576.jpg 768w\" sizes=\"(max-width: 960px) 100vw, 960px\" \/><\/p><div dir=\"auto\">El Director General de Formaci\u00f3n de Pregrado del MES, Dr.C. Reynaldo Vel\u00e1zquez Zald\u00edvar, en intercambio con los responsables de esta \u00e1rea,\u00a0 valor\u00f3 como satisfactorio el <span class=\"d2edcug0 hpfvmrgz qv66sw1b c1et5uql rrkovp55 a8c37x1j keod5gw0 nxhoafnm aigsh9s9 d3f4x2em fe6kdd0r mau55g9w c8b282yb iv3no6db jq4qci2q a3bd9o3v knj5qynh oo9gr5id hzawbc8m\" dir=\"auto\">cierre del curso 2019-2020, al tiempo que destac\u00f3 los resultados alcanzados en la pol\u00edtica de idioma Ingl\u00e9s y la planificaci\u00f3n del venidero periodo lectivo. <\/span><\/div><div dir=\"auto\">\u00a0<\/div><div dir=\"auto\">Por su parte, Armando Lauchy, <span class=\"css-901oao css-16my406 r-18jsvk2 r-1qd0xha r-a023e6 r-16dba41 r-ad9z0x r-bcqeeo r-qvutc0\" dir=\"auto\"><span class=\"css-901oao css-16my406 r-1qd0xha r-ad9z0x r-bcqeeo r-qvutc0\">Director de Contabilidad y Finanzas de nuestro ministerio, se refiri\u00f3 a t\u00f3picos de vital importancia en el contexto actual cubano como el Ordenamiento Monetario, la expotaci\u00f3n y comercializaci\u00f3n de servicios, as\u00ed como la preparaci\u00f3n para la auditor\u00eda estrat\u00e9gica. En tales aspectos trabaja la casa de altos estudios con favorables expectativas.<\/span><\/span><\/div><div dir=\"auto\">\u00a0<\/div><div dir=\"auto\">Durante el encuentro, la Dra.C. Orqu\u00eddea Urquiola S\u00e1nchez, Rectora de la instituci\u00f3n, se refieri\u00f3, entre otros temas a:<\/div><ul><li dir=\"auto\">Resultados del proceso de culminaci\u00f3n de estudios.<\/li><li dir=\"auto\">Planificaci\u00f3n y aseguramientos del pr\u00f3ximo curso acad\u00e9mico, a iniciarse en el mes de febrero.<\/li><li dir=\"auto\">Logros en el V\u00ednculo Universidad-Empresa.<\/li><li dir=\"auto\">Resultados en Ciencia e Innovaci\u00f3n.<\/li><li dir=\"auto\">Formaci\u00f3n doctoral.<\/li><\/ul><p><img decoding=\"async\" class=\"alignnone wp-image-6712 size-full\" src=\"https:\/\/www.ucf.edu.cu\/wp-content\/uploads\/2020\/12\/131224822_3740116026052907_4099118545951840879_n.jpg\" alt=\"\" width=\"960\" height=\"720\" srcset=\"https:\/\/www.ucf.edu.cu\/wp-content\/uploads\/2020\/12\/131224822_3740116026052907_4099118545951840879_n.jpg 960w, https:\/\/www.ucf.edu.cu\/wp-content\/uploads\/2020\/12\/131224822_3740116026052907_4099118545951840879_n-300x225.jpg 300w, https:\/\/www.ucf.edu.cu\/wp-content\/uploads\/2020\/12\/131224822_3740116026052907_4099118545951840879_n-768x576.jpg 768w\" sizes=\"(max-width: 960px) 100vw, 960px\" \/><\/p><div dir=\"auto\">En las conclusiones de su visita a la UCf, el Dr.C. Jos\u00e9 Ram\u00f3n Saborido Loidi, Ministro de Educaci\u00f3n Superior y el resto de los miembros de la delegaci\u00f3n que lo acompa\u00f1a, evaluaron como muy positivos los resultados de la instituci\u00f3n y exhortaron a potenciar el impacto de los resultados cient\u00edficos e investigativos de la casa de altos estudios.<\/div><div dir=\"auto\">\u00a0<\/div><div dir=\"auto\">\u201cEn esta universidad existe suficiente compromiso, capacidad intelectual, deseos e iniciativas para enfrentar todos estos retos\u201d, expres\u00f3 el titular.<\/div>\t\t\t\t\t\t\t\t<\/div>\n\t\t\t\t<\/div>\n\t\t\t\t\t<\/div>\n\t\t<\/div>\n\t\t\t\t\t<\/div>\n\t\t<\/section>\n\t\t\t\t<\/div>\n\t\t","protected":false},"excerpt":{"rendered":"<p>Este 11 de diciembre amaneci\u00f3 el alma mater cienfueguera con la visita del Ministro de Educaci\u00f3n Superior (MES) y Doctor Honoris Causa de esta casa de altos estudios, Dr.C. Jos\u00e9 Ram\u00f3n Saborido<a class=\"moretag\" href=\"https:\/\/www.ucf.edu.cu\/?p=6708\">Leer m\u00e1s&#8230;<\/a><\/p>\n","protected":false},"author":6,"featured_media":6709,"comment_status":"open","ping_status":"open","sticky":false,"template":"page-post-intra.php","format":"standard","meta":{"footnotes":""},"categories":[6],"tags":[],"class_list":["post-6708","post","type-post","status-publish","format-standard","has-post-thumbnail","hentry","category-noticias"],"_links":{"self":[{"href":"https:\/\/www.ucf.edu.cu\/index.php?rest_route=\/wp\/v2\/posts\/6708","targetHints":{"allow":["GET"]}}],"collection":[{"href":"https:\/\/www.ucf.edu.cu\/index.php?rest_route=\/wp\/v2\/posts"}],"about":[{"href":"https:\/\/www.ucf.edu.cu\/index.php?rest_route=\/wp\/v2\/types\/post"}],"author":[{"embeddable":true,"href":"https:\/\/www.ucf.edu.cu\/index.php?rest_route=\/wp\/v2\/users\/6"}],"replies":[{"embeddable":true,"href":"https:\/\/www.ucf.edu.cu\/index.php?rest_route=%2Fwp%2Fv2%2Fcomments&post=6708"}],"version-history":[{"count":10,"href":"https:\/\/www.ucf.edu.cu\/index.php?rest_route=\/wp\/v2\/posts\/6708\/revisions"}],"predecessor-version":[{"id":6722,"href":"https:\/\/www.ucf.edu.cu\/index.php?rest_route=\/wp\/v2\/posts\/6708\/revisions\/6722"}],"wp:featuredmedia":[{"embeddable":true,"href":"https:\/\/www.ucf.edu.cu\/index.php?rest_route=\/wp\/v2\/media\/6709"}],"wp:attachment":[{"href":"https:\/\/www.ucf.edu.cu\/index.php?rest_route=%2Fwp%2Fv2%2Fmedia&parent=6708"}],"wp:term":[{"taxonomy":"category","embeddable":true,"href":"https:\/\/www.ucf.edu.cu\/index.php?rest_route=%2Fwp%2Fv2%2Fcategories&post=6708"},{"taxonomy":"post_tag","embeddable":true,"href":"https:\/\/www.ucf.edu.cu\/index.php?rest_route=%2Fwp%2Fv2%2Ftags&post=6708"}],"curies":[{"name":"wp","href":"https:\/\/api.w.org\/{rel}","templated":true}]}}