{"id":6729,"date":"2020-12-15T20:43:39","date_gmt":"2020-12-15T20:43:39","guid":{"rendered":"https:\/\/www.ucf.edu.cu\/?p=6729"},"modified":"2020-12-15T20:53:57","modified_gmt":"2020-12-15T20:53:57","slug":"la-feu-sumando-victorias-en-sus-98","status":"publish","type":"post","link":"https:\/\/www.ucf.edu.cu\/?p=6729","title":{"rendered":"La FEU: sumando victorias en sus 98"},"content":{"rendered":"\t\t<div data-elementor-type=\"wp-post\" data-elementor-id=\"6729\" class=\"elementor elementor-6729\">\n\t\t\t\t\t\t<section class=\"elementor-section elementor-top-section elementor-element elementor-element-0457a2d elementor-section-boxed elementor-section-height-default elementor-section-height-default\" data-id=\"0457a2d\" data-element_type=\"section\" data-e-type=\"section\">\n\t\t\t\t\t\t<div class=\"elementor-container elementor-column-gap-default\">\n\t\t\t\t\t<div class=\"elementor-column elementor-col-100 elementor-top-column elementor-element elementor-element-fc758bd\" data-id=\"fc758bd\" data-element_type=\"column\" data-e-type=\"column\">\n\t\t\t<div class=\"elementor-widget-wrap elementor-element-populated\">\n\t\t\t\t\t\t<div class=\"elementor-element elementor-element-8830689 elementor-widget elementor-widget-text-editor\" data-id=\"8830689\" data-element_type=\"widget\" data-e-type=\"widget\" data-widget_type=\"text-editor.default\">\n\t\t\t\t<div class=\"elementor-widget-container\">\n\t\t\t\t\t\t\t\t\t<div class=\"entry-content\"><div class=\"elementor elementor-6922\" data-elementor-type=\"wp-post\" data-elementor-id=\"6922\" data-elementor-settings=\"[]\"><div class=\"elementor-inner\"><div class=\"elementor-section-wrap\"><section class=\"elementor-section elementor-top-section elementor-element elementor-element-f66ee75 elementor-section-boxed elementor-section-height-default elementor-section-height-default\" data-id=\"f66ee75\" data-element_type=\"section\"><div class=\"elementor-container elementor-column-gap-default\"><div class=\"elementor-row\"><div class=\"elementor-column elementor-col-100 elementor-top-column elementor-element elementor-element-df22a92\" data-id=\"df22a92\" data-element_type=\"column\"><div class=\"elementor-column-wrap elementor-element-populated\"><div class=\"elementor-widget-wrap\"><div class=\"elementor-element elementor-element-7a9b073 elementor-widget elementor-widget-text-editor\" data-id=\"7a9b073\" data-element_type=\"widget\" data-widget_type=\"text-editor.default\"><div class=\"elementor-widget-container\"><div class=\"elementor-text-editor elementor-clearfix\"><p>Desde ya mi casa UCf celebra el Aniversario 98 de la organizaci\u00f3n joven m\u00e1s antigua de Cuba, la Federaci\u00f3n Estudiantil Universitaria (FEU).En v\u00edsperas de este cumplea\u00f1os, la #FEU de la #UCf reconoci\u00f3 a dirigentes estudiantiles de esta casa de altos estudios, y recibi\u00f3 galardones de manos de la Direcci\u00f3n del centro y del Secretariado de la UJC, los participantes del Evento Juvenil Internacional \u201cIdeas que son Bandera\u201d.<\/p><p>Esta organizaci\u00f3n ya casi centenaria marcada por el compromiso de los universitarios cubanos en el apoyo a la estrategia econ\u00f3mica y social de nuestro pa\u00eds y las experiencias adquiridas por nuestro estudiantado en el enfrentamiento a la Covid-19.<\/p><p><strong>Principales Motivaciones para este cumplea\u00f1os 98:<\/strong><\/p><ul><li>62 Aniversario del Triunfo de la Revoluci\u00f3n.<\/li><li>98 Aniversario de la FEU.<\/li><li>98 Aniversario de la inauguraci\u00f3n de la Universidad Popular Jos\u00e9 Mart\u00ed.<\/li><li>98 Aniversario de la Fundaci\u00f3n de la Revista Alma M\u00e1ter<\/li><li>62 Aniversario de la creaci\u00f3n de las Brigadas Universitarias Jos\u00e9 Antonio Echeverr\u00eda.<\/li><\/ul><p><strong>PERIODO:<\/strong> 17 de noviembre al 20 de diciembre de 2020.<\/p><p><strong>Slogan:<\/strong> \u201cPor m\u00e1s victorias<\/p><p><strong>\u201cCOMPONENTES PARA EL DESARROLLO DE LAS ACTIVIDADES:<\/strong><\/p><p><strong>Componente Ideol\u00f3gico:<\/strong><\/p><ul><li>Cada universidad definir\u00e1 un programa de actividades en saludo al aniversario de la organizaci\u00f3n ya las principales motivaciones, teniendo en cuenta las emitidas por el Secretariado Nacional.<\/li><li>Continuidad e incorporaci\u00f3n de los estudiantes universitarios a tareas de impacto econ\u00f3mico y social priorizando los sectores productivos y el ahorro de energ\u00eda.<\/li><li>Continuar entregando en el marco de las conmemoraciones el reconocimiento \u201cCon Cuba \u201ca personalidades e instituciones que han acompa\u00f1ado y apoyado el trabajo de la organizaci\u00f3n.<\/li><li>Jornada de reconocimiento por el D\u00eda del Educador y entrega de los premios \u201cAlma Mater\u201d, \u201cTiza de Oro \u201cy \u201cA un Futuro Maestro\u201d.<\/li><li>Desarrollar actividades comunitarias en coordinaci\u00f3n con los factores de la comunidad en las diferentes localidades activando desde las brigadas cada uno de los proyectos comunitarios con que cuente la FEU de cada IES.<\/li><li>Promover el trabajo con la historia a trav\u00e9s del proyecto Memoria Hist\u00f3rica de la FEU y las C\u00e1tedras de la FEU. Potenciar las visitas a tarjas y monumentos, as\u00ed como el sistema de atenci\u00f3n a estos, planificar ascensos a picos y lomas de inter\u00e9s hist\u00f3rico y realizar recorridos por rutas hist\u00f3ricas en cada uno de los territorios.<\/li><li>Promover los espacios de intercambio y de pensamiento desde la brigada mediante di\u00e1logos de generaciones con personalidades, exdirigentes de la organizaci\u00f3n, combatientes de la Revoluci\u00f3n Cubana y dirigentes del gobierno en las provincias.<\/li><li>Desarrollar Jornada de Recuperaci\u00f3n de Materias Primas y la creaci\u00f3n de los \u201cpuntos libres \u201cen cada uno de los IES.<\/li><li>Promover espacios de intercambios entre los estudiantes que han dado su paso al frente en las tareas de enfrentamiento a la Covid-19 as\u00ed como con personalidades de la ciencia que han estado directamente vinculados al estudio de la pandemia y su enfrentamiento.<\/li><li>Desarrollar acciones a trav\u00e9s de las redes sociales con el objetivo de denunciar el recrudecimiento del bloqueo econ\u00f3mico-comercial y financiero en medio de una pandemia provocada por la Covid-19.<\/li><li>Reconocimientos a los Consejos de la FEU de las universidades y entrega de la Condici\u00f3n de destacado con el objetivo de reconocer el papel desarrollado en el enfrentamiento a la Covid-19.<\/li><li>Vincular a los estudiantes del curso prem\u00e9dica a las principales actividades.<\/li><\/ul><p><strong>Componente Cultural y Deportivo:<\/strong><\/p><ul><li>Generar espacios para la presentaci\u00f3n del talento art\u00edstico de cada Universidad ya sean en plataformas virtuales, pe\u00f1as, actividades comunitarias y en el propio marco de las actividades centrales, priorizando las presentaciones online a trav\u00e9s de las p\u00e1ginas y cuentas en redes sociales de la FEU de cada IES.<\/li><li>Realizar expo-venta y presentaciones de libros en las universidades en coordinaci\u00f3n con el Instituto Cubano del Libro.<\/li><li>Exposiciones online de muestras personales por parte de estudiantes de la Universidad de las Artes.<\/li><li>Potenciar el desarrollo de actividades deportivas principalmente de juegos de mesa, ajedrez y domin\u00f3 como parte de la recreaci\u00f3n sana.<\/li><li>Realizar encuentros deportivos a puertas cerradas en cada IES y que estos sean transmitidos de manera online en las p\u00e1ginas de la FEU de cada Universidad<\/li><li>Generar espacios de di\u00e1logos desde la brigada con personalidades de la cultura y el deporte en cada una de las universidades. Componente Comunicacional:<\/li><li>Utilizar el identificador y eslogan en todas las actividades planificadas por la organizaci\u00f3n.<\/li><li>Divulgar a trav\u00e9s de los perfiles en redes sociales de la FEU las actividades en saludos al 98 aniversario de la Organizaci\u00f3n.<\/li><li>Entrevistas a estudiantes destacados en el enfrentamiento a la Covid 19 y a dirigentes de la FEU en espacios televisivos del pa\u00eds.<\/li><li>Cobertura de prensa a los principales espacios y actividades por parte de los grupos de comunicaci\u00f3n de la FEU en las universidades y el Grupo de Comunicaci\u00f3n Nacional, as\u00ed como de los principales medios de comunicaci\u00f3n locales.<\/li><li>Edici\u00f3n especial del programa televisivo de la FEU \u201cCoraz\u00f3n Universidad \u201cy del programa radial \u201cTiempo FEU\u201d.<\/li><li>Twitazo \u201c98 Aniversario de la FEU\u201d desde los perfiles de la FEU de cada una de las universidades.<\/li><li>Las etiquetas que se posicionar\u00e1n durante toda la campa\u00f1a ser\u00e1n:<\/li><\/ul><p><strong>Principal: <\/strong>#PorM\u00e1sVictorias<\/p><p><strong>Complementarias: <\/strong>#98FEU #SomosFEU #RumboAl100FEU<\/p><\/div><\/div><\/div><\/div><\/div><\/div><\/div><\/div><\/section><\/div><\/div><\/div><\/div>\t\t\t\t\t\t\t\t<\/div>\n\t\t\t\t<\/div>\n\t\t\t\t\t<\/div>\n\t\t<\/div>\n\t\t\t\t\t<\/div>\n\t\t<\/section>\n\t\t\t\t<\/div>\n\t\t","protected":false},"excerpt":{"rendered":"<p>Desde ya mi casa UCf celebra el Aniversario 98 de la organizaci\u00f3n joven m\u00e1s antigua de Cuba, la Federaci\u00f3n Estudiantil Universitaria (FEU).En v\u00edsperas de este cumplea\u00f1os, la #FEU de la #UCf reconoci\u00f3<a class=\"moretag\" href=\"https:\/\/www.ucf.edu.cu\/?p=6729\">Leer m\u00e1s&#8230;<\/a><\/p>\n","protected":false},"author":6,"featured_media":6730,"comment_status":"open","ping_status":"open","sticky":false,"template":"page-post-intra.php","format":"standard","meta":{"footnotes":""},"categories":[6],"tags":[],"class_list":["post-6729","post","type-post","status-publish","format-standard","has-post-thumbnail","hentry","category-noticias"],"_links":{"self":[{"href":"https:\/\/www.ucf.edu.cu\/index.php?rest_route=\/wp\/v2\/posts\/6729","targetHints":{"allow":["GET"]}}],"collection":[{"href":"https:\/\/www.ucf.edu.cu\/index.php?rest_route=\/wp\/v2\/posts"}],"about":[{"href":"https:\/\/www.ucf.edu.cu\/index.php?rest_route=\/wp\/v2\/types\/post"}],"author":[{"embeddable":true,"href":"https:\/\/www.ucf.edu.cu\/index.php?rest_route=\/wp\/v2\/users\/6"}],"replies":[{"embeddable":true,"href":"https:\/\/www.ucf.edu.cu\/index.php?rest_route=%2Fwp%2Fv2%2Fcomments&post=6729"}],"version-history":[{"count":4,"href":"https:\/\/www.ucf.edu.cu\/index.php?rest_route=\/wp\/v2\/posts\/6729\/revisions"}],"predecessor-version":[{"id":6735,"href":"https:\/\/www.ucf.edu.cu\/index.php?rest_route=\/wp\/v2\/posts\/6729\/revisions\/6735"}],"wp:featuredmedia":[{"embeddable":true,"href":"https:\/\/www.ucf.edu.cu\/index.php?rest_route=\/wp\/v2\/media\/6730"}],"wp:attachment":[{"href":"https:\/\/www.ucf.edu.cu\/index.php?rest_route=%2Fwp%2Fv2%2Fmedia&parent=6729"}],"wp:term":[{"taxonomy":"category","embeddable":true,"href":"https:\/\/www.ucf.edu.cu\/index.php?rest_route=%2Fwp%2Fv2%2Fcategories&post=6729"},{"taxonomy":"post_tag","embeddable":true,"href":"https:\/\/www.ucf.edu.cu\/index.php?rest_route=%2Fwp%2Fv2%2Ftags&post=6729"}],"curies":[{"name":"wp","href":"https:\/\/api.w.org\/{rel}","templated":true}]}}