{"id":9165,"date":"2021-11-25T14:42:22","date_gmt":"2021-11-25T14:42:22","guid":{"rendered":"https:\/\/www.ucf.edu.cu\/?p=9165"},"modified":"2021-11-25T14:43:18","modified_gmt":"2021-11-25T14:43:18","slug":"fidel-faro-vigente-en-las-ideas-y-la-accion","status":"publish","type":"post","link":"https:\/\/www.ucf.edu.cu\/?p=9165","title":{"rendered":"Fidel, faro vigente en las ideas y la acci\u00f3n"},"content":{"rendered":"\t\t<div data-elementor-type=\"wp-post\" data-elementor-id=\"9165\" class=\"elementor elementor-9165\">\n\t\t\t\t\t\t<section class=\"elementor-section elementor-top-section elementor-element elementor-element-a7e91ee elementor-section-boxed elementor-section-height-default elementor-section-height-default\" data-id=\"a7e91ee\" data-element_type=\"section\" data-e-type=\"section\">\n\t\t\t\t\t\t<div class=\"elementor-container elementor-column-gap-default\">\n\t\t\t\t\t<div class=\"elementor-column elementor-col-100 elementor-top-column elementor-element elementor-element-6fdbd53\" data-id=\"6fdbd53\" data-element_type=\"column\" data-e-type=\"column\">\n\t\t\t<div class=\"elementor-widget-wrap elementor-element-populated\">\n\t\t\t\t\t\t<div class=\"elementor-element elementor-element-f3b0727 elementor-widget elementor-widget-text-editor\" data-id=\"f3b0727\" data-element_type=\"widget\" data-e-type=\"widget\" data-widget_type=\"text-editor.default\">\n\t\t\t\t<div class=\"elementor-widget-container\">\n\t\t\t\t\t\t\t\t\t<p>M\u00e1s que su legado y las conquistas pol\u00edticas y sociales, el L\u00edder Hist\u00f3rico de la Revoluci\u00f3n nos dej\u00f3 una fuente inagotable de inspiraci\u00f3n. A la total vigencia de su pensamiento futurista tenemos que volver una y otra vez para enrumbar las ideas y la acci\u00f3n con la certeza de tocar el porvenir.<\/p><p>Fidel nos ense\u00f1\u00f3 so\u00f1ar en grande, pero tambi\u00e9n a saber batallar por un futuro mejor para nuestros hijos y nietos. Su ejemplo personal y liderazgo traz\u00f3 el camino a seguir, y comprendimos con total claridad que el tr\u00e1nsito a metas superiores estar\u00eda plagado de escollos y obst\u00e1culos por superar; pero al mismo tiempo supimos que entre todos pod\u00edamos alcanzarlas.<\/p><p><img fetchpriority=\"high\" decoding=\"async\" class=\"aligncenter wp-image-9946 size-full\" src=\"https:\/\/intranet.ucf.edu.cu\/wp-content\/uploads\/2021\/11\/Retratos-Fidel-5-1-580x321-1.jpg\" sizes=\"(max-width: 580px) 100vw, 580px\" srcset=\"https:\/\/intranet.ucf.edu.cu\/wp-content\/uploads\/2021\/11\/Retratos-Fidel-5-1-580x321-1.jpg 580w, https:\/\/intranet.ucf.edu.cu\/wp-content\/uploads\/2021\/11\/Retratos-Fidel-5-1-580x321-1-300x166.jpg 300w\" alt=\"\" width=\"580\" height=\"321\" \/><\/p><p>Nadie mejor para tasar las cualidades humanas y revolucionarias de Fidel que su hermano de sangre y de lucha, Ra\u00fal. Entre las virtudes resalt\u00f3 aquella de que:<\/p><blockquote><p>\u201cLa permanente ense\u00f1anza de Fidel es que s\u00ed se puede, que el hombre es capaz de sobreponerse a las m\u00e1s duras condiciones si no desfallece su voluntad de vencer, hace una evaluaci\u00f3n correcta de cada situaci\u00f3n y no renuncia a sus justos y nobles principios\u201d.<\/p><\/blockquote><p>La visionaria ejecutoria de Fidel Castro se adelant\u00f3 a las actuales circunstancias de la guerra medi\u00e1tica no convencional impuesta por los enemigos de Cuba, orquestada y financiada por el gobierno de los Estados Unidos. Ante el golpe blando, las revoluciones de colores o como le llamen a cualquier plan o modalidad por revertir el orden y derrocar el proyecto socialista elegido por los cubanos, ya \u00e9l lo hab\u00eda alertado y categ\u00f3ricamente repiti\u00f3 en m\u00e1s de una ocasi\u00f3n que la contrarrevoluci\u00f3n jam\u00e1s tendr\u00eda una tribuna en este pa\u00eds, como si predijera las intenciones mercenarias, desestabilizadoras e injerencistas de las cacareadas \u201cmarchas pac\u00edficas\u201d.<img decoding=\"async\" class=\"aligncenter wp-image-9945 size-full\" src=\"https:\/\/intranet.ucf.edu.cu\/wp-content\/uploads\/2021\/11\/fidel-castro-1-580x394-1.jpg\" sizes=\"(max-width: 580px) 100vw, 580px\" srcset=\"https:\/\/intranet.ucf.edu.cu\/wp-content\/uploads\/2021\/11\/fidel-castro-1-580x394-1.jpg 580w, https:\/\/intranet.ucf.edu.cu\/wp-content\/uploads\/2021\/11\/fidel-castro-1-580x394-1-300x204.jpg 300w\" alt=\"\" width=\"580\" height=\"394\" \/><\/p><p>La estrategia del L\u00edder Hist\u00f3rico de la Revoluci\u00f3n cubana, definida como Batalla Ideol\u00f3gica, adquiere nuevas dimensiones en el actual escenario, que combina el uso de la subversi\u00f3n a trav\u00e9s de grup\u00fasculos mercenarios dentro del pa\u00eds, para la continuidad de la estrategia estadounidense de la guerra radioelectr\u00f3nica y ciberespacial.<\/p><p>De las mal\u00e9volas intenciones de las sucesivas administraciones yanquis, siempre el Comandante en Jefe estuvo alerta, aun cuando m\u00e1s cerca se lleg\u00f3 a la normalizaci\u00f3n de las relaciones durante la presidencia de Obama.<\/p><p>A prop\u00f3sito del tema, en una de sus reflexiones escribi\u00f3: \u201cAdvierto adem\u00e1s que somos capaces de producir los alimentos y las riquezas materiales que necesitamos con el esfuerzo y la inteligencia de nuestro pueblo. No necesitamos que el imperio nos regale nada. Nuestros esfuerzos ser\u00e1n legales y pac\u00edficos, porque es nuestro compromiso con la paz y la fraternidad de todos los seres humanos que vivimos en este planeta\u201d.<\/p><p>Hace cinco a\u00f1os, contempl\u00e1bamos el paso del cortejo que transportaba la urna de cedro con las cenizas del invicto Comandante con consternaci\u00f3n por la desaparici\u00f3n f\u00edsica del paradigma que marchaba al olimpo de la gloria, es verdad, pero con la convicci\u00f3n de seguir su ejemplo y grandeza a todo lo largo y ancho del verde caim\u00e1n.<\/p><p><em><strong>Por: Armando S\u00e1ez Ch\u00e1vez<\/strong><\/em><\/p>\t\t\t\t\t\t\t\t<\/div>\n\t\t\t\t<\/div>\n\t\t\t\t\t<\/div>\n\t\t<\/div>\n\t\t\t\t\t<\/div>\n\t\t<\/section>\n\t\t\t\t<\/div>\n\t\t","protected":false},"excerpt":{"rendered":"<p>M\u00e1s que su legado y las conquistas pol\u00edticas y sociales, el L\u00edder Hist\u00f3rico de la Revoluci\u00f3n nos dej\u00f3 una fuente inagotable de inspiraci\u00f3n. A la total vigencia de su pensamiento futurista tenemos<a class=\"moretag\" href=\"https:\/\/www.ucf.edu.cu\/?p=9165\">Leer m\u00e1s&#8230;<\/a><\/p>\n","protected":false},"author":6,"featured_media":9166,"comment_status":"open","ping_status":"open","sticky":false,"template":"page-post-intra.php","format":"standard","meta":{"footnotes":""},"categories":[6],"tags":[],"class_list":["post-9165","post","type-post","status-publish","format-standard","has-post-thumbnail","hentry","category-noticias"],"yoast_head":"<!-- This site is optimized with the Yoast SEO plugin v27.4 - https:\/\/yoast.com\/product\/yoast-seo-wordpress\/ -->\n<title>Fidel, faro vigente en las ideas y la acci\u00f3n - Universidad de Cienfuegos<\/title>\n<meta name=\"description\" content=\"Noticias del \u00e1mbito universitario de la casa de altos estudios de Cienfuegos. Adem\u00e1s se muestran noticias del acontecer nacional e internacional de mayor relevancia.\" \/>\n<meta name=\"robots\" content=\"index, follow, max-snippet:-1, max-image-preview:large, max-video-preview:-1\" \/>\n<link rel=\"canonical\" href=\"https:\/\/www.ucf.edu.cu\/?p=9165\" \/>\n<meta property=\"og:locale\" content=\"es_ES\" \/>\n<meta property=\"og:type\" content=\"article\" \/>\n<meta property=\"og:title\" content=\"Fidel, faro vigente en las ideas y la acci\u00f3n - Universidad de Cienfuegos\" \/>\n<meta property=\"og:description\" content=\"Noticias del \u00e1mbito universitario de la casa de altos estudios de Cienfuegos. Adem\u00e1s se muestran noticias del acontecer nacional e internacional de mayor relevancia.\" \/>\n<meta property=\"og:url\" content=\"https:\/\/www.ucf.edu.cu\/?p=9165\" \/>\n<meta property=\"og:site_name\" content=\"Universidad de Cienfuegos\" \/>\n<meta property=\"article:publisher\" content=\"https:\/\/www.facebook.com\/ucfgos\/\" \/>\n<meta property=\"article:published_time\" content=\"2021-11-25T14:42:22+00:00\" \/>\n<meta property=\"article:modified_time\" content=\"2021-11-25T14:43:18+00:00\" \/>\n<meta property=\"og:image\" content=\"https:\/\/www.ucf.edu.cu\/wp-content\/uploads\/2021\/11\/chamarreta-fidel-580x296-1.jpg\" \/>\n\t<meta property=\"og:image:width\" content=\"580\" \/>\n\t<meta property=\"og:image:height\" content=\"296\" \/>\n\t<meta property=\"og:image:type\" content=\"image\/jpeg\" \/>\n<meta name=\"author\" content=\"Direcci\u00f3n de Comunicaci\u00f3n Institucional\" \/>\n<meta name=\"twitter:card\" content=\"summary_large_image\" \/>\n<meta name=\"twitter:creator\" content=\"@ucfgos\" \/>\n<meta name=\"twitter:site\" content=\"@ucfgos\" \/>\n<meta name=\"twitter:label1\" content=\"Escrito por\" \/>\n\t<meta name=\"twitter:data1\" content=\"Direcci\u00f3n de Comunicaci\u00f3n Institucional\" \/>\n\t<meta name=\"twitter:label2\" content=\"Tiempo de lectura\" \/>\n\t<meta name=\"twitter:data2\" content=\"3 minutos\" \/>\n<script type=\"application\/ld+json\" class=\"yoast-schema-graph\">{\"@context\":\"https:\\\/\\\/schema.org\",\"@graph\":[{\"@type\":\"Article\",\"@id\":\"https:\\\/\\\/www.ucf.edu.cu\\\/?p=9165#article\",\"isPartOf\":{\"@id\":\"https:\\\/\\\/www.ucf.edu.cu\\\/?p=9165\"},\"author\":{\"name\":\"Direcci\u00f3n de Comunicaci\u00f3n Institucional\",\"@id\":\"https:\\\/\\\/www.ucf.edu.cu\\\/#\\\/schema\\\/person\\\/1ab5c30ce7d7cff8d04e05d54e4467eb\"},\"headline\":\"Fidel, faro vigente en las ideas y la acci\u00f3n\",\"datePublished\":\"2021-11-25T14:42:22+00:00\",\"dateModified\":\"2021-11-25T14:43:18+00:00\",\"mainEntityOfPage\":{\"@id\":\"https:\\\/\\\/www.ucf.edu.cu\\\/?p=9165\"},\"wordCount\":556,\"commentCount\":0,\"publisher\":{\"@id\":\"https:\\\/\\\/www.ucf.edu.cu\\\/#organization\"},\"image\":{\"@id\":\"https:\\\/\\\/www.ucf.edu.cu\\\/?p=9165#primaryimage\"},\"thumbnailUrl\":\"https:\\\/\\\/www.ucf.edu.cu\\\/wp-content\\\/uploads\\\/2021\\\/11\\\/chamarreta-fidel-580x296-1.jpg\",\"articleSection\":[\"Noticias\"],\"inLanguage\":\"es\",\"potentialAction\":[{\"@type\":\"CommentAction\",\"name\":\"Comment\",\"target\":[\"https:\\\/\\\/www.ucf.edu.cu\\\/?p=9165#respond\"]}]},{\"@type\":\"WebPage\",\"@id\":\"https:\\\/\\\/www.ucf.edu.cu\\\/?p=9165\",\"url\":\"https:\\\/\\\/www.ucf.edu.cu\\\/?p=9165\",\"name\":\"Fidel, faro vigente en las ideas y la acci\u00f3n - Universidad de Cienfuegos\",\"isPartOf\":{\"@id\":\"https:\\\/\\\/www.ucf.edu.cu\\\/#website\"},\"primaryImageOfPage\":{\"@id\":\"https:\\\/\\\/www.ucf.edu.cu\\\/?p=9165#primaryimage\"},\"image\":{\"@id\":\"https:\\\/\\\/www.ucf.edu.cu\\\/?p=9165#primaryimage\"},\"thumbnailUrl\":\"https:\\\/\\\/www.ucf.edu.cu\\\/wp-content\\\/uploads\\\/2021\\\/11\\\/chamarreta-fidel-580x296-1.jpg\",\"datePublished\":\"2021-11-25T14:42:22+00:00\",\"dateModified\":\"2021-11-25T14:43:18+00:00\",\"description\":\"Noticias del \u00e1mbito universitario de la casa de altos estudios de Cienfuegos. Adem\u00e1s se muestran noticias del acontecer nacional e internacional de mayor relevancia.\",\"breadcrumb\":{\"@id\":\"https:\\\/\\\/www.ucf.edu.cu\\\/?p=9165#breadcrumb\"},\"inLanguage\":\"es\",\"potentialAction\":[{\"@type\":\"ReadAction\",\"target\":[\"https:\\\/\\\/www.ucf.edu.cu\\\/?p=9165\"]}]},{\"@type\":\"ImageObject\",\"inLanguage\":\"es\",\"@id\":\"https:\\\/\\\/www.ucf.edu.cu\\\/?p=9165#primaryimage\",\"url\":\"https:\\\/\\\/www.ucf.edu.cu\\\/wp-content\\\/uploads\\\/2021\\\/11\\\/chamarreta-fidel-580x296-1.jpg\",\"contentUrl\":\"https:\\\/\\\/www.ucf.edu.cu\\\/wp-content\\\/uploads\\\/2021\\\/11\\\/chamarreta-fidel-580x296-1.jpg\",\"width\":580,\"height\":296},{\"@type\":\"BreadcrumbList\",\"@id\":\"https:\\\/\\\/www.ucf.edu.cu\\\/?p=9165#breadcrumb\",\"itemListElement\":[{\"@type\":\"ListItem\",\"position\":1,\"name\":\"Portada\",\"item\":\"https:\\\/\\\/www.ucf.edu.cu\\\/\"},{\"@type\":\"ListItem\",\"position\":2,\"name\":\"Fidel, faro vigente en las ideas y la acci\u00f3n\"}]},{\"@type\":\"WebSite\",\"@id\":\"https:\\\/\\\/www.ucf.edu.cu\\\/#website\",\"url\":\"https:\\\/\\\/www.ucf.edu.cu\\\/\",\"name\":\"Universidad de Cienfuegos\",\"description\":\"Portal Web Universidad de Cienfuegos\",\"publisher\":{\"@id\":\"https:\\\/\\\/www.ucf.edu.cu\\\/#organization\"},\"alternateName\":\"Portal institucional de la UCf\",\"potentialAction\":[{\"@type\":\"SearchAction\",\"target\":{\"@type\":\"EntryPoint\",\"urlTemplate\":\"https:\\\/\\\/www.ucf.edu.cu\\\/?s={search_term_string}\"},\"query-input\":{\"@type\":\"PropertyValueSpecification\",\"valueRequired\":true,\"valueName\":\"search_term_string\"}}],\"inLanguage\":\"es\"},{\"@type\":\"Organization\",\"@id\":\"https:\\\/\\\/www.ucf.edu.cu\\\/#organization\",\"name\":\"Universidad de Cienfuegos\",\"url\":\"https:\\\/\\\/www.ucf.edu.cu\\\/\",\"logo\":{\"@type\":\"ImageObject\",\"inLanguage\":\"es\",\"@id\":\"https:\\\/\\\/www.ucf.edu.cu\\\/#\\\/schema\\\/logo\\\/image\\\/\",\"url\":\"https:\\\/\\\/www.ucf.edu.cu\\\/wp-content\\\/uploads\\\/2020\\\/11\\\/fe77b047cf65bbf66915926fa3c00c93_L.jpg\",\"contentUrl\":\"https:\\\/\\\/www.ucf.edu.cu\\\/wp-content\\\/uploads\\\/2020\\\/11\\\/fe77b047cf65bbf66915926fa3c00c93_L.jpg\",\"width\":1000,\"height\":763,\"caption\":\"Universidad de Cienfuegos\"},\"image\":{\"@id\":\"https:\\\/\\\/www.ucf.edu.cu\\\/#\\\/schema\\\/logo\\\/image\\\/\"},\"sameAs\":[\"https:\\\/\\\/www.facebook.com\\\/ucfgos\\\/\",\"https:\\\/\\\/x.com\\\/ucfgos\",\"https:\\\/\\\/www.instagram.com\\\/ucfgos\",\"https:\\\/\\\/www.youtube.com\\\/channel\\\/UCymAZYZHmPzh48cHLG6Nx4A\"]},{\"@type\":\"Person\",\"@id\":\"https:\\\/\\\/www.ucf.edu.cu\\\/#\\\/schema\\\/person\\\/1ab5c30ce7d7cff8d04e05d54e4467eb\",\"name\":\"Direcci\u00f3n de Comunicaci\u00f3n Institucional\",\"image\":{\"@type\":\"ImageObject\",\"inLanguage\":\"es\",\"@id\":\"https:\\\/\\\/secure.gravatar.com\\\/avatar\\\/df7a6ffea67205b2cec0557fac1b1c99168521f981217db8876f424e9d334540?s=96&d=mm&r=g\",\"url\":\"https:\\\/\\\/secure.gravatar.com\\\/avatar\\\/df7a6ffea67205b2cec0557fac1b1c99168521f981217db8876f424e9d334540?s=96&d=mm&r=g\",\"contentUrl\":\"https:\\\/\\\/secure.gravatar.com\\\/avatar\\\/df7a6ffea67205b2cec0557fac1b1c99168521f981217db8876f424e9d334540?s=96&d=mm&r=g\",\"caption\":\"Direcci\u00f3n de Comunicaci\u00f3n Institucional\"}}]}<\/script>\n<!-- \/ Yoast SEO plugin. -->","yoast_head_json":{"title":"Fidel, faro vigente en las ideas y la acci\u00f3n - Universidad de Cienfuegos","description":"Noticias del \u00e1mbito universitario de la casa de altos estudios de Cienfuegos. Adem\u00e1s se muestran noticias del acontecer nacional e internacional de mayor relevancia.","robots":{"index":"index","follow":"follow","max-snippet":"max-snippet:-1","max-image-preview":"max-image-preview:large","max-video-preview":"max-video-preview:-1"},"canonical":"https:\/\/www.ucf.edu.cu\/?p=9165","og_locale":"es_ES","og_type":"article","og_title":"Fidel, faro vigente en las ideas y la acci\u00f3n - Universidad de Cienfuegos","og_description":"Noticias del \u00e1mbito universitario de la casa de altos estudios de Cienfuegos. Adem\u00e1s se muestran noticias del acontecer nacional e internacional de mayor relevancia.","og_url":"https:\/\/www.ucf.edu.cu\/?p=9165","og_site_name":"Universidad de Cienfuegos","article_publisher":"https:\/\/www.facebook.com\/ucfgos\/","article_published_time":"2021-11-25T14:42:22+00:00","article_modified_time":"2021-11-25T14:43:18+00:00","og_image":[{"width":580,"height":296,"url":"https:\/\/www.ucf.edu.cu\/wp-content\/uploads\/2021\/11\/chamarreta-fidel-580x296-1.jpg","type":"image\/jpeg"}],"author":"Direcci\u00f3n de Comunicaci\u00f3n Institucional","twitter_card":"summary_large_image","twitter_creator":"@ucfgos","twitter_site":"@ucfgos","twitter_misc":{"Escrito por":"Direcci\u00f3n de Comunicaci\u00f3n Institucional","Tiempo de lectura":"3 minutos"},"schema":{"@context":"https:\/\/schema.org","@graph":[{"@type":"Article","@id":"https:\/\/www.ucf.edu.cu\/?p=9165#article","isPartOf":{"@id":"https:\/\/www.ucf.edu.cu\/?p=9165"},"author":{"name":"Direcci\u00f3n de Comunicaci\u00f3n Institucional","@id":"https:\/\/www.ucf.edu.cu\/#\/schema\/person\/1ab5c30ce7d7cff8d04e05d54e4467eb"},"headline":"Fidel, faro vigente en las ideas y la acci\u00f3n","datePublished":"2021-11-25T14:42:22+00:00","dateModified":"2021-11-25T14:43:18+00:00","mainEntityOfPage":{"@id":"https:\/\/www.ucf.edu.cu\/?p=9165"},"wordCount":556,"commentCount":0,"publisher":{"@id":"https:\/\/www.ucf.edu.cu\/#organization"},"image":{"@id":"https:\/\/www.ucf.edu.cu\/?p=9165#primaryimage"},"thumbnailUrl":"https:\/\/www.ucf.edu.cu\/wp-content\/uploads\/2021\/11\/chamarreta-fidel-580x296-1.jpg","articleSection":["Noticias"],"inLanguage":"es","potentialAction":[{"@type":"CommentAction","name":"Comment","target":["https:\/\/www.ucf.edu.cu\/?p=9165#respond"]}]},{"@type":"WebPage","@id":"https:\/\/www.ucf.edu.cu\/?p=9165","url":"https:\/\/www.ucf.edu.cu\/?p=9165","name":"Fidel, faro vigente en las ideas y la acci\u00f3n - Universidad de Cienfuegos","isPartOf":{"@id":"https:\/\/www.ucf.edu.cu\/#website"},"primaryImageOfPage":{"@id":"https:\/\/www.ucf.edu.cu\/?p=9165#primaryimage"},"image":{"@id":"https:\/\/www.ucf.edu.cu\/?p=9165#primaryimage"},"thumbnailUrl":"https:\/\/www.ucf.edu.cu\/wp-content\/uploads\/2021\/11\/chamarreta-fidel-580x296-1.jpg","datePublished":"2021-11-25T14:42:22+00:00","dateModified":"2021-11-25T14:43:18+00:00","description":"Noticias del \u00e1mbito universitario de la casa de altos estudios de Cienfuegos. Adem\u00e1s se muestran noticias del acontecer nacional e internacional de mayor relevancia.","breadcrumb":{"@id":"https:\/\/www.ucf.edu.cu\/?p=9165#breadcrumb"},"inLanguage":"es","potentialAction":[{"@type":"ReadAction","target":["https:\/\/www.ucf.edu.cu\/?p=9165"]}]},{"@type":"ImageObject","inLanguage":"es","@id":"https:\/\/www.ucf.edu.cu\/?p=9165#primaryimage","url":"https:\/\/www.ucf.edu.cu\/wp-content\/uploads\/2021\/11\/chamarreta-fidel-580x296-1.jpg","contentUrl":"https:\/\/www.ucf.edu.cu\/wp-content\/uploads\/2021\/11\/chamarreta-fidel-580x296-1.jpg","width":580,"height":296},{"@type":"BreadcrumbList","@id":"https:\/\/www.ucf.edu.cu\/?p=9165#breadcrumb","itemListElement":[{"@type":"ListItem","position":1,"name":"Portada","item":"https:\/\/www.ucf.edu.cu\/"},{"@type":"ListItem","position":2,"name":"Fidel, faro vigente en las ideas y la acci\u00f3n"}]},{"@type":"WebSite","@id":"https:\/\/www.ucf.edu.cu\/#website","url":"https:\/\/www.ucf.edu.cu\/","name":"Universidad de Cienfuegos","description":"Portal Web Universidad de Cienfuegos","publisher":{"@id":"https:\/\/www.ucf.edu.cu\/#organization"},"alternateName":"Portal institucional de la UCf","potentialAction":[{"@type":"SearchAction","target":{"@type":"EntryPoint","urlTemplate":"https:\/\/www.ucf.edu.cu\/?s={search_term_string}"},"query-input":{"@type":"PropertyValueSpecification","valueRequired":true,"valueName":"search_term_string"}}],"inLanguage":"es"},{"@type":"Organization","@id":"https:\/\/www.ucf.edu.cu\/#organization","name":"Universidad de Cienfuegos","url":"https:\/\/www.ucf.edu.cu\/","logo":{"@type":"ImageObject","inLanguage":"es","@id":"https:\/\/www.ucf.edu.cu\/#\/schema\/logo\/image\/","url":"https:\/\/www.ucf.edu.cu\/wp-content\/uploads\/2020\/11\/fe77b047cf65bbf66915926fa3c00c93_L.jpg","contentUrl":"https:\/\/www.ucf.edu.cu\/wp-content\/uploads\/2020\/11\/fe77b047cf65bbf66915926fa3c00c93_L.jpg","width":1000,"height":763,"caption":"Universidad de Cienfuegos"},"image":{"@id":"https:\/\/www.ucf.edu.cu\/#\/schema\/logo\/image\/"},"sameAs":["https:\/\/www.facebook.com\/ucfgos\/","https:\/\/x.com\/ucfgos","https:\/\/www.instagram.com\/ucfgos","https:\/\/www.youtube.com\/channel\/UCymAZYZHmPzh48cHLG6Nx4A"]},{"@type":"Person","@id":"https:\/\/www.ucf.edu.cu\/#\/schema\/person\/1ab5c30ce7d7cff8d04e05d54e4467eb","name":"Direcci\u00f3n de Comunicaci\u00f3n Institucional","image":{"@type":"ImageObject","inLanguage":"es","@id":"https:\/\/secure.gravatar.com\/avatar\/df7a6ffea67205b2cec0557fac1b1c99168521f981217db8876f424e9d334540?s=96&d=mm&r=g","url":"https:\/\/secure.gravatar.com\/avatar\/df7a6ffea67205b2cec0557fac1b1c99168521f981217db8876f424e9d334540?s=96&d=mm&r=g","contentUrl":"https:\/\/secure.gravatar.com\/avatar\/df7a6ffea67205b2cec0557fac1b1c99168521f981217db8876f424e9d334540?s=96&d=mm&r=g","caption":"Direcci\u00f3n de Comunicaci\u00f3n Institucional"}}]}},"_links":{"self":[{"href":"https:\/\/www.ucf.edu.cu\/index.php?rest_route=\/wp\/v2\/posts\/9165","targetHints":{"allow":["GET"]}}],"collection":[{"href":"https:\/\/www.ucf.edu.cu\/index.php?rest_route=\/wp\/v2\/posts"}],"about":[{"href":"https:\/\/www.ucf.edu.cu\/index.php?rest_route=\/wp\/v2\/types\/post"}],"author":[{"embeddable":true,"href":"https:\/\/www.ucf.edu.cu\/index.php?rest_route=\/wp\/v2\/users\/6"}],"replies":[{"embeddable":true,"href":"https:\/\/www.ucf.edu.cu\/index.php?rest_route=%2Fwp%2Fv2%2Fcomments&post=9165"}],"version-history":[{"count":4,"href":"https:\/\/www.ucf.edu.cu\/index.php?rest_route=\/wp\/v2\/posts\/9165\/revisions"}],"predecessor-version":[{"id":9170,"href":"https:\/\/www.ucf.edu.cu\/index.php?rest_route=\/wp\/v2\/posts\/9165\/revisions\/9170"}],"wp:featuredmedia":[{"embeddable":true,"href":"https:\/\/www.ucf.edu.cu\/index.php?rest_route=\/wp\/v2\/media\/9166"}],"wp:attachment":[{"href":"https:\/\/www.ucf.edu.cu\/index.php?rest_route=%2Fwp%2Fv2%2Fmedia&parent=9165"}],"wp:term":[{"taxonomy":"category","embeddable":true,"href":"https:\/\/www.ucf.edu.cu\/index.php?rest_route=%2Fwp%2Fv2%2Fcategories&post=9165"},{"taxonomy":"post_tag","embeddable":true,"href":"https:\/\/www.ucf.edu.cu\/index.php?rest_route=%2Fwp%2Fv2%2Ftags&post=9165"}],"curies":[{"name":"wp","href":"https:\/\/api.w.org\/{rel}","templated":true}]}}