{"id":9179,"date":"2021-11-26T19:58:58","date_gmt":"2021-11-26T19:58:58","guid":{"rendered":"https:\/\/www.ucf.edu.cu\/?p=9179"},"modified":"2021-11-26T20:07:02","modified_gmt":"2021-11-26T20:07:02","slug":"manuel-ascunce-el-nino-maestro","status":"publish","type":"post","link":"https:\/\/www.ucf.edu.cu\/?p=9179","title":{"rendered":"Manuel Ascunce, el ni\u00f1o maestro"},"content":{"rendered":"\t\t<div data-elementor-type=\"wp-post\" data-elementor-id=\"9179\" class=\"elementor elementor-9179\">\n\t\t\t\t\t\t<section class=\"elementor-section elementor-top-section elementor-element elementor-element-ec9a055 elementor-section-boxed elementor-section-height-default elementor-section-height-default\" data-id=\"ec9a055\" data-element_type=\"section\" data-e-type=\"section\">\n\t\t\t\t\t\t<div class=\"elementor-container elementor-column-gap-default\">\n\t\t\t\t\t<div class=\"elementor-column elementor-col-100 elementor-top-column elementor-element elementor-element-f1bba1d\" data-id=\"f1bba1d\" data-element_type=\"column\" data-e-type=\"column\">\n\t\t\t<div class=\"elementor-widget-wrap elementor-element-populated\">\n\t\t\t\t\t\t<div class=\"elementor-element elementor-element-b47b5b5 elementor-widget elementor-widget-text-editor\" data-id=\"b47b5b5\" data-element_type=\"widget\" data-e-type=\"widget\" data-widget_type=\"text-editor.default\">\n\t\t\t\t<div class=\"elementor-widget-container\">\n\t\t\t\t\t\t\t\t\t<p>Hubiera querido escucharle la candorosa voz de los 16, mientras encend\u00eda el farol \u2013cartilla y manual en frente\u2013, y empezaba a ense\u00f1ar al campesino. O\u00edrlo, por ejemplo, deletreando el alfabeto, coment\u00e1ndole al guajiro que extra\u00f1aba a sus viejos en La Habana, o diciendo: \u201choy aprender\u00e1s a escribir tu nombre, Pedro\u201d. Porque su voz tendr\u00eda una fuerza inmarcesible,\u00a0<strong>hubiera querido escuchar c\u00f3mo sal\u00eda de su cuerpo de ni\u00f1o, a punto de morir, de que lo asesinen, eso de \u201c\u00a1yo soy el maestro!\u201d.<\/strong><\/p><p>Eran las ocho de la noche del 26 de noviembre de 1961. En el poblado de Limones Cantero, en la sierra del Escambray, el silencio dominaba el lomer\u00edo trinitario apenas oscurec\u00eda. No hab\u00eda luz el\u00e9ctrica y para ir de un boh\u00edo a otro se pod\u00edan caminar varios kil\u00f3metros. De modo que, a las ocho de la noche de aquel domingo en la finca Palmarito, cuando Mariana hab\u00eda colado el caf\u00e9, el ladrido de los perros prendi\u00f3 la alerta.<\/p><p>Pedro Lantigua tom\u00f3 enseguida el fusil. Era un campesino robusto, maltratado por el sol bajo el cafetal, y\u00a0<strong>aprend\u00eda a leer y escribir con las lecciones de su maestro Manuel Ascunce Domenech, un adolescente de 16 a\u00f1os,<\/strong>\u00a0maduro para su edad, que cursaba la secundaria y se hab\u00eda sumado como brigadista en la Campa\u00f1a de Alfabetizaci\u00f3n.<\/p><p>Una veintena de bandidos armados llegaron al boh\u00edo del guajiro. Se hicieron pasar por milicianos y Pedro, desconfiado, baj\u00f3 el fusil que enseguida le arrebataron, a traici\u00f3n. Al frente de los alzados, el antiguo polic\u00eda batistiano Julio Emilio Carretero Escajadillo pregunt\u00f3 por el brigadista.<\/p><p>Mariana, la esposa de Pedro, contest\u00f3 que all\u00ed solo estaban sus hijos. Manuel pod\u00eda ser su hijo. Era un cr\u00edo. Ascunce era un ni\u00f1o que hab\u00eda viajado de La Habana al Escambray a alfabetizar como miembro voluntario de las brigadas \u201cConrado Ben\u00edtez\u201d.<\/p><p>Del interior del boh\u00edo escuch\u00f3 la discusi\u00f3n.<strong>\u00a0Sali\u00f3. Dijo que era el maestro, y la frase fue la confirmaci\u00f3n de la tortura.<\/strong>\u00a0La soga al cuello. Enseguida la noticia se reg\u00f3 por el lomer\u00edo trinitario y lleg\u00f3 a La Habana. Dicen que su madre, Evelia Domenech, jam\u00e1s pudo arrancarse el dolor. El juez instructor del caso, Rub\u00e9n Zayas Montalb\u00e1n, dej\u00f3 su testimonio:<\/p><p>\u201cCuando llegamos al \u00e1rbol, mir\u00e9 a Manuel: pelo negro, algo ca\u00eddo hacia la frente; los labios ennegrecidos, la lengua con un intenso color viol\u00e1ceo, con co\u00e1gulos en sus bordes. Me llama la atenci\u00f3n que no estuvieran sus globos oculares fuera de las \u00f3rbitas, como sucede siempre en los ahorcados; ello me convenci\u00f3 que lo hab\u00edan colgado casi muerto.<\/p><blockquote><p>\u201cTen\u00eda tambi\u00e9n un profundo surco en el cuello, fractura del cart\u00edlago lar\u00edngeo, perceptible a la palpitaci\u00f3n del forense. Examinados sus \u00f3rganos genitales, se observan contusiones, indicativos de haber sido sometidos a compresi\u00f3n y distorsi\u00f3n. Catorce heridas punzantes de distintos grados de profundidad. A su lado estaba Pedro Lantigua: cabellos casta\u00f1os, algo rojizos; hombre fuerte, el rostro cubierto de manchas, todo r\u00edgido, muestras visibles de haber luchado contra sus asesinos y se\u00f1ales de haberlo arrastrado muchos hombres, golpes, un surco equit\u00f3mico en el cuello\u201d.<\/p><p><img fetchpriority=\"high\" decoding=\"async\" class=\"aligncenter wp-image-9182 size-full\" src=\"https:\/\/www.ucf.edu.cu\/wp-content\/uploads\/2021\/11\/manuel-ascunce-domenech-1-580x390-1.jpg\" alt=\"\" width=\"580\" height=\"390\" srcset=\"https:\/\/www.ucf.edu.cu\/wp-content\/uploads\/2021\/11\/manuel-ascunce-domenech-1-580x390-1.jpg 580w, https:\/\/www.ucf.edu.cu\/wp-content\/uploads\/2021\/11\/manuel-ascunce-domenech-1-580x390-1-300x202.jpg 300w\" sizes=\"(max-width: 580px) 100vw, 580px\" \/><\/p><\/blockquote><p>La Campa\u00f1a de Alfabetizaci\u00f3n culmin\u00f3 casi un mes despu\u00e9s del crimen.<strong>\u00a0M\u00e1s de 700 000 cubanos aprendieron a leer y a escribir, y el \u00edndice de analfabetismo se redujo de 23.6% a 3.9%.<\/strong><\/p><p>Hoy,\u00a0<a href=\"http:\/\/www.cubadebate.cu\/opinion\/2020\/10\/06\/los-rastros-del-odio-en-la-historia-de-cubana\/\">60 a\u00f1os despu\u00e9s de que el odio ahorcara al maestro<\/a>, le pondr\u00e1n flores en el monumento de Limones Cantero. Hablar\u00e1n de \u00e9l en las escuelas. La vida andar\u00e1 tranquila. Y uno seguir\u00e1 imagin\u00e1ndose c\u00f3mo sonaba la voz de Manuel Ascunce y que ser\u00eda hermoso que alguien, en alg\u00fan lugar, en alg\u00fan viejo aparato, la tuviera grabada.<strong>\u00a0Caramba, \u00a1Manolito ten\u00eda 16 a\u00f1os!<\/strong><\/p><p><em><strong>Cubadebate<\/strong><\/em><\/p>\t\t\t\t\t\t\t\t<\/div>\n\t\t\t\t<\/div>\n\t\t\t\t\t<\/div>\n\t\t<\/div>\n\t\t\t\t\t<\/div>\n\t\t<\/section>\n\t\t\t\t<\/div>\n\t\t","protected":false},"excerpt":{"rendered":"<p>Hubiera querido escucharle la candorosa voz de los 16, mientras encend\u00eda el farol \u2013cartilla y manual en frente\u2013, y empezaba a ense\u00f1ar al campesino. O\u00edrlo, por ejemplo, deletreando el alfabeto, coment\u00e1ndole al<a class=\"moretag\" href=\"https:\/\/www.ucf.edu.cu\/?p=9179\">Leer m\u00e1s&#8230;<\/a><\/p>\n","protected":false},"author":6,"featured_media":9180,"comment_status":"open","ping_status":"open","sticky":false,"template":"page-post-intra.php","format":"standard","meta":{"footnotes":""},"categories":[6],"tags":[],"class_list":["post-9179","post","type-post","status-publish","format-standard","has-post-thumbnail","hentry","category-noticias"],"yoast_head":"<!-- This site is optimized with the Yoast SEO plugin v27.4 - https:\/\/yoast.com\/product\/yoast-seo-wordpress\/ -->\n<title>Manuel Ascunce, el ni\u00f1o maestro - Universidad de Cienfuegos<\/title>\n<meta name=\"description\" content=\"Noticias del \u00e1mbito universitario de la casa de altos estudios de Cienfuegos. Adem\u00e1s se muestran noticias del acontecer nacional e internacional de mayor relevancia.\" \/>\n<meta name=\"robots\" content=\"index, follow, max-snippet:-1, max-image-preview:large, max-video-preview:-1\" \/>\n<link rel=\"canonical\" href=\"https:\/\/www.ucf.edu.cu\/?p=9179\" \/>\n<meta property=\"og:locale\" content=\"es_ES\" \/>\n<meta property=\"og:type\" content=\"article\" \/>\n<meta property=\"og:title\" content=\"Manuel Ascunce, el ni\u00f1o maestro - Universidad de Cienfuegos\" \/>\n<meta property=\"og:description\" content=\"Noticias del \u00e1mbito universitario de la casa de altos estudios de Cienfuegos. Adem\u00e1s se muestran noticias del acontecer nacional e internacional de mayor relevancia.\" \/>\n<meta property=\"og:url\" content=\"https:\/\/www.ucf.edu.cu\/?p=9179\" \/>\n<meta property=\"og:site_name\" content=\"Universidad de Cienfuegos\" \/>\n<meta property=\"article:publisher\" content=\"https:\/\/www.facebook.com\/ucfgos\/\" \/>\n<meta property=\"article:published_time\" content=\"2021-11-26T19:58:58+00:00\" \/>\n<meta property=\"article:modified_time\" content=\"2021-11-26T20:07:02+00:00\" \/>\n<meta property=\"og:image\" content=\"https:\/\/www.ucf.edu.cu\/wp-content\/uploads\/2021\/11\/manuel-ascunce-domenech-3-580x279-1.jpg\" \/>\n\t<meta property=\"og:image:width\" content=\"580\" \/>\n\t<meta property=\"og:image:height\" content=\"279\" \/>\n\t<meta property=\"og:image:type\" content=\"image\/jpeg\" \/>\n<meta name=\"author\" content=\"Direcci\u00f3n de Comunicaci\u00f3n Institucional\" \/>\n<meta name=\"twitter:card\" content=\"summary_large_image\" \/>\n<meta name=\"twitter:creator\" content=\"@ucfgos\" \/>\n<meta name=\"twitter:site\" content=\"@ucfgos\" \/>\n<meta name=\"twitter:label1\" content=\"Escrito por\" \/>\n\t<meta name=\"twitter:data1\" content=\"Direcci\u00f3n de Comunicaci\u00f3n Institucional\" \/>\n\t<meta name=\"twitter:label2\" content=\"Tiempo de lectura\" \/>\n\t<meta name=\"twitter:data2\" content=\"3 minutos\" \/>\n<script type=\"application\/ld+json\" class=\"yoast-schema-graph\">{\"@context\":\"https:\\\/\\\/schema.org\",\"@graph\":[{\"@type\":\"Article\",\"@id\":\"https:\\\/\\\/www.ucf.edu.cu\\\/?p=9179#article\",\"isPartOf\":{\"@id\":\"https:\\\/\\\/www.ucf.edu.cu\\\/?p=9179\"},\"author\":{\"name\":\"Direcci\u00f3n de Comunicaci\u00f3n Institucional\",\"@id\":\"https:\\\/\\\/www.ucf.edu.cu\\\/#\\\/schema\\\/person\\\/1ab5c30ce7d7cff8d04e05d54e4467eb\"},\"headline\":\"Manuel Ascunce, el ni\u00f1o maestro\",\"datePublished\":\"2021-11-26T19:58:58+00:00\",\"dateModified\":\"2021-11-26T20:07:02+00:00\",\"mainEntityOfPage\":{\"@id\":\"https:\\\/\\\/www.ucf.edu.cu\\\/?p=9179\"},\"wordCount\":665,\"commentCount\":0,\"publisher\":{\"@id\":\"https:\\\/\\\/www.ucf.edu.cu\\\/#organization\"},\"image\":{\"@id\":\"https:\\\/\\\/www.ucf.edu.cu\\\/?p=9179#primaryimage\"},\"thumbnailUrl\":\"https:\\\/\\\/www.ucf.edu.cu\\\/wp-content\\\/uploads\\\/2021\\\/11\\\/manuel-ascunce-domenech-3-580x279-1.jpg\",\"articleSection\":[\"Noticias\"],\"inLanguage\":\"es\",\"potentialAction\":[{\"@type\":\"CommentAction\",\"name\":\"Comment\",\"target\":[\"https:\\\/\\\/www.ucf.edu.cu\\\/?p=9179#respond\"]}]},{\"@type\":\"WebPage\",\"@id\":\"https:\\\/\\\/www.ucf.edu.cu\\\/?p=9179\",\"url\":\"https:\\\/\\\/www.ucf.edu.cu\\\/?p=9179\",\"name\":\"Manuel Ascunce, el ni\u00f1o maestro - Universidad de Cienfuegos\",\"isPartOf\":{\"@id\":\"https:\\\/\\\/www.ucf.edu.cu\\\/#website\"},\"primaryImageOfPage\":{\"@id\":\"https:\\\/\\\/www.ucf.edu.cu\\\/?p=9179#primaryimage\"},\"image\":{\"@id\":\"https:\\\/\\\/www.ucf.edu.cu\\\/?p=9179#primaryimage\"},\"thumbnailUrl\":\"https:\\\/\\\/www.ucf.edu.cu\\\/wp-content\\\/uploads\\\/2021\\\/11\\\/manuel-ascunce-domenech-3-580x279-1.jpg\",\"datePublished\":\"2021-11-26T19:58:58+00:00\",\"dateModified\":\"2021-11-26T20:07:02+00:00\",\"description\":\"Noticias del \u00e1mbito universitario de la casa de altos estudios de Cienfuegos. Adem\u00e1s se muestran noticias del acontecer nacional e internacional de mayor relevancia.\",\"breadcrumb\":{\"@id\":\"https:\\\/\\\/www.ucf.edu.cu\\\/?p=9179#breadcrumb\"},\"inLanguage\":\"es\",\"potentialAction\":[{\"@type\":\"ReadAction\",\"target\":[\"https:\\\/\\\/www.ucf.edu.cu\\\/?p=9179\"]}]},{\"@type\":\"ImageObject\",\"inLanguage\":\"es\",\"@id\":\"https:\\\/\\\/www.ucf.edu.cu\\\/?p=9179#primaryimage\",\"url\":\"https:\\\/\\\/www.ucf.edu.cu\\\/wp-content\\\/uploads\\\/2021\\\/11\\\/manuel-ascunce-domenech-3-580x279-1.jpg\",\"contentUrl\":\"https:\\\/\\\/www.ucf.edu.cu\\\/wp-content\\\/uploads\\\/2021\\\/11\\\/manuel-ascunce-domenech-3-580x279-1.jpg\",\"width\":580,\"height\":279},{\"@type\":\"BreadcrumbList\",\"@id\":\"https:\\\/\\\/www.ucf.edu.cu\\\/?p=9179#breadcrumb\",\"itemListElement\":[{\"@type\":\"ListItem\",\"position\":1,\"name\":\"Portada\",\"item\":\"https:\\\/\\\/www.ucf.edu.cu\\\/\"},{\"@type\":\"ListItem\",\"position\":2,\"name\":\"Manuel Ascunce, el ni\u00f1o maestro\"}]},{\"@type\":\"WebSite\",\"@id\":\"https:\\\/\\\/www.ucf.edu.cu\\\/#website\",\"url\":\"https:\\\/\\\/www.ucf.edu.cu\\\/\",\"name\":\"Universidad de Cienfuegos\",\"description\":\"Portal Web Universidad de Cienfuegos\",\"publisher\":{\"@id\":\"https:\\\/\\\/www.ucf.edu.cu\\\/#organization\"},\"alternateName\":\"Portal institucional de la UCf\",\"potentialAction\":[{\"@type\":\"SearchAction\",\"target\":{\"@type\":\"EntryPoint\",\"urlTemplate\":\"https:\\\/\\\/www.ucf.edu.cu\\\/?s={search_term_string}\"},\"query-input\":{\"@type\":\"PropertyValueSpecification\",\"valueRequired\":true,\"valueName\":\"search_term_string\"}}],\"inLanguage\":\"es\"},{\"@type\":\"Organization\",\"@id\":\"https:\\\/\\\/www.ucf.edu.cu\\\/#organization\",\"name\":\"Universidad de Cienfuegos\",\"url\":\"https:\\\/\\\/www.ucf.edu.cu\\\/\",\"logo\":{\"@type\":\"ImageObject\",\"inLanguage\":\"es\",\"@id\":\"https:\\\/\\\/www.ucf.edu.cu\\\/#\\\/schema\\\/logo\\\/image\\\/\",\"url\":\"https:\\\/\\\/www.ucf.edu.cu\\\/wp-content\\\/uploads\\\/2020\\\/11\\\/fe77b047cf65bbf66915926fa3c00c93_L.jpg\",\"contentUrl\":\"https:\\\/\\\/www.ucf.edu.cu\\\/wp-content\\\/uploads\\\/2020\\\/11\\\/fe77b047cf65bbf66915926fa3c00c93_L.jpg\",\"width\":1000,\"height\":763,\"caption\":\"Universidad de Cienfuegos\"},\"image\":{\"@id\":\"https:\\\/\\\/www.ucf.edu.cu\\\/#\\\/schema\\\/logo\\\/image\\\/\"},\"sameAs\":[\"https:\\\/\\\/www.facebook.com\\\/ucfgos\\\/\",\"https:\\\/\\\/x.com\\\/ucfgos\",\"https:\\\/\\\/www.instagram.com\\\/ucfgos\",\"https:\\\/\\\/www.youtube.com\\\/channel\\\/UCymAZYZHmPzh48cHLG6Nx4A\"]},{\"@type\":\"Person\",\"@id\":\"https:\\\/\\\/www.ucf.edu.cu\\\/#\\\/schema\\\/person\\\/1ab5c30ce7d7cff8d04e05d54e4467eb\",\"name\":\"Direcci\u00f3n de Comunicaci\u00f3n Institucional\",\"image\":{\"@type\":\"ImageObject\",\"inLanguage\":\"es\",\"@id\":\"https:\\\/\\\/secure.gravatar.com\\\/avatar\\\/df7a6ffea67205b2cec0557fac1b1c99168521f981217db8876f424e9d334540?s=96&d=mm&r=g\",\"url\":\"https:\\\/\\\/secure.gravatar.com\\\/avatar\\\/df7a6ffea67205b2cec0557fac1b1c99168521f981217db8876f424e9d334540?s=96&d=mm&r=g\",\"contentUrl\":\"https:\\\/\\\/secure.gravatar.com\\\/avatar\\\/df7a6ffea67205b2cec0557fac1b1c99168521f981217db8876f424e9d334540?s=96&d=mm&r=g\",\"caption\":\"Direcci\u00f3n de Comunicaci\u00f3n Institucional\"}}]}<\/script>\n<!-- \/ Yoast SEO plugin. -->","yoast_head_json":{"title":"Manuel Ascunce, el ni\u00f1o maestro - Universidad de Cienfuegos","description":"Noticias del \u00e1mbito universitario de la casa de altos estudios de Cienfuegos. Adem\u00e1s se muestran noticias del acontecer nacional e internacional de mayor relevancia.","robots":{"index":"index","follow":"follow","max-snippet":"max-snippet:-1","max-image-preview":"max-image-preview:large","max-video-preview":"max-video-preview:-1"},"canonical":"https:\/\/www.ucf.edu.cu\/?p=9179","og_locale":"es_ES","og_type":"article","og_title":"Manuel Ascunce, el ni\u00f1o maestro - Universidad de Cienfuegos","og_description":"Noticias del \u00e1mbito universitario de la casa de altos estudios de Cienfuegos. Adem\u00e1s se muestran noticias del acontecer nacional e internacional de mayor relevancia.","og_url":"https:\/\/www.ucf.edu.cu\/?p=9179","og_site_name":"Universidad de Cienfuegos","article_publisher":"https:\/\/www.facebook.com\/ucfgos\/","article_published_time":"2021-11-26T19:58:58+00:00","article_modified_time":"2021-11-26T20:07:02+00:00","og_image":[{"width":580,"height":279,"url":"https:\/\/www.ucf.edu.cu\/wp-content\/uploads\/2021\/11\/manuel-ascunce-domenech-3-580x279-1.jpg","type":"image\/jpeg"}],"author":"Direcci\u00f3n de Comunicaci\u00f3n Institucional","twitter_card":"summary_large_image","twitter_creator":"@ucfgos","twitter_site":"@ucfgos","twitter_misc":{"Escrito por":"Direcci\u00f3n de Comunicaci\u00f3n Institucional","Tiempo de lectura":"3 minutos"},"schema":{"@context":"https:\/\/schema.org","@graph":[{"@type":"Article","@id":"https:\/\/www.ucf.edu.cu\/?p=9179#article","isPartOf":{"@id":"https:\/\/www.ucf.edu.cu\/?p=9179"},"author":{"name":"Direcci\u00f3n de Comunicaci\u00f3n Institucional","@id":"https:\/\/www.ucf.edu.cu\/#\/schema\/person\/1ab5c30ce7d7cff8d04e05d54e4467eb"},"headline":"Manuel Ascunce, el ni\u00f1o maestro","datePublished":"2021-11-26T19:58:58+00:00","dateModified":"2021-11-26T20:07:02+00:00","mainEntityOfPage":{"@id":"https:\/\/www.ucf.edu.cu\/?p=9179"},"wordCount":665,"commentCount":0,"publisher":{"@id":"https:\/\/www.ucf.edu.cu\/#organization"},"image":{"@id":"https:\/\/www.ucf.edu.cu\/?p=9179#primaryimage"},"thumbnailUrl":"https:\/\/www.ucf.edu.cu\/wp-content\/uploads\/2021\/11\/manuel-ascunce-domenech-3-580x279-1.jpg","articleSection":["Noticias"],"inLanguage":"es","potentialAction":[{"@type":"CommentAction","name":"Comment","target":["https:\/\/www.ucf.edu.cu\/?p=9179#respond"]}]},{"@type":"WebPage","@id":"https:\/\/www.ucf.edu.cu\/?p=9179","url":"https:\/\/www.ucf.edu.cu\/?p=9179","name":"Manuel Ascunce, el ni\u00f1o maestro - Universidad de Cienfuegos","isPartOf":{"@id":"https:\/\/www.ucf.edu.cu\/#website"},"primaryImageOfPage":{"@id":"https:\/\/www.ucf.edu.cu\/?p=9179#primaryimage"},"image":{"@id":"https:\/\/www.ucf.edu.cu\/?p=9179#primaryimage"},"thumbnailUrl":"https:\/\/www.ucf.edu.cu\/wp-content\/uploads\/2021\/11\/manuel-ascunce-domenech-3-580x279-1.jpg","datePublished":"2021-11-26T19:58:58+00:00","dateModified":"2021-11-26T20:07:02+00:00","description":"Noticias del \u00e1mbito universitario de la casa de altos estudios de Cienfuegos. Adem\u00e1s se muestran noticias del acontecer nacional e internacional de mayor relevancia.","breadcrumb":{"@id":"https:\/\/www.ucf.edu.cu\/?p=9179#breadcrumb"},"inLanguage":"es","potentialAction":[{"@type":"ReadAction","target":["https:\/\/www.ucf.edu.cu\/?p=9179"]}]},{"@type":"ImageObject","inLanguage":"es","@id":"https:\/\/www.ucf.edu.cu\/?p=9179#primaryimage","url":"https:\/\/www.ucf.edu.cu\/wp-content\/uploads\/2021\/11\/manuel-ascunce-domenech-3-580x279-1.jpg","contentUrl":"https:\/\/www.ucf.edu.cu\/wp-content\/uploads\/2021\/11\/manuel-ascunce-domenech-3-580x279-1.jpg","width":580,"height":279},{"@type":"BreadcrumbList","@id":"https:\/\/www.ucf.edu.cu\/?p=9179#breadcrumb","itemListElement":[{"@type":"ListItem","position":1,"name":"Portada","item":"https:\/\/www.ucf.edu.cu\/"},{"@type":"ListItem","position":2,"name":"Manuel Ascunce, el ni\u00f1o maestro"}]},{"@type":"WebSite","@id":"https:\/\/www.ucf.edu.cu\/#website","url":"https:\/\/www.ucf.edu.cu\/","name":"Universidad de Cienfuegos","description":"Portal Web Universidad de Cienfuegos","publisher":{"@id":"https:\/\/www.ucf.edu.cu\/#organization"},"alternateName":"Portal institucional de la UCf","potentialAction":[{"@type":"SearchAction","target":{"@type":"EntryPoint","urlTemplate":"https:\/\/www.ucf.edu.cu\/?s={search_term_string}"},"query-input":{"@type":"PropertyValueSpecification","valueRequired":true,"valueName":"search_term_string"}}],"inLanguage":"es"},{"@type":"Organization","@id":"https:\/\/www.ucf.edu.cu\/#organization","name":"Universidad de Cienfuegos","url":"https:\/\/www.ucf.edu.cu\/","logo":{"@type":"ImageObject","inLanguage":"es","@id":"https:\/\/www.ucf.edu.cu\/#\/schema\/logo\/image\/","url":"https:\/\/www.ucf.edu.cu\/wp-content\/uploads\/2020\/11\/fe77b047cf65bbf66915926fa3c00c93_L.jpg","contentUrl":"https:\/\/www.ucf.edu.cu\/wp-content\/uploads\/2020\/11\/fe77b047cf65bbf66915926fa3c00c93_L.jpg","width":1000,"height":763,"caption":"Universidad de Cienfuegos"},"image":{"@id":"https:\/\/www.ucf.edu.cu\/#\/schema\/logo\/image\/"},"sameAs":["https:\/\/www.facebook.com\/ucfgos\/","https:\/\/x.com\/ucfgos","https:\/\/www.instagram.com\/ucfgos","https:\/\/www.youtube.com\/channel\/UCymAZYZHmPzh48cHLG6Nx4A"]},{"@type":"Person","@id":"https:\/\/www.ucf.edu.cu\/#\/schema\/person\/1ab5c30ce7d7cff8d04e05d54e4467eb","name":"Direcci\u00f3n de Comunicaci\u00f3n Institucional","image":{"@type":"ImageObject","inLanguage":"es","@id":"https:\/\/secure.gravatar.com\/avatar\/df7a6ffea67205b2cec0557fac1b1c99168521f981217db8876f424e9d334540?s=96&d=mm&r=g","url":"https:\/\/secure.gravatar.com\/avatar\/df7a6ffea67205b2cec0557fac1b1c99168521f981217db8876f424e9d334540?s=96&d=mm&r=g","contentUrl":"https:\/\/secure.gravatar.com\/avatar\/df7a6ffea67205b2cec0557fac1b1c99168521f981217db8876f424e9d334540?s=96&d=mm&r=g","caption":"Direcci\u00f3n de Comunicaci\u00f3n Institucional"}}]}},"_links":{"self":[{"href":"https:\/\/www.ucf.edu.cu\/index.php?rest_route=\/wp\/v2\/posts\/9179","targetHints":{"allow":["GET"]}}],"collection":[{"href":"https:\/\/www.ucf.edu.cu\/index.php?rest_route=\/wp\/v2\/posts"}],"about":[{"href":"https:\/\/www.ucf.edu.cu\/index.php?rest_route=\/wp\/v2\/types\/post"}],"author":[{"embeddable":true,"href":"https:\/\/www.ucf.edu.cu\/index.php?rest_route=\/wp\/v2\/users\/6"}],"replies":[{"embeddable":true,"href":"https:\/\/www.ucf.edu.cu\/index.php?rest_route=%2Fwp%2Fv2%2Fcomments&post=9179"}],"version-history":[{"count":7,"href":"https:\/\/www.ucf.edu.cu\/index.php?rest_route=\/wp\/v2\/posts\/9179\/revisions"}],"predecessor-version":[{"id":9188,"href":"https:\/\/www.ucf.edu.cu\/index.php?rest_route=\/wp\/v2\/posts\/9179\/revisions\/9188"}],"wp:featuredmedia":[{"embeddable":true,"href":"https:\/\/www.ucf.edu.cu\/index.php?rest_route=\/wp\/v2\/media\/9180"}],"wp:attachment":[{"href":"https:\/\/www.ucf.edu.cu\/index.php?rest_route=%2Fwp%2Fv2%2Fmedia&parent=9179"}],"wp:term":[{"taxonomy":"category","embeddable":true,"href":"https:\/\/www.ucf.edu.cu\/index.php?rest_route=%2Fwp%2Fv2%2Fcategories&post=9179"},{"taxonomy":"post_tag","embeddable":true,"href":"https:\/\/www.ucf.edu.cu\/index.php?rest_route=%2Fwp%2Fv2%2Ftags&post=9179"}],"curies":[{"name":"wp","href":"https:\/\/api.w.org\/{rel}","templated":true}]}}