{"id":9199,"date":"2021-11-29T18:33:29","date_gmt":"2021-11-29T18:33:29","guid":{"rendered":"https:\/\/www.ucf.edu.cu\/?p=9199"},"modified":"2021-11-29T18:34:51","modified_gmt":"2021-11-29T18:34:51","slug":"lo-que-se-sabe-de-omicron-la-nueva-variante-del-coronavirus-que-se-propaga-por-el-mundo","status":"publish","type":"post","link":"https:\/\/www.ucf.edu.cu\/?p=9199","title":{"rendered":"Lo que se sabe de \u00d3micron, la nueva variante del coronavirus que se propaga por el mundo"},"content":{"rendered":"\t\t<div data-elementor-type=\"wp-post\" data-elementor-id=\"9199\" class=\"elementor elementor-9199\">\n\t\t\t\t\t\t<section class=\"elementor-section elementor-top-section elementor-element elementor-element-74f6ae4 elementor-section-boxed elementor-section-height-default elementor-section-height-default\" data-id=\"74f6ae4\" data-element_type=\"section\" data-e-type=\"section\">\n\t\t\t\t\t\t<div class=\"elementor-container elementor-column-gap-default\">\n\t\t\t\t\t<div class=\"elementor-column elementor-col-100 elementor-top-column elementor-element elementor-element-0d915f6\" data-id=\"0d915f6\" data-element_type=\"column\" data-e-type=\"column\">\n\t\t\t<div class=\"elementor-widget-wrap elementor-element-populated\">\n\t\t\t\t\t\t<div class=\"elementor-element elementor-element-ef14792 elementor-widget elementor-widget-text-editor\" data-id=\"ef14792\" data-element_type=\"widget\" data-e-type=\"widget\" data-widget_type=\"text-editor.default\">\n\t\t\t\t<div class=\"elementor-widget-container\">\n\t\t\t\t\t\t\t\t\t<p>Estados Unidos, Brasil y pa\u00edses de todas las regiones del mundo anunciaron el cierre de sus fronteras a viajeros provenientes del sur de \u00c1frica, luego que la Organizaci\u00f3n Mundial de la Salud (OMS) declar\u00f3 que la cepa B.1.1.529 del coronavirus, que denomin\u00f3 \u00f3micron, es una variante \u201cpreocupante\u201d.<\/p><p>La nueva mutaci\u00f3n, notificada por primera vez por Sud\u00e1frica el 24 de noviembre, ya se identific\u00f3 en Europa, con un caso confirmado el viernes en B\u00e9lgica, despu\u00e9s de ser reportada en Sud\u00e1frica, Botsuana, Hong Kong e Israel.<\/p><p>La OMS dijo que podr\u00eda llevar varias semanas determinar si la nueva variante supone cambios en las maneras de transmisi\u00f3n o gravedad de la enfermedad, as\u00ed como en la eficacia de las vacunas, las pruebas y los tratamientos.<\/p><p>Seg\u00fan RT se advirti\u00f3 de la importancia\u00a0 de la imposici\u00f3n de restricciones de viajes mientras la evidencia cient\u00edfica sea escasa. Tulio de Oliveira, director del Centro de Innovaci\u00f3n y Respuesta a Epidemias en Sud\u00e1frica, ya calific\u00f3 la variante como \u201cmuy preocupante\u201d y declar\u00f3 que est\u00e1n trabajando \u201ca contrarreloj\u201d para comprender los puntos clave, como la transmisibilidad, la eficacia de las vacunas, la posibilidad de reinfecci\u00f3n, la gravedad de la enfermedad y el diagn\u00f3stico.<\/p><p>El profesor se\u00f1al\u00f3 que la cepa parece propagarse \u201cmuy r\u00e1pido\u201d, pues lleg\u00f3 a ser dominante en Sud\u00e1frica en menos de dos semanas tras una ola de la covid-19 impulsada por la variante Delta y fue detectada en el 75 % de los genomas estudiados. Por otro lado, la nueva variante deber\u00eda ser f\u00e1cil de rastrear, ya que puede ser detectada mediante una prueba de PCR cuantitativa, agreg\u00f3 De Oliveira.<\/p><p><strong>Fronteras cerradas<\/strong><\/p><p>Varios pa\u00edses anunciaron el cierre de fronteras para quienes viajen desde Sud\u00e1frica, Botsuana, Zimbabue, Namibia, Lesoto, Esuatini (o Suazilandia), Mozambique y Malaui.<\/p><p>En las Am\u00e9ricas, Estados Unidos, Canad\u00e1, Brasil, Argentina, Rep\u00fablica Dominicana y Guatemala restringieron tambi\u00e9n viajes desde all\u00ed.<\/p><p>Por su parte, la Uni\u00f3n Europea (UE) recomend\u00f3 a las 27 naciones del bloque impedir los ingresos de personas del sur de \u00c1frica.<\/p><p>Jap\u00f3n dijo que requerir\u00e1 un per\u00edodo de cuarentena de 10 d\u00edas para los viajeros del sur de \u00c1frica. Y Australia se\u00f1al\u00f3 el s\u00e1bado la prohibici\u00f3n de vuelos desde nueve pa\u00edses africanos y el veto de pasajeros no australianos que hayan estado recientemente en esa zona.<\/p><p><strong>Qu\u00e9 m\u00e1s se sabe<\/strong><\/p><ul><li>La Organizaci\u00f3n Mundial de la Salud (OMS) se reuni\u00f3 a puertas cerradas para abordar la gravedad de la nueva variante del coronavirus, B.1.1.529, y la ha designado como \u2018variante preocupante\u2019. Le otorg\u00f3\u00a0 el nombre \u00d3micron, seg\u00fan una de las letras del alfabeto griego adoptado por el organismo para denominar distintas cepas.<\/li><li>El Centro Europeo para la Prevenci\u00f3n y Control de Enfermedades (ECDC, por sus siglas en ingl\u00e9s) tambi\u00e9n la incluy\u00f3 en la lista de las variantes preocupantes.<\/li><li>La cepa B.1.1.529 se detect\u00f3 por primera vez este mes en pa\u00edses del continente africano. Sud\u00e1frica, ha registrado 77 muestras hasta el 25 de noviembre. Se caracteriza por una gran cantidad de mutaciones (35).<\/li><\/ul><p><em><strong>Radio Rebelde\u00a0<\/strong><\/em><\/p>\t\t\t\t\t\t\t\t<\/div>\n\t\t\t\t<\/div>\n\t\t\t\t\t<\/div>\n\t\t<\/div>\n\t\t\t\t\t<\/div>\n\t\t<\/section>\n\t\t\t\t<\/div>\n\t\t","protected":false},"excerpt":{"rendered":"<p>Estados Unidos, Brasil y pa\u00edses de todas las regiones del mundo anunciaron el cierre de sus fronteras a viajeros provenientes del sur de \u00c1frica, luego que la Organizaci\u00f3n Mundial de la Salud<a class=\"moretag\" href=\"https:\/\/www.ucf.edu.cu\/?p=9199\">Leer m\u00e1s&#8230;<\/a><\/p>\n","protected":false},"author":6,"featured_media":9200,"comment_status":"open","ping_status":"open","sticky":false,"template":"page-post-intra.php","format":"standard","meta":{"footnotes":""},"categories":[6],"tags":[],"class_list":["post-9199","post","type-post","status-publish","format-standard","has-post-thumbnail","hentry","category-noticias"],"yoast_head":"<!-- This site is optimized with the Yoast SEO plugin v27.4 - https:\/\/yoast.com\/product\/yoast-seo-wordpress\/ -->\n<title>Lo que se sabe de \u00d3micron, la nueva variante del coronavirus que se propaga por el mundo - Universidad de Cienfuegos<\/title>\n<meta name=\"description\" content=\"Noticias del \u00e1mbito universitario de la casa de altos estudios de Cienfuegos. Adem\u00e1s se muestran noticias del acontecer nacional e internacional de mayor relevancia.\" \/>\n<meta name=\"robots\" content=\"index, follow, max-snippet:-1, max-image-preview:large, max-video-preview:-1\" \/>\n<link rel=\"canonical\" href=\"https:\/\/www.ucf.edu.cu\/?p=9199\" \/>\n<meta property=\"og:locale\" content=\"es_ES\" \/>\n<meta property=\"og:type\" content=\"article\" \/>\n<meta property=\"og:title\" content=\"Lo que se sabe de \u00d3micron, la nueva variante del coronavirus que se propaga por el mundo - Universidad de Cienfuegos\" \/>\n<meta property=\"og:description\" content=\"Noticias del \u00e1mbito universitario de la casa de altos estudios de Cienfuegos. Adem\u00e1s se muestran noticias del acontecer nacional e internacional de mayor relevancia.\" \/>\n<meta property=\"og:url\" content=\"https:\/\/www.ucf.edu.cu\/?p=9199\" \/>\n<meta property=\"og:site_name\" content=\"Universidad de Cienfuegos\" \/>\n<meta property=\"article:publisher\" content=\"https:\/\/www.facebook.com\/ucfgos\/\" \/>\n<meta property=\"article:published_time\" content=\"2021-11-29T18:33:29+00:00\" \/>\n<meta property=\"article:modified_time\" content=\"2021-11-29T18:34:51+00:00\" \/>\n<meta property=\"og:image\" content=\"https:\/\/www.ucf.edu.cu\/wp-content\/uploads\/2021\/11\/file-20211127-23-13709nq.jpg\" \/>\n\t<meta property=\"og:image:width\" content=\"640\" \/>\n\t<meta property=\"og:image:height\" content=\"396\" \/>\n\t<meta property=\"og:image:type\" content=\"image\/jpeg\" \/>\n<meta name=\"author\" content=\"Direcci\u00f3n de Comunicaci\u00f3n Institucional\" \/>\n<meta name=\"twitter:card\" content=\"summary_large_image\" \/>\n<meta name=\"twitter:creator\" content=\"@ucfgos\" \/>\n<meta name=\"twitter:site\" content=\"@ucfgos\" \/>\n<meta name=\"twitter:label1\" content=\"Escrito por\" \/>\n\t<meta name=\"twitter:data1\" content=\"Direcci\u00f3n de Comunicaci\u00f3n Institucional\" \/>\n\t<meta name=\"twitter:label2\" content=\"Tiempo de lectura\" \/>\n\t<meta name=\"twitter:data2\" content=\"3 minutos\" \/>\n<script type=\"application\/ld+json\" class=\"yoast-schema-graph\">{\"@context\":\"https:\\\/\\\/schema.org\",\"@graph\":[{\"@type\":\"Article\",\"@id\":\"https:\\\/\\\/www.ucf.edu.cu\\\/?p=9199#article\",\"isPartOf\":{\"@id\":\"https:\\\/\\\/www.ucf.edu.cu\\\/?p=9199\"},\"author\":{\"name\":\"Direcci\u00f3n de Comunicaci\u00f3n Institucional\",\"@id\":\"https:\\\/\\\/www.ucf.edu.cu\\\/#\\\/schema\\\/person\\\/1ab5c30ce7d7cff8d04e05d54e4467eb\"},\"headline\":\"Lo que se sabe de \u00d3micron, la nueva variante del coronavirus que se propaga por el mundo\",\"datePublished\":\"2021-11-29T18:33:29+00:00\",\"dateModified\":\"2021-11-29T18:34:51+00:00\",\"mainEntityOfPage\":{\"@id\":\"https:\\\/\\\/www.ucf.edu.cu\\\/?p=9199\"},\"wordCount\":545,\"commentCount\":0,\"publisher\":{\"@id\":\"https:\\\/\\\/www.ucf.edu.cu\\\/#organization\"},\"image\":{\"@id\":\"https:\\\/\\\/www.ucf.edu.cu\\\/?p=9199#primaryimage\"},\"thumbnailUrl\":\"https:\\\/\\\/www.ucf.edu.cu\\\/wp-content\\\/uploads\\\/2021\\\/11\\\/file-20211127-23-13709nq.jpg\",\"articleSection\":[\"Noticias\"],\"inLanguage\":\"es\",\"potentialAction\":[{\"@type\":\"CommentAction\",\"name\":\"Comment\",\"target\":[\"https:\\\/\\\/www.ucf.edu.cu\\\/?p=9199#respond\"]}]},{\"@type\":\"WebPage\",\"@id\":\"https:\\\/\\\/www.ucf.edu.cu\\\/?p=9199\",\"url\":\"https:\\\/\\\/www.ucf.edu.cu\\\/?p=9199\",\"name\":\"Lo que se sabe de \u00d3micron, la nueva variante del coronavirus que se propaga por el mundo - Universidad de Cienfuegos\",\"isPartOf\":{\"@id\":\"https:\\\/\\\/www.ucf.edu.cu\\\/#website\"},\"primaryImageOfPage\":{\"@id\":\"https:\\\/\\\/www.ucf.edu.cu\\\/?p=9199#primaryimage\"},\"image\":{\"@id\":\"https:\\\/\\\/www.ucf.edu.cu\\\/?p=9199#primaryimage\"},\"thumbnailUrl\":\"https:\\\/\\\/www.ucf.edu.cu\\\/wp-content\\\/uploads\\\/2021\\\/11\\\/file-20211127-23-13709nq.jpg\",\"datePublished\":\"2021-11-29T18:33:29+00:00\",\"dateModified\":\"2021-11-29T18:34:51+00:00\",\"description\":\"Noticias del \u00e1mbito universitario de la casa de altos estudios de Cienfuegos. Adem\u00e1s se muestran noticias del acontecer nacional e internacional de mayor relevancia.\",\"breadcrumb\":{\"@id\":\"https:\\\/\\\/www.ucf.edu.cu\\\/?p=9199#breadcrumb\"},\"inLanguage\":\"es\",\"potentialAction\":[{\"@type\":\"ReadAction\",\"target\":[\"https:\\\/\\\/www.ucf.edu.cu\\\/?p=9199\"]}]},{\"@type\":\"ImageObject\",\"inLanguage\":\"es\",\"@id\":\"https:\\\/\\\/www.ucf.edu.cu\\\/?p=9199#primaryimage\",\"url\":\"https:\\\/\\\/www.ucf.edu.cu\\\/wp-content\\\/uploads\\\/2021\\\/11\\\/file-20211127-23-13709nq.jpg\",\"contentUrl\":\"https:\\\/\\\/www.ucf.edu.cu\\\/wp-content\\\/uploads\\\/2021\\\/11\\\/file-20211127-23-13709nq.jpg\",\"width\":640,\"height\":396},{\"@type\":\"BreadcrumbList\",\"@id\":\"https:\\\/\\\/www.ucf.edu.cu\\\/?p=9199#breadcrumb\",\"itemListElement\":[{\"@type\":\"ListItem\",\"position\":1,\"name\":\"Portada\",\"item\":\"https:\\\/\\\/www.ucf.edu.cu\\\/\"},{\"@type\":\"ListItem\",\"position\":2,\"name\":\"Lo que se sabe de \u00d3micron, la nueva variante del coronavirus que se propaga por el mundo\"}]},{\"@type\":\"WebSite\",\"@id\":\"https:\\\/\\\/www.ucf.edu.cu\\\/#website\",\"url\":\"https:\\\/\\\/www.ucf.edu.cu\\\/\",\"name\":\"Universidad de Cienfuegos\",\"description\":\"Portal Web Universidad de Cienfuegos\",\"publisher\":{\"@id\":\"https:\\\/\\\/www.ucf.edu.cu\\\/#organization\"},\"alternateName\":\"Portal institucional de la UCf\",\"potentialAction\":[{\"@type\":\"SearchAction\",\"target\":{\"@type\":\"EntryPoint\",\"urlTemplate\":\"https:\\\/\\\/www.ucf.edu.cu\\\/?s={search_term_string}\"},\"query-input\":{\"@type\":\"PropertyValueSpecification\",\"valueRequired\":true,\"valueName\":\"search_term_string\"}}],\"inLanguage\":\"es\"},{\"@type\":\"Organization\",\"@id\":\"https:\\\/\\\/www.ucf.edu.cu\\\/#organization\",\"name\":\"Universidad de Cienfuegos\",\"url\":\"https:\\\/\\\/www.ucf.edu.cu\\\/\",\"logo\":{\"@type\":\"ImageObject\",\"inLanguage\":\"es\",\"@id\":\"https:\\\/\\\/www.ucf.edu.cu\\\/#\\\/schema\\\/logo\\\/image\\\/\",\"url\":\"https:\\\/\\\/www.ucf.edu.cu\\\/wp-content\\\/uploads\\\/2020\\\/11\\\/fe77b047cf65bbf66915926fa3c00c93_L.jpg\",\"contentUrl\":\"https:\\\/\\\/www.ucf.edu.cu\\\/wp-content\\\/uploads\\\/2020\\\/11\\\/fe77b047cf65bbf66915926fa3c00c93_L.jpg\",\"width\":1000,\"height\":763,\"caption\":\"Universidad de Cienfuegos\"},\"image\":{\"@id\":\"https:\\\/\\\/www.ucf.edu.cu\\\/#\\\/schema\\\/logo\\\/image\\\/\"},\"sameAs\":[\"https:\\\/\\\/www.facebook.com\\\/ucfgos\\\/\",\"https:\\\/\\\/x.com\\\/ucfgos\",\"https:\\\/\\\/www.instagram.com\\\/ucfgos\",\"https:\\\/\\\/www.youtube.com\\\/channel\\\/UCymAZYZHmPzh48cHLG6Nx4A\"]},{\"@type\":\"Person\",\"@id\":\"https:\\\/\\\/www.ucf.edu.cu\\\/#\\\/schema\\\/person\\\/1ab5c30ce7d7cff8d04e05d54e4467eb\",\"name\":\"Direcci\u00f3n de Comunicaci\u00f3n Institucional\",\"image\":{\"@type\":\"ImageObject\",\"inLanguage\":\"es\",\"@id\":\"https:\\\/\\\/secure.gravatar.com\\\/avatar\\\/df7a6ffea67205b2cec0557fac1b1c99168521f981217db8876f424e9d334540?s=96&d=mm&r=g\",\"url\":\"https:\\\/\\\/secure.gravatar.com\\\/avatar\\\/df7a6ffea67205b2cec0557fac1b1c99168521f981217db8876f424e9d334540?s=96&d=mm&r=g\",\"contentUrl\":\"https:\\\/\\\/secure.gravatar.com\\\/avatar\\\/df7a6ffea67205b2cec0557fac1b1c99168521f981217db8876f424e9d334540?s=96&d=mm&r=g\",\"caption\":\"Direcci\u00f3n de Comunicaci\u00f3n Institucional\"}}]}<\/script>\n<!-- \/ Yoast SEO plugin. -->","yoast_head_json":{"title":"Lo que se sabe de \u00d3micron, la nueva variante del coronavirus que se propaga por el mundo - Universidad de Cienfuegos","description":"Noticias del \u00e1mbito universitario de la casa de altos estudios de Cienfuegos. Adem\u00e1s se muestran noticias del acontecer nacional e internacional de mayor relevancia.","robots":{"index":"index","follow":"follow","max-snippet":"max-snippet:-1","max-image-preview":"max-image-preview:large","max-video-preview":"max-video-preview:-1"},"canonical":"https:\/\/www.ucf.edu.cu\/?p=9199","og_locale":"es_ES","og_type":"article","og_title":"Lo que se sabe de \u00d3micron, la nueva variante del coronavirus que se propaga por el mundo - Universidad de Cienfuegos","og_description":"Noticias del \u00e1mbito universitario de la casa de altos estudios de Cienfuegos. Adem\u00e1s se muestran noticias del acontecer nacional e internacional de mayor relevancia.","og_url":"https:\/\/www.ucf.edu.cu\/?p=9199","og_site_name":"Universidad de Cienfuegos","article_publisher":"https:\/\/www.facebook.com\/ucfgos\/","article_published_time":"2021-11-29T18:33:29+00:00","article_modified_time":"2021-11-29T18:34:51+00:00","og_image":[{"width":640,"height":396,"url":"https:\/\/www.ucf.edu.cu\/wp-content\/uploads\/2021\/11\/file-20211127-23-13709nq.jpg","type":"image\/jpeg"}],"author":"Direcci\u00f3n de Comunicaci\u00f3n Institucional","twitter_card":"summary_large_image","twitter_creator":"@ucfgos","twitter_site":"@ucfgos","twitter_misc":{"Escrito por":"Direcci\u00f3n de Comunicaci\u00f3n Institucional","Tiempo de lectura":"3 minutos"},"schema":{"@context":"https:\/\/schema.org","@graph":[{"@type":"Article","@id":"https:\/\/www.ucf.edu.cu\/?p=9199#article","isPartOf":{"@id":"https:\/\/www.ucf.edu.cu\/?p=9199"},"author":{"name":"Direcci\u00f3n de Comunicaci\u00f3n Institucional","@id":"https:\/\/www.ucf.edu.cu\/#\/schema\/person\/1ab5c30ce7d7cff8d04e05d54e4467eb"},"headline":"Lo que se sabe de \u00d3micron, la nueva variante del coronavirus que se propaga por el mundo","datePublished":"2021-11-29T18:33:29+00:00","dateModified":"2021-11-29T18:34:51+00:00","mainEntityOfPage":{"@id":"https:\/\/www.ucf.edu.cu\/?p=9199"},"wordCount":545,"commentCount":0,"publisher":{"@id":"https:\/\/www.ucf.edu.cu\/#organization"},"image":{"@id":"https:\/\/www.ucf.edu.cu\/?p=9199#primaryimage"},"thumbnailUrl":"https:\/\/www.ucf.edu.cu\/wp-content\/uploads\/2021\/11\/file-20211127-23-13709nq.jpg","articleSection":["Noticias"],"inLanguage":"es","potentialAction":[{"@type":"CommentAction","name":"Comment","target":["https:\/\/www.ucf.edu.cu\/?p=9199#respond"]}]},{"@type":"WebPage","@id":"https:\/\/www.ucf.edu.cu\/?p=9199","url":"https:\/\/www.ucf.edu.cu\/?p=9199","name":"Lo que se sabe de \u00d3micron, la nueva variante del coronavirus que se propaga por el mundo - Universidad de Cienfuegos","isPartOf":{"@id":"https:\/\/www.ucf.edu.cu\/#website"},"primaryImageOfPage":{"@id":"https:\/\/www.ucf.edu.cu\/?p=9199#primaryimage"},"image":{"@id":"https:\/\/www.ucf.edu.cu\/?p=9199#primaryimage"},"thumbnailUrl":"https:\/\/www.ucf.edu.cu\/wp-content\/uploads\/2021\/11\/file-20211127-23-13709nq.jpg","datePublished":"2021-11-29T18:33:29+00:00","dateModified":"2021-11-29T18:34:51+00:00","description":"Noticias del \u00e1mbito universitario de la casa de altos estudios de Cienfuegos. Adem\u00e1s se muestran noticias del acontecer nacional e internacional de mayor relevancia.","breadcrumb":{"@id":"https:\/\/www.ucf.edu.cu\/?p=9199#breadcrumb"},"inLanguage":"es","potentialAction":[{"@type":"ReadAction","target":["https:\/\/www.ucf.edu.cu\/?p=9199"]}]},{"@type":"ImageObject","inLanguage":"es","@id":"https:\/\/www.ucf.edu.cu\/?p=9199#primaryimage","url":"https:\/\/www.ucf.edu.cu\/wp-content\/uploads\/2021\/11\/file-20211127-23-13709nq.jpg","contentUrl":"https:\/\/www.ucf.edu.cu\/wp-content\/uploads\/2021\/11\/file-20211127-23-13709nq.jpg","width":640,"height":396},{"@type":"BreadcrumbList","@id":"https:\/\/www.ucf.edu.cu\/?p=9199#breadcrumb","itemListElement":[{"@type":"ListItem","position":1,"name":"Portada","item":"https:\/\/www.ucf.edu.cu\/"},{"@type":"ListItem","position":2,"name":"Lo que se sabe de \u00d3micron, la nueva variante del coronavirus que se propaga por el mundo"}]},{"@type":"WebSite","@id":"https:\/\/www.ucf.edu.cu\/#website","url":"https:\/\/www.ucf.edu.cu\/","name":"Universidad de Cienfuegos","description":"Portal Web Universidad de Cienfuegos","publisher":{"@id":"https:\/\/www.ucf.edu.cu\/#organization"},"alternateName":"Portal institucional de la UCf","potentialAction":[{"@type":"SearchAction","target":{"@type":"EntryPoint","urlTemplate":"https:\/\/www.ucf.edu.cu\/?s={search_term_string}"},"query-input":{"@type":"PropertyValueSpecification","valueRequired":true,"valueName":"search_term_string"}}],"inLanguage":"es"},{"@type":"Organization","@id":"https:\/\/www.ucf.edu.cu\/#organization","name":"Universidad de Cienfuegos","url":"https:\/\/www.ucf.edu.cu\/","logo":{"@type":"ImageObject","inLanguage":"es","@id":"https:\/\/www.ucf.edu.cu\/#\/schema\/logo\/image\/","url":"https:\/\/www.ucf.edu.cu\/wp-content\/uploads\/2020\/11\/fe77b047cf65bbf66915926fa3c00c93_L.jpg","contentUrl":"https:\/\/www.ucf.edu.cu\/wp-content\/uploads\/2020\/11\/fe77b047cf65bbf66915926fa3c00c93_L.jpg","width":1000,"height":763,"caption":"Universidad de Cienfuegos"},"image":{"@id":"https:\/\/www.ucf.edu.cu\/#\/schema\/logo\/image\/"},"sameAs":["https:\/\/www.facebook.com\/ucfgos\/","https:\/\/x.com\/ucfgos","https:\/\/www.instagram.com\/ucfgos","https:\/\/www.youtube.com\/channel\/UCymAZYZHmPzh48cHLG6Nx4A"]},{"@type":"Person","@id":"https:\/\/www.ucf.edu.cu\/#\/schema\/person\/1ab5c30ce7d7cff8d04e05d54e4467eb","name":"Direcci\u00f3n de Comunicaci\u00f3n Institucional","image":{"@type":"ImageObject","inLanguage":"es","@id":"https:\/\/secure.gravatar.com\/avatar\/df7a6ffea67205b2cec0557fac1b1c99168521f981217db8876f424e9d334540?s=96&d=mm&r=g","url":"https:\/\/secure.gravatar.com\/avatar\/df7a6ffea67205b2cec0557fac1b1c99168521f981217db8876f424e9d334540?s=96&d=mm&r=g","contentUrl":"https:\/\/secure.gravatar.com\/avatar\/df7a6ffea67205b2cec0557fac1b1c99168521f981217db8876f424e9d334540?s=96&d=mm&r=g","caption":"Direcci\u00f3n de Comunicaci\u00f3n Institucional"}}]}},"_links":{"self":[{"href":"https:\/\/www.ucf.edu.cu\/index.php?rest_route=\/wp\/v2\/posts\/9199","targetHints":{"allow":["GET"]}}],"collection":[{"href":"https:\/\/www.ucf.edu.cu\/index.php?rest_route=\/wp\/v2\/posts"}],"about":[{"href":"https:\/\/www.ucf.edu.cu\/index.php?rest_route=\/wp\/v2\/types\/post"}],"author":[{"embeddable":true,"href":"https:\/\/www.ucf.edu.cu\/index.php?rest_route=\/wp\/v2\/users\/6"}],"replies":[{"embeddable":true,"href":"https:\/\/www.ucf.edu.cu\/index.php?rest_route=%2Fwp%2Fv2%2Fcomments&post=9199"}],"version-history":[{"count":4,"href":"https:\/\/www.ucf.edu.cu\/index.php?rest_route=\/wp\/v2\/posts\/9199\/revisions"}],"predecessor-version":[{"id":9204,"href":"https:\/\/www.ucf.edu.cu\/index.php?rest_route=\/wp\/v2\/posts\/9199\/revisions\/9204"}],"wp:featuredmedia":[{"embeddable":true,"href":"https:\/\/www.ucf.edu.cu\/index.php?rest_route=\/wp\/v2\/media\/9200"}],"wp:attachment":[{"href":"https:\/\/www.ucf.edu.cu\/index.php?rest_route=%2Fwp%2Fv2%2Fmedia&parent=9199"}],"wp:term":[{"taxonomy":"category","embeddable":true,"href":"https:\/\/www.ucf.edu.cu\/index.php?rest_route=%2Fwp%2Fv2%2Fcategories&post=9199"},{"taxonomy":"post_tag","embeddable":true,"href":"https:\/\/www.ucf.edu.cu\/index.php?rest_route=%2Fwp%2Fv2%2Ftags&post=9199"}],"curies":[{"name":"wp","href":"https:\/\/api.w.org\/{rel}","templated":true}]}}