{"id":9223,"date":"2021-12-02T16:34:53","date_gmt":"2021-12-02T16:34:53","guid":{"rendered":"https:\/\/www.ucf.edu.cu\/?p=9223"},"modified":"2021-12-02T16:46:32","modified_gmt":"2021-12-02T16:46:32","slug":"que-quienes-educan-esten-conectados-con-el-espiritu-de-la-sociedad","status":"publish","type":"post","link":"https:\/\/www.ucf.edu.cu\/?p=9223","title":{"rendered":"Que quienes educan est\u00e9n conectados con el esp\u00edritu de la sociedad"},"content":{"rendered":"\t\t<div data-elementor-type=\"wp-post\" data-elementor-id=\"9223\" class=\"elementor elementor-9223\">\n\t\t\t\t\t\t<section class=\"elementor-section elementor-top-section elementor-element elementor-element-a25d205 elementor-section-boxed elementor-section-height-default elementor-section-height-default\" data-id=\"a25d205\" data-element_type=\"section\" data-e-type=\"section\">\n\t\t\t\t\t\t<div class=\"elementor-container elementor-column-gap-default\">\n\t\t\t\t\t<div class=\"elementor-column elementor-col-100 elementor-top-column elementor-element elementor-element-3311f5a\" data-id=\"3311f5a\" data-element_type=\"column\" data-e-type=\"column\">\n\t\t\t<div class=\"elementor-widget-wrap elementor-element-populated\">\n\t\t\t\t\t\t<div class=\"elementor-element elementor-element-9b7cb61 elementor-widget elementor-widget-text-editor\" data-id=\"9b7cb61\" data-element_type=\"widget\" data-e-type=\"widget\" data-widget_type=\"text-editor.default\">\n\t\t\t\t<div class=\"elementor-widget-container\">\n\t\t\t\t\t\t\t\t\t<p>El profesor en Cuba como ciudadano de una sociedad socialista, como ciudadano revolucionario, como protagonista esencial en los procesos formativos de sus estudiantes; maestro que adquiere sus herramientas en una escuela de pedagog\u00eda -de larga tradici\u00f3n emancipadora-, y que seguidamente forma a generaciones donde habita el futuro del pa\u00eds. De tal asunto, estrat\u00e9gico para la Revoluci\u00f3n, se convers\u00f3 este lunes entre la direcci\u00f3n del pa\u00eds e integrantes del claustro profesoral de la Universidad de Ciencias Pedag\u00f3gicas \u201cEnrique Jos\u00e9 Varona\u201d.<\/p><p>Justamente fue en ese intercambio donde el Primer Secretario del Comit\u00e9 Central del Partido Comunista y Presidente de la Rep\u00fablica, Miguel D\u00edaz-Canel Berm\u00fadez, habl\u00f3 sobre la importancia de preparar bien \u201ca los profesores como ciudadanos, con ese concepto de ciudadan\u00eda en las condiciones nuestras\u201d, para que la transmisi\u00f3n de saberes en pos de una formaci\u00f3n humanista tenga \u00e9xito.<\/p><p>La vida nos est\u00e1 diciendo \u2013expres\u00f3 el Jefe de Estado- que en estos tiempos de acciones transformadoras en los barrios, de fortalecer conceptos como poder popular, democracia o participaci\u00f3n, \u201ctenemos que ense\u00f1ar a los estudiantes a ser ciudadanos en una sociedad como la nuestra, para que puedan ejercer el ejercicio de la democracia, el ejercicio de la participaci\u00f3n; y para eso debemos tener a los profesores bien preparados, para que tambi\u00e9n puedan preparar a los estudiantes\u201d.<\/p><p><img fetchpriority=\"high\" decoding=\"async\" class=\"aligncenter wp-image-9230 size-full\" src=\"https:\/\/www.ucf.edu.cu\/wp-content\/uploads\/2021\/12\/dia-del-estudiante-cuba-3-580x384-1.jpg\" alt=\"\" width=\"580\" height=\"384\" srcset=\"https:\/\/www.ucf.edu.cu\/wp-content\/uploads\/2021\/12\/dia-del-estudiante-cuba-3-580x384-1.jpg 580w, https:\/\/www.ucf.edu.cu\/wp-content\/uploads\/2021\/12\/dia-del-estudiante-cuba-3-580x384-1-300x199.jpg 300w\" sizes=\"(max-width: 580px) 100vw, 580px\" \/><\/p><p>En un encuentro que adem\u00e1s cont\u00f3 desde la presidencia con el viceprimer ministro, Jorge Luis Perdomo Di-Lella, los profesores de la Universidad de Ciencias Pedag\u00f3gicas reflexionaron en torno a una propuesta tra\u00edda por ellos a colaci\u00f3n sobre c\u00f3mo perfeccionar la formaci\u00f3n de quienes tendr\u00e1n, desde las aulas, la responsabilidad de preparar al ciudadano de la Cuba futura.<\/p><p>Se trata de una propuesta, como se dijo en la jornada, que es fruto del intercambio sostenido en estos tiempos con estudiantes, profesores, coordinadores de carreras universitarias, y otros actores, para robustecer la formaci\u00f3n profesional pedag\u00f3gica de cara a m\u00faltiples demandas sociales, y habiendo vivido la desafiante experiencia de la COVID-19.<\/p><p>Desde diversas aristas fue desarrollado el tema. La profesora Isel Parra Vigo, del Centro de Estudios Educacionales perteneciente a la Universidad de Ciencias Pedag\u00f3gicas, mencion\u00f3 el valor de potenciar la categor\u00eda de formaci\u00f3n integral en nuestros maestros: \u201cSiempre la Revoluci\u00f3n ha optado por esta aspiraci\u00f3n\u201d, enfatiz\u00f3; e hizo hincapi\u00e9 en que esa \u201cformaci\u00f3n integral como direcci\u00f3n del desarrollo humano\u201d debe vincular elementos de car\u00e1cter afectivo, intelectual y ejecutor.<\/p><p>La \u00fanica forma de lograr el desarrollo de lo intelectual, lo afectivo y lo ejecutor en estrecha interrelaci\u00f3n \u2013razon\u00f3 la profesora- es haciendo que quien se forma como maestro est\u00e9 en estrecha relaci\u00f3n con la cultura, con los anhelos y contradicciones de su pa\u00eds; y esa premisa, dijo, debe ser cultivada en los procesos formativos.<\/p><p><img decoding=\"async\" class=\"aligncenter wp-image-9231 size-full\" src=\"https:\/\/www.ucf.edu.cu\/wp-content\/uploads\/2021\/12\/unnamed.jpg\" alt=\"\" width=\"512\" height=\"307\" srcset=\"https:\/\/www.ucf.edu.cu\/wp-content\/uploads\/2021\/12\/unnamed.jpg 512w, https:\/\/www.ucf.edu.cu\/wp-content\/uploads\/2021\/12\/unnamed-300x180.jpg 300w\" sizes=\"(max-width: 512px) 100vw, 512px\" \/><\/p><p>En la Universidad todo espacio educa; el estudiante muchas veces aprende m\u00e1s de lo que ve hacer al profesor, que de lo que este le dice; es muy importante desarrollar la pedagog\u00eda social, para que los alumnos comprendan, por ejemplo, la vulnerabilidad de un barrio, y eso implica hacer alianzas, trabajo intersectorial e interdisciplinario. Sobre esos conceptos habl\u00f3 Isel Parra, quien tambi\u00e9n dijo que \u201cno puede ocurrir que el estudiante vaya a la instituci\u00f3n educativa a desmotivarse\u201d, sino todo lo contrario.<\/p><p>Por su parte Marlene Gonz\u00e1lez Escalona acot\u00f3 que \u201csi hoy queremos que el maestro transforme la realidad educativa, hay que enriquecer la cultura psicopedag\u00f3gica para poder enfrentar los problemas y desaf\u00edos que \u00e9l tiene en su pr\u00e1ctica educativa\u201d. Eso, apunt\u00f3, sin perder de vista que \u201cno se puede hablar de cultura general integral sin una cultura de la ciencia\u201d, y que cuando se habla de resolver problemas desde la ciencia, la tecnolog\u00eda y la innovaci\u00f3n, se trata de aprovechar en el alumnado, desde edades muy tempranas, el natural esp\u00edritu indagatorio.<\/p><p>La titular de Educaci\u00f3n, Ena Elsa Vel\u00e1zquez Cobiella, record\u00f3 que el Varona es la universidad rectora de las carreras pedag\u00f3gicas, con una alta tradici\u00f3n en la formaci\u00f3n del maestro, lo cual entra\u00f1a desaf\u00edos como formar aquellos profesionales que la capital del pa\u00eds necesita. Sobre la propuesta presentada en la reuni\u00f3n, la ministra valor\u00f3 que es una concepci\u00f3n perfeccionada, cuyo prop\u00f3sito es \u201cla formaci\u00f3n de un maestro m\u00e1s integral, ajustado a los nuevos tiempos\u201d.<\/p><p>\u201cTodo lo que se haga en materia de investigaci\u00f3n, de innovaci\u00f3n \u2013reflexion\u00f3 Ena Elsa Vel\u00e1zquez- debe tener un resultado concreto en la escuela, en la formaci\u00f3n de ese maestro, y en la preparaci\u00f3n continua de ese maestro que est\u00e1 en ejercicio\u201d.<\/p><p><img decoding=\"async\" class=\"aligncenter wp-image-9232 size-full\" src=\"https:\/\/www.ucf.edu.cu\/wp-content\/uploads\/2021\/12\/unnamed-1.jpg\" alt=\"\" width=\"512\" height=\"205\" srcset=\"https:\/\/www.ucf.edu.cu\/wp-content\/uploads\/2021\/12\/unnamed-1.jpg 512w, https:\/\/www.ucf.edu.cu\/wp-content\/uploads\/2021\/12\/unnamed-1-300x120.jpg 300w\" sizes=\"(max-width: 512px) 100vw, 512px\" \/><\/p><p>Otros temas alusivos a la formaci\u00f3n pedag\u00f3gica fueron desarrollados en la jornada de an\u00e1lisis por el Presidente D\u00edaz-Canel Berm\u00fadez; entre ellos, la necesidad \u2013planteada por los profesores en otros encuentros- de potenciar el m\u00e9todo cient\u00edfico para toda la labor pedag\u00f3gica. Al respecto el dignatario record\u00f3 \u00fatiles herramientas como las categor\u00edas del pensamiento marxista, \u201cel m\u00e9todo cient\u00edfico que us\u00f3 Marx, que es hacer abstracciones, sacar los elementos fundamentales, encontrar lo casual, despu\u00e9s integrar, trabajar sobre las causas (\u2026), todo eso lo tenemos que incorporar\u201d.<\/p><p>La importancia de estudiar econom\u00eda pol\u00edtica para entender los procesos que acontecen en la sociedad y tomar las decisiones m\u00e1s \u00fatiles a cada momento; aprovechar los escenarios que brinda la docencia para impartir conocimientos en procesos que unifican las posibilidades de los educandos; formar a nuestros profesores en enfoques como la pedagog\u00eda social, la educaci\u00f3n popular y el trabajo comunitario, para que la escuela sea el verdadero v\u00f3rtice de la comunidad. Sobre tales conceptos disert\u00f3 tambi\u00e9n el Primer Secretario del Comit\u00e9 Central del Partido Comunista.<\/p><p>El uso de las nuevas tecnolog\u00edas de la Informaci\u00f3n y la Comunicaci\u00f3n en los procesos de formaci\u00f3n pedag\u00f3gica motiv\u00f3 otros razonamientos del mandatario, quien abog\u00f3 por buscar los equilibrios; porque as\u00ed como la ense\u00f1anza a distancia es posible y puede dar resultados, las relaciones humanas entre el profesor y el estudiante, de modo presencial, tambi\u00e9n son esenciales.<\/p><p>Hacia el final del encuentro el Jefe de Estado expres\u00f3 que en cubanos como Enrique Jos\u00e9 Varona habita un pensamiento pedag\u00f3gico que merece ser estudiado a profundidad, pues ese legado es patrimonio de la naci\u00f3n. A modo de resumen del tono que anim\u00f3 el intercambio, el mandatario repar\u00f3 en una idea del patriota y gran pedagogo \u2013incluida en la propuesta compartida por los integrantes del Claustro-. Varona dej\u00f3 escrito: \u201cEs necesario que (quien educa) est\u00e9 en comuni\u00f3n con el esp\u00edritu de la sociedad, que es en el fondo y sobre todo quien educa\u201d.<\/p><p><em><strong>Por Alina Perera Robbio<\/strong><\/em><\/p><p><em><strong>Tomado del Portal Presidencia de Cuba<\/strong><\/em><\/p><p>\u00a0<\/p>\t\t\t\t\t\t\t\t<\/div>\n\t\t\t\t<\/div>\n\t\t\t\t\t<\/div>\n\t\t<\/div>\n\t\t\t\t\t<\/div>\n\t\t<\/section>\n\t\t\t\t<\/div>\n\t\t","protected":false},"excerpt":{"rendered":"<p>El profesor en Cuba como ciudadano de una sociedad socialista, como ciudadano revolucionario, como protagonista esencial en los procesos formativos de sus estudiantes; maestro que adquiere sus herramientas en una escuela de<a class=\"moretag\" href=\"https:\/\/www.ucf.edu.cu\/?p=9223\">Leer m\u00e1s&#8230;<\/a><\/p>\n","protected":false},"author":6,"featured_media":9224,"comment_status":"open","ping_status":"open","sticky":false,"template":"page-post-intra.php","format":"standard","meta":{"footnotes":""},"categories":[6],"tags":[],"class_list":["post-9223","post","type-post","status-publish","format-standard","has-post-thumbnail","hentry","category-noticias"],"yoast_head":"<!-- This site is optimized with the Yoast SEO plugin v27.4 - https:\/\/yoast.com\/product\/yoast-seo-wordpress\/ -->\n<title>Que quienes educan est\u00e9n conectados con el esp\u00edritu de la sociedad - Universidad de Cienfuegos<\/title>\n<meta name=\"description\" content=\"Noticias del \u00e1mbito universitario de la casa de altos estudios de Cienfuegos. Adem\u00e1s se muestran noticias del acontecer nacional e internacional de mayor relevancia.\" \/>\n<meta name=\"robots\" content=\"index, follow, max-snippet:-1, max-image-preview:large, max-video-preview:-1\" \/>\n<link rel=\"canonical\" href=\"https:\/\/www.ucf.edu.cu\/?p=9223\" \/>\n<meta property=\"og:locale\" content=\"es_ES\" \/>\n<meta property=\"og:type\" content=\"article\" \/>\n<meta property=\"og:title\" content=\"Que quienes educan est\u00e9n conectados con el esp\u00edritu de la sociedad - Universidad de Cienfuegos\" \/>\n<meta property=\"og:description\" content=\"Noticias del \u00e1mbito universitario de la casa de altos estudios de Cienfuegos. Adem\u00e1s se muestran noticias del acontecer nacional e internacional de mayor relevancia.\" \/>\n<meta property=\"og:url\" content=\"https:\/\/www.ucf.edu.cu\/?p=9223\" \/>\n<meta property=\"og:site_name\" content=\"Universidad de Cienfuegos\" \/>\n<meta property=\"article:publisher\" content=\"https:\/\/www.facebook.com\/ucfgos\/\" \/>\n<meta property=\"article:published_time\" content=\"2021-12-02T16:34:53+00:00\" \/>\n<meta property=\"article:modified_time\" content=\"2021-12-02T16:46:32+00:00\" \/>\n<meta property=\"og:image\" content=\"https:\/\/www.ucf.edu.cu\/wp-content\/uploads\/2021\/12\/dsc_6185.jpg__830x600_q85_subject_location-2000503_subsampling-2.jpg\" \/>\n\t<meta property=\"og:image:width\" content=\"800\" \/>\n\t<meta property=\"og:image:height\" content=\"600\" \/>\n\t<meta property=\"og:image:type\" content=\"image\/jpeg\" \/>\n<meta name=\"author\" content=\"Direcci\u00f3n de Comunicaci\u00f3n Institucional\" \/>\n<meta name=\"twitter:card\" content=\"summary_large_image\" \/>\n<meta name=\"twitter:creator\" content=\"@ucfgos\" \/>\n<meta name=\"twitter:site\" content=\"@ucfgos\" \/>\n<meta name=\"twitter:label1\" content=\"Escrito por\" \/>\n\t<meta name=\"twitter:data1\" content=\"Direcci\u00f3n de Comunicaci\u00f3n Institucional\" \/>\n\t<meta name=\"twitter:label2\" content=\"Tiempo de lectura\" \/>\n\t<meta name=\"twitter:data2\" content=\"6 minutos\" \/>\n<script type=\"application\/ld+json\" class=\"yoast-schema-graph\">{\"@context\":\"https:\\\/\\\/schema.org\",\"@graph\":[{\"@type\":\"Article\",\"@id\":\"https:\\\/\\\/www.ucf.edu.cu\\\/?p=9223#article\",\"isPartOf\":{\"@id\":\"https:\\\/\\\/www.ucf.edu.cu\\\/?p=9223\"},\"author\":{\"name\":\"Direcci\u00f3n de Comunicaci\u00f3n Institucional\",\"@id\":\"https:\\\/\\\/www.ucf.edu.cu\\\/#\\\/schema\\\/person\\\/1ab5c30ce7d7cff8d04e05d54e4467eb\"},\"headline\":\"Que quienes educan est\u00e9n conectados con el esp\u00edritu de la sociedad\",\"datePublished\":\"2021-12-02T16:34:53+00:00\",\"dateModified\":\"2021-12-02T16:46:32+00:00\",\"mainEntityOfPage\":{\"@id\":\"https:\\\/\\\/www.ucf.edu.cu\\\/?p=9223\"},\"wordCount\":1167,\"commentCount\":0,\"publisher\":{\"@id\":\"https:\\\/\\\/www.ucf.edu.cu\\\/#organization\"},\"image\":{\"@id\":\"https:\\\/\\\/www.ucf.edu.cu\\\/?p=9223#primaryimage\"},\"thumbnailUrl\":\"https:\\\/\\\/www.ucf.edu.cu\\\/wp-content\\\/uploads\\\/2021\\\/12\\\/dsc_6185.jpg__830x600_q85_subject_location-2000503_subsampling-2.jpg\",\"articleSection\":[\"Noticias\"],\"inLanguage\":\"es\",\"potentialAction\":[{\"@type\":\"CommentAction\",\"name\":\"Comment\",\"target\":[\"https:\\\/\\\/www.ucf.edu.cu\\\/?p=9223#respond\"]}]},{\"@type\":\"WebPage\",\"@id\":\"https:\\\/\\\/www.ucf.edu.cu\\\/?p=9223\",\"url\":\"https:\\\/\\\/www.ucf.edu.cu\\\/?p=9223\",\"name\":\"Que quienes educan est\u00e9n conectados con el esp\u00edritu de la sociedad - Universidad de Cienfuegos\",\"isPartOf\":{\"@id\":\"https:\\\/\\\/www.ucf.edu.cu\\\/#website\"},\"primaryImageOfPage\":{\"@id\":\"https:\\\/\\\/www.ucf.edu.cu\\\/?p=9223#primaryimage\"},\"image\":{\"@id\":\"https:\\\/\\\/www.ucf.edu.cu\\\/?p=9223#primaryimage\"},\"thumbnailUrl\":\"https:\\\/\\\/www.ucf.edu.cu\\\/wp-content\\\/uploads\\\/2021\\\/12\\\/dsc_6185.jpg__830x600_q85_subject_location-2000503_subsampling-2.jpg\",\"datePublished\":\"2021-12-02T16:34:53+00:00\",\"dateModified\":\"2021-12-02T16:46:32+00:00\",\"description\":\"Noticias del \u00e1mbito universitario de la casa de altos estudios de Cienfuegos. Adem\u00e1s se muestran noticias del acontecer nacional e internacional de mayor relevancia.\",\"breadcrumb\":{\"@id\":\"https:\\\/\\\/www.ucf.edu.cu\\\/?p=9223#breadcrumb\"},\"inLanguage\":\"es\",\"potentialAction\":[{\"@type\":\"ReadAction\",\"target\":[\"https:\\\/\\\/www.ucf.edu.cu\\\/?p=9223\"]}]},{\"@type\":\"ImageObject\",\"inLanguage\":\"es\",\"@id\":\"https:\\\/\\\/www.ucf.edu.cu\\\/?p=9223#primaryimage\",\"url\":\"https:\\\/\\\/www.ucf.edu.cu\\\/wp-content\\\/uploads\\\/2021\\\/12\\\/dsc_6185.jpg__830x600_q85_subject_location-2000503_subsampling-2.jpg\",\"contentUrl\":\"https:\\\/\\\/www.ucf.edu.cu\\\/wp-content\\\/uploads\\\/2021\\\/12\\\/dsc_6185.jpg__830x600_q85_subject_location-2000503_subsampling-2.jpg\",\"width\":800,\"height\":600},{\"@type\":\"BreadcrumbList\",\"@id\":\"https:\\\/\\\/www.ucf.edu.cu\\\/?p=9223#breadcrumb\",\"itemListElement\":[{\"@type\":\"ListItem\",\"position\":1,\"name\":\"Portada\",\"item\":\"https:\\\/\\\/www.ucf.edu.cu\\\/\"},{\"@type\":\"ListItem\",\"position\":2,\"name\":\"Que quienes educan est\u00e9n conectados con el esp\u00edritu de la sociedad\"}]},{\"@type\":\"WebSite\",\"@id\":\"https:\\\/\\\/www.ucf.edu.cu\\\/#website\",\"url\":\"https:\\\/\\\/www.ucf.edu.cu\\\/\",\"name\":\"Universidad de Cienfuegos\",\"description\":\"Portal Web Universidad de Cienfuegos\",\"publisher\":{\"@id\":\"https:\\\/\\\/www.ucf.edu.cu\\\/#organization\"},\"alternateName\":\"Portal institucional de la UCf\",\"potentialAction\":[{\"@type\":\"SearchAction\",\"target\":{\"@type\":\"EntryPoint\",\"urlTemplate\":\"https:\\\/\\\/www.ucf.edu.cu\\\/?s={search_term_string}\"},\"query-input\":{\"@type\":\"PropertyValueSpecification\",\"valueRequired\":true,\"valueName\":\"search_term_string\"}}],\"inLanguage\":\"es\"},{\"@type\":\"Organization\",\"@id\":\"https:\\\/\\\/www.ucf.edu.cu\\\/#organization\",\"name\":\"Universidad de Cienfuegos\",\"url\":\"https:\\\/\\\/www.ucf.edu.cu\\\/\",\"logo\":{\"@type\":\"ImageObject\",\"inLanguage\":\"es\",\"@id\":\"https:\\\/\\\/www.ucf.edu.cu\\\/#\\\/schema\\\/logo\\\/image\\\/\",\"url\":\"https:\\\/\\\/www.ucf.edu.cu\\\/wp-content\\\/uploads\\\/2020\\\/11\\\/fe77b047cf65bbf66915926fa3c00c93_L.jpg\",\"contentUrl\":\"https:\\\/\\\/www.ucf.edu.cu\\\/wp-content\\\/uploads\\\/2020\\\/11\\\/fe77b047cf65bbf66915926fa3c00c93_L.jpg\",\"width\":1000,\"height\":763,\"caption\":\"Universidad de Cienfuegos\"},\"image\":{\"@id\":\"https:\\\/\\\/www.ucf.edu.cu\\\/#\\\/schema\\\/logo\\\/image\\\/\"},\"sameAs\":[\"https:\\\/\\\/www.facebook.com\\\/ucfgos\\\/\",\"https:\\\/\\\/x.com\\\/ucfgos\",\"https:\\\/\\\/www.instagram.com\\\/ucfgos\",\"https:\\\/\\\/www.youtube.com\\\/channel\\\/UCymAZYZHmPzh48cHLG6Nx4A\"]},{\"@type\":\"Person\",\"@id\":\"https:\\\/\\\/www.ucf.edu.cu\\\/#\\\/schema\\\/person\\\/1ab5c30ce7d7cff8d04e05d54e4467eb\",\"name\":\"Direcci\u00f3n de Comunicaci\u00f3n Institucional\",\"image\":{\"@type\":\"ImageObject\",\"inLanguage\":\"es\",\"@id\":\"https:\\\/\\\/secure.gravatar.com\\\/avatar\\\/df7a6ffea67205b2cec0557fac1b1c99168521f981217db8876f424e9d334540?s=96&d=mm&r=g\",\"url\":\"https:\\\/\\\/secure.gravatar.com\\\/avatar\\\/df7a6ffea67205b2cec0557fac1b1c99168521f981217db8876f424e9d334540?s=96&d=mm&r=g\",\"contentUrl\":\"https:\\\/\\\/secure.gravatar.com\\\/avatar\\\/df7a6ffea67205b2cec0557fac1b1c99168521f981217db8876f424e9d334540?s=96&d=mm&r=g\",\"caption\":\"Direcci\u00f3n de Comunicaci\u00f3n Institucional\"}}]}<\/script>\n<!-- \/ Yoast SEO plugin. -->","yoast_head_json":{"title":"Que quienes educan est\u00e9n conectados con el esp\u00edritu de la sociedad - Universidad de Cienfuegos","description":"Noticias del \u00e1mbito universitario de la casa de altos estudios de Cienfuegos. Adem\u00e1s se muestran noticias del acontecer nacional e internacional de mayor relevancia.","robots":{"index":"index","follow":"follow","max-snippet":"max-snippet:-1","max-image-preview":"max-image-preview:large","max-video-preview":"max-video-preview:-1"},"canonical":"https:\/\/www.ucf.edu.cu\/?p=9223","og_locale":"es_ES","og_type":"article","og_title":"Que quienes educan est\u00e9n conectados con el esp\u00edritu de la sociedad - Universidad de Cienfuegos","og_description":"Noticias del \u00e1mbito universitario de la casa de altos estudios de Cienfuegos. Adem\u00e1s se muestran noticias del acontecer nacional e internacional de mayor relevancia.","og_url":"https:\/\/www.ucf.edu.cu\/?p=9223","og_site_name":"Universidad de Cienfuegos","article_publisher":"https:\/\/www.facebook.com\/ucfgos\/","article_published_time":"2021-12-02T16:34:53+00:00","article_modified_time":"2021-12-02T16:46:32+00:00","og_image":[{"width":800,"height":600,"url":"https:\/\/www.ucf.edu.cu\/wp-content\/uploads\/2021\/12\/dsc_6185.jpg__830x600_q85_subject_location-2000503_subsampling-2.jpg","type":"image\/jpeg"}],"author":"Direcci\u00f3n de Comunicaci\u00f3n Institucional","twitter_card":"summary_large_image","twitter_creator":"@ucfgos","twitter_site":"@ucfgos","twitter_misc":{"Escrito por":"Direcci\u00f3n de Comunicaci\u00f3n Institucional","Tiempo de lectura":"6 minutos"},"schema":{"@context":"https:\/\/schema.org","@graph":[{"@type":"Article","@id":"https:\/\/www.ucf.edu.cu\/?p=9223#article","isPartOf":{"@id":"https:\/\/www.ucf.edu.cu\/?p=9223"},"author":{"name":"Direcci\u00f3n de Comunicaci\u00f3n Institucional","@id":"https:\/\/www.ucf.edu.cu\/#\/schema\/person\/1ab5c30ce7d7cff8d04e05d54e4467eb"},"headline":"Que quienes educan est\u00e9n conectados con el esp\u00edritu de la sociedad","datePublished":"2021-12-02T16:34:53+00:00","dateModified":"2021-12-02T16:46:32+00:00","mainEntityOfPage":{"@id":"https:\/\/www.ucf.edu.cu\/?p=9223"},"wordCount":1167,"commentCount":0,"publisher":{"@id":"https:\/\/www.ucf.edu.cu\/#organization"},"image":{"@id":"https:\/\/www.ucf.edu.cu\/?p=9223#primaryimage"},"thumbnailUrl":"https:\/\/www.ucf.edu.cu\/wp-content\/uploads\/2021\/12\/dsc_6185.jpg__830x600_q85_subject_location-2000503_subsampling-2.jpg","articleSection":["Noticias"],"inLanguage":"es","potentialAction":[{"@type":"CommentAction","name":"Comment","target":["https:\/\/www.ucf.edu.cu\/?p=9223#respond"]}]},{"@type":"WebPage","@id":"https:\/\/www.ucf.edu.cu\/?p=9223","url":"https:\/\/www.ucf.edu.cu\/?p=9223","name":"Que quienes educan est\u00e9n conectados con el esp\u00edritu de la sociedad - Universidad de Cienfuegos","isPartOf":{"@id":"https:\/\/www.ucf.edu.cu\/#website"},"primaryImageOfPage":{"@id":"https:\/\/www.ucf.edu.cu\/?p=9223#primaryimage"},"image":{"@id":"https:\/\/www.ucf.edu.cu\/?p=9223#primaryimage"},"thumbnailUrl":"https:\/\/www.ucf.edu.cu\/wp-content\/uploads\/2021\/12\/dsc_6185.jpg__830x600_q85_subject_location-2000503_subsampling-2.jpg","datePublished":"2021-12-02T16:34:53+00:00","dateModified":"2021-12-02T16:46:32+00:00","description":"Noticias del \u00e1mbito universitario de la casa de altos estudios de Cienfuegos. Adem\u00e1s se muestran noticias del acontecer nacional e internacional de mayor relevancia.","breadcrumb":{"@id":"https:\/\/www.ucf.edu.cu\/?p=9223#breadcrumb"},"inLanguage":"es","potentialAction":[{"@type":"ReadAction","target":["https:\/\/www.ucf.edu.cu\/?p=9223"]}]},{"@type":"ImageObject","inLanguage":"es","@id":"https:\/\/www.ucf.edu.cu\/?p=9223#primaryimage","url":"https:\/\/www.ucf.edu.cu\/wp-content\/uploads\/2021\/12\/dsc_6185.jpg__830x600_q85_subject_location-2000503_subsampling-2.jpg","contentUrl":"https:\/\/www.ucf.edu.cu\/wp-content\/uploads\/2021\/12\/dsc_6185.jpg__830x600_q85_subject_location-2000503_subsampling-2.jpg","width":800,"height":600},{"@type":"BreadcrumbList","@id":"https:\/\/www.ucf.edu.cu\/?p=9223#breadcrumb","itemListElement":[{"@type":"ListItem","position":1,"name":"Portada","item":"https:\/\/www.ucf.edu.cu\/"},{"@type":"ListItem","position":2,"name":"Que quienes educan est\u00e9n conectados con el esp\u00edritu de la sociedad"}]},{"@type":"WebSite","@id":"https:\/\/www.ucf.edu.cu\/#website","url":"https:\/\/www.ucf.edu.cu\/","name":"Universidad de Cienfuegos","description":"Portal Web Universidad de Cienfuegos","publisher":{"@id":"https:\/\/www.ucf.edu.cu\/#organization"},"alternateName":"Portal institucional de la UCf","potentialAction":[{"@type":"SearchAction","target":{"@type":"EntryPoint","urlTemplate":"https:\/\/www.ucf.edu.cu\/?s={search_term_string}"},"query-input":{"@type":"PropertyValueSpecification","valueRequired":true,"valueName":"search_term_string"}}],"inLanguage":"es"},{"@type":"Organization","@id":"https:\/\/www.ucf.edu.cu\/#organization","name":"Universidad de Cienfuegos","url":"https:\/\/www.ucf.edu.cu\/","logo":{"@type":"ImageObject","inLanguage":"es","@id":"https:\/\/www.ucf.edu.cu\/#\/schema\/logo\/image\/","url":"https:\/\/www.ucf.edu.cu\/wp-content\/uploads\/2020\/11\/fe77b047cf65bbf66915926fa3c00c93_L.jpg","contentUrl":"https:\/\/www.ucf.edu.cu\/wp-content\/uploads\/2020\/11\/fe77b047cf65bbf66915926fa3c00c93_L.jpg","width":1000,"height":763,"caption":"Universidad de Cienfuegos"},"image":{"@id":"https:\/\/www.ucf.edu.cu\/#\/schema\/logo\/image\/"},"sameAs":["https:\/\/www.facebook.com\/ucfgos\/","https:\/\/x.com\/ucfgos","https:\/\/www.instagram.com\/ucfgos","https:\/\/www.youtube.com\/channel\/UCymAZYZHmPzh48cHLG6Nx4A"]},{"@type":"Person","@id":"https:\/\/www.ucf.edu.cu\/#\/schema\/person\/1ab5c30ce7d7cff8d04e05d54e4467eb","name":"Direcci\u00f3n de Comunicaci\u00f3n Institucional","image":{"@type":"ImageObject","inLanguage":"es","@id":"https:\/\/secure.gravatar.com\/avatar\/df7a6ffea67205b2cec0557fac1b1c99168521f981217db8876f424e9d334540?s=96&d=mm&r=g","url":"https:\/\/secure.gravatar.com\/avatar\/df7a6ffea67205b2cec0557fac1b1c99168521f981217db8876f424e9d334540?s=96&d=mm&r=g","contentUrl":"https:\/\/secure.gravatar.com\/avatar\/df7a6ffea67205b2cec0557fac1b1c99168521f981217db8876f424e9d334540?s=96&d=mm&r=g","caption":"Direcci\u00f3n de Comunicaci\u00f3n Institucional"}}]}},"_links":{"self":[{"href":"https:\/\/www.ucf.edu.cu\/index.php?rest_route=\/wp\/v2\/posts\/9223","targetHints":{"allow":["GET"]}}],"collection":[{"href":"https:\/\/www.ucf.edu.cu\/index.php?rest_route=\/wp\/v2\/posts"}],"about":[{"href":"https:\/\/www.ucf.edu.cu\/index.php?rest_route=\/wp\/v2\/types\/post"}],"author":[{"embeddable":true,"href":"https:\/\/www.ucf.edu.cu\/index.php?rest_route=\/wp\/v2\/users\/6"}],"replies":[{"embeddable":true,"href":"https:\/\/www.ucf.edu.cu\/index.php?rest_route=%2Fwp%2Fv2%2Fcomments&post=9223"}],"version-history":[{"count":8,"href":"https:\/\/www.ucf.edu.cu\/index.php?rest_route=\/wp\/v2\/posts\/9223\/revisions"}],"predecessor-version":[{"id":9236,"href":"https:\/\/www.ucf.edu.cu\/index.php?rest_route=\/wp\/v2\/posts\/9223\/revisions\/9236"}],"wp:featuredmedia":[{"embeddable":true,"href":"https:\/\/www.ucf.edu.cu\/index.php?rest_route=\/wp\/v2\/media\/9224"}],"wp:attachment":[{"href":"https:\/\/www.ucf.edu.cu\/index.php?rest_route=%2Fwp%2Fv2%2Fmedia&parent=9223"}],"wp:term":[{"taxonomy":"category","embeddable":true,"href":"https:\/\/www.ucf.edu.cu\/index.php?rest_route=%2Fwp%2Fv2%2Fcategories&post=9223"},{"taxonomy":"post_tag","embeddable":true,"href":"https:\/\/www.ucf.edu.cu\/index.php?rest_route=%2Fwp%2Fv2%2Ftags&post=9223"}],"curies":[{"name":"wp","href":"https:\/\/api.w.org\/{rel}","templated":true}]}}