{"id":9781,"date":"2022-03-15T22:33:33","date_gmt":"2022-03-15T22:33:33","guid":{"rendered":"https:\/\/www.ucf.edu.cu\/?p=9781"},"modified":"2022-05-13T18:40:47","modified_gmt":"2022-05-13T18:40:47","slug":"elementor-9781","status":"publish","type":"post","link":"https:\/\/www.ucf.edu.cu\/?p=9781","title":{"rendered":"Convocatoria I Convenci\u00f3n Cient\u00edfica Internacional de la UCf"},"content":{"rendered":"\t\t<div data-elementor-type=\"wp-post\" data-elementor-id=\"9781\" class=\"elementor elementor-9781\">\n\t\t\t\t\t\t<section class=\"elementor-section elementor-top-section elementor-element elementor-element-bd8b9c9 elementor-section-boxed elementor-section-height-default elementor-section-height-default\" data-id=\"bd8b9c9\" data-element_type=\"section\" data-e-type=\"section\">\n\t\t\t\t\t\t<div class=\"elementor-container elementor-column-gap-default\">\n\t\t\t\t\t<div class=\"elementor-column elementor-col-100 elementor-top-column elementor-element elementor-element-67ea8c5\" data-id=\"67ea8c5\" data-element_type=\"column\" data-e-type=\"column\">\n\t\t\t<div class=\"elementor-widget-wrap elementor-element-populated\">\n\t\t\t\t\t\t<div class=\"elementor-element elementor-element-3ea7f7c elementor-widget elementor-widget-text-editor\" data-id=\"3ea7f7c\" data-element_type=\"widget\" data-e-type=\"widget\" data-widget_type=\"text-editor.default\">\n\t\t\t\t<div class=\"elementor-widget-container\">\n\t\t\t\t\t\t\t\t\t<p>La <strong>Universidad de Cienfuegos \u201cCarlos Rafael Rodr\u00edguez<\/strong>\u201d (UCf) convoca a su <strong>I Convenci\u00f3n Cient\u00edfica Internacional<\/strong>, con sede en la ciudad de Cienfuegos, del 25 al 28 de octubre del 2022.<\/p><p>La UCf ubicada en el centro sur de Cuba, tiene el honor de invitar a autoridades, acad\u00e9micos, investigadores y especialistas, a participar en el evento cient\u00edfico internacional m\u00e1s importante que desarrolla esta casa de altos estudios. Ser\u00e1 un intercambio de conocimientos, experiencias y la proyecci\u00f3n de l\u00edneas de acci\u00f3n en la toma de decisiones y la investigaci\u00f3n cient\u00edfica.<\/p><p>Descargue aqu\u00ed toda la informaci\u00f3n sobre la <a href=\"https:\/\/www.ucf.edu.cu\/wp-content\/uploads\/2022\/05\/I-Convencion-Cientifica-Internacional-UCf-1.pdf\">I Convenci\u00f3n Cient\u00edfica Internacional UCf<\/a><\/p>\t\t\t\t\t\t\t\t<\/div>\n\t\t\t\t<\/div>\n\t\t\t\t\t<\/div>\n\t\t<\/div>\n\t\t\t\t\t<\/div>\n\t\t<\/section>\n\t\t\t\t<\/div>\n\t\t","protected":false},"excerpt":{"rendered":"<p>La Universidad de Cienfuegos \u201cCarlos Rafael Rodr\u00edguez\u201d (UCf) convoca a su I Convenci\u00f3n Cient\u00edfica Internacional, con sede en la ciudad de Cienfuegos, del 25 al 28 de octubre del 2022. La UCf<a class=\"moretag\" href=\"https:\/\/www.ucf.edu.cu\/?p=9781\">Leer m\u00e1s&#8230;<\/a><\/p>\n","protected":false},"author":6,"featured_media":9776,"comment_status":"open","ping_status":"open","sticky":false,"template":"","format":"standard","meta":{"footnotes":""},"categories":[1],"tags":[],"class_list":["post-9781","post","type-post","status-publish","format-standard","has-post-thumbnail","hentry","category-eventos"],"_links":{"self":[{"href":"https:\/\/www.ucf.edu.cu\/index.php?rest_route=\/wp\/v2\/posts\/9781","targetHints":{"allow":["GET"]}}],"collection":[{"href":"https:\/\/www.ucf.edu.cu\/index.php?rest_route=\/wp\/v2\/posts"}],"about":[{"href":"https:\/\/www.ucf.edu.cu\/index.php?rest_route=\/wp\/v2\/types\/post"}],"author":[{"embeddable":true,"href":"https:\/\/www.ucf.edu.cu\/index.php?rest_route=\/wp\/v2\/users\/6"}],"replies":[{"embeddable":true,"href":"https:\/\/www.ucf.edu.cu\/index.php?rest_route=%2Fwp%2Fv2%2Fcomments&post=9781"}],"version-history":[{"count":41,"href":"https:\/\/www.ucf.edu.cu\/index.php?rest_route=\/wp\/v2\/posts\/9781\/revisions"}],"predecessor-version":[{"id":10076,"href":"https:\/\/www.ucf.edu.cu\/index.php?rest_route=\/wp\/v2\/posts\/9781\/revisions\/10076"}],"wp:featuredmedia":[{"embeddable":true,"href":"https:\/\/www.ucf.edu.cu\/index.php?rest_route=\/wp\/v2\/media\/9776"}],"wp:attachment":[{"href":"https:\/\/www.ucf.edu.cu\/index.php?rest_route=%2Fwp%2Fv2%2Fmedia&parent=9781"}],"wp:term":[{"taxonomy":"category","embeddable":true,"href":"https:\/\/www.ucf.edu.cu\/index.php?rest_route=%2Fwp%2Fv2%2Fcategories&post=9781"},{"taxonomy":"post_tag","embeddable":true,"href":"https:\/\/www.ucf.edu.cu\/index.php?rest_route=%2Fwp%2Fv2%2Ftags&post=9781"}],"curies":[{"name":"wp","href":"https:\/\/api.w.org\/{rel}","templated":true}]}}